{"id":5719,"date":"2025-11-16T22:21:18","date_gmt":"2025-11-17T01:21:18","guid":{"rendered":"https:\/\/diariodelsurdigital.com.ar\/?p=5719"},"modified":"2025-11-16T22:21:19","modified_gmt":"2025-11-17T01:21:19","slug":"entre-rios-santa-fe-y-cordoba-debatiran-cambios-en-conjunto-para-la-escuela-secundaria","status":"publish","type":"post","link":"https:\/\/diariodelsurdigital.com.ar\/?p=5719","title":{"rendered":"Entre R\u00edos, Santa Fe y C\u00f3rdoba debatir\u00e1n cambios en conjunto para la escuela secundaria"},"content":{"rendered":"\n<figure class=\"wp-block-image\"><img decoding=\"async\" src=\"https:\/\/media.elentrerios.com\/fotos-v2\/2024\/07\/29\/l_1722260058.jpg\" alt=\"\" title=\"\"\/><\/figure>\n\n\n\n<p>Este martes se realizar\u00e1 la Jornada para la Transformaci\u00f3n de la Escuela Secundaria en clave Regional y Federal, un encuentro que reunir\u00e1 a representantes educativos de la Regi\u00f3n Centro para reflexionar y acordar l\u00edneas de acci\u00f3n comunes que fortalezcan la secundaria.<\/p>\n\n\n\n<p>La actividad tendr\u00e1 lugar en el Sal\u00f3n Los Pioneros de la Universidad Adventista del Plata (UAP), en Villa Libertador San Mart\u00edn, con la participaci\u00f3n de autoridades educativas de las tres jurisdicciones, integrantes de la mesa ejecutiva de la Regi\u00f3n Centro y representantes del Consejo Federal de Inversiones (CFI).<\/p>\n\n\n\n<p>\u201cEsta jornada es una valiosa oportunidad para construir una mirada com\u00fan y fortalecer nuestras pol\u00edticas educativas. La secundaria que queremos es posible si trabajamos en red, con evidencia y con el compromiso de todas las provincias que integramos la Regi\u00f3n Centro\u201d destac\u00f3 la presidenta del Consejo General de Educaci\u00f3n (CGE), Alicia Fregonese.<\/p>\n\n\n\n<p>Seg\u00fan informaron, la propuesta combinar\u00e1 conferencias de especialistas nacionales e internacionales, reflexiones sobre ense\u00f1anza en contextos diversos y aportes sobre liderazgo pedag\u00f3gico, redes institucionales y pol\u00edticas educativas sostenibles. Tambi\u00e9n se compartir\u00e1n los resultados de los Talleres de Prospectiva desarrollados en cada provincia, junto con experiencias de innovaci\u00f3n escolar. A lo largo del encuentro, equipos de las tres provincias participar\u00e1n de espacios de di\u00e1logo y construcci\u00f3n conjunta, orientados a definir desaf\u00edos prioritarios y l\u00edneas de acci\u00f3n comunes para fortalecer las trayectorias y aprendizajes de los estudiantes.<\/p>\n\n\n\n<p>Como cierre, se realizar\u00e1 la firma de los acuerdos de la Regi\u00f3n Centro, \u201cun acto que simboliza el compromiso conjunto para avanzar en la transformaci\u00f3n de la escuela secundaria\u201d, se\u00f1alaron.<\/p>\n\n\n\n<p>La jornada contar\u00e1 adem\u00e1s con la presencia de propuestas culturales y art\u00edsticas, que \u201cacompa\u00f1ar\u00e1n los distintos momentos del encuentro y aportar\u00e1n una dimensi\u00f3n comunitaria a la experiencia\u201d.<\/p>\n\n\n\n<p>Fuente: El Entre Rios<\/p>\n","protected":false},"excerpt":{"rendered":"<p>Este martes se realizar\u00e1 la Jornada para la Transformaci\u00f3n de la Escuela Secundaria en clave Regional y Federal, un encuentro que reunir\u00e1 a representantes educativos de la Regi\u00f3n Centro para reflexionar y acordar l\u00edneas de acci\u00f3n comunes que fortalezcan la secundaria. La actividad tendr\u00e1 lugar en el Sal\u00f3n Los Pioneros de la Universidad Adventista del [&hellip;]<\/p>\n","protected":false},"author":3,"featured_media":5720,"comment_status":"open","ping_status":"open","sticky":false,"template":"","format":"standard","meta":{"footnotes":""},"categories":[17],"tags":[],"class_list":{"0":"post-5719","1":"post","2":"type-post","3":"status-publish","4":"format-standard","5":"has-post-thumbnail","7":"category-provinciales"},"yoast_head":"<!-- This site is optimized with the Yoast SEO plugin v27.4 - https:\/\/yoast.com\/product\/yoast-seo-wordpress\/ -->\n<title>Entre R\u00edos, Santa Fe y C\u00f3rdoba debatir\u00e1n cambios en conjunto para la escuela secundaria - Diario del Sur<\/title>\n<meta name=\"robots\" content=\"index, follow, max-snippet:-1, max-image-preview:large, max-video-preview:-1\" \/>\n<link rel=\"canonical\" href=\"https:\/\/diariodelsurdigital.com.ar\/?p=5719\" \/>\n<meta property=\"og:locale\" content=\"es_ES\" \/>\n<meta property=\"og:type\" content=\"article\" \/>\n<meta property=\"og:title\" content=\"Entre R\u00edos, Santa Fe y C\u00f3rdoba debatir\u00e1n cambios en conjunto para la escuela secundaria - Diario del Sur\" \/>\n<meta property=\"og:description\" content=\"Este martes se realizar\u00e1 la Jornada para la Transformaci\u00f3n de la Escuela Secundaria en clave Regional y Federal, un encuentro que reunir\u00e1 a representantes educativos de la Regi\u00f3n Centro para reflexionar y acordar l\u00edneas de acci\u00f3n comunes que fortalezcan la secundaria. La actividad tendr\u00e1 lugar en el Sal\u00f3n Los Pioneros de la Universidad Adventista del [&hellip;]\" \/>\n<meta property=\"og:url\" content=\"https:\/\/diariodelsurdigital.com.ar\/?p=5719\" \/>\n<meta property=\"og:site_name\" content=\"Diario del Sur\" \/>\n<meta property=\"article:published_time\" content=\"2025-11-17T01:21:18+00:00\" \/>\n<meta property=\"article:modified_time\" content=\"2025-11-17T01:21:19+00:00\" \/>\n<meta property=\"og:image\" content=\"https:\/\/diariodelsurdigital.com.ar\/wp-content\/uploads\/2025\/11\/l_1722260058.jpg\" \/>\n\t<meta property=\"og:image:width\" content=\"870\" \/>\n\t<meta property=\"og:image:height\" content=\"580\" \/>\n\t<meta property=\"og:image:type\" content=\"image\/jpeg\" \/>\n<meta name=\"author\" content=\"Diario del Sur Digital\" \/>\n<meta name=\"twitter:card\" content=\"summary_large_image\" \/>\n<meta name=\"twitter:label1\" content=\"Escrito por\" \/>\n\t<meta name=\"twitter:data1\" content=\"Diario del Sur Digital\" \/>\n\t<meta name=\"twitter:label2\" content=\"Tiempo de lectura\" \/>\n\t<meta name=\"twitter:data2\" content=\"2 minutos\" \/>\n<script type=\"application\/ld+json\" class=\"yoast-schema-graph\">{\"@context\":\"https:\\\/\\\/schema.org\",\"@graph\":[{\"@type\":\"Article\",\"@id\":\"https:\\\/\\\/diariodelsurdigital.com.ar\\\/?p=5719#article\",\"isPartOf\":{\"@id\":\"https:\\\/\\\/diariodelsurdigital.com.ar\\\/?p=5719\"},\"author\":{\"name\":\"Diario del Sur Digital\",\"@id\":\"https:\\\/\\\/diariodelsurdigital.com.ar\\\/#\\\/schema\\\/person\\\/d794acb23337e88c6e4004a39c32be62\"},\"headline\":\"Entre R\u00edos, Santa Fe y C\u00f3rdoba debatir\u00e1n cambios en conjunto para la escuela secundaria\",\"datePublished\":\"2025-11-17T01:21:18+00:00\",\"dateModified\":\"2025-11-17T01:21:19+00:00\",\"mainEntityOfPage\":{\"@id\":\"https:\\\/\\\/diariodelsurdigital.com.ar\\\/?p=5719\"},\"wordCount\":338,\"commentCount\":0,\"image\":{\"@id\":\"https:\\\/\\\/diariodelsurdigital.com.ar\\\/?p=5719#primaryimage\"},\"thumbnailUrl\":\"https:\\\/\\\/diariodelsurdigital.com.ar\\\/wp-content\\\/uploads\\\/2025\\\/11\\\/l_1722260058.jpg\",\"articleSection\":[\"Provinciales\"],\"inLanguage\":\"es\",\"potentialAction\":[{\"@type\":\"CommentAction\",\"name\":\"Comment\",\"target\":[\"https:\\\/\\\/diariodelsurdigital.com.ar\\\/?p=5719#respond\"]}]},{\"@type\":\"WebPage\",\"@id\":\"https:\\\/\\\/diariodelsurdigital.com.ar\\\/?p=5719\",\"url\":\"https:\\\/\\\/diariodelsurdigital.com.ar\\\/?p=5719\",\"name\":\"Entre R\u00edos, Santa Fe y C\u00f3rdoba debatir\u00e1n cambios en conjunto para la escuela secundaria - Diario del Sur\",\"isPartOf\":{\"@id\":\"https:\\\/\\\/diariodelsurdigital.com.ar\\\/#website\"},\"primaryImageOfPage\":{\"@id\":\"https:\\\/\\\/diariodelsurdigital.com.ar\\\/?p=5719#primaryimage\"},\"image\":{\"@id\":\"https:\\\/\\\/diariodelsurdigital.com.ar\\\/?p=5719#primaryimage\"},\"thumbnailUrl\":\"https:\\\/\\\/diariodelsurdigital.com.ar\\\/wp-content\\\/uploads\\\/2025\\\/11\\\/l_1722260058.jpg\",\"datePublished\":\"2025-11-17T01:21:18+00:00\",\"dateModified\":\"2025-11-17T01:21:19+00:00\",\"author\":{\"@id\":\"https:\\\/\\\/diariodelsurdigital.com.ar\\\/#\\\/schema\\\/person\\\/d794acb23337e88c6e4004a39c32be62\"},\"breadcrumb\":{\"@id\":\"https:\\\/\\\/diariodelsurdigital.com.ar\\\/?p=5719#breadcrumb\"},\"inLanguage\":\"es\",\"potentialAction\":[{\"@type\":\"ReadAction\",\"target\":[\"https:\\\/\\\/diariodelsurdigital.com.ar\\\/?p=5719\"]}]},{\"@type\":\"ImageObject\",\"inLanguage\":\"es\",\"@id\":\"https:\\\/\\\/diariodelsurdigital.com.ar\\\/?p=5719#primaryimage\",\"url\":\"https:\\\/\\\/diariodelsurdigital.com.ar\\\/wp-content\\\/uploads\\\/2025\\\/11\\\/l_1722260058.jpg\",\"contentUrl\":\"https:\\\/\\\/diariodelsurdigital.com.ar\\\/wp-content\\\/uploads\\\/2025\\\/11\\\/l_1722260058.jpg\",\"width\":870,\"height\":580},{\"@type\":\"BreadcrumbList\",\"@id\":\"https:\\\/\\\/diariodelsurdigital.com.ar\\\/?p=5719#breadcrumb\",\"itemListElement\":[{\"@type\":\"ListItem\",\"position\":1,\"name\":\"Portada\",\"item\":\"https:\\\/\\\/diariodelsurdigital.com.ar\\\/\"},{\"@type\":\"ListItem\",\"position\":2,\"name\":\"Entre R\u00edos, Santa Fe y C\u00f3rdoba debatir\u00e1n cambios en conjunto para la escuela secundaria\"}]},{\"@type\":\"WebSite\",\"@id\":\"https:\\\/\\\/diariodelsurdigital.com.ar\\\/#website\",\"url\":\"https:\\\/\\\/diariodelsurdigital.com.ar\\\/\",\"name\":\"Diario del Sur\",\"description\":\"Digital\",\"potentialAction\":[{\"@type\":\"SearchAction\",\"target\":{\"@type\":\"EntryPoint\",\"urlTemplate\":\"https:\\\/\\\/diariodelsurdigital.com.ar\\\/?s={search_term_string}\"},\"query-input\":{\"@type\":\"PropertyValueSpecification\",\"valueRequired\":true,\"valueName\":\"search_term_string\"}}],\"inLanguage\":\"es\"},{\"@type\":\"Person\",\"@id\":\"https:\\\/\\\/diariodelsurdigital.com.ar\\\/#\\\/schema\\\/person\\\/d794acb23337e88c6e4004a39c32be62\",\"name\":\"Diario del Sur Digital\",\"image\":{\"@type\":\"ImageObject\",\"inLanguage\":\"es\",\"@id\":\"https:\\\/\\\/secure.gravatar.com\\\/avatar\\\/47679bcfa15734cfdefc176b6ad58adeeccac22b2e03e095ada6c622af2b463a?s=96&d=mm&r=g\",\"url\":\"https:\\\/\\\/secure.gravatar.com\\\/avatar\\\/47679bcfa15734cfdefc176b6ad58adeeccac22b2e03e095ada6c622af2b463a?s=96&d=mm&r=g\",\"contentUrl\":\"https:\\\/\\\/secure.gravatar.com\\\/avatar\\\/47679bcfa15734cfdefc176b6ad58adeeccac22b2e03e095ada6c622af2b463a?s=96&d=mm&r=g\",\"caption\":\"Diario del Sur Digital\"},\"url\":\"https:\\\/\\\/diariodelsurdigital.com.ar\\\/?author=3\"}]}<\/script>\n<!-- \/ Yoast SEO plugin. -->","yoast_head_json":{"title":"Entre R\u00edos, Santa Fe y C\u00f3rdoba debatir\u00e1n cambios en conjunto para la escuela secundaria - Diario del Sur","robots":{"index":"index","follow":"follow","max-snippet":"max-snippet:-1","max-image-preview":"max-image-preview:large","max-video-preview":"max-video-preview:-1"},"canonical":"https:\/\/diariodelsurdigital.com.ar\/?p=5719","og_locale":"es_ES","og_type":"article","og_title":"Entre R\u00edos, Santa Fe y C\u00f3rdoba debatir\u00e1n cambios en conjunto para la escuela secundaria - Diario del Sur","og_description":"Este martes se realizar\u00e1 la Jornada para la Transformaci\u00f3n de la Escuela Secundaria en clave Regional y Federal, un encuentro que reunir\u00e1 a representantes educativos de la Regi\u00f3n Centro para reflexionar y acordar l\u00edneas de acci\u00f3n comunes que fortalezcan la secundaria. La actividad tendr\u00e1 lugar en el Sal\u00f3n Los Pioneros de la Universidad Adventista del [&hellip;]","og_url":"https:\/\/diariodelsurdigital.com.ar\/?p=5719","og_site_name":"Diario del Sur","article_published_time":"2025-11-17T01:21:18+00:00","article_modified_time":"2025-11-17T01:21:19+00:00","og_image":[{"width":870,"height":580,"url":"https:\/\/diariodelsurdigital.com.ar\/wp-content\/uploads\/2025\/11\/l_1722260058.jpg","type":"image\/jpeg"}],"author":"Diario del Sur Digital","twitter_card":"summary_large_image","twitter_misc":{"Escrito por":"Diario del Sur Digital","Tiempo de lectura":"2 minutos"},"schema":{"@context":"https:\/\/schema.org","@graph":[{"@type":"Article","@id":"https:\/\/diariodelsurdigital.com.ar\/?p=5719#article","isPartOf":{"@id":"https:\/\/diariodelsurdigital.com.ar\/?p=5719"},"author":{"name":"Diario del Sur Digital","@id":"https:\/\/diariodelsurdigital.com.ar\/#\/schema\/person\/d794acb23337e88c6e4004a39c32be62"},"headline":"Entre R\u00edos, Santa Fe y C\u00f3rdoba debatir\u00e1n cambios en conjunto para la escuela secundaria","datePublished":"2025-11-17T01:21:18+00:00","dateModified":"2025-11-17T01:21:19+00:00","mainEntityOfPage":{"@id":"https:\/\/diariodelsurdigital.com.ar\/?p=5719"},"wordCount":338,"commentCount":0,"image":{"@id":"https:\/\/diariodelsurdigital.com.ar\/?p=5719#primaryimage"},"thumbnailUrl":"https:\/\/diariodelsurdigital.com.ar\/wp-content\/uploads\/2025\/11\/l_1722260058.jpg","articleSection":["Provinciales"],"inLanguage":"es","potentialAction":[{"@type":"CommentAction","name":"Comment","target":["https:\/\/diariodelsurdigital.com.ar\/?p=5719#respond"]}]},{"@type":"WebPage","@id":"https:\/\/diariodelsurdigital.com.ar\/?p=5719","url":"https:\/\/diariodelsurdigital.com.ar\/?p=5719","name":"Entre R\u00edos, Santa Fe y C\u00f3rdoba debatir\u00e1n cambios en conjunto para la escuela secundaria - Diario del Sur","isPartOf":{"@id":"https:\/\/diariodelsurdigital.com.ar\/#website"},"primaryImageOfPage":{"@id":"https:\/\/diariodelsurdigital.com.ar\/?p=5719#primaryimage"},"image":{"@id":"https:\/\/diariodelsurdigital.com.ar\/?p=5719#primaryimage"},"thumbnailUrl":"https:\/\/diariodelsurdigital.com.ar\/wp-content\/uploads\/2025\/11\/l_1722260058.jpg","datePublished":"2025-11-17T01:21:18+00:00","dateModified":"2025-11-17T01:21:19+00:00","author":{"@id":"https:\/\/diariodelsurdigital.com.ar\/#\/schema\/person\/d794acb23337e88c6e4004a39c32be62"},"breadcrumb":{"@id":"https:\/\/diariodelsurdigital.com.ar\/?p=5719#breadcrumb"},"inLanguage":"es","potentialAction":[{"@type":"ReadAction","target":["https:\/\/diariodelsurdigital.com.ar\/?p=5719"]}]},{"@type":"ImageObject","inLanguage":"es","@id":"https:\/\/diariodelsurdigital.com.ar\/?p=5719#primaryimage","url":"https:\/\/diariodelsurdigital.com.ar\/wp-content\/uploads\/2025\/11\/l_1722260058.jpg","contentUrl":"https:\/\/diariodelsurdigital.com.ar\/wp-content\/uploads\/2025\/11\/l_1722260058.jpg","width":870,"height":580},{"@type":"BreadcrumbList","@id":"https:\/\/diariodelsurdigital.com.ar\/?p=5719#breadcrumb","itemListElement":[{"@type":"ListItem","position":1,"name":"Portada","item":"https:\/\/diariodelsurdigital.com.ar\/"},{"@type":"ListItem","position":2,"name":"Entre R\u00edos, Santa Fe y C\u00f3rdoba debatir\u00e1n cambios en conjunto para la escuela secundaria"}]},{"@type":"WebSite","@id":"https:\/\/diariodelsurdigital.com.ar\/#website","url":"https:\/\/diariodelsurdigital.com.ar\/","name":"Diario del Sur","description":"Digital","potentialAction":[{"@type":"SearchAction","target":{"@type":"EntryPoint","urlTemplate":"https:\/\/diariodelsurdigital.com.ar\/?s={search_term_string}"},"query-input":{"@type":"PropertyValueSpecification","valueRequired":true,"valueName":"search_term_string"}}],"inLanguage":"es"},{"@type":"Person","@id":"https:\/\/diariodelsurdigital.com.ar\/#\/schema\/person\/d794acb23337e88c6e4004a39c32be62","name":"Diario del Sur Digital","image":{"@type":"ImageObject","inLanguage":"es","@id":"https:\/\/secure.gravatar.com\/avatar\/47679bcfa15734cfdefc176b6ad58adeeccac22b2e03e095ada6c622af2b463a?s=96&d=mm&r=g","url":"https:\/\/secure.gravatar.com\/avatar\/47679bcfa15734cfdefc176b6ad58adeeccac22b2e03e095ada6c622af2b463a?s=96&d=mm&r=g","contentUrl":"https:\/\/secure.gravatar.com\/avatar\/47679bcfa15734cfdefc176b6ad58adeeccac22b2e03e095ada6c622af2b463a?s=96&d=mm&r=g","caption":"Diario del Sur Digital"},"url":"https:\/\/diariodelsurdigital.com.ar\/?author=3"}]}},"_links":{"self":[{"href":"https:\/\/diariodelsurdigital.com.ar\/index.php?rest_route=\/wp\/v2\/posts\/5719","targetHints":{"allow":["GET"]}}],"collection":[{"href":"https:\/\/diariodelsurdigital.com.ar\/index.php?rest_route=\/wp\/v2\/posts"}],"about":[{"href":"https:\/\/diariodelsurdigital.com.ar\/index.php?rest_route=\/wp\/v2\/types\/post"}],"author":[{"embeddable":true,"href":"https:\/\/diariodelsurdigital.com.ar\/index.php?rest_route=\/wp\/v2\/users\/3"}],"replies":[{"embeddable":true,"href":"https:\/\/diariodelsurdigital.com.ar\/index.php?rest_route=%2Fwp%2Fv2%2Fcomments&post=5719"}],"version-history":[{"count":1,"href":"https:\/\/diariodelsurdigital.com.ar\/index.php?rest_route=\/wp\/v2\/posts\/5719\/revisions"}],"predecessor-version":[{"id":5721,"href":"https:\/\/diariodelsurdigital.com.ar\/index.php?rest_route=\/wp\/v2\/posts\/5719\/revisions\/5721"}],"wp:featuredmedia":[{"embeddable":true,"href":"https:\/\/diariodelsurdigital.com.ar\/index.php?rest_route=\/wp\/v2\/media\/5720"}],"wp:attachment":[{"href":"https:\/\/diariodelsurdigital.com.ar\/index.php?rest_route=%2Fwp%2Fv2%2Fmedia&parent=5719"}],"wp:term":[{"taxonomy":"category","embeddable":true,"href":"https:\/\/diariodelsurdigital.com.ar\/index.php?rest_route=%2Fwp%2Fv2%2Fcategories&post=5719"},{"taxonomy":"post_tag","embeddable":true,"href":"https:\/\/diariodelsurdigital.com.ar\/index.php?rest_route=%2Fwp%2Fv2%2Ftags&post=5719"}],"curies":[{"name":"wp","href":"https:\/\/api.w.org\/{rel}","templated":true}]}}