{"id":5728,"date":"2025-11-17T09:17:14","date_gmt":"2025-11-17T12:17:14","guid":{"rendered":"https:\/\/diariodelsurdigital.com.ar\/?p=5728"},"modified":"2025-11-17T09:17:15","modified_gmt":"2025-11-17T12:17:15","slug":"chile-jeannette-jara-se-impuso-sobre-jose-antonio-kast-por-escaso-margen-y-habra-segunda-vuelta","status":"publish","type":"post","link":"https:\/\/diariodelsurdigital.com.ar\/?p=5728","title":{"rendered":"Chile: Jeannette Jara se impuso sobre Jos\u00e9 Antonio Kast por escaso margen y habr\u00e1 segunda vuelta"},"content":{"rendered":"\n<p>Los primeros resultados de las elecciones presidenciales en Chile, que definir\u00e1n al sucesor de Gabriel Boric, tienen como favoritos a Jeannette Jara, candidata oficialista, y a Jos\u00e9 Antonio Kast, l\u00edder de ultraderecha. Con el 71,16% de los votos escrutados, la referente de izquierda lidera los comicios con el 26,67% de los votos, apenas por encima de su rival directo, que alcanz\u00f3 el 24,19% De esta manera, el balotaje, los dos candidatos tendr\u00e1n que enfrentarse en el balotaje del 14 de diciembre.<\/p>\n\n\n\n<p><\/p>\n\n\n\n<p>En tercer lugar qued\u00f3 Franco Parisi con el 18,6% y luego Johannes Kaiser con el 13,9%. Reci\u00e9n en el quinto lugar se posicionar\u00eda Evelyn Matthei con el 13,5%.<\/p>\n\n\n\n<p>Aunque el resultado en primera instancia es favorable para la candidata de izquierda, el escenario se presenta muy adverso para el oficialismo en la segunda vuelta -Jara necesitar\u00eda 50% de los votos para evitarla-, teniendo en cuenta que tanto la tercera como la cuarta fuerza son propuestas de derecha, m\u00e1s alineados con Kast que con la referente comunista.<\/p>\n\n\n\n<p>De hecho, antes de que se conocieran los resultados, Kaiser hab\u00eda anticipado, en di\u00e1logo con la prensa, que su respaldo al aspirante que compita contra Jara ser\u00eda \u00abirrestricto\u201d. \u201cNosotros cumplimos nuestra palabra: el Partido Nacional Libertario es un partido de palabra y vamos a respaldar su candidatura en la segunda vuelta, porque la alternativa es la se\u00f1ora Jara\u201d, dijo una vez que reconoci\u00f3 su derrota.<\/p>\n\n\n\n<p>Matthei se pronunci\u00f3 en el mismo sentido y expres\u00f3: \u201cPor favor, apoyen en segunda vuelta al candidato Kast, b\u00e1sicamente porque es s\u00faper importante que no contin\u00fae este gobierno en el poder\u00bb.<\/p>\n\n\n\n<p>Con este panorama en mente, en su discurso post-electoral, Jara le habl\u00f3 directamente al electorado opositor y asegur\u00f3 que en este tramo de la campa\u00f1a de cara al balotaje va a escuchar los reclamos de todos los sectores. De hecho, mencion\u00f3 las reformas propuestas por otros candidatos que llevar\u00eda a cabo durante su eventual presidencia. \u00abA aquellos que no me votaron, quiero decirles que mi coraz\u00f3n est\u00e1 abierto y disponible para convencerlos y ganar conciencias. No por un cargo, s\u00ed por el futuro de nuestra patria\u00bb, concluy\u00f3.<\/p>\n\n\n\n<p>A su vez, una vez que se confirm\u00f3 una tendencia irreversible en los resultados, el presidente Gabriel Boric sostuvo: \u201cFelicito a Jeannette Jara y Jos\u00e9 Antonio Kast por su paso a segunda vuelta\u201d. A su vez, agreg\u00f3: \u201cConf\u00edo en que el di\u00e1logo, respeto, cari\u00f1o por Chile, van a primar ante cualquier diferencia\u201d, agreg\u00f3. \u201cYa hemos visto que solo mediante el di\u00e1logo democr\u00e1tico Chile puede saldar deudas hist\u00f3ricas y proyectarse al futuro con cohesi\u00f3n social\u201d, concluy\u00f3 el mandatario.<\/p>\n\n\n\n<p>Jornada hist\u00f3rica de votaci\u00f3n en Chile<br>Cerca de 16 millones de personas estuvieron convocados a elegir un nuevo presidente en Chile y para renovar a la totalidad de la C\u00e1mara de Diputados y la mitad del Senado. El nivel de participaci\u00f3n estuvo entre el 85 y el 90%, en la primera elecci\u00f3n presidencial con voto obligatorio.<\/p>\n\n\n\n<p>La votaci\u00f3n se desarroll\u00f3 con el debate sobre seguridad y migraci\u00f3n irregular como principales ejes de la campa\u00f1a.<\/p>\n\n\n\n<p>La campa\u00f1a estuvo atravesada por la inseguridad, el aumento de delitos violentos y la migraci\u00f3n irregular, temas que encabezaron la agenda p\u00fablica y definieron gran parte de los programas de los candidatos. Las encuestas coinciden en que el balotaje enfrentar\u00e1 a Jara con alguno de los postulantes de la derecha, escenario que podr\u00eda complicar sus posibilidades si sus rivales logran un acuerdo com\u00fan.<\/p>\n\n\n\n<p>La abogada Jeannette Jara, de 51 a\u00f1os, integra el Partido Comunista y es la postulante de la coalici\u00f3n gobernante. Encabez\u00f3 las encuestas, aunque carga con dos desaf\u00edos importantes: la baja popularidad del presidente Gabriel Boric, que no puede buscar la reelecci\u00f3n, y las resistencias hist\u00f3ricas hacia su partido.<\/p>\n\n\n\n<p>Durante su campa\u00f1a propuso elevar el salario m\u00ednimo, fortalecer los derechos laborales y expandir la presencia estatal en la industria del litio. Tambi\u00e9n puso el foco en la seguridad, comprometi\u00e9ndose a modernizar a las fuerzas policiales y construir nuevas c\u00e1rceles.<\/p>\n\n\n\n<p>El abogado Jos\u00e9 Antonio Kast, de 59 a\u00f1os, vuelve a intentarlo tras haber perdido la segunda vuelta de 2021 frente a Boric. Fundador del Partido Republicano, impuls\u00f3 un programa centrado en la inmigraci\u00f3n irregular y la seguridad interna, con planes para deportaciones masivas y la creaci\u00f3n de prisiones de m\u00e1xima seguridad.<\/p>\n\n\n\n<p>Su historia familiar reapareci\u00f3 como cr\u00edtica: su padre, oficial alem\u00e1n que emigr\u00f3 tras la Segunda Guerra Mundial, perteneci\u00f3 al Partido Nazi, un dato que perjudic\u00f3 su candidatura anterior, al igual que el rol de su hermano como ministro durante la dictadura de Augusto Pinochet.<\/p>\n\n\n\n<p>Gabriel Boric vot\u00f3 en Punta Arenas y llam\u00f3 a la unidad<br>El presidente Gabriel Boric vot\u00f3 en Punta Arenas, acompa\u00f1ado por su hija Violeta, su padre y el delegado presidencial de Magallanes, Jos\u00e9 Ruiz Pivcevic. Camin\u00f3 hasta el colegio electoral desde su casa y se detuvo a sacarse fotos con simpatizantes.<\/p>\n\n\n\n<p>\u00abEstoy muy emocionado. Me acuerdo cuando era chico (\u2026). Poder votar con Violeta para m\u00ed es una alegr\u00eda incontenible\u00bb, declar\u00f3 al diario El Mercurio. Luego a\u00f1adi\u00f3: \u00abChile es una familia, que por m\u00e1s all\u00e1 de diferencias leg\u00edtimas que tengamos, vamos a estar juntos siempre y eso es lo m\u00e1s importante de entender\u00bb.<\/p>\n\n\n\n<p>Tras votar, Jeannette Jara llam\u00f3 al di\u00e1logo y pidi\u00f3 evitar \u00abvolver a \u00e9pocas de dictadura\u00bb<br>Tras emitir su voto en Conchal\u00ed, la candidata oficialista Jeannette Jara asegur\u00f3 que, si la elecci\u00f3n en Chile requiere un balotaje, continuar\u00e1 \u201ctrabajando por el bien del pa\u00eds\u201d mientras se define qui\u00e9n suceder\u00e1 a Gabriel Boric. La postulante del Partido Comunista llam\u00f3 a fortalecer el di\u00e1logo y cuestion\u00f3 la \u201cdescalificaci\u00f3n\u201d durante la campa\u00f1a.<\/p>\n\n\n\n<p>En una jornada marcada por la expectativa electoral, Jara, candidata presidencial del Partido Comunista, sostuvo que su compromiso con la gesti\u00f3n p\u00fablica no variar\u00e1 en caso de que la elecci\u00f3n se extienda a una segunda vuelta. \u201cSi no se resuelve hoy, vamos a votar de la misma manera. En caso de ir al balotaje, har\u00e9 lo que siempre he hecho: levantarme temprano y seguir trabajando por el bien de Chile\u201d, afirm\u00f3 en declaraciones a la prensa.<\/p>\n\n\n\n<p>Tras sufragar en el Liceo Poeta Federal Garc\u00eda Lorca de Conchal\u00ed, Jara insisti\u00f3 en que \u201cquien quiere gobernar Chile debe ser capaz de dialogar con todos los sectores\u201d, una referencia directa al clima pol\u00edtico de las \u00faltimas semanas. En ese sentido, lament\u00f3 haber observado \u201cmucha descalificaci\u00f3n\u201d entre los postulantes durante la campa\u00f1a, public\u00f3 \u00c1mbito.<\/p>\n","protected":false},"excerpt":{"rendered":"<p>Los primeros resultados de las elecciones presidenciales en Chile, que definir\u00e1n al sucesor de Gabriel Boric, tienen como favoritos a Jeannette Jara, candidata oficialista, y a Jos\u00e9 Antonio Kast, l\u00edder de ultraderecha. Con el 71,16% de los votos escrutados, la referente de izquierda lidera los comicios con el 26,67% de los votos, apenas por encima [&hellip;]<\/p>\n","protected":false},"author":4,"featured_media":5729,"comment_status":"open","ping_status":"open","sticky":false,"template":"","format":"standard","meta":{"footnotes":""},"categories":[20],"tags":[],"class_list":{"0":"post-5728","1":"post","2":"type-post","3":"status-publish","4":"format-standard","5":"has-post-thumbnail","7":"category-internacionales"},"yoast_head":"<!-- This site is optimized with the Yoast SEO plugin v27.4 - https:\/\/yoast.com\/product\/yoast-seo-wordpress\/ -->\n<title>Chile: Jeannette Jara se impuso sobre Jos\u00e9 Antonio Kast por escaso margen y habr\u00e1 segunda vuelta - Diario del Sur<\/title>\n<meta name=\"robots\" content=\"index, follow, max-snippet:-1, max-image-preview:large, max-video-preview:-1\" \/>\n<link rel=\"canonical\" href=\"https:\/\/diariodelsurdigital.com.ar\/?p=5728\" \/>\n<meta property=\"og:locale\" content=\"es_ES\" \/>\n<meta property=\"og:type\" content=\"article\" \/>\n<meta property=\"og:title\" content=\"Chile: Jeannette Jara se impuso sobre Jos\u00e9 Antonio Kast por escaso margen y habr\u00e1 segunda vuelta - Diario del Sur\" \/>\n<meta property=\"og:description\" content=\"Los primeros resultados de las elecciones presidenciales en Chile, que definir\u00e1n al sucesor de Gabriel Boric, tienen como favoritos a Jeannette Jara, candidata oficialista, y a Jos\u00e9 Antonio Kast, l\u00edder de ultraderecha. Con el 71,16% de los votos escrutados, la referente de izquierda lidera los comicios con el 26,67% de los votos, apenas por encima [&hellip;]\" \/>\n<meta property=\"og:url\" content=\"https:\/\/diariodelsurdigital.com.ar\/?p=5728\" \/>\n<meta property=\"og:site_name\" content=\"Diario del Sur\" \/>\n<meta property=\"article:published_time\" content=\"2025-11-17T12:17:14+00:00\" \/>\n<meta property=\"article:modified_time\" content=\"2025-11-17T12:17:15+00:00\" \/>\n<meta property=\"og:image\" content=\"https:\/\/diariodelsurdigital.com.ar\/wp-content\/uploads\/2025\/11\/md-20-1.webp\" \/>\n\t<meta property=\"og:image:width\" content=\"992\" \/>\n\t<meta property=\"og:image:height\" content=\"652\" \/>\n\t<meta property=\"og:image:type\" content=\"image\/webp\" \/>\n<meta name=\"author\" content=\"Diario del Sur Digital\" \/>\n<meta name=\"twitter:card\" content=\"summary_large_image\" \/>\n<meta name=\"twitter:label1\" content=\"Escrito por\" \/>\n\t<meta name=\"twitter:data1\" content=\"Diario del Sur Digital\" \/>\n\t<meta name=\"twitter:label2\" content=\"Tiempo de lectura\" \/>\n\t<meta name=\"twitter:data2\" content=\"6 minutos\" \/>\n<script type=\"application\/ld+json\" class=\"yoast-schema-graph\">{\"@context\":\"https:\\\/\\\/schema.org\",\"@graph\":[{\"@type\":\"Article\",\"@id\":\"https:\\\/\\\/diariodelsurdigital.com.ar\\\/?p=5728#article\",\"isPartOf\":{\"@id\":\"https:\\\/\\\/diariodelsurdigital.com.ar\\\/?p=5728\"},\"author\":{\"name\":\"Diario del Sur Digital\",\"@id\":\"https:\\\/\\\/diariodelsurdigital.com.ar\\\/#\\\/schema\\\/person\\\/1a4992532ed62965c968031b49195c81\"},\"headline\":\"Chile: Jeannette Jara se impuso sobre Jos\u00e9 Antonio Kast por escaso margen y habr\u00e1 segunda vuelta\",\"datePublished\":\"2025-11-17T12:17:14+00:00\",\"dateModified\":\"2025-11-17T12:17:15+00:00\",\"mainEntityOfPage\":{\"@id\":\"https:\\\/\\\/diariodelsurdigital.com.ar\\\/?p=5728\"},\"wordCount\":1120,\"commentCount\":0,\"image\":{\"@id\":\"https:\\\/\\\/diariodelsurdigital.com.ar\\\/?p=5728#primaryimage\"},\"thumbnailUrl\":\"https:\\\/\\\/diariodelsurdigital.com.ar\\\/wp-content\\\/uploads\\\/2025\\\/11\\\/md-20-1.webp\",\"articleSection\":[\"Internacionales\"],\"inLanguage\":\"es\",\"potentialAction\":[{\"@type\":\"CommentAction\",\"name\":\"Comment\",\"target\":[\"https:\\\/\\\/diariodelsurdigital.com.ar\\\/?p=5728#respond\"]}]},{\"@type\":\"WebPage\",\"@id\":\"https:\\\/\\\/diariodelsurdigital.com.ar\\\/?p=5728\",\"url\":\"https:\\\/\\\/diariodelsurdigital.com.ar\\\/?p=5728\",\"name\":\"Chile: Jeannette Jara se impuso sobre Jos\u00e9 Antonio Kast por escaso margen y habr\u00e1 segunda vuelta - Diario del Sur\",\"isPartOf\":{\"@id\":\"https:\\\/\\\/diariodelsurdigital.com.ar\\\/#website\"},\"primaryImageOfPage\":{\"@id\":\"https:\\\/\\\/diariodelsurdigital.com.ar\\\/?p=5728#primaryimage\"},\"image\":{\"@id\":\"https:\\\/\\\/diariodelsurdigital.com.ar\\\/?p=5728#primaryimage\"},\"thumbnailUrl\":\"https:\\\/\\\/diariodelsurdigital.com.ar\\\/wp-content\\\/uploads\\\/2025\\\/11\\\/md-20-1.webp\",\"datePublished\":\"2025-11-17T12:17:14+00:00\",\"dateModified\":\"2025-11-17T12:17:15+00:00\",\"author\":{\"@id\":\"https:\\\/\\\/diariodelsurdigital.com.ar\\\/#\\\/schema\\\/person\\\/1a4992532ed62965c968031b49195c81\"},\"breadcrumb\":{\"@id\":\"https:\\\/\\\/diariodelsurdigital.com.ar\\\/?p=5728#breadcrumb\"},\"inLanguage\":\"es\",\"potentialAction\":[{\"@type\":\"ReadAction\",\"target\":[\"https:\\\/\\\/diariodelsurdigital.com.ar\\\/?p=5728\"]}]},{\"@type\":\"ImageObject\",\"inLanguage\":\"es\",\"@id\":\"https:\\\/\\\/diariodelsurdigital.com.ar\\\/?p=5728#primaryimage\",\"url\":\"https:\\\/\\\/diariodelsurdigital.com.ar\\\/wp-content\\\/uploads\\\/2025\\\/11\\\/md-20-1.webp\",\"contentUrl\":\"https:\\\/\\\/diariodelsurdigital.com.ar\\\/wp-content\\\/uploads\\\/2025\\\/11\\\/md-20-1.webp\",\"width\":992,\"height\":652},{\"@type\":\"BreadcrumbList\",\"@id\":\"https:\\\/\\\/diariodelsurdigital.com.ar\\\/?p=5728#breadcrumb\",\"itemListElement\":[{\"@type\":\"ListItem\",\"position\":1,\"name\":\"Portada\",\"item\":\"https:\\\/\\\/diariodelsurdigital.com.ar\\\/\"},{\"@type\":\"ListItem\",\"position\":2,\"name\":\"Chile: Jeannette Jara se impuso sobre Jos\u00e9 Antonio Kast por escaso margen y habr\u00e1 segunda vuelta\"}]},{\"@type\":\"WebSite\",\"@id\":\"https:\\\/\\\/diariodelsurdigital.com.ar\\\/#website\",\"url\":\"https:\\\/\\\/diariodelsurdigital.com.ar\\\/\",\"name\":\"Diario del Sur\",\"description\":\"Digital\",\"potentialAction\":[{\"@type\":\"SearchAction\",\"target\":{\"@type\":\"EntryPoint\",\"urlTemplate\":\"https:\\\/\\\/diariodelsurdigital.com.ar\\\/?s={search_term_string}\"},\"query-input\":{\"@type\":\"PropertyValueSpecification\",\"valueRequired\":true,\"valueName\":\"search_term_string\"}}],\"inLanguage\":\"es\"},{\"@type\":\"Person\",\"@id\":\"https:\\\/\\\/diariodelsurdigital.com.ar\\\/#\\\/schema\\\/person\\\/1a4992532ed62965c968031b49195c81\",\"name\":\"Diario del Sur Digital\",\"image\":{\"@type\":\"ImageObject\",\"inLanguage\":\"es\",\"@id\":\"https:\\\/\\\/secure.gravatar.com\\\/avatar\\\/f0c7c47fc7146d19828273b9b8eda651c9c7ab583767e6338d3d3bee825adf76?s=96&d=mm&r=g\",\"url\":\"https:\\\/\\\/secure.gravatar.com\\\/avatar\\\/f0c7c47fc7146d19828273b9b8eda651c9c7ab583767e6338d3d3bee825adf76?s=96&d=mm&r=g\",\"contentUrl\":\"https:\\\/\\\/secure.gravatar.com\\\/avatar\\\/f0c7c47fc7146d19828273b9b8eda651c9c7ab583767e6338d3d3bee825adf76?s=96&d=mm&r=g\",\"caption\":\"Diario del Sur Digital\"},\"url\":\"https:\\\/\\\/diariodelsurdigital.com.ar\\\/?author=4\"}]}<\/script>\n<!-- \/ Yoast SEO plugin. -->","yoast_head_json":{"title":"Chile: Jeannette Jara se impuso sobre Jos\u00e9 Antonio Kast por escaso margen y habr\u00e1 segunda vuelta - Diario del Sur","robots":{"index":"index","follow":"follow","max-snippet":"max-snippet:-1","max-image-preview":"max-image-preview:large","max-video-preview":"max-video-preview:-1"},"canonical":"https:\/\/diariodelsurdigital.com.ar\/?p=5728","og_locale":"es_ES","og_type":"article","og_title":"Chile: Jeannette Jara se impuso sobre Jos\u00e9 Antonio Kast por escaso margen y habr\u00e1 segunda vuelta - Diario del Sur","og_description":"Los primeros resultados de las elecciones presidenciales en Chile, que definir\u00e1n al sucesor de Gabriel Boric, tienen como favoritos a Jeannette Jara, candidata oficialista, y a Jos\u00e9 Antonio Kast, l\u00edder de ultraderecha. Con el 71,16% de los votos escrutados, la referente de izquierda lidera los comicios con el 26,67% de los votos, apenas por encima [&hellip;]","og_url":"https:\/\/diariodelsurdigital.com.ar\/?p=5728","og_site_name":"Diario del Sur","article_published_time":"2025-11-17T12:17:14+00:00","article_modified_time":"2025-11-17T12:17:15+00:00","og_image":[{"width":992,"height":652,"url":"https:\/\/diariodelsurdigital.com.ar\/wp-content\/uploads\/2025\/11\/md-20-1.webp","type":"image\/webp"}],"author":"Diario del Sur Digital","twitter_card":"summary_large_image","twitter_misc":{"Escrito por":"Diario del Sur Digital","Tiempo de lectura":"6 minutos"},"schema":{"@context":"https:\/\/schema.org","@graph":[{"@type":"Article","@id":"https:\/\/diariodelsurdigital.com.ar\/?p=5728#article","isPartOf":{"@id":"https:\/\/diariodelsurdigital.com.ar\/?p=5728"},"author":{"name":"Diario del Sur Digital","@id":"https:\/\/diariodelsurdigital.com.ar\/#\/schema\/person\/1a4992532ed62965c968031b49195c81"},"headline":"Chile: Jeannette Jara se impuso sobre Jos\u00e9 Antonio Kast por escaso margen y habr\u00e1 segunda vuelta","datePublished":"2025-11-17T12:17:14+00:00","dateModified":"2025-11-17T12:17:15+00:00","mainEntityOfPage":{"@id":"https:\/\/diariodelsurdigital.com.ar\/?p=5728"},"wordCount":1120,"commentCount":0,"image":{"@id":"https:\/\/diariodelsurdigital.com.ar\/?p=5728#primaryimage"},"thumbnailUrl":"https:\/\/diariodelsurdigital.com.ar\/wp-content\/uploads\/2025\/11\/md-20-1.webp","articleSection":["Internacionales"],"inLanguage":"es","potentialAction":[{"@type":"CommentAction","name":"Comment","target":["https:\/\/diariodelsurdigital.com.ar\/?p=5728#respond"]}]},{"@type":"WebPage","@id":"https:\/\/diariodelsurdigital.com.ar\/?p=5728","url":"https:\/\/diariodelsurdigital.com.ar\/?p=5728","name":"Chile: Jeannette Jara se impuso sobre Jos\u00e9 Antonio Kast por escaso margen y habr\u00e1 segunda vuelta - Diario del Sur","isPartOf":{"@id":"https:\/\/diariodelsurdigital.com.ar\/#website"},"primaryImageOfPage":{"@id":"https:\/\/diariodelsurdigital.com.ar\/?p=5728#primaryimage"},"image":{"@id":"https:\/\/diariodelsurdigital.com.ar\/?p=5728#primaryimage"},"thumbnailUrl":"https:\/\/diariodelsurdigital.com.ar\/wp-content\/uploads\/2025\/11\/md-20-1.webp","datePublished":"2025-11-17T12:17:14+00:00","dateModified":"2025-11-17T12:17:15+00:00","author":{"@id":"https:\/\/diariodelsurdigital.com.ar\/#\/schema\/person\/1a4992532ed62965c968031b49195c81"},"breadcrumb":{"@id":"https:\/\/diariodelsurdigital.com.ar\/?p=5728#breadcrumb"},"inLanguage":"es","potentialAction":[{"@type":"ReadAction","target":["https:\/\/diariodelsurdigital.com.ar\/?p=5728"]}]},{"@type":"ImageObject","inLanguage":"es","@id":"https:\/\/diariodelsurdigital.com.ar\/?p=5728#primaryimage","url":"https:\/\/diariodelsurdigital.com.ar\/wp-content\/uploads\/2025\/11\/md-20-1.webp","contentUrl":"https:\/\/diariodelsurdigital.com.ar\/wp-content\/uploads\/2025\/11\/md-20-1.webp","width":992,"height":652},{"@type":"BreadcrumbList","@id":"https:\/\/diariodelsurdigital.com.ar\/?p=5728#breadcrumb","itemListElement":[{"@type":"ListItem","position":1,"name":"Portada","item":"https:\/\/diariodelsurdigital.com.ar\/"},{"@type":"ListItem","position":2,"name":"Chile: Jeannette Jara se impuso sobre Jos\u00e9 Antonio Kast por escaso margen y habr\u00e1 segunda vuelta"}]},{"@type":"WebSite","@id":"https:\/\/diariodelsurdigital.com.ar\/#website","url":"https:\/\/diariodelsurdigital.com.ar\/","name":"Diario del Sur","description":"Digital","potentialAction":[{"@type":"SearchAction","target":{"@type":"EntryPoint","urlTemplate":"https:\/\/diariodelsurdigital.com.ar\/?s={search_term_string}"},"query-input":{"@type":"PropertyValueSpecification","valueRequired":true,"valueName":"search_term_string"}}],"inLanguage":"es"},{"@type":"Person","@id":"https:\/\/diariodelsurdigital.com.ar\/#\/schema\/person\/1a4992532ed62965c968031b49195c81","name":"Diario del Sur Digital","image":{"@type":"ImageObject","inLanguage":"es","@id":"https:\/\/secure.gravatar.com\/avatar\/f0c7c47fc7146d19828273b9b8eda651c9c7ab583767e6338d3d3bee825adf76?s=96&d=mm&r=g","url":"https:\/\/secure.gravatar.com\/avatar\/f0c7c47fc7146d19828273b9b8eda651c9c7ab583767e6338d3d3bee825adf76?s=96&d=mm&r=g","contentUrl":"https:\/\/secure.gravatar.com\/avatar\/f0c7c47fc7146d19828273b9b8eda651c9c7ab583767e6338d3d3bee825adf76?s=96&d=mm&r=g","caption":"Diario del Sur Digital"},"url":"https:\/\/diariodelsurdigital.com.ar\/?author=4"}]}},"_links":{"self":[{"href":"https:\/\/diariodelsurdigital.com.ar\/index.php?rest_route=\/wp\/v2\/posts\/5728","targetHints":{"allow":["GET"]}}],"collection":[{"href":"https:\/\/diariodelsurdigital.com.ar\/index.php?rest_route=\/wp\/v2\/posts"}],"about":[{"href":"https:\/\/diariodelsurdigital.com.ar\/index.php?rest_route=\/wp\/v2\/types\/post"}],"author":[{"embeddable":true,"href":"https:\/\/diariodelsurdigital.com.ar\/index.php?rest_route=\/wp\/v2\/users\/4"}],"replies":[{"embeddable":true,"href":"https:\/\/diariodelsurdigital.com.ar\/index.php?rest_route=%2Fwp%2Fv2%2Fcomments&post=5728"}],"version-history":[{"count":1,"href":"https:\/\/diariodelsurdigital.com.ar\/index.php?rest_route=\/wp\/v2\/posts\/5728\/revisions"}],"predecessor-version":[{"id":5730,"href":"https:\/\/diariodelsurdigital.com.ar\/index.php?rest_route=\/wp\/v2\/posts\/5728\/revisions\/5730"}],"wp:featuredmedia":[{"embeddable":true,"href":"https:\/\/diariodelsurdigital.com.ar\/index.php?rest_route=\/wp\/v2\/media\/5729"}],"wp:attachment":[{"href":"https:\/\/diariodelsurdigital.com.ar\/index.php?rest_route=%2Fwp%2Fv2%2Fmedia&parent=5728"}],"wp:term":[{"taxonomy":"category","embeddable":true,"href":"https:\/\/diariodelsurdigital.com.ar\/index.php?rest_route=%2Fwp%2Fv2%2Fcategories&post=5728"},{"taxonomy":"post_tag","embeddable":true,"href":"https:\/\/diariodelsurdigital.com.ar\/index.php?rest_route=%2Fwp%2Fv2%2Ftags&post=5728"}],"curies":[{"name":"wp","href":"https:\/\/api.w.org\/{rel}","templated":true}]}}