{"id":5731,"date":"2025-11-17T09:19:15","date_gmt":"2025-11-17T12:19:15","guid":{"rendered":"https:\/\/diariodelsurdigital.com.ar\/?p=5731"},"modified":"2025-11-17T20:04:37","modified_gmt":"2025-11-17T23:04:37","slug":"ex-funcionario-de-urribarri-alerto-sobre-una-recesion-brutal-destruccion-industrial-y-la-amenaza-de-la-reforma-laboral","status":"publish","type":"post","link":"https:\/\/diariodelsurdigital.com.ar\/?p=5731","title":{"rendered":"Roberto Schunk alert\u00f3 sobre una recesi\u00f3n brutal, destrucci\u00f3n industrial y la amenaza de la reforma laboral"},"content":{"rendered":"\n<p>El economista Roberto Schunk, ex ministro de Producci\u00f3n de Entre R\u00edos en la segunda gesti\u00f3n de Sergio Urribarri, describi\u00f3 la situaci\u00f3n econ\u00f3mica como \u201cextremadamente dif\u00edcil\u201d y opin\u00f3 que est\u00e1 lejos de resolverse. Advirti\u00f3 que la ca\u00edda de la actividad se profundiza d\u00eda a d\u00eda, mientras el gobierno nacional prioriza la \u201ctimba financiera\u201d sobre la producci\u00f3n y el trabajo y los sectores m\u00e1s vulnerables pagan el costo de la \u201csupuesta estabilidad\u201d.<\/p>\n\n\n\n<p>Roberto Schunk, economista que integr\u00f3 una de las gestiones del ex gobernador Sergio Urribarri como ministro de Producci\u00f3n, analiz\u00f3 el panorama se\u00f1alando que la situaci\u00f3n para amplios sectores de la sociedad, incluyendo trabajadores, jubilados, pensionados y provincias, est\u00e1 cada d\u00eda peor. Esta dificultad se debe, en parte, al cierre en la transferencia de fondos para la infraestructura.<\/p>\n\n\n\n<p>Adem\u00e1s, el economista fundament\u00f3 su preocupaci\u00f3n en \u00edndices oficiales que reflejan una profunda recesi\u00f3n. Mencion\u00f3 que las ventas minoristas (seg\u00fan CAME) han experimentado una clara ca\u00edda y sostuvo que \u201cla Argentina no va a poder seguir resistiendo de esta manera\u201d.<\/p>\n\n\n\n<p>En t\u00e9rminos de impacto social, la p\u00e9rdida de puestos de trabajo es notable: entre noviembre de 2023 y julio del a\u00f1o en curso, se perdieron 254.000 trabajadores registrados y desaparecieron m\u00e1s de 18.000 empresas, agreg\u00f3 como dato.<\/p>\n\n\n\n<p>Schunk \u2013en declaraciones al portal Debate Abierto- compar\u00f3 la actual pseudo-estabilidad con la estabilidad que existe en los cementerios, subrayando la gravedad de la inacci\u00f3n econ\u00f3mica.<\/p>\n\n\n\n<p>Asimismo analiz\u00f3 que el gobierno ha requerido distintas instancias de salvataje. Tras el apoyo inicial con un blanqueo de 20.000 millones de d\u00f3lares, el Fondo Monetario intervino cuando el gobierno estaba al borde de la ca\u00edda en abril pasado.<\/p>\n\n\n\n<p>Actualmente, existe una intervenci\u00f3n directa del gobierno norteamericano en la econom\u00eda nacional. El Tesoro de EE.UU puso 10.000 millones de d\u00f3lares, vendiendo d\u00f3lares y comprando pesos, recuperando 2.000 millones de d\u00f3lares en menos de 30 d\u00edas e incluso ganando cerca de un 10%.<\/p>\n\n\n\n<p>El economista tambi\u00e9n puso \u00e9nfasis en la acelerada apertura comercial posterior a las elecciones, que ha incrementado fuertemente las importaciones. Esta pol\u00edtica est\u00e1 destrozando la estructura industrial. Como ejemplo, en el rubro de marroquiner\u00eda. El sector textil y calzado sum\u00f3 14.000 nuevos CUIT importadores.<\/p>\n\n\n\n<p>Adem\u00e1s, en el sector de juguetes, el arancel se redujo del 35% al 20%, y la desregulaci\u00f3n afecta a productos claves como la manzana en el Valle del R\u00edo Negro.<\/p>\n\n\n\n<p>El contador afirm\u00f3 que, para solucionar la crisis, lleg\u00f3 el momento de que los ricos paguen impuestos, ya que no se puede seguir esquilmando m\u00e1s a la sociedad argentina. Mencion\u00f3 que grandes empresarios han establecido su residencia fiscal en Uruguay para no pagar el impuesto a los Bienes Personales en Argentina. En Uruguay, este impuesto se paga solo sobre los bienes situados en ese pa\u00eds, mientras que en Argentina se paga sobre todos los bienes.<\/p>\n\n\n\n<p>La amenaza de la Reforma Laboral<\/p>\n\n\n\n<p>Al abordar el mercado de trabajo, Schunk detall\u00f3 que el 50% de los 22 millones de personas que trabajan en el pa\u00eds lo hacen de manera informal (11 millones de personas), sin aportes ni obra social. De los 11 millones en blanco, 7,5 millones son del sector privado y 3,5 millones del sector p\u00fablico.<\/p>\n\n\n\n<p>El economista critic\u00f3 duramente el intento de flexibilizar a\u00fan m\u00e1s el mercado laboral, se\u00f1alando que la frutilla del postre de la Reforma es romper con el principio fundamental de la ultraactividad.<\/p>\n\n\n\n<p>La ultraactividad es el principio rector que establece que un convenio colectivo de trabajo, aunque venza, sigue vigente en beneficio de los trabajadores. Y romper con este principio es un golpe muy fuerte al mercado de trabajo. Adem\u00e1s, se busca establecer convenios colectivos por empresa en lugar de por actividad.<\/p>\n\n\n\n<p>Finalmente, sobre el resultado electoral pasado, Schunk consider\u00f3 que fue multicausal, pero la causa fundamental fue el miedo. La amenaza de EE. UU (citando a Trump) de retirar toda la ayuda si Milei perd\u00eda oper\u00f3 fuertemente en la gente.<\/p>\n\n\n\n<p>Y concluy\u00f3 que, si el gobierno no cambia, el 2026 ser\u00e1 un a\u00f1o conflictivo, ya que la inflaci\u00f3n se est\u00e1 conteniendo a costa de una recesi\u00f3n brutal. La \u00fanica fuente de riqueza es la producci\u00f3n y el trabajo, no la b\u00fasqueda constante de financiamiento para tapar baches\u201d, finaliz\u00f3.<\/p>\n","protected":false},"excerpt":{"rendered":"<p>El economista Roberto Schunk, ex ministro de Producci\u00f3n de Entre R\u00edos en la segunda gesti\u00f3n de Sergio Urribarri, describi\u00f3 la situaci\u00f3n econ\u00f3mica como \u201cextremadamente dif\u00edcil\u201d y opin\u00f3 que est\u00e1 lejos de resolverse. Advirti\u00f3 que la ca\u00edda de la actividad se profundiza d\u00eda a d\u00eda, mientras el gobierno nacional prioriza la \u201ctimba financiera\u201d sobre la producci\u00f3n [&hellip;]<\/p>\n","protected":false},"author":4,"featured_media":5732,"comment_status":"open","ping_status":"open","sticky":false,"template":"","format":"standard","meta":{"footnotes":""},"categories":[22,17],"tags":[],"class_list":{"0":"post-5731","1":"post","2":"type-post","3":"status-publish","4":"format-standard","5":"has-post-thumbnail","7":"category-politica","8":"category-provinciales"},"yoast_head":"<!-- This site is optimized with the Yoast SEO plugin v27.4 - https:\/\/yoast.com\/product\/yoast-seo-wordpress\/ -->\n<title>Roberto Schunk alert\u00f3 sobre una recesi\u00f3n brutal, destrucci\u00f3n industrial y la amenaza de la reforma laboral - Diario del Sur<\/title>\n<meta name=\"robots\" content=\"index, follow, max-snippet:-1, max-image-preview:large, max-video-preview:-1\" \/>\n<link rel=\"canonical\" href=\"https:\/\/diariodelsurdigital.com.ar\/?p=5731\" \/>\n<meta property=\"og:locale\" content=\"es_ES\" \/>\n<meta property=\"og:type\" content=\"article\" \/>\n<meta property=\"og:title\" content=\"Roberto Schunk alert\u00f3 sobre una recesi\u00f3n brutal, destrucci\u00f3n industrial y la amenaza de la reforma laboral - Diario del Sur\" \/>\n<meta property=\"og:description\" content=\"El economista Roberto Schunk, ex ministro de Producci\u00f3n de Entre R\u00edos en la segunda gesti\u00f3n de Sergio Urribarri, describi\u00f3 la situaci\u00f3n econ\u00f3mica como \u201cextremadamente dif\u00edcil\u201d y opin\u00f3 que est\u00e1 lejos de resolverse. Advirti\u00f3 que la ca\u00edda de la actividad se profundiza d\u00eda a d\u00eda, mientras el gobierno nacional prioriza la \u201ctimba financiera\u201d sobre la producci\u00f3n [&hellip;]\" \/>\n<meta property=\"og:url\" content=\"https:\/\/diariodelsurdigital.com.ar\/?p=5731\" \/>\n<meta property=\"og:site_name\" content=\"Diario del Sur\" \/>\n<meta property=\"article:published_time\" content=\"2025-11-17T12:19:15+00:00\" \/>\n<meta property=\"article:modified_time\" content=\"2025-11-17T23:04:37+00:00\" \/>\n<meta property=\"og:image\" content=\"https:\/\/diariodelsurdigital.com.ar\/wp-content\/uploads\/2025\/11\/md-21-1.webp\" \/>\n\t<meta property=\"og:image:width\" content=\"992\" \/>\n\t<meta property=\"og:image:height\" content=\"645\" \/>\n\t<meta property=\"og:image:type\" content=\"image\/webp\" \/>\n<meta name=\"author\" content=\"Diario del Sur Digital\" \/>\n<meta name=\"twitter:card\" content=\"summary_large_image\" \/>\n<meta name=\"twitter:label1\" content=\"Escrito por\" \/>\n\t<meta name=\"twitter:data1\" content=\"Diario del Sur Digital\" \/>\n\t<meta name=\"twitter:label2\" content=\"Tiempo de lectura\" \/>\n\t<meta name=\"twitter:data2\" content=\"4 minutos\" \/>\n<script type=\"application\/ld+json\" class=\"yoast-schema-graph\">{\"@context\":\"https:\\\/\\\/schema.org\",\"@graph\":[{\"@type\":\"Article\",\"@id\":\"https:\\\/\\\/diariodelsurdigital.com.ar\\\/?p=5731#article\",\"isPartOf\":{\"@id\":\"https:\\\/\\\/diariodelsurdigital.com.ar\\\/?p=5731\"},\"author\":{\"name\":\"Diario del Sur Digital\",\"@id\":\"https:\\\/\\\/diariodelsurdigital.com.ar\\\/#\\\/schema\\\/person\\\/1a4992532ed62965c968031b49195c81\"},\"headline\":\"Roberto Schunk alert\u00f3 sobre una recesi\u00f3n brutal, destrucci\u00f3n industrial y la amenaza de la reforma laboral\",\"datePublished\":\"2025-11-17T12:19:15+00:00\",\"dateModified\":\"2025-11-17T23:04:37+00:00\",\"mainEntityOfPage\":{\"@id\":\"https:\\\/\\\/diariodelsurdigital.com.ar\\\/?p=5731\"},\"wordCount\":744,\"commentCount\":0,\"image\":{\"@id\":\"https:\\\/\\\/diariodelsurdigital.com.ar\\\/?p=5731#primaryimage\"},\"thumbnailUrl\":\"https:\\\/\\\/diariodelsurdigital.com.ar\\\/wp-content\\\/uploads\\\/2025\\\/11\\\/md-21-1.webp\",\"articleSection\":[\"Pol\u00edtica\",\"Provinciales\"],\"inLanguage\":\"es\",\"potentialAction\":[{\"@type\":\"CommentAction\",\"name\":\"Comment\",\"target\":[\"https:\\\/\\\/diariodelsurdigital.com.ar\\\/?p=5731#respond\"]}]},{\"@type\":\"WebPage\",\"@id\":\"https:\\\/\\\/diariodelsurdigital.com.ar\\\/?p=5731\",\"url\":\"https:\\\/\\\/diariodelsurdigital.com.ar\\\/?p=5731\",\"name\":\"Roberto Schunk alert\u00f3 sobre una recesi\u00f3n brutal, destrucci\u00f3n industrial y la amenaza de la reforma laboral - Diario del Sur\",\"isPartOf\":{\"@id\":\"https:\\\/\\\/diariodelsurdigital.com.ar\\\/#website\"},\"primaryImageOfPage\":{\"@id\":\"https:\\\/\\\/diariodelsurdigital.com.ar\\\/?p=5731#primaryimage\"},\"image\":{\"@id\":\"https:\\\/\\\/diariodelsurdigital.com.ar\\\/?p=5731#primaryimage\"},\"thumbnailUrl\":\"https:\\\/\\\/diariodelsurdigital.com.ar\\\/wp-content\\\/uploads\\\/2025\\\/11\\\/md-21-1.webp\",\"datePublished\":\"2025-11-17T12:19:15+00:00\",\"dateModified\":\"2025-11-17T23:04:37+00:00\",\"author\":{\"@id\":\"https:\\\/\\\/diariodelsurdigital.com.ar\\\/#\\\/schema\\\/person\\\/1a4992532ed62965c968031b49195c81\"},\"breadcrumb\":{\"@id\":\"https:\\\/\\\/diariodelsurdigital.com.ar\\\/?p=5731#breadcrumb\"},\"inLanguage\":\"es\",\"potentialAction\":[{\"@type\":\"ReadAction\",\"target\":[\"https:\\\/\\\/diariodelsurdigital.com.ar\\\/?p=5731\"]}]},{\"@type\":\"ImageObject\",\"inLanguage\":\"es\",\"@id\":\"https:\\\/\\\/diariodelsurdigital.com.ar\\\/?p=5731#primaryimage\",\"url\":\"https:\\\/\\\/diariodelsurdigital.com.ar\\\/wp-content\\\/uploads\\\/2025\\\/11\\\/md-21-1.webp\",\"contentUrl\":\"https:\\\/\\\/diariodelsurdigital.com.ar\\\/wp-content\\\/uploads\\\/2025\\\/11\\\/md-21-1.webp\",\"width\":992,\"height\":645},{\"@type\":\"BreadcrumbList\",\"@id\":\"https:\\\/\\\/diariodelsurdigital.com.ar\\\/?p=5731#breadcrumb\",\"itemListElement\":[{\"@type\":\"ListItem\",\"position\":1,\"name\":\"Portada\",\"item\":\"https:\\\/\\\/diariodelsurdigital.com.ar\\\/\"},{\"@type\":\"ListItem\",\"position\":2,\"name\":\"Roberto Schunk alert\u00f3 sobre una recesi\u00f3n brutal, destrucci\u00f3n industrial y la amenaza de la reforma laboral\"}]},{\"@type\":\"WebSite\",\"@id\":\"https:\\\/\\\/diariodelsurdigital.com.ar\\\/#website\",\"url\":\"https:\\\/\\\/diariodelsurdigital.com.ar\\\/\",\"name\":\"Diario del Sur\",\"description\":\"Digital\",\"potentialAction\":[{\"@type\":\"SearchAction\",\"target\":{\"@type\":\"EntryPoint\",\"urlTemplate\":\"https:\\\/\\\/diariodelsurdigital.com.ar\\\/?s={search_term_string}\"},\"query-input\":{\"@type\":\"PropertyValueSpecification\",\"valueRequired\":true,\"valueName\":\"search_term_string\"}}],\"inLanguage\":\"es\"},{\"@type\":\"Person\",\"@id\":\"https:\\\/\\\/diariodelsurdigital.com.ar\\\/#\\\/schema\\\/person\\\/1a4992532ed62965c968031b49195c81\",\"name\":\"Diario del Sur Digital\",\"image\":{\"@type\":\"ImageObject\",\"inLanguage\":\"es\",\"@id\":\"https:\\\/\\\/secure.gravatar.com\\\/avatar\\\/f0c7c47fc7146d19828273b9b8eda651c9c7ab583767e6338d3d3bee825adf76?s=96&d=mm&r=g\",\"url\":\"https:\\\/\\\/secure.gravatar.com\\\/avatar\\\/f0c7c47fc7146d19828273b9b8eda651c9c7ab583767e6338d3d3bee825adf76?s=96&d=mm&r=g\",\"contentUrl\":\"https:\\\/\\\/secure.gravatar.com\\\/avatar\\\/f0c7c47fc7146d19828273b9b8eda651c9c7ab583767e6338d3d3bee825adf76?s=96&d=mm&r=g\",\"caption\":\"Diario del Sur Digital\"},\"url\":\"https:\\\/\\\/diariodelsurdigital.com.ar\\\/?author=4\"}]}<\/script>\n<!-- \/ Yoast SEO plugin. -->","yoast_head_json":{"title":"Roberto Schunk alert\u00f3 sobre una recesi\u00f3n brutal, destrucci\u00f3n industrial y la amenaza de la reforma laboral - Diario del Sur","robots":{"index":"index","follow":"follow","max-snippet":"max-snippet:-1","max-image-preview":"max-image-preview:large","max-video-preview":"max-video-preview:-1"},"canonical":"https:\/\/diariodelsurdigital.com.ar\/?p=5731","og_locale":"es_ES","og_type":"article","og_title":"Roberto Schunk alert\u00f3 sobre una recesi\u00f3n brutal, destrucci\u00f3n industrial y la amenaza de la reforma laboral - Diario del Sur","og_description":"El economista Roberto Schunk, ex ministro de Producci\u00f3n de Entre R\u00edos en la segunda gesti\u00f3n de Sergio Urribarri, describi\u00f3 la situaci\u00f3n econ\u00f3mica como \u201cextremadamente dif\u00edcil\u201d y opin\u00f3 que est\u00e1 lejos de resolverse. Advirti\u00f3 que la ca\u00edda de la actividad se profundiza d\u00eda a d\u00eda, mientras el gobierno nacional prioriza la \u201ctimba financiera\u201d sobre la producci\u00f3n [&hellip;]","og_url":"https:\/\/diariodelsurdigital.com.ar\/?p=5731","og_site_name":"Diario del Sur","article_published_time":"2025-11-17T12:19:15+00:00","article_modified_time":"2025-11-17T23:04:37+00:00","og_image":[{"width":992,"height":645,"url":"https:\/\/diariodelsurdigital.com.ar\/wp-content\/uploads\/2025\/11\/md-21-1.webp","type":"image\/webp"}],"author":"Diario del Sur Digital","twitter_card":"summary_large_image","twitter_misc":{"Escrito por":"Diario del Sur Digital","Tiempo de lectura":"4 minutos"},"schema":{"@context":"https:\/\/schema.org","@graph":[{"@type":"Article","@id":"https:\/\/diariodelsurdigital.com.ar\/?p=5731#article","isPartOf":{"@id":"https:\/\/diariodelsurdigital.com.ar\/?p=5731"},"author":{"name":"Diario del Sur Digital","@id":"https:\/\/diariodelsurdigital.com.ar\/#\/schema\/person\/1a4992532ed62965c968031b49195c81"},"headline":"Roberto Schunk alert\u00f3 sobre una recesi\u00f3n brutal, destrucci\u00f3n industrial y la amenaza de la reforma laboral","datePublished":"2025-11-17T12:19:15+00:00","dateModified":"2025-11-17T23:04:37+00:00","mainEntityOfPage":{"@id":"https:\/\/diariodelsurdigital.com.ar\/?p=5731"},"wordCount":744,"commentCount":0,"image":{"@id":"https:\/\/diariodelsurdigital.com.ar\/?p=5731#primaryimage"},"thumbnailUrl":"https:\/\/diariodelsurdigital.com.ar\/wp-content\/uploads\/2025\/11\/md-21-1.webp","articleSection":["Pol\u00edtica","Provinciales"],"inLanguage":"es","potentialAction":[{"@type":"CommentAction","name":"Comment","target":["https:\/\/diariodelsurdigital.com.ar\/?p=5731#respond"]}]},{"@type":"WebPage","@id":"https:\/\/diariodelsurdigital.com.ar\/?p=5731","url":"https:\/\/diariodelsurdigital.com.ar\/?p=5731","name":"Roberto Schunk alert\u00f3 sobre una recesi\u00f3n brutal, destrucci\u00f3n industrial y la amenaza de la reforma laboral - Diario del Sur","isPartOf":{"@id":"https:\/\/diariodelsurdigital.com.ar\/#website"},"primaryImageOfPage":{"@id":"https:\/\/diariodelsurdigital.com.ar\/?p=5731#primaryimage"},"image":{"@id":"https:\/\/diariodelsurdigital.com.ar\/?p=5731#primaryimage"},"thumbnailUrl":"https:\/\/diariodelsurdigital.com.ar\/wp-content\/uploads\/2025\/11\/md-21-1.webp","datePublished":"2025-11-17T12:19:15+00:00","dateModified":"2025-11-17T23:04:37+00:00","author":{"@id":"https:\/\/diariodelsurdigital.com.ar\/#\/schema\/person\/1a4992532ed62965c968031b49195c81"},"breadcrumb":{"@id":"https:\/\/diariodelsurdigital.com.ar\/?p=5731#breadcrumb"},"inLanguage":"es","potentialAction":[{"@type":"ReadAction","target":["https:\/\/diariodelsurdigital.com.ar\/?p=5731"]}]},{"@type":"ImageObject","inLanguage":"es","@id":"https:\/\/diariodelsurdigital.com.ar\/?p=5731#primaryimage","url":"https:\/\/diariodelsurdigital.com.ar\/wp-content\/uploads\/2025\/11\/md-21-1.webp","contentUrl":"https:\/\/diariodelsurdigital.com.ar\/wp-content\/uploads\/2025\/11\/md-21-1.webp","width":992,"height":645},{"@type":"BreadcrumbList","@id":"https:\/\/diariodelsurdigital.com.ar\/?p=5731#breadcrumb","itemListElement":[{"@type":"ListItem","position":1,"name":"Portada","item":"https:\/\/diariodelsurdigital.com.ar\/"},{"@type":"ListItem","position":2,"name":"Roberto Schunk alert\u00f3 sobre una recesi\u00f3n brutal, destrucci\u00f3n industrial y la amenaza de la reforma laboral"}]},{"@type":"WebSite","@id":"https:\/\/diariodelsurdigital.com.ar\/#website","url":"https:\/\/diariodelsurdigital.com.ar\/","name":"Diario del Sur","description":"Digital","potentialAction":[{"@type":"SearchAction","target":{"@type":"EntryPoint","urlTemplate":"https:\/\/diariodelsurdigital.com.ar\/?s={search_term_string}"},"query-input":{"@type":"PropertyValueSpecification","valueRequired":true,"valueName":"search_term_string"}}],"inLanguage":"es"},{"@type":"Person","@id":"https:\/\/diariodelsurdigital.com.ar\/#\/schema\/person\/1a4992532ed62965c968031b49195c81","name":"Diario del Sur Digital","image":{"@type":"ImageObject","inLanguage":"es","@id":"https:\/\/secure.gravatar.com\/avatar\/f0c7c47fc7146d19828273b9b8eda651c9c7ab583767e6338d3d3bee825adf76?s=96&d=mm&r=g","url":"https:\/\/secure.gravatar.com\/avatar\/f0c7c47fc7146d19828273b9b8eda651c9c7ab583767e6338d3d3bee825adf76?s=96&d=mm&r=g","contentUrl":"https:\/\/secure.gravatar.com\/avatar\/f0c7c47fc7146d19828273b9b8eda651c9c7ab583767e6338d3d3bee825adf76?s=96&d=mm&r=g","caption":"Diario del Sur Digital"},"url":"https:\/\/diariodelsurdigital.com.ar\/?author=4"}]}},"_links":{"self":[{"href":"https:\/\/diariodelsurdigital.com.ar\/index.php?rest_route=\/wp\/v2\/posts\/5731","targetHints":{"allow":["GET"]}}],"collection":[{"href":"https:\/\/diariodelsurdigital.com.ar\/index.php?rest_route=\/wp\/v2\/posts"}],"about":[{"href":"https:\/\/diariodelsurdigital.com.ar\/index.php?rest_route=\/wp\/v2\/types\/post"}],"author":[{"embeddable":true,"href":"https:\/\/diariodelsurdigital.com.ar\/index.php?rest_route=\/wp\/v2\/users\/4"}],"replies":[{"embeddable":true,"href":"https:\/\/diariodelsurdigital.com.ar\/index.php?rest_route=%2Fwp%2Fv2%2Fcomments&post=5731"}],"version-history":[{"count":3,"href":"https:\/\/diariodelsurdigital.com.ar\/index.php?rest_route=\/wp\/v2\/posts\/5731\/revisions"}],"predecessor-version":[{"id":5746,"href":"https:\/\/diariodelsurdigital.com.ar\/index.php?rest_route=\/wp\/v2\/posts\/5731\/revisions\/5746"}],"wp:featuredmedia":[{"embeddable":true,"href":"https:\/\/diariodelsurdigital.com.ar\/index.php?rest_route=\/wp\/v2\/media\/5732"}],"wp:attachment":[{"href":"https:\/\/diariodelsurdigital.com.ar\/index.php?rest_route=%2Fwp%2Fv2%2Fmedia&parent=5731"}],"wp:term":[{"taxonomy":"category","embeddable":true,"href":"https:\/\/diariodelsurdigital.com.ar\/index.php?rest_route=%2Fwp%2Fv2%2Fcategories&post=5731"},{"taxonomy":"post_tag","embeddable":true,"href":"https:\/\/diariodelsurdigital.com.ar\/index.php?rest_route=%2Fwp%2Fv2%2Ftags&post=5731"}],"curies":[{"name":"wp","href":"https:\/\/api.w.org\/{rel}","templated":true}]}}