{"id":5737,"date":"2025-11-17T09:23:41","date_gmt":"2025-11-17T12:23:41","guid":{"rendered":"https:\/\/diariodelsurdigital.com.ar\/?p=5737"},"modified":"2025-11-17T09:23:42","modified_gmt":"2025-11-17T12:23:42","slug":"colon-marcho-hacia-el-puente-internacional-por-la-no-instalacion-de-hif-global-en-paysandu","status":"publish","type":"post","link":"https:\/\/diariodelsurdigital.com.ar\/?p=5737","title":{"rendered":"Col\u00f3n march\u00f3 hacia el Puente Internacional por la no instalaci\u00f3n de HIF Global en Paysand\u00fa"},"content":{"rendered":"\n<p>Una masiva concurrencia tuvo la marcha de este domingo, con vecinos de toda la Microrregi\u00f3n \u00abTierra de Palmares\u00bb, que parti\u00f3 desde la plaza Artigas de Col\u00f3n hacia la cabecera del Puente Internacional \u00abJos\u00e9 Gervasio Artigas\u00bb. El Intendente Jos\u00e9 Luis Walser hizo fuertes declaraciones ante la falta de respuestas del gobierno nacional uruguayo. Reiter\u00f3 que la comunidad debe ser escuchada por el presidente Orsi.<\/p>\n\n\n\n<p>La marcha fue en reclamo por la falta de respuestas y pidiendo que no sea instalada en Paysand\u00fa, Uruguay, frente a las playas de Col\u00f3n, la refiner\u00eda de combustibles sint\u00e9ticos de la firma HIF Global.<\/p>\n\n\n\n<p>La pac\u00edfica manifestaci\u00f3n de vecinos de toda la zona y asociaciones ambientalistas, atraves\u00f3 la Ciudad de Col\u00f3n hasta la Ruta Nacional 135 rumbo al puente que une la localidad argentina con la vecina Paysand\u00fa. Familias en veh\u00edculos, motocicletas y bicicletas, se trasladaron con banderas, carteles y mensajes de reclamo a HIF Global.<\/p>\n\n\n\n<p>El intendente Walser particip\u00f3 con funcionarios y concejales junto a los vecinos. \u201cEs la expresi\u00f3n de la Comunidad de Col\u00f3n y de la Microrregi\u00f3n que viene reclamando hace tiempo que el Presidente Uruguayo, Yamand\u00fa Orsi, nos escuche, esa planta no puede instalarse en ese lugar\u201d, expres\u00f3.<\/p>\n\n\n\n<p>En esa misma l\u00ednea, pidi\u00f3 \u201cque se cumpla su palabra, dijo que la planta se iba a correr o se iban a bajar las chimeneas y ninguna de esas cosas pas\u00f3, hoy, la Comunidad de Col\u00f3n y los vecinos de la Microrregi\u00f3n, le hacen escuchar nuevamente este reclamo\u201d.<\/p>\n\n\n\n<p>Sobre la multitudinaria marcha, el intendente de Col\u00f3n sostuvo: \u201cSe terminan los tiempos institucionales y de canciller\u00eda, y hay que empezar a tomar decisiones\u201d.<\/p>\n\n\n\n<p>Tambi\u00e9n participaron los intendentes de Pueblo Liebig y de San Jos\u00e9 y las viceintendentes de las tres localidades.<\/p>\n","protected":false},"excerpt":{"rendered":"<p>Una masiva concurrencia tuvo la marcha de este domingo, con vecinos de toda la Microrregi\u00f3n \u00abTierra de Palmares\u00bb, que parti\u00f3 desde la plaza Artigas de Col\u00f3n hacia la cabecera del Puente Internacional \u00abJos\u00e9 Gervasio Artigas\u00bb. El Intendente Jos\u00e9 Luis Walser hizo fuertes declaraciones ante la falta de respuestas del gobierno nacional uruguayo. Reiter\u00f3 que la [&hellip;]<\/p>\n","protected":false},"author":4,"featured_media":5738,"comment_status":"open","ping_status":"open","sticky":false,"template":"","format":"standard","meta":{"footnotes":""},"categories":[19,17],"tags":[],"class_list":{"0":"post-5737","1":"post","2":"type-post","3":"status-publish","4":"format-standard","5":"has-post-thumbnail","7":"category-interes-general","8":"category-provinciales"},"yoast_head":"<!-- This site is optimized with the Yoast SEO plugin v27.4 - https:\/\/yoast.com\/product\/yoast-seo-wordpress\/ -->\n<title>Col\u00f3n march\u00f3 hacia el Puente Internacional por la no instalaci\u00f3n de HIF Global en Paysand\u00fa - Diario del Sur<\/title>\n<meta name=\"robots\" content=\"index, follow, max-snippet:-1, max-image-preview:large, max-video-preview:-1\" \/>\n<link rel=\"canonical\" href=\"https:\/\/diariodelsurdigital.com.ar\/?p=5737\" \/>\n<meta property=\"og:locale\" content=\"es_ES\" \/>\n<meta property=\"og:type\" content=\"article\" \/>\n<meta property=\"og:title\" content=\"Col\u00f3n march\u00f3 hacia el Puente Internacional por la no instalaci\u00f3n de HIF Global en Paysand\u00fa - Diario del Sur\" \/>\n<meta property=\"og:description\" content=\"Una masiva concurrencia tuvo la marcha de este domingo, con vecinos de toda la Microrregi\u00f3n \u00abTierra de Palmares\u00bb, que parti\u00f3 desde la plaza Artigas de Col\u00f3n hacia la cabecera del Puente Internacional \u00abJos\u00e9 Gervasio Artigas\u00bb. El Intendente Jos\u00e9 Luis Walser hizo fuertes declaraciones ante la falta de respuestas del gobierno nacional uruguayo. Reiter\u00f3 que la [&hellip;]\" \/>\n<meta property=\"og:url\" content=\"https:\/\/diariodelsurdigital.com.ar\/?p=5737\" \/>\n<meta property=\"og:site_name\" content=\"Diario del Sur\" \/>\n<meta property=\"article:published_time\" content=\"2025-11-17T12:23:41+00:00\" \/>\n<meta property=\"article:modified_time\" content=\"2025-11-17T12:23:42+00:00\" \/>\n<meta property=\"og:image\" content=\"https:\/\/diariodelsurdigital.com.ar\/wp-content\/uploads\/2025\/11\/md-23-2.webp\" \/>\n\t<meta property=\"og:image:width\" content=\"992\" \/>\n\t<meta property=\"og:image:height\" content=\"637\" \/>\n\t<meta property=\"og:image:type\" content=\"image\/webp\" \/>\n<meta name=\"author\" content=\"Diario del Sur Digital\" \/>\n<meta name=\"twitter:card\" content=\"summary_large_image\" \/>\n<meta name=\"twitter:label1\" content=\"Escrito por\" \/>\n\t<meta name=\"twitter:data1\" content=\"Diario del Sur Digital\" \/>\n\t<meta name=\"twitter:label2\" content=\"Tiempo de lectura\" \/>\n\t<meta name=\"twitter:data2\" content=\"2 minutos\" \/>\n<script type=\"application\/ld+json\" class=\"yoast-schema-graph\">{\"@context\":\"https:\\\/\\\/schema.org\",\"@graph\":[{\"@type\":\"Article\",\"@id\":\"https:\\\/\\\/diariodelsurdigital.com.ar\\\/?p=5737#article\",\"isPartOf\":{\"@id\":\"https:\\\/\\\/diariodelsurdigital.com.ar\\\/?p=5737\"},\"author\":{\"name\":\"Diario del Sur Digital\",\"@id\":\"https:\\\/\\\/diariodelsurdigital.com.ar\\\/#\\\/schema\\\/person\\\/1a4992532ed62965c968031b49195c81\"},\"headline\":\"Col\u00f3n march\u00f3 hacia el Puente Internacional por la no instalaci\u00f3n de HIF Global en Paysand\u00fa\",\"datePublished\":\"2025-11-17T12:23:41+00:00\",\"dateModified\":\"2025-11-17T12:23:42+00:00\",\"mainEntityOfPage\":{\"@id\":\"https:\\\/\\\/diariodelsurdigital.com.ar\\\/?p=5737\"},\"wordCount\":320,\"commentCount\":0,\"image\":{\"@id\":\"https:\\\/\\\/diariodelsurdigital.com.ar\\\/?p=5737#primaryimage\"},\"thumbnailUrl\":\"https:\\\/\\\/diariodelsurdigital.com.ar\\\/wp-content\\\/uploads\\\/2025\\\/11\\\/md-23-2.webp\",\"articleSection\":[\"Inter\u00e9s General\",\"Provinciales\"],\"inLanguage\":\"es\",\"potentialAction\":[{\"@type\":\"CommentAction\",\"name\":\"Comment\",\"target\":[\"https:\\\/\\\/diariodelsurdigital.com.ar\\\/?p=5737#respond\"]}]},{\"@type\":\"WebPage\",\"@id\":\"https:\\\/\\\/diariodelsurdigital.com.ar\\\/?p=5737\",\"url\":\"https:\\\/\\\/diariodelsurdigital.com.ar\\\/?p=5737\",\"name\":\"Col\u00f3n march\u00f3 hacia el Puente Internacional por la no instalaci\u00f3n de HIF Global en Paysand\u00fa - Diario del Sur\",\"isPartOf\":{\"@id\":\"https:\\\/\\\/diariodelsurdigital.com.ar\\\/#website\"},\"primaryImageOfPage\":{\"@id\":\"https:\\\/\\\/diariodelsurdigital.com.ar\\\/?p=5737#primaryimage\"},\"image\":{\"@id\":\"https:\\\/\\\/diariodelsurdigital.com.ar\\\/?p=5737#primaryimage\"},\"thumbnailUrl\":\"https:\\\/\\\/diariodelsurdigital.com.ar\\\/wp-content\\\/uploads\\\/2025\\\/11\\\/md-23-2.webp\",\"datePublished\":\"2025-11-17T12:23:41+00:00\",\"dateModified\":\"2025-11-17T12:23:42+00:00\",\"author\":{\"@id\":\"https:\\\/\\\/diariodelsurdigital.com.ar\\\/#\\\/schema\\\/person\\\/1a4992532ed62965c968031b49195c81\"},\"breadcrumb\":{\"@id\":\"https:\\\/\\\/diariodelsurdigital.com.ar\\\/?p=5737#breadcrumb\"},\"inLanguage\":\"es\",\"potentialAction\":[{\"@type\":\"ReadAction\",\"target\":[\"https:\\\/\\\/diariodelsurdigital.com.ar\\\/?p=5737\"]}]},{\"@type\":\"ImageObject\",\"inLanguage\":\"es\",\"@id\":\"https:\\\/\\\/diariodelsurdigital.com.ar\\\/?p=5737#primaryimage\",\"url\":\"https:\\\/\\\/diariodelsurdigital.com.ar\\\/wp-content\\\/uploads\\\/2025\\\/11\\\/md-23-2.webp\",\"contentUrl\":\"https:\\\/\\\/diariodelsurdigital.com.ar\\\/wp-content\\\/uploads\\\/2025\\\/11\\\/md-23-2.webp\",\"width\":992,\"height\":637},{\"@type\":\"BreadcrumbList\",\"@id\":\"https:\\\/\\\/diariodelsurdigital.com.ar\\\/?p=5737#breadcrumb\",\"itemListElement\":[{\"@type\":\"ListItem\",\"position\":1,\"name\":\"Portada\",\"item\":\"https:\\\/\\\/diariodelsurdigital.com.ar\\\/\"},{\"@type\":\"ListItem\",\"position\":2,\"name\":\"Col\u00f3n march\u00f3 hacia el Puente Internacional por la no instalaci\u00f3n de HIF Global en Paysand\u00fa\"}]},{\"@type\":\"WebSite\",\"@id\":\"https:\\\/\\\/diariodelsurdigital.com.ar\\\/#website\",\"url\":\"https:\\\/\\\/diariodelsurdigital.com.ar\\\/\",\"name\":\"Diario del Sur\",\"description\":\"Digital\",\"potentialAction\":[{\"@type\":\"SearchAction\",\"target\":{\"@type\":\"EntryPoint\",\"urlTemplate\":\"https:\\\/\\\/diariodelsurdigital.com.ar\\\/?s={search_term_string}\"},\"query-input\":{\"@type\":\"PropertyValueSpecification\",\"valueRequired\":true,\"valueName\":\"search_term_string\"}}],\"inLanguage\":\"es\"},{\"@type\":\"Person\",\"@id\":\"https:\\\/\\\/diariodelsurdigital.com.ar\\\/#\\\/schema\\\/person\\\/1a4992532ed62965c968031b49195c81\",\"name\":\"Diario del Sur Digital\",\"image\":{\"@type\":\"ImageObject\",\"inLanguage\":\"es\",\"@id\":\"https:\\\/\\\/secure.gravatar.com\\\/avatar\\\/f0c7c47fc7146d19828273b9b8eda651c9c7ab583767e6338d3d3bee825adf76?s=96&d=mm&r=g\",\"url\":\"https:\\\/\\\/secure.gravatar.com\\\/avatar\\\/f0c7c47fc7146d19828273b9b8eda651c9c7ab583767e6338d3d3bee825adf76?s=96&d=mm&r=g\",\"contentUrl\":\"https:\\\/\\\/secure.gravatar.com\\\/avatar\\\/f0c7c47fc7146d19828273b9b8eda651c9c7ab583767e6338d3d3bee825adf76?s=96&d=mm&r=g\",\"caption\":\"Diario del Sur Digital\"},\"url\":\"https:\\\/\\\/diariodelsurdigital.com.ar\\\/?author=4\"}]}<\/script>\n<!-- \/ Yoast SEO plugin. -->","yoast_head_json":{"title":"Col\u00f3n march\u00f3 hacia el Puente Internacional por la no instalaci\u00f3n de HIF Global en Paysand\u00fa - Diario del Sur","robots":{"index":"index","follow":"follow","max-snippet":"max-snippet:-1","max-image-preview":"max-image-preview:large","max-video-preview":"max-video-preview:-1"},"canonical":"https:\/\/diariodelsurdigital.com.ar\/?p=5737","og_locale":"es_ES","og_type":"article","og_title":"Col\u00f3n march\u00f3 hacia el Puente Internacional por la no instalaci\u00f3n de HIF Global en Paysand\u00fa - Diario del Sur","og_description":"Una masiva concurrencia tuvo la marcha de este domingo, con vecinos de toda la Microrregi\u00f3n \u00abTierra de Palmares\u00bb, que parti\u00f3 desde la plaza Artigas de Col\u00f3n hacia la cabecera del Puente Internacional \u00abJos\u00e9 Gervasio Artigas\u00bb. El Intendente Jos\u00e9 Luis Walser hizo fuertes declaraciones ante la falta de respuestas del gobierno nacional uruguayo. Reiter\u00f3 que la [&hellip;]","og_url":"https:\/\/diariodelsurdigital.com.ar\/?p=5737","og_site_name":"Diario del Sur","article_published_time":"2025-11-17T12:23:41+00:00","article_modified_time":"2025-11-17T12:23:42+00:00","og_image":[{"width":992,"height":637,"url":"https:\/\/diariodelsurdigital.com.ar\/wp-content\/uploads\/2025\/11\/md-23-2.webp","type":"image\/webp"}],"author":"Diario del Sur Digital","twitter_card":"summary_large_image","twitter_misc":{"Escrito por":"Diario del Sur Digital","Tiempo de lectura":"2 minutos"},"schema":{"@context":"https:\/\/schema.org","@graph":[{"@type":"Article","@id":"https:\/\/diariodelsurdigital.com.ar\/?p=5737#article","isPartOf":{"@id":"https:\/\/diariodelsurdigital.com.ar\/?p=5737"},"author":{"name":"Diario del Sur Digital","@id":"https:\/\/diariodelsurdigital.com.ar\/#\/schema\/person\/1a4992532ed62965c968031b49195c81"},"headline":"Col\u00f3n march\u00f3 hacia el Puente Internacional por la no instalaci\u00f3n de HIF Global en Paysand\u00fa","datePublished":"2025-11-17T12:23:41+00:00","dateModified":"2025-11-17T12:23:42+00:00","mainEntityOfPage":{"@id":"https:\/\/diariodelsurdigital.com.ar\/?p=5737"},"wordCount":320,"commentCount":0,"image":{"@id":"https:\/\/diariodelsurdigital.com.ar\/?p=5737#primaryimage"},"thumbnailUrl":"https:\/\/diariodelsurdigital.com.ar\/wp-content\/uploads\/2025\/11\/md-23-2.webp","articleSection":["Inter\u00e9s General","Provinciales"],"inLanguage":"es","potentialAction":[{"@type":"CommentAction","name":"Comment","target":["https:\/\/diariodelsurdigital.com.ar\/?p=5737#respond"]}]},{"@type":"WebPage","@id":"https:\/\/diariodelsurdigital.com.ar\/?p=5737","url":"https:\/\/diariodelsurdigital.com.ar\/?p=5737","name":"Col\u00f3n march\u00f3 hacia el Puente Internacional por la no instalaci\u00f3n de HIF Global en Paysand\u00fa - Diario del Sur","isPartOf":{"@id":"https:\/\/diariodelsurdigital.com.ar\/#website"},"primaryImageOfPage":{"@id":"https:\/\/diariodelsurdigital.com.ar\/?p=5737#primaryimage"},"image":{"@id":"https:\/\/diariodelsurdigital.com.ar\/?p=5737#primaryimage"},"thumbnailUrl":"https:\/\/diariodelsurdigital.com.ar\/wp-content\/uploads\/2025\/11\/md-23-2.webp","datePublished":"2025-11-17T12:23:41+00:00","dateModified":"2025-11-17T12:23:42+00:00","author":{"@id":"https:\/\/diariodelsurdigital.com.ar\/#\/schema\/person\/1a4992532ed62965c968031b49195c81"},"breadcrumb":{"@id":"https:\/\/diariodelsurdigital.com.ar\/?p=5737#breadcrumb"},"inLanguage":"es","potentialAction":[{"@type":"ReadAction","target":["https:\/\/diariodelsurdigital.com.ar\/?p=5737"]}]},{"@type":"ImageObject","inLanguage":"es","@id":"https:\/\/diariodelsurdigital.com.ar\/?p=5737#primaryimage","url":"https:\/\/diariodelsurdigital.com.ar\/wp-content\/uploads\/2025\/11\/md-23-2.webp","contentUrl":"https:\/\/diariodelsurdigital.com.ar\/wp-content\/uploads\/2025\/11\/md-23-2.webp","width":992,"height":637},{"@type":"BreadcrumbList","@id":"https:\/\/diariodelsurdigital.com.ar\/?p=5737#breadcrumb","itemListElement":[{"@type":"ListItem","position":1,"name":"Portada","item":"https:\/\/diariodelsurdigital.com.ar\/"},{"@type":"ListItem","position":2,"name":"Col\u00f3n march\u00f3 hacia el Puente Internacional por la no instalaci\u00f3n de HIF Global en Paysand\u00fa"}]},{"@type":"WebSite","@id":"https:\/\/diariodelsurdigital.com.ar\/#website","url":"https:\/\/diariodelsurdigital.com.ar\/","name":"Diario del Sur","description":"Digital","potentialAction":[{"@type":"SearchAction","target":{"@type":"EntryPoint","urlTemplate":"https:\/\/diariodelsurdigital.com.ar\/?s={search_term_string}"},"query-input":{"@type":"PropertyValueSpecification","valueRequired":true,"valueName":"search_term_string"}}],"inLanguage":"es"},{"@type":"Person","@id":"https:\/\/diariodelsurdigital.com.ar\/#\/schema\/person\/1a4992532ed62965c968031b49195c81","name":"Diario del Sur Digital","image":{"@type":"ImageObject","inLanguage":"es","@id":"https:\/\/secure.gravatar.com\/avatar\/f0c7c47fc7146d19828273b9b8eda651c9c7ab583767e6338d3d3bee825adf76?s=96&d=mm&r=g","url":"https:\/\/secure.gravatar.com\/avatar\/f0c7c47fc7146d19828273b9b8eda651c9c7ab583767e6338d3d3bee825adf76?s=96&d=mm&r=g","contentUrl":"https:\/\/secure.gravatar.com\/avatar\/f0c7c47fc7146d19828273b9b8eda651c9c7ab583767e6338d3d3bee825adf76?s=96&d=mm&r=g","caption":"Diario del Sur Digital"},"url":"https:\/\/diariodelsurdigital.com.ar\/?author=4"}]}},"_links":{"self":[{"href":"https:\/\/diariodelsurdigital.com.ar\/index.php?rest_route=\/wp\/v2\/posts\/5737","targetHints":{"allow":["GET"]}}],"collection":[{"href":"https:\/\/diariodelsurdigital.com.ar\/index.php?rest_route=\/wp\/v2\/posts"}],"about":[{"href":"https:\/\/diariodelsurdigital.com.ar\/index.php?rest_route=\/wp\/v2\/types\/post"}],"author":[{"embeddable":true,"href":"https:\/\/diariodelsurdigital.com.ar\/index.php?rest_route=\/wp\/v2\/users\/4"}],"replies":[{"embeddable":true,"href":"https:\/\/diariodelsurdigital.com.ar\/index.php?rest_route=%2Fwp%2Fv2%2Fcomments&post=5737"}],"version-history":[{"count":1,"href":"https:\/\/diariodelsurdigital.com.ar\/index.php?rest_route=\/wp\/v2\/posts\/5737\/revisions"}],"predecessor-version":[{"id":5739,"href":"https:\/\/diariodelsurdigital.com.ar\/index.php?rest_route=\/wp\/v2\/posts\/5737\/revisions\/5739"}],"wp:featuredmedia":[{"embeddable":true,"href":"https:\/\/diariodelsurdigital.com.ar\/index.php?rest_route=\/wp\/v2\/media\/5738"}],"wp:attachment":[{"href":"https:\/\/diariodelsurdigital.com.ar\/index.php?rest_route=%2Fwp%2Fv2%2Fmedia&parent=5737"}],"wp:term":[{"taxonomy":"category","embeddable":true,"href":"https:\/\/diariodelsurdigital.com.ar\/index.php?rest_route=%2Fwp%2Fv2%2Fcategories&post=5737"},{"taxonomy":"post_tag","embeddable":true,"href":"https:\/\/diariodelsurdigital.com.ar\/index.php?rest_route=%2Fwp%2Fv2%2Ftags&post=5737"}],"curies":[{"name":"wp","href":"https:\/\/api.w.org\/{rel}","templated":true}]}}