{"id":5742,"date":"2025-11-17T14:43:12","date_gmt":"2025-11-17T17:43:12","guid":{"rendered":"https:\/\/diariodelsurdigital.com.ar\/?p=5742"},"modified":"2025-11-17T14:43:13","modified_gmt":"2025-11-17T17:43:13","slug":"comenzo-el-proyecto-de-diferenciacion-y-caracterizacion-de-mieles-entrerrianas","status":"publish","type":"post","link":"https:\/\/diariodelsurdigital.com.ar\/?p=5742","title":{"rendered":"Comenz\u00f3 el proyecto de diferenciaci\u00f3n y caracterizaci\u00f3n de mieles entrerrianas"},"content":{"rendered":"\n<p><strong>Desde el Gobierno provincial se puso en marcha el protocolo de muestreo que permitir\u00e1 analizar la composici\u00f3n y calidad de las mieles producidas en distintos puntos de Entre R\u00edos, con el fin de fortalecer su identidad y valor agregado.<\/strong><\/p>\n\n\n\n<figure class=\"wp-block-image\"><img decoding=\"async\" src=\"https:\/\/cdnartic.ar\/iL3kUYwv_3qOTpM7uGuLlm9SrFw=\/1500x0\/filters:no_upscale():format(webp):quality(40)\/https:\/\/elheraldocdn.eleco.com.ar\/media\/2025\/11\/mieles_entrerrianas.jpeg\" alt=\"Comenz\u00f3 el proyecto de diferenciaci\u00f3n y caracterizaci\u00f3n de mieles entrerrianas\"\/><\/figure>\n\n\n\n<p>En el marco del proyecto de Diferenciaci\u00f3n y Caracterizaci\u00f3n de Mieles Entrerrianas 2025, la Coordinaci\u00f3n Ap\u00edcola dependiente de la Secretar\u00eda de Agricultura, Ganader\u00eda y Pesca implementa un protocolo de muestreo que unifica criterios para la extracci\u00f3n y an\u00e1lisis de muestras en salas de extracci\u00f3n particulares y cooperativas ap\u00edcolas.<\/p>\n\n\n\n<p>El objetivo es evaluar la diversidad bot\u00e1nica y la calidad del producto regional, mediante el estudio de la composici\u00f3n pol\u00ednica y de las caracter\u00edsticas f\u00edsico-qu\u00edmicas de las mieles, generando informaci\u00f3n clave para potenciar su posicionamiento en los mercados nacionales e internacionales.<br>Las muestras se obtendr\u00e1n de apiarios representativos de la provincia, priorizando aquellos que cuenten con trazabilidad y georreferenciaci\u00f3n de los lotes de miel, o que trabajen con una diversidad de regiones productivas. El procedimiento se llevar\u00e1 a cabo durante la extracci\u00f3n de la miel, antes de su carga en tanques decantadores o tambores, garantizando que cada muestra represente la producci\u00f3n de un \u00fanico apiario.<\/p>\n\n\n\n<p><strong>Las fechas de corte se establecen en dos etapas:<\/strong><br>Inicio de temporada: hasta el 15 de diciembre.<br>Fin de temporada: despu\u00e9s del 15 de diciembre, v\u00e1lidas s\u00f3lo si los melarios fueron introducidos con posterioridad a esa fecha.<\/p>\n\n\n\n<p>Cada muestra deber\u00e1 obtenerse directamente de la batea de extracci\u00f3n, en frascos est\u00e9riles de 300 cc, evitando contaminaci\u00f3n y asegurando un llenado completo.<br>Los frascos ser\u00e1n etiquetados con informaci\u00f3n clave, incluyendo fecha de muestreo, ubicaci\u00f3n, georreferenciaci\u00f3n, datos del apicultor o cooperativa y flora predominante.<br>El coordinador de Apicultura de la provincia, Rodrigo Toledo, se\u00f1al\u00f3 que \u201cLa uniformidad en el procedimiento y la correcta trazabilidad de las muestras son fundamentales para garantizar la comparabilidad de los datos y la fiabilidad de los resultados\u201d y agreg\u00f3 que \u201cesta iniciativa representa la primera experiencia de la provincia en la gesti\u00f3n de un proyecto de esta naturaleza y escala\u201d.<\/p>\n\n\n\n<p><strong>Fortalecer la identidad de la miel entrerriana<\/strong><br>El an\u00e1lisis de las muestras permitir\u00e1 diferenciar las mieles entrerrianas seg\u00fan su origen bot\u00e1nico y geogr\u00e1fico, aportando herramientas cient\u00edficas para respaldar su calidad y fortalecer la identidad de un producto emblem\u00e1tico de la apicultura provincial.<br>Las muestras deber\u00e1n conservarse en lugares oscuros y frescos hasta su traslado a la sede de la Coordinaci\u00f3n Ap\u00edcola, 25 de Mayo 113, 1\u00b0 piso, Paran\u00e1. Para m\u00e1s informaci\u00f3n o instrucciones sobre la toma de muestras, los interesados pueden comunicarse al correo apicultura.entrerios@gmail.com o al WhatsApp +54 9 3456 40-9649.<\/p>\n\n\n\n<p>Fuente: El Heraldo<\/p>\n","protected":false},"excerpt":{"rendered":"<p>Desde el Gobierno provincial se puso en marcha el protocolo de muestreo que permitir\u00e1 analizar la composici\u00f3n y calidad de las mieles producidas en distintos puntos de Entre R\u00edos, con el fin de fortalecer su identidad y valor agregado. En el marco del proyecto de Diferenciaci\u00f3n y Caracterizaci\u00f3n de Mieles Entrerrianas 2025, la Coordinaci\u00f3n Ap\u00edcola [&hellip;]<\/p>\n","protected":false},"author":3,"featured_media":5743,"comment_status":"open","ping_status":"open","sticky":false,"template":"","format":"standard","meta":{"footnotes":""},"categories":[19],"tags":[],"class_list":{"0":"post-5742","1":"post","2":"type-post","3":"status-publish","4":"format-standard","5":"has-post-thumbnail","7":"category-interes-general"},"yoast_head":"<!-- This site is optimized with the Yoast SEO plugin v27.4 - https:\/\/yoast.com\/product\/yoast-seo-wordpress\/ -->\n<title>Comenz\u00f3 el proyecto de diferenciaci\u00f3n y caracterizaci\u00f3n de mieles entrerrianas - Diario del Sur<\/title>\n<meta name=\"robots\" content=\"index, follow, max-snippet:-1, max-image-preview:large, max-video-preview:-1\" \/>\n<link rel=\"canonical\" href=\"https:\/\/diariodelsurdigital.com.ar\/?p=5742\" \/>\n<meta property=\"og:locale\" content=\"es_ES\" \/>\n<meta property=\"og:type\" content=\"article\" \/>\n<meta property=\"og:title\" content=\"Comenz\u00f3 el proyecto de diferenciaci\u00f3n y caracterizaci\u00f3n de mieles entrerrianas - Diario del Sur\" \/>\n<meta property=\"og:description\" content=\"Desde el Gobierno provincial se puso en marcha el protocolo de muestreo que permitir\u00e1 analizar la composici\u00f3n y calidad de las mieles producidas en distintos puntos de Entre R\u00edos, con el fin de fortalecer su identidad y valor agregado. En el marco del proyecto de Diferenciaci\u00f3n y Caracterizaci\u00f3n de Mieles Entrerrianas 2025, la Coordinaci\u00f3n Ap\u00edcola [&hellip;]\" \/>\n<meta property=\"og:url\" content=\"https:\/\/diariodelsurdigital.com.ar\/?p=5742\" \/>\n<meta property=\"og:site_name\" content=\"Diario del Sur\" \/>\n<meta property=\"article:published_time\" content=\"2025-11-17T17:43:12+00:00\" \/>\n<meta property=\"article:modified_time\" content=\"2025-11-17T17:43:13+00:00\" \/>\n<meta property=\"og:image\" content=\"https:\/\/diariodelsurdigital.com.ar\/wp-content\/uploads\/2025\/11\/mieles_entrerrianas.webp\" \/>\n\t<meta property=\"og:image:width\" content=\"1024\" \/>\n\t<meta property=\"og:image:height\" content=\"768\" \/>\n\t<meta property=\"og:image:type\" content=\"image\/webp\" \/>\n<meta name=\"author\" content=\"Diario del Sur Digital\" \/>\n<meta name=\"twitter:card\" content=\"summary_large_image\" \/>\n<meta name=\"twitter:label1\" content=\"Escrito por\" \/>\n\t<meta name=\"twitter:data1\" content=\"Diario del Sur Digital\" \/>\n\t<meta name=\"twitter:label2\" content=\"Tiempo de lectura\" \/>\n\t<meta name=\"twitter:data2\" content=\"3 minutos\" \/>\n<script type=\"application\/ld+json\" class=\"yoast-schema-graph\">{\"@context\":\"https:\\\/\\\/schema.org\",\"@graph\":[{\"@type\":\"Article\",\"@id\":\"https:\\\/\\\/diariodelsurdigital.com.ar\\\/?p=5742#article\",\"isPartOf\":{\"@id\":\"https:\\\/\\\/diariodelsurdigital.com.ar\\\/?p=5742\"},\"author\":{\"name\":\"Diario del Sur Digital\",\"@id\":\"https:\\\/\\\/diariodelsurdigital.com.ar\\\/#\\\/schema\\\/person\\\/d794acb23337e88c6e4004a39c32be62\"},\"headline\":\"Comenz\u00f3 el proyecto de diferenciaci\u00f3n y caracterizaci\u00f3n de mieles entrerrianas\",\"datePublished\":\"2025-11-17T17:43:12+00:00\",\"dateModified\":\"2025-11-17T17:43:13+00:00\",\"mainEntityOfPage\":{\"@id\":\"https:\\\/\\\/diariodelsurdigital.com.ar\\\/?p=5742\"},\"wordCount\":480,\"commentCount\":0,\"image\":{\"@id\":\"https:\\\/\\\/diariodelsurdigital.com.ar\\\/?p=5742#primaryimage\"},\"thumbnailUrl\":\"https:\\\/\\\/diariodelsurdigital.com.ar\\\/wp-content\\\/uploads\\\/2025\\\/11\\\/mieles_entrerrianas.webp\",\"articleSection\":[\"Inter\u00e9s General\"],\"inLanguage\":\"es\",\"potentialAction\":[{\"@type\":\"CommentAction\",\"name\":\"Comment\",\"target\":[\"https:\\\/\\\/diariodelsurdigital.com.ar\\\/?p=5742#respond\"]}]},{\"@type\":\"WebPage\",\"@id\":\"https:\\\/\\\/diariodelsurdigital.com.ar\\\/?p=5742\",\"url\":\"https:\\\/\\\/diariodelsurdigital.com.ar\\\/?p=5742\",\"name\":\"Comenz\u00f3 el proyecto de diferenciaci\u00f3n y caracterizaci\u00f3n de mieles entrerrianas - Diario del Sur\",\"isPartOf\":{\"@id\":\"https:\\\/\\\/diariodelsurdigital.com.ar\\\/#website\"},\"primaryImageOfPage\":{\"@id\":\"https:\\\/\\\/diariodelsurdigital.com.ar\\\/?p=5742#primaryimage\"},\"image\":{\"@id\":\"https:\\\/\\\/diariodelsurdigital.com.ar\\\/?p=5742#primaryimage\"},\"thumbnailUrl\":\"https:\\\/\\\/diariodelsurdigital.com.ar\\\/wp-content\\\/uploads\\\/2025\\\/11\\\/mieles_entrerrianas.webp\",\"datePublished\":\"2025-11-17T17:43:12+00:00\",\"dateModified\":\"2025-11-17T17:43:13+00:00\",\"author\":{\"@id\":\"https:\\\/\\\/diariodelsurdigital.com.ar\\\/#\\\/schema\\\/person\\\/d794acb23337e88c6e4004a39c32be62\"},\"breadcrumb\":{\"@id\":\"https:\\\/\\\/diariodelsurdigital.com.ar\\\/?p=5742#breadcrumb\"},\"inLanguage\":\"es\",\"potentialAction\":[{\"@type\":\"ReadAction\",\"target\":[\"https:\\\/\\\/diariodelsurdigital.com.ar\\\/?p=5742\"]}]},{\"@type\":\"ImageObject\",\"inLanguage\":\"es\",\"@id\":\"https:\\\/\\\/diariodelsurdigital.com.ar\\\/?p=5742#primaryimage\",\"url\":\"https:\\\/\\\/diariodelsurdigital.com.ar\\\/wp-content\\\/uploads\\\/2025\\\/11\\\/mieles_entrerrianas.webp\",\"contentUrl\":\"https:\\\/\\\/diariodelsurdigital.com.ar\\\/wp-content\\\/uploads\\\/2025\\\/11\\\/mieles_entrerrianas.webp\",\"width\":1024,\"height\":768},{\"@type\":\"BreadcrumbList\",\"@id\":\"https:\\\/\\\/diariodelsurdigital.com.ar\\\/?p=5742#breadcrumb\",\"itemListElement\":[{\"@type\":\"ListItem\",\"position\":1,\"name\":\"Portada\",\"item\":\"https:\\\/\\\/diariodelsurdigital.com.ar\\\/\"},{\"@type\":\"ListItem\",\"position\":2,\"name\":\"Comenz\u00f3 el proyecto de diferenciaci\u00f3n y caracterizaci\u00f3n de mieles entrerrianas\"}]},{\"@type\":\"WebSite\",\"@id\":\"https:\\\/\\\/diariodelsurdigital.com.ar\\\/#website\",\"url\":\"https:\\\/\\\/diariodelsurdigital.com.ar\\\/\",\"name\":\"Diario del Sur\",\"description\":\"Digital\",\"potentialAction\":[{\"@type\":\"SearchAction\",\"target\":{\"@type\":\"EntryPoint\",\"urlTemplate\":\"https:\\\/\\\/diariodelsurdigital.com.ar\\\/?s={search_term_string}\"},\"query-input\":{\"@type\":\"PropertyValueSpecification\",\"valueRequired\":true,\"valueName\":\"search_term_string\"}}],\"inLanguage\":\"es\"},{\"@type\":\"Person\",\"@id\":\"https:\\\/\\\/diariodelsurdigital.com.ar\\\/#\\\/schema\\\/person\\\/d794acb23337e88c6e4004a39c32be62\",\"name\":\"Diario del Sur Digital\",\"image\":{\"@type\":\"ImageObject\",\"inLanguage\":\"es\",\"@id\":\"https:\\\/\\\/secure.gravatar.com\\\/avatar\\\/47679bcfa15734cfdefc176b6ad58adeeccac22b2e03e095ada6c622af2b463a?s=96&d=mm&r=g\",\"url\":\"https:\\\/\\\/secure.gravatar.com\\\/avatar\\\/47679bcfa15734cfdefc176b6ad58adeeccac22b2e03e095ada6c622af2b463a?s=96&d=mm&r=g\",\"contentUrl\":\"https:\\\/\\\/secure.gravatar.com\\\/avatar\\\/47679bcfa15734cfdefc176b6ad58adeeccac22b2e03e095ada6c622af2b463a?s=96&d=mm&r=g\",\"caption\":\"Diario del Sur Digital\"},\"url\":\"https:\\\/\\\/diariodelsurdigital.com.ar\\\/?author=3\"}]}<\/script>\n<!-- \/ Yoast SEO plugin. -->","yoast_head_json":{"title":"Comenz\u00f3 el proyecto de diferenciaci\u00f3n y caracterizaci\u00f3n de mieles entrerrianas - Diario del Sur","robots":{"index":"index","follow":"follow","max-snippet":"max-snippet:-1","max-image-preview":"max-image-preview:large","max-video-preview":"max-video-preview:-1"},"canonical":"https:\/\/diariodelsurdigital.com.ar\/?p=5742","og_locale":"es_ES","og_type":"article","og_title":"Comenz\u00f3 el proyecto de diferenciaci\u00f3n y caracterizaci\u00f3n de mieles entrerrianas - Diario del Sur","og_description":"Desde el Gobierno provincial se puso en marcha el protocolo de muestreo que permitir\u00e1 analizar la composici\u00f3n y calidad de las mieles producidas en distintos puntos de Entre R\u00edos, con el fin de fortalecer su identidad y valor agregado. En el marco del proyecto de Diferenciaci\u00f3n y Caracterizaci\u00f3n de Mieles Entrerrianas 2025, la Coordinaci\u00f3n Ap\u00edcola [&hellip;]","og_url":"https:\/\/diariodelsurdigital.com.ar\/?p=5742","og_site_name":"Diario del Sur","article_published_time":"2025-11-17T17:43:12+00:00","article_modified_time":"2025-11-17T17:43:13+00:00","og_image":[{"width":1024,"height":768,"url":"https:\/\/diariodelsurdigital.com.ar\/wp-content\/uploads\/2025\/11\/mieles_entrerrianas.webp","type":"image\/webp"}],"author":"Diario del Sur Digital","twitter_card":"summary_large_image","twitter_misc":{"Escrito por":"Diario del Sur Digital","Tiempo de lectura":"3 minutos"},"schema":{"@context":"https:\/\/schema.org","@graph":[{"@type":"Article","@id":"https:\/\/diariodelsurdigital.com.ar\/?p=5742#article","isPartOf":{"@id":"https:\/\/diariodelsurdigital.com.ar\/?p=5742"},"author":{"name":"Diario del Sur Digital","@id":"https:\/\/diariodelsurdigital.com.ar\/#\/schema\/person\/d794acb23337e88c6e4004a39c32be62"},"headline":"Comenz\u00f3 el proyecto de diferenciaci\u00f3n y caracterizaci\u00f3n de mieles entrerrianas","datePublished":"2025-11-17T17:43:12+00:00","dateModified":"2025-11-17T17:43:13+00:00","mainEntityOfPage":{"@id":"https:\/\/diariodelsurdigital.com.ar\/?p=5742"},"wordCount":480,"commentCount":0,"image":{"@id":"https:\/\/diariodelsurdigital.com.ar\/?p=5742#primaryimage"},"thumbnailUrl":"https:\/\/diariodelsurdigital.com.ar\/wp-content\/uploads\/2025\/11\/mieles_entrerrianas.webp","articleSection":["Inter\u00e9s General"],"inLanguage":"es","potentialAction":[{"@type":"CommentAction","name":"Comment","target":["https:\/\/diariodelsurdigital.com.ar\/?p=5742#respond"]}]},{"@type":"WebPage","@id":"https:\/\/diariodelsurdigital.com.ar\/?p=5742","url":"https:\/\/diariodelsurdigital.com.ar\/?p=5742","name":"Comenz\u00f3 el proyecto de diferenciaci\u00f3n y caracterizaci\u00f3n de mieles entrerrianas - Diario del Sur","isPartOf":{"@id":"https:\/\/diariodelsurdigital.com.ar\/#website"},"primaryImageOfPage":{"@id":"https:\/\/diariodelsurdigital.com.ar\/?p=5742#primaryimage"},"image":{"@id":"https:\/\/diariodelsurdigital.com.ar\/?p=5742#primaryimage"},"thumbnailUrl":"https:\/\/diariodelsurdigital.com.ar\/wp-content\/uploads\/2025\/11\/mieles_entrerrianas.webp","datePublished":"2025-11-17T17:43:12+00:00","dateModified":"2025-11-17T17:43:13+00:00","author":{"@id":"https:\/\/diariodelsurdigital.com.ar\/#\/schema\/person\/d794acb23337e88c6e4004a39c32be62"},"breadcrumb":{"@id":"https:\/\/diariodelsurdigital.com.ar\/?p=5742#breadcrumb"},"inLanguage":"es","potentialAction":[{"@type":"ReadAction","target":["https:\/\/diariodelsurdigital.com.ar\/?p=5742"]}]},{"@type":"ImageObject","inLanguage":"es","@id":"https:\/\/diariodelsurdigital.com.ar\/?p=5742#primaryimage","url":"https:\/\/diariodelsurdigital.com.ar\/wp-content\/uploads\/2025\/11\/mieles_entrerrianas.webp","contentUrl":"https:\/\/diariodelsurdigital.com.ar\/wp-content\/uploads\/2025\/11\/mieles_entrerrianas.webp","width":1024,"height":768},{"@type":"BreadcrumbList","@id":"https:\/\/diariodelsurdigital.com.ar\/?p=5742#breadcrumb","itemListElement":[{"@type":"ListItem","position":1,"name":"Portada","item":"https:\/\/diariodelsurdigital.com.ar\/"},{"@type":"ListItem","position":2,"name":"Comenz\u00f3 el proyecto de diferenciaci\u00f3n y caracterizaci\u00f3n de mieles entrerrianas"}]},{"@type":"WebSite","@id":"https:\/\/diariodelsurdigital.com.ar\/#website","url":"https:\/\/diariodelsurdigital.com.ar\/","name":"Diario del Sur","description":"Digital","potentialAction":[{"@type":"SearchAction","target":{"@type":"EntryPoint","urlTemplate":"https:\/\/diariodelsurdigital.com.ar\/?s={search_term_string}"},"query-input":{"@type":"PropertyValueSpecification","valueRequired":true,"valueName":"search_term_string"}}],"inLanguage":"es"},{"@type":"Person","@id":"https:\/\/diariodelsurdigital.com.ar\/#\/schema\/person\/d794acb23337e88c6e4004a39c32be62","name":"Diario del Sur Digital","image":{"@type":"ImageObject","inLanguage":"es","@id":"https:\/\/secure.gravatar.com\/avatar\/47679bcfa15734cfdefc176b6ad58adeeccac22b2e03e095ada6c622af2b463a?s=96&d=mm&r=g","url":"https:\/\/secure.gravatar.com\/avatar\/47679bcfa15734cfdefc176b6ad58adeeccac22b2e03e095ada6c622af2b463a?s=96&d=mm&r=g","contentUrl":"https:\/\/secure.gravatar.com\/avatar\/47679bcfa15734cfdefc176b6ad58adeeccac22b2e03e095ada6c622af2b463a?s=96&d=mm&r=g","caption":"Diario del Sur Digital"},"url":"https:\/\/diariodelsurdigital.com.ar\/?author=3"}]}},"_links":{"self":[{"href":"https:\/\/diariodelsurdigital.com.ar\/index.php?rest_route=\/wp\/v2\/posts\/5742","targetHints":{"allow":["GET"]}}],"collection":[{"href":"https:\/\/diariodelsurdigital.com.ar\/index.php?rest_route=\/wp\/v2\/posts"}],"about":[{"href":"https:\/\/diariodelsurdigital.com.ar\/index.php?rest_route=\/wp\/v2\/types\/post"}],"author":[{"embeddable":true,"href":"https:\/\/diariodelsurdigital.com.ar\/index.php?rest_route=\/wp\/v2\/users\/3"}],"replies":[{"embeddable":true,"href":"https:\/\/diariodelsurdigital.com.ar\/index.php?rest_route=%2Fwp%2Fv2%2Fcomments&post=5742"}],"version-history":[{"count":1,"href":"https:\/\/diariodelsurdigital.com.ar\/index.php?rest_route=\/wp\/v2\/posts\/5742\/revisions"}],"predecessor-version":[{"id":5744,"href":"https:\/\/diariodelsurdigital.com.ar\/index.php?rest_route=\/wp\/v2\/posts\/5742\/revisions\/5744"}],"wp:featuredmedia":[{"embeddable":true,"href":"https:\/\/diariodelsurdigital.com.ar\/index.php?rest_route=\/wp\/v2\/media\/5743"}],"wp:attachment":[{"href":"https:\/\/diariodelsurdigital.com.ar\/index.php?rest_route=%2Fwp%2Fv2%2Fmedia&parent=5742"}],"wp:term":[{"taxonomy":"category","embeddable":true,"href":"https:\/\/diariodelsurdigital.com.ar\/index.php?rest_route=%2Fwp%2Fv2%2Fcategories&post=5742"},{"taxonomy":"post_tag","embeddable":true,"href":"https:\/\/diariodelsurdigital.com.ar\/index.php?rest_route=%2Fwp%2Fv2%2Ftags&post=5742"}],"curies":[{"name":"wp","href":"https:\/\/api.w.org\/{rel}","templated":true}]}}