{"id":5750,"date":"2025-11-18T10:38:12","date_gmt":"2025-11-18T13:38:12","guid":{"rendered":"https:\/\/diariodelsurdigital.com.ar\/?p=5750"},"modified":"2025-11-18T10:38:13","modified_gmt":"2025-11-18T13:38:13","slug":"alerta-roja-por-vientos-de-mas-de-140-km-h-en-el-sur-del-pais","status":"publish","type":"post","link":"https:\/\/diariodelsurdigital.com.ar\/?p=5750","title":{"rendered":"Alerta roja por vientos de m\u00e1s de 140 km\/h en el sur del pa\u00eds"},"content":{"rendered":"\n<p>El SMN advirti\u00f3 por un episodio de \u201calto impacto\u201d que afecta a toda la Patagonia, con r\u00e1fagas severas, riesgo en rutas y contrastes marcados con el resto del pa\u00eds, donde hay la estabilidad.<\/p>\n\n\n\n<p>Un temporal de viento de gran intensidad se extiende este lunes 17 y martes 18 de noviembre sobre toda la Patagonia, con impacto tambi\u00e9n en sectores del sur de La Pampa y Buenos Aires. El Servicio Meteorol\u00f3gico Nacional (SMN) declar\u00f3 alerta roja para el sur de Chubut, la zona m\u00e1s comprometida por las r\u00e1fagas que pueden superar los 140 km\/h.<\/p>\n\n\n\n<p>Se trata de un sistema de alcance excepcional que mantiene a la regi\u00f3n bajo condiciones severas. Los mapas satelitales de viento \u2014como los que ofrece el servicio Windy\u2014 permiten seguir en tiempo real el avance del fen\u00f3meno, calificado como un vendaval de \u201calto impacto\u201d.<\/p>\n\n\n\n<p>El reporte oficial, firmado por Leonardo De Benedictis, detalla que en el \u00e1rea con alerta roja se registran vientos sostenidos cercanos a los 90 km\/h, acompa\u00f1ados por r\u00e1fagas que podr\u00edan superar ampliamente ese valor.<\/p>\n","protected":false},"excerpt":{"rendered":"<p>El SMN advirti\u00f3 por un episodio de \u201calto impacto\u201d que afecta a toda la Patagonia, con r\u00e1fagas severas, riesgo en rutas y contrastes marcados con el resto del pa\u00eds, donde hay la estabilidad. Un temporal de viento de gran intensidad se extiende este lunes 17 y martes 18 de noviembre sobre toda la Patagonia, con [&hellip;]<\/p>\n","protected":false},"author":4,"featured_media":5751,"comment_status":"open","ping_status":"open","sticky":false,"template":"","format":"standard","meta":{"footnotes":""},"categories":[19,18],"tags":[],"class_list":{"0":"post-5750","1":"post","2":"type-post","3":"status-publish","4":"format-standard","5":"has-post-thumbnail","7":"category-interes-general","8":"category-nacionales"},"yoast_head":"<!-- This site is optimized with the Yoast SEO plugin v27.4 - https:\/\/yoast.com\/product\/yoast-seo-wordpress\/ -->\n<title>Alerta roja por vientos de m\u00e1s de 140 km\/h en el sur del pa\u00eds - Diario del Sur<\/title>\n<meta name=\"robots\" content=\"index, follow, max-snippet:-1, max-image-preview:large, max-video-preview:-1\" \/>\n<link rel=\"canonical\" href=\"https:\/\/diariodelsurdigital.com.ar\/?p=5750\" \/>\n<meta property=\"og:locale\" content=\"es_ES\" \/>\n<meta property=\"og:type\" content=\"article\" \/>\n<meta property=\"og:title\" content=\"Alerta roja por vientos de m\u00e1s de 140 km\/h en el sur del pa\u00eds - Diario del Sur\" \/>\n<meta property=\"og:description\" content=\"El SMN advirti\u00f3 por un episodio de \u201calto impacto\u201d que afecta a toda la Patagonia, con r\u00e1fagas severas, riesgo en rutas y contrastes marcados con el resto del pa\u00eds, donde hay la estabilidad. Un temporal de viento de gran intensidad se extiende este lunes 17 y martes 18 de noviembre sobre toda la Patagonia, con [&hellip;]\" \/>\n<meta property=\"og:url\" content=\"https:\/\/diariodelsurdigital.com.ar\/?p=5750\" \/>\n<meta property=\"og:site_name\" content=\"Diario del Sur\" \/>\n<meta property=\"article:published_time\" content=\"2025-11-18T13:38:12+00:00\" \/>\n<meta property=\"article:modified_time\" content=\"2025-11-18T13:38:13+00:00\" \/>\n<meta property=\"og:image\" content=\"https:\/\/diariodelsurdigital.com.ar\/wp-content\/uploads\/2025\/11\/1f18e1d4-834c-41f5-ac81-217daf76560a_16-9-discover-aspect-ratio_50p_0.webp\" \/>\n\t<meta property=\"og:image:width\" content=\"600\" \/>\n\t<meta property=\"og:image:height\" content=\"338\" \/>\n\t<meta property=\"og:image:type\" content=\"image\/webp\" \/>\n<meta name=\"author\" content=\"Diario del Sur Digital\" \/>\n<meta name=\"twitter:card\" content=\"summary_large_image\" \/>\n<meta name=\"twitter:label1\" content=\"Escrito por\" \/>\n\t<meta name=\"twitter:data1\" content=\"Diario del Sur Digital\" \/>\n\t<meta name=\"twitter:label2\" content=\"Tiempo de lectura\" \/>\n\t<meta name=\"twitter:data2\" content=\"1 minuto\" \/>\n<script type=\"application\/ld+json\" class=\"yoast-schema-graph\">{\"@context\":\"https:\\\/\\\/schema.org\",\"@graph\":[{\"@type\":\"Article\",\"@id\":\"https:\\\/\\\/diariodelsurdigital.com.ar\\\/?p=5750#article\",\"isPartOf\":{\"@id\":\"https:\\\/\\\/diariodelsurdigital.com.ar\\\/?p=5750\"},\"author\":{\"name\":\"Diario del Sur Digital\",\"@id\":\"https:\\\/\\\/diariodelsurdigital.com.ar\\\/#\\\/schema\\\/person\\\/1a4992532ed62965c968031b49195c81\"},\"headline\":\"Alerta roja por vientos de m\u00e1s de 140 km\\\/h en el sur del pa\u00eds\",\"datePublished\":\"2025-11-18T13:38:12+00:00\",\"dateModified\":\"2025-11-18T13:38:13+00:00\",\"mainEntityOfPage\":{\"@id\":\"https:\\\/\\\/diariodelsurdigital.com.ar\\\/?p=5750\"},\"wordCount\":196,\"commentCount\":0,\"image\":{\"@id\":\"https:\\\/\\\/diariodelsurdigital.com.ar\\\/?p=5750#primaryimage\"},\"thumbnailUrl\":\"https:\\\/\\\/diariodelsurdigital.com.ar\\\/wp-content\\\/uploads\\\/2025\\\/11\\\/1f18e1d4-834c-41f5-ac81-217daf76560a_16-9-discover-aspect-ratio_50p_0.webp\",\"articleSection\":[\"Inter\u00e9s General\",\"Nacionales\"],\"inLanguage\":\"es\",\"potentialAction\":[{\"@type\":\"CommentAction\",\"name\":\"Comment\",\"target\":[\"https:\\\/\\\/diariodelsurdigital.com.ar\\\/?p=5750#respond\"]}]},{\"@type\":\"WebPage\",\"@id\":\"https:\\\/\\\/diariodelsurdigital.com.ar\\\/?p=5750\",\"url\":\"https:\\\/\\\/diariodelsurdigital.com.ar\\\/?p=5750\",\"name\":\"Alerta roja por vientos de m\u00e1s de 140 km\\\/h en el sur del pa\u00eds - Diario del Sur\",\"isPartOf\":{\"@id\":\"https:\\\/\\\/diariodelsurdigital.com.ar\\\/#website\"},\"primaryImageOfPage\":{\"@id\":\"https:\\\/\\\/diariodelsurdigital.com.ar\\\/?p=5750#primaryimage\"},\"image\":{\"@id\":\"https:\\\/\\\/diariodelsurdigital.com.ar\\\/?p=5750#primaryimage\"},\"thumbnailUrl\":\"https:\\\/\\\/diariodelsurdigital.com.ar\\\/wp-content\\\/uploads\\\/2025\\\/11\\\/1f18e1d4-834c-41f5-ac81-217daf76560a_16-9-discover-aspect-ratio_50p_0.webp\",\"datePublished\":\"2025-11-18T13:38:12+00:00\",\"dateModified\":\"2025-11-18T13:38:13+00:00\",\"author\":{\"@id\":\"https:\\\/\\\/diariodelsurdigital.com.ar\\\/#\\\/schema\\\/person\\\/1a4992532ed62965c968031b49195c81\"},\"breadcrumb\":{\"@id\":\"https:\\\/\\\/diariodelsurdigital.com.ar\\\/?p=5750#breadcrumb\"},\"inLanguage\":\"es\",\"potentialAction\":[{\"@type\":\"ReadAction\",\"target\":[\"https:\\\/\\\/diariodelsurdigital.com.ar\\\/?p=5750\"]}]},{\"@type\":\"ImageObject\",\"inLanguage\":\"es\",\"@id\":\"https:\\\/\\\/diariodelsurdigital.com.ar\\\/?p=5750#primaryimage\",\"url\":\"https:\\\/\\\/diariodelsurdigital.com.ar\\\/wp-content\\\/uploads\\\/2025\\\/11\\\/1f18e1d4-834c-41f5-ac81-217daf76560a_16-9-discover-aspect-ratio_50p_0.webp\",\"contentUrl\":\"https:\\\/\\\/diariodelsurdigital.com.ar\\\/wp-content\\\/uploads\\\/2025\\\/11\\\/1f18e1d4-834c-41f5-ac81-217daf76560a_16-9-discover-aspect-ratio_50p_0.webp\",\"width\":600,\"height\":338},{\"@type\":\"BreadcrumbList\",\"@id\":\"https:\\\/\\\/diariodelsurdigital.com.ar\\\/?p=5750#breadcrumb\",\"itemListElement\":[{\"@type\":\"ListItem\",\"position\":1,\"name\":\"Portada\",\"item\":\"https:\\\/\\\/diariodelsurdigital.com.ar\\\/\"},{\"@type\":\"ListItem\",\"position\":2,\"name\":\"Alerta roja por vientos de m\u00e1s de 140 km\\\/h en el sur del pa\u00eds\"}]},{\"@type\":\"WebSite\",\"@id\":\"https:\\\/\\\/diariodelsurdigital.com.ar\\\/#website\",\"url\":\"https:\\\/\\\/diariodelsurdigital.com.ar\\\/\",\"name\":\"Diario del Sur\",\"description\":\"Digital\",\"potentialAction\":[{\"@type\":\"SearchAction\",\"target\":{\"@type\":\"EntryPoint\",\"urlTemplate\":\"https:\\\/\\\/diariodelsurdigital.com.ar\\\/?s={search_term_string}\"},\"query-input\":{\"@type\":\"PropertyValueSpecification\",\"valueRequired\":true,\"valueName\":\"search_term_string\"}}],\"inLanguage\":\"es\"},{\"@type\":\"Person\",\"@id\":\"https:\\\/\\\/diariodelsurdigital.com.ar\\\/#\\\/schema\\\/person\\\/1a4992532ed62965c968031b49195c81\",\"name\":\"Diario del Sur Digital\",\"image\":{\"@type\":\"ImageObject\",\"inLanguage\":\"es\",\"@id\":\"https:\\\/\\\/secure.gravatar.com\\\/avatar\\\/f0c7c47fc7146d19828273b9b8eda651c9c7ab583767e6338d3d3bee825adf76?s=96&d=mm&r=g\",\"url\":\"https:\\\/\\\/secure.gravatar.com\\\/avatar\\\/f0c7c47fc7146d19828273b9b8eda651c9c7ab583767e6338d3d3bee825adf76?s=96&d=mm&r=g\",\"contentUrl\":\"https:\\\/\\\/secure.gravatar.com\\\/avatar\\\/f0c7c47fc7146d19828273b9b8eda651c9c7ab583767e6338d3d3bee825adf76?s=96&d=mm&r=g\",\"caption\":\"Diario del Sur Digital\"},\"url\":\"https:\\\/\\\/diariodelsurdigital.com.ar\\\/?author=4\"}]}<\/script>\n<!-- \/ Yoast SEO plugin. -->","yoast_head_json":{"title":"Alerta roja por vientos de m\u00e1s de 140 km\/h en el sur del pa\u00eds - Diario del Sur","robots":{"index":"index","follow":"follow","max-snippet":"max-snippet:-1","max-image-preview":"max-image-preview:large","max-video-preview":"max-video-preview:-1"},"canonical":"https:\/\/diariodelsurdigital.com.ar\/?p=5750","og_locale":"es_ES","og_type":"article","og_title":"Alerta roja por vientos de m\u00e1s de 140 km\/h en el sur del pa\u00eds - Diario del Sur","og_description":"El SMN advirti\u00f3 por un episodio de \u201calto impacto\u201d que afecta a toda la Patagonia, con r\u00e1fagas severas, riesgo en rutas y contrastes marcados con el resto del pa\u00eds, donde hay la estabilidad. Un temporal de viento de gran intensidad se extiende este lunes 17 y martes 18 de noviembre sobre toda la Patagonia, con [&hellip;]","og_url":"https:\/\/diariodelsurdigital.com.ar\/?p=5750","og_site_name":"Diario del Sur","article_published_time":"2025-11-18T13:38:12+00:00","article_modified_time":"2025-11-18T13:38:13+00:00","og_image":[{"width":600,"height":338,"url":"https:\/\/diariodelsurdigital.com.ar\/wp-content\/uploads\/2025\/11\/1f18e1d4-834c-41f5-ac81-217daf76560a_16-9-discover-aspect-ratio_50p_0.webp","type":"image\/webp"}],"author":"Diario del Sur Digital","twitter_card":"summary_large_image","twitter_misc":{"Escrito por":"Diario del Sur Digital","Tiempo de lectura":"1 minuto"},"schema":{"@context":"https:\/\/schema.org","@graph":[{"@type":"Article","@id":"https:\/\/diariodelsurdigital.com.ar\/?p=5750#article","isPartOf":{"@id":"https:\/\/diariodelsurdigital.com.ar\/?p=5750"},"author":{"name":"Diario del Sur Digital","@id":"https:\/\/diariodelsurdigital.com.ar\/#\/schema\/person\/1a4992532ed62965c968031b49195c81"},"headline":"Alerta roja por vientos de m\u00e1s de 140 km\/h en el sur del pa\u00eds","datePublished":"2025-11-18T13:38:12+00:00","dateModified":"2025-11-18T13:38:13+00:00","mainEntityOfPage":{"@id":"https:\/\/diariodelsurdigital.com.ar\/?p=5750"},"wordCount":196,"commentCount":0,"image":{"@id":"https:\/\/diariodelsurdigital.com.ar\/?p=5750#primaryimage"},"thumbnailUrl":"https:\/\/diariodelsurdigital.com.ar\/wp-content\/uploads\/2025\/11\/1f18e1d4-834c-41f5-ac81-217daf76560a_16-9-discover-aspect-ratio_50p_0.webp","articleSection":["Inter\u00e9s General","Nacionales"],"inLanguage":"es","potentialAction":[{"@type":"CommentAction","name":"Comment","target":["https:\/\/diariodelsurdigital.com.ar\/?p=5750#respond"]}]},{"@type":"WebPage","@id":"https:\/\/diariodelsurdigital.com.ar\/?p=5750","url":"https:\/\/diariodelsurdigital.com.ar\/?p=5750","name":"Alerta roja por vientos de m\u00e1s de 140 km\/h en el sur del pa\u00eds - Diario del Sur","isPartOf":{"@id":"https:\/\/diariodelsurdigital.com.ar\/#website"},"primaryImageOfPage":{"@id":"https:\/\/diariodelsurdigital.com.ar\/?p=5750#primaryimage"},"image":{"@id":"https:\/\/diariodelsurdigital.com.ar\/?p=5750#primaryimage"},"thumbnailUrl":"https:\/\/diariodelsurdigital.com.ar\/wp-content\/uploads\/2025\/11\/1f18e1d4-834c-41f5-ac81-217daf76560a_16-9-discover-aspect-ratio_50p_0.webp","datePublished":"2025-11-18T13:38:12+00:00","dateModified":"2025-11-18T13:38:13+00:00","author":{"@id":"https:\/\/diariodelsurdigital.com.ar\/#\/schema\/person\/1a4992532ed62965c968031b49195c81"},"breadcrumb":{"@id":"https:\/\/diariodelsurdigital.com.ar\/?p=5750#breadcrumb"},"inLanguage":"es","potentialAction":[{"@type":"ReadAction","target":["https:\/\/diariodelsurdigital.com.ar\/?p=5750"]}]},{"@type":"ImageObject","inLanguage":"es","@id":"https:\/\/diariodelsurdigital.com.ar\/?p=5750#primaryimage","url":"https:\/\/diariodelsurdigital.com.ar\/wp-content\/uploads\/2025\/11\/1f18e1d4-834c-41f5-ac81-217daf76560a_16-9-discover-aspect-ratio_50p_0.webp","contentUrl":"https:\/\/diariodelsurdigital.com.ar\/wp-content\/uploads\/2025\/11\/1f18e1d4-834c-41f5-ac81-217daf76560a_16-9-discover-aspect-ratio_50p_0.webp","width":600,"height":338},{"@type":"BreadcrumbList","@id":"https:\/\/diariodelsurdigital.com.ar\/?p=5750#breadcrumb","itemListElement":[{"@type":"ListItem","position":1,"name":"Portada","item":"https:\/\/diariodelsurdigital.com.ar\/"},{"@type":"ListItem","position":2,"name":"Alerta roja por vientos de m\u00e1s de 140 km\/h en el sur del pa\u00eds"}]},{"@type":"WebSite","@id":"https:\/\/diariodelsurdigital.com.ar\/#website","url":"https:\/\/diariodelsurdigital.com.ar\/","name":"Diario del Sur","description":"Digital","potentialAction":[{"@type":"SearchAction","target":{"@type":"EntryPoint","urlTemplate":"https:\/\/diariodelsurdigital.com.ar\/?s={search_term_string}"},"query-input":{"@type":"PropertyValueSpecification","valueRequired":true,"valueName":"search_term_string"}}],"inLanguage":"es"},{"@type":"Person","@id":"https:\/\/diariodelsurdigital.com.ar\/#\/schema\/person\/1a4992532ed62965c968031b49195c81","name":"Diario del Sur Digital","image":{"@type":"ImageObject","inLanguage":"es","@id":"https:\/\/secure.gravatar.com\/avatar\/f0c7c47fc7146d19828273b9b8eda651c9c7ab583767e6338d3d3bee825adf76?s=96&d=mm&r=g","url":"https:\/\/secure.gravatar.com\/avatar\/f0c7c47fc7146d19828273b9b8eda651c9c7ab583767e6338d3d3bee825adf76?s=96&d=mm&r=g","contentUrl":"https:\/\/secure.gravatar.com\/avatar\/f0c7c47fc7146d19828273b9b8eda651c9c7ab583767e6338d3d3bee825adf76?s=96&d=mm&r=g","caption":"Diario del Sur Digital"},"url":"https:\/\/diariodelsurdigital.com.ar\/?author=4"}]}},"_links":{"self":[{"href":"https:\/\/diariodelsurdigital.com.ar\/index.php?rest_route=\/wp\/v2\/posts\/5750","targetHints":{"allow":["GET"]}}],"collection":[{"href":"https:\/\/diariodelsurdigital.com.ar\/index.php?rest_route=\/wp\/v2\/posts"}],"about":[{"href":"https:\/\/diariodelsurdigital.com.ar\/index.php?rest_route=\/wp\/v2\/types\/post"}],"author":[{"embeddable":true,"href":"https:\/\/diariodelsurdigital.com.ar\/index.php?rest_route=\/wp\/v2\/users\/4"}],"replies":[{"embeddable":true,"href":"https:\/\/diariodelsurdigital.com.ar\/index.php?rest_route=%2Fwp%2Fv2%2Fcomments&post=5750"}],"version-history":[{"count":1,"href":"https:\/\/diariodelsurdigital.com.ar\/index.php?rest_route=\/wp\/v2\/posts\/5750\/revisions"}],"predecessor-version":[{"id":5752,"href":"https:\/\/diariodelsurdigital.com.ar\/index.php?rest_route=\/wp\/v2\/posts\/5750\/revisions\/5752"}],"wp:featuredmedia":[{"embeddable":true,"href":"https:\/\/diariodelsurdigital.com.ar\/index.php?rest_route=\/wp\/v2\/media\/5751"}],"wp:attachment":[{"href":"https:\/\/diariodelsurdigital.com.ar\/index.php?rest_route=%2Fwp%2Fv2%2Fmedia&parent=5750"}],"wp:term":[{"taxonomy":"category","embeddable":true,"href":"https:\/\/diariodelsurdigital.com.ar\/index.php?rest_route=%2Fwp%2Fv2%2Fcategories&post=5750"},{"taxonomy":"post_tag","embeddable":true,"href":"https:\/\/diariodelsurdigital.com.ar\/index.php?rest_route=%2Fwp%2Fv2%2Ftags&post=5750"}],"curies":[{"name":"wp","href":"https:\/\/api.w.org\/{rel}","templated":true}]}}