{"id":5763,"date":"2025-11-19T09:32:53","date_gmt":"2025-11-19T12:32:53","guid":{"rendered":"https:\/\/diariodelsurdigital.com.ar\/?p=5763"},"modified":"2025-11-19T09:32:54","modified_gmt":"2025-11-19T12:32:54","slug":"familia-cayo-de-una-moto-en-la-autovia-18-una-beba-de-9-meses-esta-en-grave-estado","status":"publish","type":"post","link":"https:\/\/diariodelsurdigital.com.ar\/?p=5763","title":{"rendered":"Familia cay\u00f3 de una moto en la Autov\u00eda 18: una beba de 9 meses est\u00e1 en grave estado"},"content":{"rendered":"\n<p>Un grave siniestro vial ocurri\u00f3 este lunes por la tarde en el kil\u00f3metro 207 de la Autov\u00eda Ruta Nacional N\u00ba 18, en un tramo que a\u00fan no est\u00e1 habilitado al tr\u00e1nsito. Seg\u00fan inform\u00f3 la Jefatura Departamental de San Salvador, el hecho se registr\u00f3 alrededor de las 16:40, cuando una motocicleta Guerrero Trip gris cay\u00f3 junto a todos sus ocupantes.<\/p>\n\n\n\n<p>Al llegar al lugar, la Polic\u00eda encontr\u00f3 \u00fanicamente al conductor, un hombre de 47 a\u00f1os domiciliado en San Salvador, quien fue trasladado en ambulancia al hospital local.<\/p>\n\n\n\n<p>Minutos antes, otras tres personas que viajaban con \u00e9l -su hija mayor de edad, una menor y una beba de apenas 9 meses- hab\u00edan sido trasladadas en un veh\u00edculo particular al Hospital San Miguel.<\/p>\n\n\n\n<p>Seg\u00fan public\u00f3 An\u00e1lisis, desde la Jefatura Departamental San Salvador, la situaci\u00f3n m\u00e1s delicada es la de la beba, que sufri\u00f3 un traumatismo grave de cr\u00e1neo y debi\u00f3 ser derivada de urgencia al Hospital Masvernat de Concordia. El resto de los integrantes de la familia est\u00e1n siendo evaluados por las lesiones sufridas.<\/p>\n\n\n\n<p>En el lugar trabajaron efectivos de Criminal\u00edstica y Sumariante, y se dio intervenci\u00f3n a la Unidad Fiscal de San Salvador. Las tareas de rigor contin\u00faan mientras se investigan las causas que provocaron la ca\u00edda. Se aguarda informaci\u00f3n oficial ampliada.<\/p>\n","protected":false},"excerpt":{"rendered":"<p>Un grave siniestro vial ocurri\u00f3 este lunes por la tarde en el kil\u00f3metro 207 de la Autov\u00eda Ruta Nacional N\u00ba 18, en un tramo que a\u00fan no est\u00e1 habilitado al tr\u00e1nsito. Seg\u00fan inform\u00f3 la Jefatura Departamental de San Salvador, el hecho se registr\u00f3 alrededor de las 16:40, cuando una motocicleta Guerrero Trip gris cay\u00f3 junto [&hellip;]<\/p>\n","protected":false},"author":4,"featured_media":5764,"comment_status":"open","ping_status":"open","sticky":false,"template":"","format":"standard","meta":{"footnotes":""},"categories":[21,17],"tags":[],"class_list":{"0":"post-5763","1":"post","2":"type-post","3":"status-publish","4":"format-standard","5":"has-post-thumbnail","7":"category-policiales","8":"category-provinciales"},"yoast_head":"<!-- This site is optimized with the Yoast SEO plugin v27.4 - https:\/\/yoast.com\/product\/yoast-seo-wordpress\/ -->\n<title>Familia cay\u00f3 de una moto en la Autov\u00eda 18: una beba de 9 meses est\u00e1 en grave estado - Diario del Sur<\/title>\n<meta name=\"robots\" content=\"index, follow, max-snippet:-1, max-image-preview:large, max-video-preview:-1\" \/>\n<link rel=\"canonical\" href=\"https:\/\/diariodelsurdigital.com.ar\/?p=5763\" \/>\n<meta property=\"og:locale\" content=\"es_ES\" \/>\n<meta property=\"og:type\" content=\"article\" \/>\n<meta property=\"og:title\" content=\"Familia cay\u00f3 de una moto en la Autov\u00eda 18: una beba de 9 meses est\u00e1 en grave estado - Diario del Sur\" \/>\n<meta property=\"og:description\" content=\"Un grave siniestro vial ocurri\u00f3 este lunes por la tarde en el kil\u00f3metro 207 de la Autov\u00eda Ruta Nacional N\u00ba 18, en un tramo que a\u00fan no est\u00e1 habilitado al tr\u00e1nsito. Seg\u00fan inform\u00f3 la Jefatura Departamental de San Salvador, el hecho se registr\u00f3 alrededor de las 16:40, cuando una motocicleta Guerrero Trip gris cay\u00f3 junto [&hellip;]\" \/>\n<meta property=\"og:url\" content=\"https:\/\/diariodelsurdigital.com.ar\/?p=5763\" \/>\n<meta property=\"og:site_name\" content=\"Diario del Sur\" \/>\n<meta property=\"article:published_time\" content=\"2025-11-19T12:32:53+00:00\" \/>\n<meta property=\"article:modified_time\" content=\"2025-11-19T12:32:54+00:00\" \/>\n<meta property=\"og:image\" content=\"https:\/\/diariodelsurdigital.com.ar\/wp-content\/uploads\/2025\/11\/md-24-2.webp\" \/>\n\t<meta property=\"og:image:width\" content=\"894\" \/>\n\t<meta property=\"og:image:height\" content=\"992\" \/>\n\t<meta property=\"og:image:type\" content=\"image\/webp\" \/>\n<meta name=\"author\" content=\"Diario del Sur Digital\" \/>\n<meta name=\"twitter:card\" content=\"summary_large_image\" \/>\n<meta name=\"twitter:label1\" content=\"Escrito por\" \/>\n\t<meta name=\"twitter:data1\" content=\"Diario del Sur Digital\" \/>\n\t<meta name=\"twitter:label2\" content=\"Tiempo de lectura\" \/>\n\t<meta name=\"twitter:data2\" content=\"2 minutos\" \/>\n<script type=\"application\/ld+json\" class=\"yoast-schema-graph\">{\"@context\":\"https:\\\/\\\/schema.org\",\"@graph\":[{\"@type\":\"Article\",\"@id\":\"https:\\\/\\\/diariodelsurdigital.com.ar\\\/?p=5763#article\",\"isPartOf\":{\"@id\":\"https:\\\/\\\/diariodelsurdigital.com.ar\\\/?p=5763\"},\"author\":{\"name\":\"Diario del Sur Digital\",\"@id\":\"https:\\\/\\\/diariodelsurdigital.com.ar\\\/#\\\/schema\\\/person\\\/1a4992532ed62965c968031b49195c81\"},\"headline\":\"Familia cay\u00f3 de una moto en la Autov\u00eda 18: una beba de 9 meses est\u00e1 en grave estado\",\"datePublished\":\"2025-11-19T12:32:53+00:00\",\"dateModified\":\"2025-11-19T12:32:54+00:00\",\"mainEntityOfPage\":{\"@id\":\"https:\\\/\\\/diariodelsurdigital.com.ar\\\/?p=5763\"},\"wordCount\":242,\"commentCount\":0,\"image\":{\"@id\":\"https:\\\/\\\/diariodelsurdigital.com.ar\\\/?p=5763#primaryimage\"},\"thumbnailUrl\":\"https:\\\/\\\/diariodelsurdigital.com.ar\\\/wp-content\\\/uploads\\\/2025\\\/11\\\/md-24-2.webp\",\"articleSection\":[\"Policiales\",\"Provinciales\"],\"inLanguage\":\"es\",\"potentialAction\":[{\"@type\":\"CommentAction\",\"name\":\"Comment\",\"target\":[\"https:\\\/\\\/diariodelsurdigital.com.ar\\\/?p=5763#respond\"]}]},{\"@type\":\"WebPage\",\"@id\":\"https:\\\/\\\/diariodelsurdigital.com.ar\\\/?p=5763\",\"url\":\"https:\\\/\\\/diariodelsurdigital.com.ar\\\/?p=5763\",\"name\":\"Familia cay\u00f3 de una moto en la Autov\u00eda 18: una beba de 9 meses est\u00e1 en grave estado - Diario del Sur\",\"isPartOf\":{\"@id\":\"https:\\\/\\\/diariodelsurdigital.com.ar\\\/#website\"},\"primaryImageOfPage\":{\"@id\":\"https:\\\/\\\/diariodelsurdigital.com.ar\\\/?p=5763#primaryimage\"},\"image\":{\"@id\":\"https:\\\/\\\/diariodelsurdigital.com.ar\\\/?p=5763#primaryimage\"},\"thumbnailUrl\":\"https:\\\/\\\/diariodelsurdigital.com.ar\\\/wp-content\\\/uploads\\\/2025\\\/11\\\/md-24-2.webp\",\"datePublished\":\"2025-11-19T12:32:53+00:00\",\"dateModified\":\"2025-11-19T12:32:54+00:00\",\"author\":{\"@id\":\"https:\\\/\\\/diariodelsurdigital.com.ar\\\/#\\\/schema\\\/person\\\/1a4992532ed62965c968031b49195c81\"},\"breadcrumb\":{\"@id\":\"https:\\\/\\\/diariodelsurdigital.com.ar\\\/?p=5763#breadcrumb\"},\"inLanguage\":\"es\",\"potentialAction\":[{\"@type\":\"ReadAction\",\"target\":[\"https:\\\/\\\/diariodelsurdigital.com.ar\\\/?p=5763\"]}]},{\"@type\":\"ImageObject\",\"inLanguage\":\"es\",\"@id\":\"https:\\\/\\\/diariodelsurdigital.com.ar\\\/?p=5763#primaryimage\",\"url\":\"https:\\\/\\\/diariodelsurdigital.com.ar\\\/wp-content\\\/uploads\\\/2025\\\/11\\\/md-24-2.webp\",\"contentUrl\":\"https:\\\/\\\/diariodelsurdigital.com.ar\\\/wp-content\\\/uploads\\\/2025\\\/11\\\/md-24-2.webp\",\"width\":894,\"height\":992},{\"@type\":\"BreadcrumbList\",\"@id\":\"https:\\\/\\\/diariodelsurdigital.com.ar\\\/?p=5763#breadcrumb\",\"itemListElement\":[{\"@type\":\"ListItem\",\"position\":1,\"name\":\"Portada\",\"item\":\"https:\\\/\\\/diariodelsurdigital.com.ar\\\/\"},{\"@type\":\"ListItem\",\"position\":2,\"name\":\"Familia cay\u00f3 de una moto en la Autov\u00eda 18: una beba de 9 meses est\u00e1 en grave estado\"}]},{\"@type\":\"WebSite\",\"@id\":\"https:\\\/\\\/diariodelsurdigital.com.ar\\\/#website\",\"url\":\"https:\\\/\\\/diariodelsurdigital.com.ar\\\/\",\"name\":\"Diario del Sur\",\"description\":\"Digital\",\"potentialAction\":[{\"@type\":\"SearchAction\",\"target\":{\"@type\":\"EntryPoint\",\"urlTemplate\":\"https:\\\/\\\/diariodelsurdigital.com.ar\\\/?s={search_term_string}\"},\"query-input\":{\"@type\":\"PropertyValueSpecification\",\"valueRequired\":true,\"valueName\":\"search_term_string\"}}],\"inLanguage\":\"es\"},{\"@type\":\"Person\",\"@id\":\"https:\\\/\\\/diariodelsurdigital.com.ar\\\/#\\\/schema\\\/person\\\/1a4992532ed62965c968031b49195c81\",\"name\":\"Diario del Sur Digital\",\"image\":{\"@type\":\"ImageObject\",\"inLanguage\":\"es\",\"@id\":\"https:\\\/\\\/secure.gravatar.com\\\/avatar\\\/f0c7c47fc7146d19828273b9b8eda651c9c7ab583767e6338d3d3bee825adf76?s=96&d=mm&r=g\",\"url\":\"https:\\\/\\\/secure.gravatar.com\\\/avatar\\\/f0c7c47fc7146d19828273b9b8eda651c9c7ab583767e6338d3d3bee825adf76?s=96&d=mm&r=g\",\"contentUrl\":\"https:\\\/\\\/secure.gravatar.com\\\/avatar\\\/f0c7c47fc7146d19828273b9b8eda651c9c7ab583767e6338d3d3bee825adf76?s=96&d=mm&r=g\",\"caption\":\"Diario del Sur Digital\"},\"url\":\"https:\\\/\\\/diariodelsurdigital.com.ar\\\/?author=4\"}]}<\/script>\n<!-- \/ Yoast SEO plugin. -->","yoast_head_json":{"title":"Familia cay\u00f3 de una moto en la Autov\u00eda 18: una beba de 9 meses est\u00e1 en grave estado - Diario del Sur","robots":{"index":"index","follow":"follow","max-snippet":"max-snippet:-1","max-image-preview":"max-image-preview:large","max-video-preview":"max-video-preview:-1"},"canonical":"https:\/\/diariodelsurdigital.com.ar\/?p=5763","og_locale":"es_ES","og_type":"article","og_title":"Familia cay\u00f3 de una moto en la Autov\u00eda 18: una beba de 9 meses est\u00e1 en grave estado - Diario del Sur","og_description":"Un grave siniestro vial ocurri\u00f3 este lunes por la tarde en el kil\u00f3metro 207 de la Autov\u00eda Ruta Nacional N\u00ba 18, en un tramo que a\u00fan no est\u00e1 habilitado al tr\u00e1nsito. Seg\u00fan inform\u00f3 la Jefatura Departamental de San Salvador, el hecho se registr\u00f3 alrededor de las 16:40, cuando una motocicleta Guerrero Trip gris cay\u00f3 junto [&hellip;]","og_url":"https:\/\/diariodelsurdigital.com.ar\/?p=5763","og_site_name":"Diario del Sur","article_published_time":"2025-11-19T12:32:53+00:00","article_modified_time":"2025-11-19T12:32:54+00:00","og_image":[{"width":894,"height":992,"url":"https:\/\/diariodelsurdigital.com.ar\/wp-content\/uploads\/2025\/11\/md-24-2.webp","type":"image\/webp"}],"author":"Diario del Sur Digital","twitter_card":"summary_large_image","twitter_misc":{"Escrito por":"Diario del Sur Digital","Tiempo de lectura":"2 minutos"},"schema":{"@context":"https:\/\/schema.org","@graph":[{"@type":"Article","@id":"https:\/\/diariodelsurdigital.com.ar\/?p=5763#article","isPartOf":{"@id":"https:\/\/diariodelsurdigital.com.ar\/?p=5763"},"author":{"name":"Diario del Sur Digital","@id":"https:\/\/diariodelsurdigital.com.ar\/#\/schema\/person\/1a4992532ed62965c968031b49195c81"},"headline":"Familia cay\u00f3 de una moto en la Autov\u00eda 18: una beba de 9 meses est\u00e1 en grave estado","datePublished":"2025-11-19T12:32:53+00:00","dateModified":"2025-11-19T12:32:54+00:00","mainEntityOfPage":{"@id":"https:\/\/diariodelsurdigital.com.ar\/?p=5763"},"wordCount":242,"commentCount":0,"image":{"@id":"https:\/\/diariodelsurdigital.com.ar\/?p=5763#primaryimage"},"thumbnailUrl":"https:\/\/diariodelsurdigital.com.ar\/wp-content\/uploads\/2025\/11\/md-24-2.webp","articleSection":["Policiales","Provinciales"],"inLanguage":"es","potentialAction":[{"@type":"CommentAction","name":"Comment","target":["https:\/\/diariodelsurdigital.com.ar\/?p=5763#respond"]}]},{"@type":"WebPage","@id":"https:\/\/diariodelsurdigital.com.ar\/?p=5763","url":"https:\/\/diariodelsurdigital.com.ar\/?p=5763","name":"Familia cay\u00f3 de una moto en la Autov\u00eda 18: una beba de 9 meses est\u00e1 en grave estado - Diario del Sur","isPartOf":{"@id":"https:\/\/diariodelsurdigital.com.ar\/#website"},"primaryImageOfPage":{"@id":"https:\/\/diariodelsurdigital.com.ar\/?p=5763#primaryimage"},"image":{"@id":"https:\/\/diariodelsurdigital.com.ar\/?p=5763#primaryimage"},"thumbnailUrl":"https:\/\/diariodelsurdigital.com.ar\/wp-content\/uploads\/2025\/11\/md-24-2.webp","datePublished":"2025-11-19T12:32:53+00:00","dateModified":"2025-11-19T12:32:54+00:00","author":{"@id":"https:\/\/diariodelsurdigital.com.ar\/#\/schema\/person\/1a4992532ed62965c968031b49195c81"},"breadcrumb":{"@id":"https:\/\/diariodelsurdigital.com.ar\/?p=5763#breadcrumb"},"inLanguage":"es","potentialAction":[{"@type":"ReadAction","target":["https:\/\/diariodelsurdigital.com.ar\/?p=5763"]}]},{"@type":"ImageObject","inLanguage":"es","@id":"https:\/\/diariodelsurdigital.com.ar\/?p=5763#primaryimage","url":"https:\/\/diariodelsurdigital.com.ar\/wp-content\/uploads\/2025\/11\/md-24-2.webp","contentUrl":"https:\/\/diariodelsurdigital.com.ar\/wp-content\/uploads\/2025\/11\/md-24-2.webp","width":894,"height":992},{"@type":"BreadcrumbList","@id":"https:\/\/diariodelsurdigital.com.ar\/?p=5763#breadcrumb","itemListElement":[{"@type":"ListItem","position":1,"name":"Portada","item":"https:\/\/diariodelsurdigital.com.ar\/"},{"@type":"ListItem","position":2,"name":"Familia cay\u00f3 de una moto en la Autov\u00eda 18: una beba de 9 meses est\u00e1 en grave estado"}]},{"@type":"WebSite","@id":"https:\/\/diariodelsurdigital.com.ar\/#website","url":"https:\/\/diariodelsurdigital.com.ar\/","name":"Diario del Sur","description":"Digital","potentialAction":[{"@type":"SearchAction","target":{"@type":"EntryPoint","urlTemplate":"https:\/\/diariodelsurdigital.com.ar\/?s={search_term_string}"},"query-input":{"@type":"PropertyValueSpecification","valueRequired":true,"valueName":"search_term_string"}}],"inLanguage":"es"},{"@type":"Person","@id":"https:\/\/diariodelsurdigital.com.ar\/#\/schema\/person\/1a4992532ed62965c968031b49195c81","name":"Diario del Sur Digital","image":{"@type":"ImageObject","inLanguage":"es","@id":"https:\/\/secure.gravatar.com\/avatar\/f0c7c47fc7146d19828273b9b8eda651c9c7ab583767e6338d3d3bee825adf76?s=96&d=mm&r=g","url":"https:\/\/secure.gravatar.com\/avatar\/f0c7c47fc7146d19828273b9b8eda651c9c7ab583767e6338d3d3bee825adf76?s=96&d=mm&r=g","contentUrl":"https:\/\/secure.gravatar.com\/avatar\/f0c7c47fc7146d19828273b9b8eda651c9c7ab583767e6338d3d3bee825adf76?s=96&d=mm&r=g","caption":"Diario del Sur Digital"},"url":"https:\/\/diariodelsurdigital.com.ar\/?author=4"}]}},"_links":{"self":[{"href":"https:\/\/diariodelsurdigital.com.ar\/index.php?rest_route=\/wp\/v2\/posts\/5763","targetHints":{"allow":["GET"]}}],"collection":[{"href":"https:\/\/diariodelsurdigital.com.ar\/index.php?rest_route=\/wp\/v2\/posts"}],"about":[{"href":"https:\/\/diariodelsurdigital.com.ar\/index.php?rest_route=\/wp\/v2\/types\/post"}],"author":[{"embeddable":true,"href":"https:\/\/diariodelsurdigital.com.ar\/index.php?rest_route=\/wp\/v2\/users\/4"}],"replies":[{"embeddable":true,"href":"https:\/\/diariodelsurdigital.com.ar\/index.php?rest_route=%2Fwp%2Fv2%2Fcomments&post=5763"}],"version-history":[{"count":1,"href":"https:\/\/diariodelsurdigital.com.ar\/index.php?rest_route=\/wp\/v2\/posts\/5763\/revisions"}],"predecessor-version":[{"id":5765,"href":"https:\/\/diariodelsurdigital.com.ar\/index.php?rest_route=\/wp\/v2\/posts\/5763\/revisions\/5765"}],"wp:featuredmedia":[{"embeddable":true,"href":"https:\/\/diariodelsurdigital.com.ar\/index.php?rest_route=\/wp\/v2\/media\/5764"}],"wp:attachment":[{"href":"https:\/\/diariodelsurdigital.com.ar\/index.php?rest_route=%2Fwp%2Fv2%2Fmedia&parent=5763"}],"wp:term":[{"taxonomy":"category","embeddable":true,"href":"https:\/\/diariodelsurdigital.com.ar\/index.php?rest_route=%2Fwp%2Fv2%2Fcategories&post=5763"},{"taxonomy":"post_tag","embeddable":true,"href":"https:\/\/diariodelsurdigital.com.ar\/index.php?rest_route=%2Fwp%2Fv2%2Ftags&post=5763"}],"curies":[{"name":"wp","href":"https:\/\/api.w.org\/{rel}","templated":true}]}}