{"id":577,"date":"2025-01-14T13:17:29","date_gmt":"2025-01-14T16:17:29","guid":{"rendered":"https:\/\/diariodelsurdigital.com.ar\/?p=577"},"modified":"2025-01-14T13:17:31","modified_gmt":"2025-01-14T16:17:31","slug":"entre-rios-tiene-una-alta-ocupacion-turistica-pero-apenas-los-fines-de-semana","status":"publish","type":"post","link":"https:\/\/diariodelsurdigital.com.ar\/?p=577","title":{"rendered":"Entre R\u00edos tiene una alta ocupaci\u00f3n tur\u00edstica pero apenas los fines de semana"},"content":{"rendered":"\n<p>Seg\u00fan el informe estad\u00edstico elaborado por la Secretar\u00eda de Turismo, la ocupaci\u00f3n promedio en las dos primeras semanas de enero alcanz\u00f3 el 72%, con picos del 95% en destinos emblem\u00e1ticos del verano como Col\u00f3n, con sus playas sobre el r\u00edo Uruguay, y Villa Urquiza, en la costa del r\u00edo Paran\u00e1.<\/p>\n\n\n\n<h2 class=\"wp-block-heading\"><strong>Propuesta tur\u00edstica<\/strong><\/h2>\n\n\n\n<p>Entre R\u00edos contin\u00faa atrayendo turistas con una oferta integral que incluye playas de r\u00edo, termas, parques acu\u00e1ticos, parques a\u00e9reos, ecoturismo, vi\u00f1edos y una amplia variedad de actividades recreativas. A estos atractivos se suman el impacto cultural y festivo de los carnavales entrerrianos y la diversidad de fiestas populares que se desarrollan a lo largo y ancho del territorio provincial.<\/p>\n\n\n\n<p>Esta combinaci\u00f3n, resultado de una articulaci\u00f3n efectiva entre el sector p\u00fablico y privado, permiti\u00f3 alcanzar indicadores que auguran una excelente temporada tur\u00edstica. Al mismo tiempo, motivan a redoblar esfuerzos en promoci\u00f3n para atraer a\u00fan m\u00e1s turismo interno, nacional y regional.<\/p>\n\n\n\n<h2 class=\"wp-block-heading\"><strong>Actividades destacadas<\/strong><\/h2>\n\n\n\n<p>Los carnavales, un sello distintivo de Entre R\u00edos, reunieron a m\u00e1s de 50.000 espectadores en las primeras dos semanas del a\u00f1o, con Gualeguaych\u00fa, Hasenkamp y Gualeguay como epicentros de la celebraci\u00f3n.<\/p>\n\n\n\n<p>Las fiestas populares de renombre nacional tambi\u00e9n marcaron el calendario tur\u00edstico. El Festival Nacional de Jineteada y Folclore de Diamante, con nueve noches de tradici\u00f3n; y la Fiesta del Lago en Federaci\u00f3n, con cuatro jornadas de entretenimiento, convocaron a miles de visitantes.<\/p>\n\n\n\n<p>Asimismo, el Marat\u00f3n de Reyes de Concordia, una de las competencias deportivas m\u00e1s importantes de la regi\u00f3n, reuni\u00f3 a 3.000 atletas en un evento que combin\u00f3 deporte y turismo.<\/p>\n\n\n\n<p>Otras festividades como el Festival Carb\u00f3 Canta a Entre R\u00edos, Bar\u00fa Canta en Enero, la Fiesta de la Guitarra en Nogoy\u00e1, la Fiesta del Taipero Entrerriano en General Campos, el Festival del Jornalero en Mar\u00eda Grande y la Fiesta de la Playa en Piedras Blancas se destacaron durante el primer fin de semana del a\u00f1o.<\/p>\n\n\n\n<p>El segundo fin de semana continu\u00f3 con eventos como la Fiesta Nacional del Lino en Lucas Gonz\u00e1lez, la Fiesta del Cordero en San Jaime de la Frontera, la Fiesta de la Chamarrita en Santa Elena, y el Festival Rock en el R\u00edo en La Paz, entre otras. Todas estas celebraciones reunieron a vecinos, turistas y visitantes, consolidando a Entre R\u00edos como un destino de festividades \u00fanicas.<\/p>\n\n\n\n<h2 class=\"wp-block-heading\"><strong>Beneficios para el turista<\/strong><\/h2>\n\n\n\n<p>Entre R\u00edos tambi\u00e9n ofrece a sus visitantes el Pasaporte Entre R\u00edos, una tarjeta digital que brinda descuentos exclusivos en alojamientos, gastronom\u00eda y actividades. Esta herramienta permite planificar estad\u00edas m\u00e1s extensas y diversificadas a menor costo. Para acceder al Pasaporte, los interesados solo deben ingresar a la p\u00e1gina oficial de turismo: www.entrerios.tur.ar.<\/p>\n\n\n\n<h2 class=\"wp-block-heading\"><strong>Conclusi\u00f3n<\/strong><\/h2>\n\n\n\n<p>Con un comienzo alentador en esta temporada de verano, Entre R\u00edos no solo se posiciona como un destino tur\u00edstico destacado, sino tambi\u00e9n como un lugar que combina naturaleza, cultura y entretenimiento, ofreciendo experiencias inolvidables para toda la familia.&nbsp;<\/p>\n\n\n\n<p><\/p>\n","protected":false},"excerpt":{"rendered":"<p>Seg\u00fan el informe estad\u00edstico elaborado por la Secretar\u00eda de Turismo, la ocupaci\u00f3n promedio en las dos primeras semanas de enero alcanz\u00f3 el 72%, con picos del 95% en destinos emblem\u00e1ticos del verano como Col\u00f3n, con sus playas sobre el r\u00edo Uruguay, y Villa Urquiza, en la costa del r\u00edo Paran\u00e1. Propuesta tur\u00edstica Entre R\u00edos contin\u00faa [&hellip;]<\/p>\n","protected":false},"author":4,"featured_media":578,"comment_status":"open","ping_status":"open","sticky":false,"template":"","format":"standard","meta":{"footnotes":""},"categories":[19,17],"tags":[],"class_list":{"0":"post-577","1":"post","2":"type-post","3":"status-publish","4":"format-standard","5":"has-post-thumbnail","7":"category-interes-general","8":"category-provinciales"},"yoast_head":"<!-- This site is optimized with the Yoast SEO plugin v27.4 - https:\/\/yoast.com\/product\/yoast-seo-wordpress\/ -->\n<title>Entre R\u00edos tiene una alta ocupaci\u00f3n tur\u00edstica pero apenas los fines de semana - Diario del Sur<\/title>\n<meta name=\"robots\" content=\"index, follow, max-snippet:-1, max-image-preview:large, max-video-preview:-1\" \/>\n<link rel=\"canonical\" href=\"https:\/\/diariodelsurdigital.com.ar\/?p=577\" \/>\n<meta property=\"og:locale\" content=\"es_ES\" \/>\n<meta property=\"og:type\" content=\"article\" \/>\n<meta property=\"og:title\" content=\"Entre R\u00edos tiene una alta ocupaci\u00f3n tur\u00edstica pero apenas los fines de semana - Diario del Sur\" \/>\n<meta property=\"og:description\" content=\"Seg\u00fan el informe estad\u00edstico elaborado por la Secretar\u00eda de Turismo, la ocupaci\u00f3n promedio en las dos primeras semanas de enero alcanz\u00f3 el 72%, con picos del 95% en destinos emblem\u00e1ticos del verano como Col\u00f3n, con sus playas sobre el r\u00edo Uruguay, y Villa Urquiza, en la costa del r\u00edo Paran\u00e1. Propuesta tur\u00edstica Entre R\u00edos contin\u00faa [&hellip;]\" \/>\n<meta property=\"og:url\" content=\"https:\/\/diariodelsurdigital.com.ar\/?p=577\" \/>\n<meta property=\"og:site_name\" content=\"Diario del Sur\" \/>\n<meta property=\"article:published_time\" content=\"2025-01-14T16:17:29+00:00\" \/>\n<meta property=\"article:modified_time\" content=\"2025-01-14T16:17:31+00:00\" \/>\n<meta property=\"og:image\" content=\"https:\/\/diariodelsurdigital.com.ar\/wp-content\/uploads\/2025\/01\/md-2025-01-14T131556.843.webp\" \/>\n\t<meta property=\"og:image:width\" content=\"992\" \/>\n\t<meta property=\"og:image:height\" content=\"661\" \/>\n\t<meta property=\"og:image:type\" content=\"image\/webp\" \/>\n<meta name=\"author\" content=\"Diario del Sur Digital\" \/>\n<meta name=\"twitter:card\" content=\"summary_large_image\" \/>\n<meta name=\"twitter:label1\" content=\"Escrito por\" \/>\n\t<meta name=\"twitter:data1\" content=\"Diario del Sur Digital\" \/>\n\t<meta name=\"twitter:label2\" content=\"Tiempo de lectura\" \/>\n\t<meta name=\"twitter:data2\" content=\"3 minutos\" \/>\n<script type=\"application\/ld+json\" class=\"yoast-schema-graph\">{\"@context\":\"https:\\\/\\\/schema.org\",\"@graph\":[{\"@type\":\"Article\",\"@id\":\"https:\\\/\\\/diariodelsurdigital.com.ar\\\/?p=577#article\",\"isPartOf\":{\"@id\":\"https:\\\/\\\/diariodelsurdigital.com.ar\\\/?p=577\"},\"author\":{\"name\":\"Diario del Sur Digital\",\"@id\":\"https:\\\/\\\/diariodelsurdigital.com.ar\\\/#\\\/schema\\\/person\\\/1a4992532ed62965c968031b49195c81\"},\"headline\":\"Entre R\u00edos tiene una alta ocupaci\u00f3n tur\u00edstica pero apenas los fines de semana\",\"datePublished\":\"2025-01-14T16:17:29+00:00\",\"dateModified\":\"2025-01-14T16:17:31+00:00\",\"mainEntityOfPage\":{\"@id\":\"https:\\\/\\\/diariodelsurdigital.com.ar\\\/?p=577\"},\"wordCount\":536,\"commentCount\":0,\"image\":{\"@id\":\"https:\\\/\\\/diariodelsurdigital.com.ar\\\/?p=577#primaryimage\"},\"thumbnailUrl\":\"https:\\\/\\\/diariodelsurdigital.com.ar\\\/wp-content\\\/uploads\\\/2025\\\/01\\\/md-2025-01-14T131556.843.webp\",\"articleSection\":[\"Inter\u00e9s General\",\"Provinciales\"],\"inLanguage\":\"es\",\"potentialAction\":[{\"@type\":\"CommentAction\",\"name\":\"Comment\",\"target\":[\"https:\\\/\\\/diariodelsurdigital.com.ar\\\/?p=577#respond\"]}]},{\"@type\":\"WebPage\",\"@id\":\"https:\\\/\\\/diariodelsurdigital.com.ar\\\/?p=577\",\"url\":\"https:\\\/\\\/diariodelsurdigital.com.ar\\\/?p=577\",\"name\":\"Entre R\u00edos tiene una alta ocupaci\u00f3n tur\u00edstica pero apenas los fines de semana - Diario del Sur\",\"isPartOf\":{\"@id\":\"https:\\\/\\\/diariodelsurdigital.com.ar\\\/#website\"},\"primaryImageOfPage\":{\"@id\":\"https:\\\/\\\/diariodelsurdigital.com.ar\\\/?p=577#primaryimage\"},\"image\":{\"@id\":\"https:\\\/\\\/diariodelsurdigital.com.ar\\\/?p=577#primaryimage\"},\"thumbnailUrl\":\"https:\\\/\\\/diariodelsurdigital.com.ar\\\/wp-content\\\/uploads\\\/2025\\\/01\\\/md-2025-01-14T131556.843.webp\",\"datePublished\":\"2025-01-14T16:17:29+00:00\",\"dateModified\":\"2025-01-14T16:17:31+00:00\",\"author\":{\"@id\":\"https:\\\/\\\/diariodelsurdigital.com.ar\\\/#\\\/schema\\\/person\\\/1a4992532ed62965c968031b49195c81\"},\"breadcrumb\":{\"@id\":\"https:\\\/\\\/diariodelsurdigital.com.ar\\\/?p=577#breadcrumb\"},\"inLanguage\":\"es\",\"potentialAction\":[{\"@type\":\"ReadAction\",\"target\":[\"https:\\\/\\\/diariodelsurdigital.com.ar\\\/?p=577\"]}]},{\"@type\":\"ImageObject\",\"inLanguage\":\"es\",\"@id\":\"https:\\\/\\\/diariodelsurdigital.com.ar\\\/?p=577#primaryimage\",\"url\":\"https:\\\/\\\/diariodelsurdigital.com.ar\\\/wp-content\\\/uploads\\\/2025\\\/01\\\/md-2025-01-14T131556.843.webp\",\"contentUrl\":\"https:\\\/\\\/diariodelsurdigital.com.ar\\\/wp-content\\\/uploads\\\/2025\\\/01\\\/md-2025-01-14T131556.843.webp\",\"width\":992,\"height\":661},{\"@type\":\"BreadcrumbList\",\"@id\":\"https:\\\/\\\/diariodelsurdigital.com.ar\\\/?p=577#breadcrumb\",\"itemListElement\":[{\"@type\":\"ListItem\",\"position\":1,\"name\":\"Portada\",\"item\":\"https:\\\/\\\/diariodelsurdigital.com.ar\\\/\"},{\"@type\":\"ListItem\",\"position\":2,\"name\":\"Entre R\u00edos tiene una alta ocupaci\u00f3n tur\u00edstica pero apenas los fines de semana\"}]},{\"@type\":\"WebSite\",\"@id\":\"https:\\\/\\\/diariodelsurdigital.com.ar\\\/#website\",\"url\":\"https:\\\/\\\/diariodelsurdigital.com.ar\\\/\",\"name\":\"Diario del Sur\",\"description\":\"Digital\",\"potentialAction\":[{\"@type\":\"SearchAction\",\"target\":{\"@type\":\"EntryPoint\",\"urlTemplate\":\"https:\\\/\\\/diariodelsurdigital.com.ar\\\/?s={search_term_string}\"},\"query-input\":{\"@type\":\"PropertyValueSpecification\",\"valueRequired\":true,\"valueName\":\"search_term_string\"}}],\"inLanguage\":\"es\"},{\"@type\":\"Person\",\"@id\":\"https:\\\/\\\/diariodelsurdigital.com.ar\\\/#\\\/schema\\\/person\\\/1a4992532ed62965c968031b49195c81\",\"name\":\"Diario del Sur Digital\",\"image\":{\"@type\":\"ImageObject\",\"inLanguage\":\"es\",\"@id\":\"https:\\\/\\\/secure.gravatar.com\\\/avatar\\\/f0c7c47fc7146d19828273b9b8eda651c9c7ab583767e6338d3d3bee825adf76?s=96&d=mm&r=g\",\"url\":\"https:\\\/\\\/secure.gravatar.com\\\/avatar\\\/f0c7c47fc7146d19828273b9b8eda651c9c7ab583767e6338d3d3bee825adf76?s=96&d=mm&r=g\",\"contentUrl\":\"https:\\\/\\\/secure.gravatar.com\\\/avatar\\\/f0c7c47fc7146d19828273b9b8eda651c9c7ab583767e6338d3d3bee825adf76?s=96&d=mm&r=g\",\"caption\":\"Diario del Sur Digital\"},\"url\":\"https:\\\/\\\/diariodelsurdigital.com.ar\\\/?author=4\"}]}<\/script>\n<!-- \/ Yoast SEO plugin. -->","yoast_head_json":{"title":"Entre R\u00edos tiene una alta ocupaci\u00f3n tur\u00edstica pero apenas los fines de semana - Diario del Sur","robots":{"index":"index","follow":"follow","max-snippet":"max-snippet:-1","max-image-preview":"max-image-preview:large","max-video-preview":"max-video-preview:-1"},"canonical":"https:\/\/diariodelsurdigital.com.ar\/?p=577","og_locale":"es_ES","og_type":"article","og_title":"Entre R\u00edos tiene una alta ocupaci\u00f3n tur\u00edstica pero apenas los fines de semana - Diario del Sur","og_description":"Seg\u00fan el informe estad\u00edstico elaborado por la Secretar\u00eda de Turismo, la ocupaci\u00f3n promedio en las dos primeras semanas de enero alcanz\u00f3 el 72%, con picos del 95% en destinos emblem\u00e1ticos del verano como Col\u00f3n, con sus playas sobre el r\u00edo Uruguay, y Villa Urquiza, en la costa del r\u00edo Paran\u00e1. Propuesta tur\u00edstica Entre R\u00edos contin\u00faa [&hellip;]","og_url":"https:\/\/diariodelsurdigital.com.ar\/?p=577","og_site_name":"Diario del Sur","article_published_time":"2025-01-14T16:17:29+00:00","article_modified_time":"2025-01-14T16:17:31+00:00","og_image":[{"width":992,"height":661,"url":"https:\/\/diariodelsurdigital.com.ar\/wp-content\/uploads\/2025\/01\/md-2025-01-14T131556.843.webp","type":"image\/webp"}],"author":"Diario del Sur Digital","twitter_card":"summary_large_image","twitter_misc":{"Escrito por":"Diario del Sur Digital","Tiempo de lectura":"3 minutos"},"schema":{"@context":"https:\/\/schema.org","@graph":[{"@type":"Article","@id":"https:\/\/diariodelsurdigital.com.ar\/?p=577#article","isPartOf":{"@id":"https:\/\/diariodelsurdigital.com.ar\/?p=577"},"author":{"name":"Diario del Sur Digital","@id":"https:\/\/diariodelsurdigital.com.ar\/#\/schema\/person\/1a4992532ed62965c968031b49195c81"},"headline":"Entre R\u00edos tiene una alta ocupaci\u00f3n tur\u00edstica pero apenas los fines de semana","datePublished":"2025-01-14T16:17:29+00:00","dateModified":"2025-01-14T16:17:31+00:00","mainEntityOfPage":{"@id":"https:\/\/diariodelsurdigital.com.ar\/?p=577"},"wordCount":536,"commentCount":0,"image":{"@id":"https:\/\/diariodelsurdigital.com.ar\/?p=577#primaryimage"},"thumbnailUrl":"https:\/\/diariodelsurdigital.com.ar\/wp-content\/uploads\/2025\/01\/md-2025-01-14T131556.843.webp","articleSection":["Inter\u00e9s General","Provinciales"],"inLanguage":"es","potentialAction":[{"@type":"CommentAction","name":"Comment","target":["https:\/\/diariodelsurdigital.com.ar\/?p=577#respond"]}]},{"@type":"WebPage","@id":"https:\/\/diariodelsurdigital.com.ar\/?p=577","url":"https:\/\/diariodelsurdigital.com.ar\/?p=577","name":"Entre R\u00edos tiene una alta ocupaci\u00f3n tur\u00edstica pero apenas los fines de semana - Diario del Sur","isPartOf":{"@id":"https:\/\/diariodelsurdigital.com.ar\/#website"},"primaryImageOfPage":{"@id":"https:\/\/diariodelsurdigital.com.ar\/?p=577#primaryimage"},"image":{"@id":"https:\/\/diariodelsurdigital.com.ar\/?p=577#primaryimage"},"thumbnailUrl":"https:\/\/diariodelsurdigital.com.ar\/wp-content\/uploads\/2025\/01\/md-2025-01-14T131556.843.webp","datePublished":"2025-01-14T16:17:29+00:00","dateModified":"2025-01-14T16:17:31+00:00","author":{"@id":"https:\/\/diariodelsurdigital.com.ar\/#\/schema\/person\/1a4992532ed62965c968031b49195c81"},"breadcrumb":{"@id":"https:\/\/diariodelsurdigital.com.ar\/?p=577#breadcrumb"},"inLanguage":"es","potentialAction":[{"@type":"ReadAction","target":["https:\/\/diariodelsurdigital.com.ar\/?p=577"]}]},{"@type":"ImageObject","inLanguage":"es","@id":"https:\/\/diariodelsurdigital.com.ar\/?p=577#primaryimage","url":"https:\/\/diariodelsurdigital.com.ar\/wp-content\/uploads\/2025\/01\/md-2025-01-14T131556.843.webp","contentUrl":"https:\/\/diariodelsurdigital.com.ar\/wp-content\/uploads\/2025\/01\/md-2025-01-14T131556.843.webp","width":992,"height":661},{"@type":"BreadcrumbList","@id":"https:\/\/diariodelsurdigital.com.ar\/?p=577#breadcrumb","itemListElement":[{"@type":"ListItem","position":1,"name":"Portada","item":"https:\/\/diariodelsurdigital.com.ar\/"},{"@type":"ListItem","position":2,"name":"Entre R\u00edos tiene una alta ocupaci\u00f3n tur\u00edstica pero apenas los fines de semana"}]},{"@type":"WebSite","@id":"https:\/\/diariodelsurdigital.com.ar\/#website","url":"https:\/\/diariodelsurdigital.com.ar\/","name":"Diario del Sur","description":"Digital","potentialAction":[{"@type":"SearchAction","target":{"@type":"EntryPoint","urlTemplate":"https:\/\/diariodelsurdigital.com.ar\/?s={search_term_string}"},"query-input":{"@type":"PropertyValueSpecification","valueRequired":true,"valueName":"search_term_string"}}],"inLanguage":"es"},{"@type":"Person","@id":"https:\/\/diariodelsurdigital.com.ar\/#\/schema\/person\/1a4992532ed62965c968031b49195c81","name":"Diario del Sur Digital","image":{"@type":"ImageObject","inLanguage":"es","@id":"https:\/\/secure.gravatar.com\/avatar\/f0c7c47fc7146d19828273b9b8eda651c9c7ab583767e6338d3d3bee825adf76?s=96&d=mm&r=g","url":"https:\/\/secure.gravatar.com\/avatar\/f0c7c47fc7146d19828273b9b8eda651c9c7ab583767e6338d3d3bee825adf76?s=96&d=mm&r=g","contentUrl":"https:\/\/secure.gravatar.com\/avatar\/f0c7c47fc7146d19828273b9b8eda651c9c7ab583767e6338d3d3bee825adf76?s=96&d=mm&r=g","caption":"Diario del Sur Digital"},"url":"https:\/\/diariodelsurdigital.com.ar\/?author=4"}]}},"_links":{"self":[{"href":"https:\/\/diariodelsurdigital.com.ar\/index.php?rest_route=\/wp\/v2\/posts\/577","targetHints":{"allow":["GET"]}}],"collection":[{"href":"https:\/\/diariodelsurdigital.com.ar\/index.php?rest_route=\/wp\/v2\/posts"}],"about":[{"href":"https:\/\/diariodelsurdigital.com.ar\/index.php?rest_route=\/wp\/v2\/types\/post"}],"author":[{"embeddable":true,"href":"https:\/\/diariodelsurdigital.com.ar\/index.php?rest_route=\/wp\/v2\/users\/4"}],"replies":[{"embeddable":true,"href":"https:\/\/diariodelsurdigital.com.ar\/index.php?rest_route=%2Fwp%2Fv2%2Fcomments&post=577"}],"version-history":[{"count":1,"href":"https:\/\/diariodelsurdigital.com.ar\/index.php?rest_route=\/wp\/v2\/posts\/577\/revisions"}],"predecessor-version":[{"id":579,"href":"https:\/\/diariodelsurdigital.com.ar\/index.php?rest_route=\/wp\/v2\/posts\/577\/revisions\/579"}],"wp:featuredmedia":[{"embeddable":true,"href":"https:\/\/diariodelsurdigital.com.ar\/index.php?rest_route=\/wp\/v2\/media\/578"}],"wp:attachment":[{"href":"https:\/\/diariodelsurdigital.com.ar\/index.php?rest_route=%2Fwp%2Fv2%2Fmedia&parent=577"}],"wp:term":[{"taxonomy":"category","embeddable":true,"href":"https:\/\/diariodelsurdigital.com.ar\/index.php?rest_route=%2Fwp%2Fv2%2Fcategories&post=577"},{"taxonomy":"post_tag","embeddable":true,"href":"https:\/\/diariodelsurdigital.com.ar\/index.php?rest_route=%2Fwp%2Fv2%2Ftags&post=577"}],"curies":[{"name":"wp","href":"https:\/\/api.w.org\/{rel}","templated":true}]}}