{"id":5775,"date":"2025-11-20T11:26:21","date_gmt":"2025-11-20T14:26:21","guid":{"rendered":"https:\/\/diariodelsurdigital.com.ar\/?p=5775"},"modified":"2025-11-20T11:26:22","modified_gmt":"2025-11-20T14:26:22","slug":"el-concejo-deliberante-sometera-a-consulta-popular-la-modificacion-de-los-nombres-de-las-avenidas-nestor-kirchner-y-de-los-pueblos-originarios","status":"publish","type":"post","link":"https:\/\/diariodelsurdigital.com.ar\/?p=5775","title":{"rendered":"El Concejo Deliberante someter\u00e1 a consulta popular la modificaci\u00f3n de los nombres de las avenidas N\u00e9stor Kirchner y De Los Pueblos Originarios"},"content":{"rendered":"\n<p><\/p>\n\n\n\n<p>El concejal Emmanuel Godoy (JxER) presidente de la Comisi\u00f3n de Sugerencia Ciudadana y Defensa del Consumidor, confirm\u00f3 a DIARIOJUNIO que en una reuni\u00f3n realizada ayer se decidi\u00f3 llamar a una consulta popular para que la comunidad de Concordia defina si quiere cambiar la denominaci\u00f3n de las avenidas \u00abPresidente N\u00e9stor Kirchner\u00bb y \u00abCostanera De Los Pueblos Originarios\u00bb. La decisi\u00f3n se basa en el pedido que hicieron los ediles Felipe Sastre y Silvina Ovelar (JxER) de renombrarla como \u00abJos\u00e9 Figueroa Alcorta\u00bb en el primer caso. En tanto, Sastre insisti\u00f3 con su iniciativa de volver a denominar \u00abJulio Argentino Roca\u00bb en el segundo. Pero ante la pol\u00e9mica que suscitan ambas iniciativas, se decidi\u00f3 que la comunidad decida si quiere cambiar y, en ese caso, que designaci\u00f3n ser\u00eda la m\u00e1s apropiada.<\/p>\n\n\n\n<p><\/p>\n\n\n\n<figure class=\"wp-block-image\"><img decoding=\"async\" src=\"https:\/\/www.diariojunio.com.ar\/wp-content\/uploads\/2025\/11\/nestor-k.jpg\" alt=\"\"\/><\/figure>\n\n\n\n<ul id=\"brxe-nileuw\" class=\"wp-block-list\">\n<li><a href=\"https:\/\/www.facebook.com\/sharer.php?u=https%3A%2F%2Fwww.diariojunio.com.ar%2Fel-concejo-deliberante-sometera-a-consulta-popular-la-modificacion-de-los-nombres-de-las-avenidas-nestor-kirchner-y-de-los-pueblos-originarios%2F&amp;picture=https%3A%2F%2Fwww.diariojunio.com.ar%2Fwp-content%2Fuploads%2F2025%2F11%2Fnestor-k.jpg&amp;title=El%20Concejo%20Deliberante%20someter%C3%A1%20a%20consulta%20popular%20la%20modificaci%C3%B3n%20de%20los%20nombres%20de%20las%20avenidas%20N%C3%A9stor%20Kirchner%20y%20De%20Los%20Pueblos%20Originarios\"><\/a><\/li>\n\n\n\n<li><a href=\"https:\/\/x.com\/share?text=El%20Concejo%20Deliberante%20someter%C3%A1%20a%20consulta%20popular%20la%20modificaci%C3%B3n%20de%20los%20nombres%20de%20las%20avenidas%20N%C3%A9stor%20Kirchner%20y%20De%20Los%20Pueblos%20Originarios&amp;url=https%3A%2F%2Fwww.diariojunio.com.ar%2Fel-concejo-deliberante-sometera-a-consulta-popular-la-modificacion-de-los-nombres-de-las-avenidas-nestor-kirchner-y-de-los-pueblos-originarios%2F\"><\/a><\/li>\n\n\n\n<li><a href=\"https:\/\/api.whatsapp.com\/send?text=*El%20Concejo%20Deliberante%20someter%C3%A1%20a%20consulta%20popular%20la%20modificaci%C3%B3n%20de%20los%20nombres%20de%20las%20avenidas%20N%C3%A9stor%20Kirchner%20y%20De%20Los%20Pueblos%20Originarios*+https%3A%2F%2Fwww.diariojunio.com.ar%2Fel-concejo-deliberante-sometera-a-consulta-popular-la-modificacion-de-los-nombres-de-las-avenidas-nestor-kirchner-y-de-los-pueblos-originarios%2F\"><\/a><\/li>\n\n\n\n<li><a href=\"mailto:?subject=El%20Concejo%20Deliberante%20someter%C3%A1%20a%20consulta%20popular%20la%20modificaci%C3%B3n%20de%20los%20nombres%20de%20las%20avenidas%20N%C3%A9stor%20Kirchner%20y%20De%20Los%20Pueblos%20Originarios&amp;body=https%3A%2F%2Fwww.diariojunio.com.ar%2Fel-concejo-deliberante-sometera-a-consulta-popular-la-modificacion-de-los-nombres-de-las-avenidas-nestor-kirchner-y-de-los-pueblos-originarios%2F\"><\/a>El Concejo retom\u00f3 la t\u00f3nica que hab\u00eda impuesto el a\u00f1o pasado quitando el nombre de Eva Per\u00f3n a la sala de sesiones y el de Juan Domingo Per\u00f3n al espacio donde se llevan a cabo las reuniones de las distintas comisiones. En el primer caso, pas\u00f3 a llamarse Federico Zorraqu\u00edn, por el primer intendente de Concordia, que ejerci\u00f3 ese cargo desde el 5 de enero de 1873 al 6 de marzo de 1877. Mientras que la sala de reuni\u00f3n de comisiones pasar\u00eda a llamarse \u201cSal\u00f3n de los Viceintendentes\u201d.<\/li>\n<\/ul>\n\n\n\n<p>En la reuni\u00f3n de ayer, se trataron cuatro expedientes. Los m\u00e1s importantes son dos. Uno&nbsp; presentado por el binomio Ovelar-Sastre: modificar la avenida N\u00e9stor Kirchner por Jos\u00e9 Figueroa Alcorta. No obstante, debido a la reticencia que genere la iniciativa, los integrantes de la comisi\u00f3n decidieron una soluci\u00f3n salom\u00f3nica. Consultar a la comunidad que hacer con el nombre del ex presidente que falleci\u00f3 en 2010.<\/p>\n\n\n\n<p>Godoy record\u00f3 que ya hubo propuestas en ese sentido de vecinos que se manifestaron a favor de modificara el nombre del ex mandatario por el de Papa Francisco, &nbsp;pero no cumple con los requisitos ya que falleci\u00f3 en abril de este a\u00f1o. La normativa actual, espec\u00edficamente la ordenanza n\u00famero 37.497, en su art\u00edculo 12, inciso 3, establece que para nominar una calle en honor a una persona, debe haber transcurrido un m\u00ednimo de cinco a\u00f1os desde su fallecimiento. En cambio,&nbsp; otra petici\u00f3n, la de rememorar al ex capit\u00e1n del seleccionado argentino de f\u00fatbol, Diego Maradona, si cumplir\u00eda con los requisitos ya que su deceso se produjo hace casi cinco a\u00f1os: el 25 de noviembre de 2020. No obstante, no hay ning\u00fan pedido entregado de manera formal sino que las solicitudes fueron de palabra.<\/p>\n\n\n\n<p>Una tercera postura ser\u00eda avenida \u00ab29 de Noviembre\u00bb que es la fecha de la fundaci\u00f3n de Concordia. Godoy, quien se manifest\u00f3 a favor de esa iniciativa, mencion\u00f3 que no hay ninguna calle que recuerde esa fecha. &nbsp;Pero, como no se articul\u00f3 ninguna propuesta espec\u00edfica, desde la comisi\u00f3n decidieron dejar la decisi\u00f3n en manos de los vecinos. Las opciones serian: \u00bfest\u00e1s de acuerdo en cambiar el nombre?, opci\u00f3n 1), y \u00bfque nombre le pondr\u00edas?, opci\u00f3n 2).<\/p>\n\n\n\n<p>El otro expediente es una iniciativa de Sastre en soledad: volver a denominar \u201cJulio Argentino Roca\u201d&nbsp; a la avenida De Los Pueblos Originarios. La iniciativa despert\u00f3 pol\u00e9mica y rechazo cuando se dio a conocer a mediados del a\u00f1o pasado. La Comunidad I\u00b4Tu del Pueblo de la Naci\u00f3n Charr\u00faa, conjuntamente a las dem\u00e1s comunidades charr\u00faas de la provincia de Entre R\u00edos, repudi\u00f3 en\u00e9rgicamente el proyecto que \u201cosa intentar reivindicar al genocida Julio A. Roca y el genocidio ind\u00edgena imponiendo su nombre a la Avenida Costanera de los Pueblos Originarios y la Plazoleta del Aborigen, el cual fue modificado por la Ordenanza N\u00ba 33614, vigente desde el 28\/05\/2008, de la mano de Osvaldo Bayer y numerosas instituciones de la ciudad de Concordia\u201d.\u201cRepudiamos las palabras agraviantes del edil autor del proyecto, quien p\u00fablicamente en sus argumentos llama \u2018verdaderos pr\u00f3ceres\u2019 a uno de los \u00edconos que representa el genocidio ind\u00edgena\u201d. Incluso, luego hubo una charla debate en junio del a\u00f1o pasado en el Profesorado de Ciencias Sociales de la que participaron organizaciones sociales, gremios, partidos pol\u00edticos, centros de estudiantes, \u00e1reas de las universidades y profesionales de diferentes ramas en contra de esa idea.<\/p>\n\n\n\n<p>En este caso, en la reuni\u00f3n de ayer -a pesar de que Sastre defendi\u00f3 su idea inicial- la decisi\u00f3n de los ediles fue poner en manos de los concordienses la iniciativa. Nuevamente, las&nbsp; opciones son: \u00bfest\u00e1s de acuerdo en cambiar el nombre?. Si la decisi\u00f3n es positiva, se despliegan dos opciones ya que tampoco esta definida si se modifica toda la avenida desde el Lavadero de Jaulas hasta calle Mitre (opci\u00f3n 1). O en forma parcial (opci\u00f3n 2). En ese caso, desde la Plazoleta de los Pueblos Originarios hasta el Lavadero quedar\u00eda con el nombre actual. Y volver\u00eda a la antigua denominaci\u00f3n desde&nbsp; la plazoleta mencionada, en direcci\u00f3n opuesta, hasta calle Mitre. Si est\u00e1n de acuerdo en reemplazar la denominaci\u00f3n pero no simpatizan con ninguna alternativa, la tercera opci\u00f3n es optar por un nombre libre.<\/p>\n\n\n\n<p>Para la consulta popular, se piensa en realizar la votaci\u00f3n a trav\u00e9s de la p\u00e1gina de la municipalidad como se realiz\u00f3 en diciembre de 2021 cuando se puso en discusi\u00f3n la posibilidad de dejar la circulaci\u00f3n del Parque San Carlos tal como estaba (opci\u00f3n a), abrir a una circulaci\u00f3n restringida (opci\u00f3n b) o dejar libre el paso de veh\u00edculos (Opci\u00f3n c). En su momento, gan\u00f3 la opci\u00f3n A pero este a\u00f1o los ediles cambiaron y dejaron un cupo de 10 veh\u00edculos para estacionar en el Castillo, en el Monumento al \u00c9xodo y en el costado del ex Hostal del R\u00edo: una especie de opci\u00f3n b reformada.<\/p>\n\n\n\n<p>En este caso, la consulta popular seria en 2026 pero Godoy dijo que pensaba en un plazo mayor de 30 d\u00edas: tres meses. Lo que sucede es que deben trabajar con la Direcci\u00f3n de Inform\u00e1tica para ver cu\u00e1n viable es articular esas opciones en&nbsp; la p\u00e1gina web del municipio.<\/p>\n\n\n\n<p>San Jos\u00e9 Adoratrices y Vecinos Fundadores<\/p>\n\n\n\n<p>Por otra parte, Godoy sostuvo que ingresar\u00e1 el recinto un proyecto presentado por la rector\u00eda \u00a0del Colegio San Jos\u00e9 para que una calle sin nombre que corre cerca de Villa Adela (la tercera arteria paralela al oeste de avenida Presidente Per\u00f3n) lleve el nombre de \u201cHermanas Adoratrices\u201d. Se trata del ante\u00faltimo paso del expediente que ya pas\u00f3 por Catastro. El proyecto se votar\u00eda en la \u00faltima sesi\u00f3n ordinaria. O podr\u00eda votarse hoy si Godoy pide que se lo trate sobre tablas.<\/p>\n\n\n\n<p>Por otra parte, &nbsp;se trat\u00f3 una presentaci\u00f3n de pu\u00f1o y letra del a\u00f1o 2010 de habitantes del Barrio Lesca, actualmente Sargento Cabrera. Se&nbsp; trata de un grupo de vecinos que quieren que las sendas peatonales ubicadas en la desembocadura del Arroyo Manzores lleve los nombres de tres vecinos fundadores del barrio de la zona este: Federico Col, Jos\u00e9 Laiseca y Jos\u00e9 Magari\u00f1os.<\/p>\n\n\n\n<p>Pero no hay ning\u00fan registro en el archivo hist\u00f3rico de los vecinos nacidos en 1919, 1944 y 1950. Seg\u00fan los vecinos, Col era un transportista de origen alem\u00e1n, Laiseca un carpintero que con mucho ingenio ayudaba a vecinos y Magari\u00f1os ten\u00eda un almac\u00e9n de Ramos Generales. Godoy dijo que les propusieron designar con el nombre de \u201cVecinos Fundadores\u201d a uno de los pasajes peatonales y colocar una breve rese\u00f1a de los mencionados. Pero no conform\u00f3 a nadie. Por ello, propondr\u00e1 en 2026 una reuni\u00f3n con vecinos en la desembocadura del arroyo.<\/p>\n\n\n\n<p>Fuente: Diario Junio<\/p>\n","protected":false},"excerpt":{"rendered":"<p>El concejal Emmanuel Godoy (JxER) presidente de la Comisi\u00f3n de Sugerencia Ciudadana y Defensa del Consumidor, confirm\u00f3 a DIARIOJUNIO que en una reuni\u00f3n realizada ayer se decidi\u00f3 llamar a una consulta popular para que la comunidad de Concordia defina si quiere cambiar la denominaci\u00f3n de las avenidas \u00abPresidente N\u00e9stor Kirchner\u00bb y \u00abCostanera De Los Pueblos [&hellip;]<\/p>\n","protected":false},"author":2,"featured_media":5776,"comment_status":"open","ping_status":"open","sticky":false,"template":"","format":"standard","meta":{"footnotes":""},"categories":[19,16],"tags":[],"class_list":{"0":"post-5775","1":"post","2":"type-post","3":"status-publish","4":"format-standard","5":"has-post-thumbnail","7":"category-interes-general","8":"category-locales"},"yoast_head":"<!-- This site is optimized with the Yoast SEO plugin v27.4 - https:\/\/yoast.com\/product\/yoast-seo-wordpress\/ -->\n<title>El Concejo Deliberante someter\u00e1 a consulta popular la modificaci\u00f3n de los nombres de las avenidas N\u00e9stor Kirchner y De Los Pueblos Originarios - Diario del Sur<\/title>\n<meta name=\"robots\" content=\"index, follow, max-snippet:-1, max-image-preview:large, max-video-preview:-1\" \/>\n<link rel=\"canonical\" href=\"https:\/\/diariodelsurdigital.com.ar\/?p=5775\" \/>\n<meta property=\"og:locale\" content=\"es_ES\" \/>\n<meta property=\"og:type\" content=\"article\" \/>\n<meta property=\"og:title\" content=\"El Concejo Deliberante someter\u00e1 a consulta popular la modificaci\u00f3n de los nombres de las avenidas N\u00e9stor Kirchner y De Los Pueblos Originarios - Diario del Sur\" \/>\n<meta property=\"og:description\" content=\"El concejal Emmanuel Godoy (JxER) presidente de la Comisi\u00f3n de Sugerencia Ciudadana y Defensa del Consumidor, confirm\u00f3 a DIARIOJUNIO que en una reuni\u00f3n realizada ayer se decidi\u00f3 llamar a una consulta popular para que la comunidad de Concordia defina si quiere cambiar la denominaci\u00f3n de las avenidas \u00abPresidente N\u00e9stor Kirchner\u00bb y \u00abCostanera De Los Pueblos [&hellip;]\" \/>\n<meta property=\"og:url\" content=\"https:\/\/diariodelsurdigital.com.ar\/?p=5775\" \/>\n<meta property=\"og:site_name\" content=\"Diario del Sur\" \/>\n<meta property=\"article:published_time\" content=\"2025-11-20T14:26:21+00:00\" \/>\n<meta property=\"article:modified_time\" content=\"2025-11-20T14:26:22+00:00\" \/>\n<meta property=\"og:image\" content=\"https:\/\/diariodelsurdigital.com.ar\/wp-content\/uploads\/2025\/11\/nestor-k.jpg\" \/>\n\t<meta property=\"og:image:width\" content=\"516\" \/>\n\t<meta property=\"og:image:height\" content=\"311\" \/>\n\t<meta property=\"og:image:type\" content=\"image\/jpeg\" \/>\n<meta name=\"author\" content=\"Diario del Sur Digital\" \/>\n<meta name=\"twitter:card\" content=\"summary_large_image\" \/>\n<meta name=\"twitter:label1\" content=\"Escrito por\" \/>\n\t<meta name=\"twitter:data1\" content=\"Diario del Sur Digital\" \/>\n\t<meta name=\"twitter:label2\" content=\"Tiempo de lectura\" \/>\n\t<meta name=\"twitter:data2\" content=\"6 minutos\" \/>\n<script type=\"application\/ld+json\" class=\"yoast-schema-graph\">{\"@context\":\"https:\\\/\\\/schema.org\",\"@graph\":[{\"@type\":\"Article\",\"@id\":\"https:\\\/\\\/diariodelsurdigital.com.ar\\\/?p=5775#article\",\"isPartOf\":{\"@id\":\"https:\\\/\\\/diariodelsurdigital.com.ar\\\/?p=5775\"},\"author\":{\"name\":\"Diario del Sur Digital\",\"@id\":\"https:\\\/\\\/diariodelsurdigital.com.ar\\\/#\\\/schema\\\/person\\\/6136a32571657f7dba980b88b04c5465\"},\"headline\":\"El Concejo Deliberante someter\u00e1 a consulta popular la modificaci\u00f3n de los nombres de las avenidas N\u00e9stor Kirchner y De Los Pueblos Originarios\",\"datePublished\":\"2025-11-20T14:26:21+00:00\",\"dateModified\":\"2025-11-20T14:26:22+00:00\",\"mainEntityOfPage\":{\"@id\":\"https:\\\/\\\/diariodelsurdigital.com.ar\\\/?p=5775\"},\"wordCount\":1330,\"commentCount\":0,\"image\":{\"@id\":\"https:\\\/\\\/diariodelsurdigital.com.ar\\\/?p=5775#primaryimage\"},\"thumbnailUrl\":\"https:\\\/\\\/diariodelsurdigital.com.ar\\\/wp-content\\\/uploads\\\/2025\\\/11\\\/nestor-k.jpg\",\"articleSection\":[\"Inter\u00e9s General\",\"Locales\"],\"inLanguage\":\"es\",\"potentialAction\":[{\"@type\":\"CommentAction\",\"name\":\"Comment\",\"target\":[\"https:\\\/\\\/diariodelsurdigital.com.ar\\\/?p=5775#respond\"]}]},{\"@type\":\"WebPage\",\"@id\":\"https:\\\/\\\/diariodelsurdigital.com.ar\\\/?p=5775\",\"url\":\"https:\\\/\\\/diariodelsurdigital.com.ar\\\/?p=5775\",\"name\":\"El Concejo Deliberante someter\u00e1 a consulta popular la modificaci\u00f3n de los nombres de las avenidas N\u00e9stor Kirchner y De Los Pueblos Originarios - Diario del Sur\",\"isPartOf\":{\"@id\":\"https:\\\/\\\/diariodelsurdigital.com.ar\\\/#website\"},\"primaryImageOfPage\":{\"@id\":\"https:\\\/\\\/diariodelsurdigital.com.ar\\\/?p=5775#primaryimage\"},\"image\":{\"@id\":\"https:\\\/\\\/diariodelsurdigital.com.ar\\\/?p=5775#primaryimage\"},\"thumbnailUrl\":\"https:\\\/\\\/diariodelsurdigital.com.ar\\\/wp-content\\\/uploads\\\/2025\\\/11\\\/nestor-k.jpg\",\"datePublished\":\"2025-11-20T14:26:21+00:00\",\"dateModified\":\"2025-11-20T14:26:22+00:00\",\"author\":{\"@id\":\"https:\\\/\\\/diariodelsurdigital.com.ar\\\/#\\\/schema\\\/person\\\/6136a32571657f7dba980b88b04c5465\"},\"breadcrumb\":{\"@id\":\"https:\\\/\\\/diariodelsurdigital.com.ar\\\/?p=5775#breadcrumb\"},\"inLanguage\":\"es\",\"potentialAction\":[{\"@type\":\"ReadAction\",\"target\":[\"https:\\\/\\\/diariodelsurdigital.com.ar\\\/?p=5775\"]}]},{\"@type\":\"ImageObject\",\"inLanguage\":\"es\",\"@id\":\"https:\\\/\\\/diariodelsurdigital.com.ar\\\/?p=5775#primaryimage\",\"url\":\"https:\\\/\\\/diariodelsurdigital.com.ar\\\/wp-content\\\/uploads\\\/2025\\\/11\\\/nestor-k.jpg\",\"contentUrl\":\"https:\\\/\\\/diariodelsurdigital.com.ar\\\/wp-content\\\/uploads\\\/2025\\\/11\\\/nestor-k.jpg\",\"width\":516,\"height\":311},{\"@type\":\"BreadcrumbList\",\"@id\":\"https:\\\/\\\/diariodelsurdigital.com.ar\\\/?p=5775#breadcrumb\",\"itemListElement\":[{\"@type\":\"ListItem\",\"position\":1,\"name\":\"Portada\",\"item\":\"https:\\\/\\\/diariodelsurdigital.com.ar\\\/\"},{\"@type\":\"ListItem\",\"position\":2,\"name\":\"El Concejo Deliberante someter\u00e1 a consulta popular la modificaci\u00f3n de los nombres de las avenidas N\u00e9stor Kirchner y De Los Pueblos Originarios\"}]},{\"@type\":\"WebSite\",\"@id\":\"https:\\\/\\\/diariodelsurdigital.com.ar\\\/#website\",\"url\":\"https:\\\/\\\/diariodelsurdigital.com.ar\\\/\",\"name\":\"Diario del Sur\",\"description\":\"Digital\",\"potentialAction\":[{\"@type\":\"SearchAction\",\"target\":{\"@type\":\"EntryPoint\",\"urlTemplate\":\"https:\\\/\\\/diariodelsurdigital.com.ar\\\/?s={search_term_string}\"},\"query-input\":{\"@type\":\"PropertyValueSpecification\",\"valueRequired\":true,\"valueName\":\"search_term_string\"}}],\"inLanguage\":\"es\"},{\"@type\":\"Person\",\"@id\":\"https:\\\/\\\/diariodelsurdigital.com.ar\\\/#\\\/schema\\\/person\\\/6136a32571657f7dba980b88b04c5465\",\"name\":\"Diario del Sur Digital\",\"image\":{\"@type\":\"ImageObject\",\"inLanguage\":\"es\",\"@id\":\"https:\\\/\\\/secure.gravatar.com\\\/avatar\\\/4c29ceac98541dd42460b2474aaa5dd37594d6ce6cb3cf2c101d09b48ee287ba?s=96&d=mm&r=g\",\"url\":\"https:\\\/\\\/secure.gravatar.com\\\/avatar\\\/4c29ceac98541dd42460b2474aaa5dd37594d6ce6cb3cf2c101d09b48ee287ba?s=96&d=mm&r=g\",\"contentUrl\":\"https:\\\/\\\/secure.gravatar.com\\\/avatar\\\/4c29ceac98541dd42460b2474aaa5dd37594d6ce6cb3cf2c101d09b48ee287ba?s=96&d=mm&r=g\",\"caption\":\"Diario del Sur Digital\"},\"url\":\"https:\\\/\\\/diariodelsurdigital.com.ar\\\/?author=2\"}]}<\/script>\n<!-- \/ Yoast SEO plugin. -->","yoast_head_json":{"title":"El Concejo Deliberante someter\u00e1 a consulta popular la modificaci\u00f3n de los nombres de las avenidas N\u00e9stor Kirchner y De Los Pueblos Originarios - Diario del Sur","robots":{"index":"index","follow":"follow","max-snippet":"max-snippet:-1","max-image-preview":"max-image-preview:large","max-video-preview":"max-video-preview:-1"},"canonical":"https:\/\/diariodelsurdigital.com.ar\/?p=5775","og_locale":"es_ES","og_type":"article","og_title":"El Concejo Deliberante someter\u00e1 a consulta popular la modificaci\u00f3n de los nombres de las avenidas N\u00e9stor Kirchner y De Los Pueblos Originarios - Diario del Sur","og_description":"El concejal Emmanuel Godoy (JxER) presidente de la Comisi\u00f3n de Sugerencia Ciudadana y Defensa del Consumidor, confirm\u00f3 a DIARIOJUNIO que en una reuni\u00f3n realizada ayer se decidi\u00f3 llamar a una consulta popular para que la comunidad de Concordia defina si quiere cambiar la denominaci\u00f3n de las avenidas \u00abPresidente N\u00e9stor Kirchner\u00bb y \u00abCostanera De Los Pueblos [&hellip;]","og_url":"https:\/\/diariodelsurdigital.com.ar\/?p=5775","og_site_name":"Diario del Sur","article_published_time":"2025-11-20T14:26:21+00:00","article_modified_time":"2025-11-20T14:26:22+00:00","og_image":[{"width":516,"height":311,"url":"https:\/\/diariodelsurdigital.com.ar\/wp-content\/uploads\/2025\/11\/nestor-k.jpg","type":"image\/jpeg"}],"author":"Diario del Sur Digital","twitter_card":"summary_large_image","twitter_misc":{"Escrito por":"Diario del Sur Digital","Tiempo de lectura":"6 minutos"},"schema":{"@context":"https:\/\/schema.org","@graph":[{"@type":"Article","@id":"https:\/\/diariodelsurdigital.com.ar\/?p=5775#article","isPartOf":{"@id":"https:\/\/diariodelsurdigital.com.ar\/?p=5775"},"author":{"name":"Diario del Sur Digital","@id":"https:\/\/diariodelsurdigital.com.ar\/#\/schema\/person\/6136a32571657f7dba980b88b04c5465"},"headline":"El Concejo Deliberante someter\u00e1 a consulta popular la modificaci\u00f3n de los nombres de las avenidas N\u00e9stor Kirchner y De Los Pueblos Originarios","datePublished":"2025-11-20T14:26:21+00:00","dateModified":"2025-11-20T14:26:22+00:00","mainEntityOfPage":{"@id":"https:\/\/diariodelsurdigital.com.ar\/?p=5775"},"wordCount":1330,"commentCount":0,"image":{"@id":"https:\/\/diariodelsurdigital.com.ar\/?p=5775#primaryimage"},"thumbnailUrl":"https:\/\/diariodelsurdigital.com.ar\/wp-content\/uploads\/2025\/11\/nestor-k.jpg","articleSection":["Inter\u00e9s General","Locales"],"inLanguage":"es","potentialAction":[{"@type":"CommentAction","name":"Comment","target":["https:\/\/diariodelsurdigital.com.ar\/?p=5775#respond"]}]},{"@type":"WebPage","@id":"https:\/\/diariodelsurdigital.com.ar\/?p=5775","url":"https:\/\/diariodelsurdigital.com.ar\/?p=5775","name":"El Concejo Deliberante someter\u00e1 a consulta popular la modificaci\u00f3n de los nombres de las avenidas N\u00e9stor Kirchner y De Los Pueblos Originarios - Diario del Sur","isPartOf":{"@id":"https:\/\/diariodelsurdigital.com.ar\/#website"},"primaryImageOfPage":{"@id":"https:\/\/diariodelsurdigital.com.ar\/?p=5775#primaryimage"},"image":{"@id":"https:\/\/diariodelsurdigital.com.ar\/?p=5775#primaryimage"},"thumbnailUrl":"https:\/\/diariodelsurdigital.com.ar\/wp-content\/uploads\/2025\/11\/nestor-k.jpg","datePublished":"2025-11-20T14:26:21+00:00","dateModified":"2025-11-20T14:26:22+00:00","author":{"@id":"https:\/\/diariodelsurdigital.com.ar\/#\/schema\/person\/6136a32571657f7dba980b88b04c5465"},"breadcrumb":{"@id":"https:\/\/diariodelsurdigital.com.ar\/?p=5775#breadcrumb"},"inLanguage":"es","potentialAction":[{"@type":"ReadAction","target":["https:\/\/diariodelsurdigital.com.ar\/?p=5775"]}]},{"@type":"ImageObject","inLanguage":"es","@id":"https:\/\/diariodelsurdigital.com.ar\/?p=5775#primaryimage","url":"https:\/\/diariodelsurdigital.com.ar\/wp-content\/uploads\/2025\/11\/nestor-k.jpg","contentUrl":"https:\/\/diariodelsurdigital.com.ar\/wp-content\/uploads\/2025\/11\/nestor-k.jpg","width":516,"height":311},{"@type":"BreadcrumbList","@id":"https:\/\/diariodelsurdigital.com.ar\/?p=5775#breadcrumb","itemListElement":[{"@type":"ListItem","position":1,"name":"Portada","item":"https:\/\/diariodelsurdigital.com.ar\/"},{"@type":"ListItem","position":2,"name":"El Concejo Deliberante someter\u00e1 a consulta popular la modificaci\u00f3n de los nombres de las avenidas N\u00e9stor Kirchner y De Los Pueblos Originarios"}]},{"@type":"WebSite","@id":"https:\/\/diariodelsurdigital.com.ar\/#website","url":"https:\/\/diariodelsurdigital.com.ar\/","name":"Diario del Sur","description":"Digital","potentialAction":[{"@type":"SearchAction","target":{"@type":"EntryPoint","urlTemplate":"https:\/\/diariodelsurdigital.com.ar\/?s={search_term_string}"},"query-input":{"@type":"PropertyValueSpecification","valueRequired":true,"valueName":"search_term_string"}}],"inLanguage":"es"},{"@type":"Person","@id":"https:\/\/diariodelsurdigital.com.ar\/#\/schema\/person\/6136a32571657f7dba980b88b04c5465","name":"Diario del Sur Digital","image":{"@type":"ImageObject","inLanguage":"es","@id":"https:\/\/secure.gravatar.com\/avatar\/4c29ceac98541dd42460b2474aaa5dd37594d6ce6cb3cf2c101d09b48ee287ba?s=96&d=mm&r=g","url":"https:\/\/secure.gravatar.com\/avatar\/4c29ceac98541dd42460b2474aaa5dd37594d6ce6cb3cf2c101d09b48ee287ba?s=96&d=mm&r=g","contentUrl":"https:\/\/secure.gravatar.com\/avatar\/4c29ceac98541dd42460b2474aaa5dd37594d6ce6cb3cf2c101d09b48ee287ba?s=96&d=mm&r=g","caption":"Diario del Sur Digital"},"url":"https:\/\/diariodelsurdigital.com.ar\/?author=2"}]}},"_links":{"self":[{"href":"https:\/\/diariodelsurdigital.com.ar\/index.php?rest_route=\/wp\/v2\/posts\/5775","targetHints":{"allow":["GET"]}}],"collection":[{"href":"https:\/\/diariodelsurdigital.com.ar\/index.php?rest_route=\/wp\/v2\/posts"}],"about":[{"href":"https:\/\/diariodelsurdigital.com.ar\/index.php?rest_route=\/wp\/v2\/types\/post"}],"author":[{"embeddable":true,"href":"https:\/\/diariodelsurdigital.com.ar\/index.php?rest_route=\/wp\/v2\/users\/2"}],"replies":[{"embeddable":true,"href":"https:\/\/diariodelsurdigital.com.ar\/index.php?rest_route=%2Fwp%2Fv2%2Fcomments&post=5775"}],"version-history":[{"count":1,"href":"https:\/\/diariodelsurdigital.com.ar\/index.php?rest_route=\/wp\/v2\/posts\/5775\/revisions"}],"predecessor-version":[{"id":5777,"href":"https:\/\/diariodelsurdigital.com.ar\/index.php?rest_route=\/wp\/v2\/posts\/5775\/revisions\/5777"}],"wp:featuredmedia":[{"embeddable":true,"href":"https:\/\/diariodelsurdigital.com.ar\/index.php?rest_route=\/wp\/v2\/media\/5776"}],"wp:attachment":[{"href":"https:\/\/diariodelsurdigital.com.ar\/index.php?rest_route=%2Fwp%2Fv2%2Fmedia&parent=5775"}],"wp:term":[{"taxonomy":"category","embeddable":true,"href":"https:\/\/diariodelsurdigital.com.ar\/index.php?rest_route=%2Fwp%2Fv2%2Fcategories&post=5775"},{"taxonomy":"post_tag","embeddable":true,"href":"https:\/\/diariodelsurdigital.com.ar\/index.php?rest_route=%2Fwp%2Fv2%2Ftags&post=5775"}],"curies":[{"name":"wp","href":"https:\/\/api.w.org\/{rel}","templated":true}]}}