{"id":580,"date":"2025-01-14T15:14:59","date_gmt":"2025-01-14T18:14:59","guid":{"rendered":"https:\/\/diariodelsurdigital.com.ar\/?p=580"},"modified":"2025-01-14T15:15:00","modified_gmt":"2025-01-14T18:15:00","slug":"para-azcue-kueider-urribarri-y-bordet-se-pueden-llegar-a-desconocer-pero-aca-nos-conocemos-todos","status":"publish","type":"post","link":"https:\/\/diariodelsurdigital.com.ar\/?p=580","title":{"rendered":"Para Azcu\u00e9, \u201cKueider, Urribarri y Bordet, se pueden llegar a desconocer, pero ac\u00e1 nos conocemos todos\u201d"},"content":{"rendered":"\n<p><\/p>\n\n\n\n<p>En una extensa entrevista con un medio de Paran\u00e1, el intendente de Concordia, Francisco Azcu\u00e9, habl\u00f3 de todos los temas inherentes a Concordia, la labor de la gesti\u00f3n en el primer a\u00f1o de gobierno, y analiz\u00f3 lo que se viene en la pol\u00edtica ante un a\u00f1o electoral como ser\u00e1 2025. Tambi\u00e9n dej\u00f3 cr\u00edticas a Kueider, Bordet y Urribarri. Sin nombrarlos los catalog\u00f3 como los nuevos ricos de la pol\u00edtica.<\/p>\n\n\n\n<p>En declaraciones realizadas al programa\u00a0<em>A Quien Corresponda (Radio Plaza<\/em> <em>de Paran\u00e1<\/em>), Azcu\u00e9 tambi\u00e9n le dedic\u00f3 algunas palabras a la auditor\u00eda. Minimiz\u00f3 el retaceo de los datos. Habl\u00f3 de algunas irregularidades pero no dijo nada de lo que prometi\u00f3 en su campa\u00f1a: \u201cVoy a denunciar a los corruptos\u201d, \u201cDonde encuentre alguna irregularidad lo voy a denunciar a la justicia\u201d. Pero parece que al primer mandatario local se le moj\u00f3 la p\u00f3lvora que tra\u00eda.<\/p>\n\n\n\n<p><strong>Auditor\u00eda &nbsp;<\/strong><\/p>\n\n\n\n<p>Respecto de la auditor\u00eda que realiz\u00f3 el municipio al asumir la gesti\u00f3n \u2013que recibi\u00f3 cr\u00edticas por no difundir el informe completo-, Azcu\u00e9 se\u00f1al\u00f3: \u201cAl finalizar el a\u00f1o hicimos un informe anual de gesti\u00f3n, rendimos cuentas a los concordienses de lo que hab\u00edamos recibido, de lo que hicimos durante el a\u00f1o y lo que tenemos planificado para el 2025. En el marco de esa presentaci\u00f3n, dado que la auditor\u00eda es un documento t\u00e9cnico bastante complejo presentamos un resumen de ese informe y que se complement\u00f3 con informaci\u00f3n que obtuvimos por nuestros medios, no por la auditor\u00eda. Y despu\u00e9s eso, tambi\u00e9n publicamos el documento de la auditor\u00eda que realiz\u00f3 la Universidad Nacional del Litoral\u201d. \u201cNo es que quisimos ocultar algo, sino que esa fue la cronolog\u00eda que le dimos, primero hicimos el informe de gesti\u00f3n y presentamos un resumen de la auditor\u00eda, y luego se public\u00f3 el documento completo en el portal de datos abiertos que tiene Concordia\u201d, explic\u00f3.<\/p>\n\n\n\n<p>Al respecto, detall\u00f3 que \u201chubo ciertas cuestiones que se detectaron, no solamente irregularidades en distintos aspectos, sino tambi\u00e9n la deuda que recibimos, otras cuestiones que la Universidad nos marc\u00f3 en los procesos administrativos. Y la auditor\u00eda sirve para mejorar esos procesos, para dar agilidad y transparencia a los procesos, porque eso da mejor manejo de los recursos. La auditor\u00eda m\u00e1s all\u00e1 de descubrir alguna irregularidad (sin denunciarla) nos sirve para mejorar como gesti\u00f3n, para ser m\u00e1s eficientes y esa era la idea de hacer este trabajo, que llev\u00f3 mucho tiempo\u201d.<\/p>\n\n\n\n<p><strong>De Lousteau a Frigerio<\/strong><\/p>\n\n\n\n<p>En el orden estrictamente pol\u00edtico y consultado sobre sus referencias con el espacio que lidera Mart\u00edn Lousteau a nivel nacional, aclar\u00f3: \u201cMi l\u00edder pol\u00edtico y conductor es Rogelio Frigerio\u201d.<\/p>\n\n\n\n<p>En cuanto a una eventual alianza del PRO con La Libertad Avanza de cara al a\u00f1o electoral, asever\u00f3: \u201cEn 2024 y en este primer mes de 2025 hemos estado ocupados en la gesti\u00f3n, en todos los desaf\u00edos que tenemos, en los proyectos que estamos desarrollando; sigo el tema porque es importante y va a incidir mucho ya que es un a\u00f1o electoral donde se definen cosas importantes, pero mi l\u00edder y conductor es Rogelio Frigerio y voy a estar donde \u00e9l est\u00e9. Conf\u00edo en su capacidad de conducci\u00f3n, en su capacidad para construir y armar en t\u00e9rminos pol\u00edticos \u2013de hecho, estamos ac\u00e1 porque lo seguimos y confiamos en \u00e9l- y no me preocupan los acuerdos o alianzas; por el contrario, soy una persona que siempre est\u00e1 buscando acuerdos y consensos cuando son para mejorar y construir\u201d.<\/p>\n\n\n\n<p>\u201cEn este caso somos parte de un proyecto, en el cual creo que Concordia representa una parte importante, y este ser\u00e1 un a\u00f1o importante que lo estamos siguiendo, pero nosotros tenemos un conductor y lo vamos a seguir. En esto tambi\u00e9n puede haber personas de distintos partidos que no est\u00e9n de acuerdo y est\u00e1n en todo su derecho de estar en otra construcci\u00f3n\u201d, aclar\u00f3.<\/p>\n\n\n\n<p>Asimismo, defini\u00f3 que \u201choy estamos enfocados en que nuestra provincia vuelva a ser protagonista, que vuelva a generar condiciones para el desarrollo, que vuelva a generar mejor calidad de vida para los entrerrianos y en eso est\u00e1 enfocado nuestro gobernador. Tambi\u00e9n en devolverle la credibilidad a la pol\u00edtica, porque hay muchas personas que dejaron de creer y tenemos la enorme oportunidad de mostrar que podemos ser distintos, que podemos usar la pol\u00edtica como herramienta de transformaci\u00f3n y que no volvamos m\u00e1s atr\u00e1s, a ese pasado que tanto da\u00f1o nos hizo, es apol\u00edtica que nos atras\u00f3 y que les hizo bien solamente a los pol\u00edticos\u201d.<\/p>\n\n\n\n<p>En cuanto al impacto que tuvo la situaci\u00f3n del ex senador nacional Edgardo Kueider, dijo que \u201clo ocurrido tiene que tener consecuencias, como debe tenerlo la condena a (el ex gobernador, Sergio) Urribarri. Yo espero que la ciudadan\u00eda, los entrerrianos y los concordienses, ponderen esta situaci\u00f3n, la eval\u00faen, porque todos sabemos que estas personas vienen construyendo pol\u00edticamente de toda la vida. Tanto Kueider como Gustavo Bordet, Sergio Urribarri, que ahora se pueden llegar a desconocer por una cuesti\u00f3n de estrategia pol\u00edtica, pero ac\u00e1 todos nos conocemos y sabemos c\u00f3mo lleg\u00f3 esta persona a ser legislador nacional\u201d.<\/p>\n\n\n\n<p>\u201cHan ocurrido cosas graves, que la gente no las puede dejar pasar. Cuando salen a la luz estas cosas, y las que todav\u00eda se est\u00e1n desarrollando como las investigaciones por enriquecimiento il\u00edcito, la ciudadan\u00eda tiene este a\u00f1o la posibilidad nuevamente de decirle que no quieren volver m\u00e1s a eso, de decirle que no a los pol\u00edticos ricos y la provincia pobre. Creo que este a\u00f1o nuevamente van a sentir el rigor de esa valoraci\u00f3n de la gente que lo hace a trav\u00e9s del voto\u201d, concluy\u00f3.<\/p>\n","protected":false},"excerpt":{"rendered":"<p>En una extensa entrevista con un medio de Paran\u00e1, el intendente de Concordia, Francisco Azcu\u00e9, habl\u00f3 de todos los temas inherentes a Concordia, la labor de la gesti\u00f3n en el primer a\u00f1o de gobierno, y analiz\u00f3 lo que se viene en la pol\u00edtica ante un a\u00f1o electoral como ser\u00e1 2025. Tambi\u00e9n dej\u00f3 cr\u00edticas a Kueider, [&hellip;]<\/p>\n","protected":false},"author":2,"featured_media":581,"comment_status":"open","ping_status":"open","sticky":false,"template":"","format":"standard","meta":{"footnotes":""},"categories":[19],"tags":[],"class_list":{"0":"post-580","1":"post","2":"type-post","3":"status-publish","4":"format-standard","5":"has-post-thumbnail","7":"category-interes-general"},"yoast_head":"<!-- This site is optimized with the Yoast SEO plugin v27.4 - https:\/\/yoast.com\/product\/yoast-seo-wordpress\/ -->\n<title>Para Azcu\u00e9, \u201cKueider, Urribarri y Bordet, se pueden llegar a desconocer, pero ac\u00e1 nos conocemos todos\u201d - Diario del Sur<\/title>\n<meta name=\"robots\" content=\"index, follow, max-snippet:-1, max-image-preview:large, max-video-preview:-1\" \/>\n<link rel=\"canonical\" href=\"https:\/\/diariodelsurdigital.com.ar\/?p=580\" \/>\n<meta property=\"og:locale\" content=\"es_ES\" \/>\n<meta property=\"og:type\" content=\"article\" \/>\n<meta property=\"og:title\" content=\"Para Azcu\u00e9, \u201cKueider, Urribarri y Bordet, se pueden llegar a desconocer, pero ac\u00e1 nos conocemos todos\u201d - Diario del Sur\" \/>\n<meta property=\"og:description\" content=\"En una extensa entrevista con un medio de Paran\u00e1, el intendente de Concordia, Francisco Azcu\u00e9, habl\u00f3 de todos los temas inherentes a Concordia, la labor de la gesti\u00f3n en el primer a\u00f1o de gobierno, y analiz\u00f3 lo que se viene en la pol\u00edtica ante un a\u00f1o electoral como ser\u00e1 2025. Tambi\u00e9n dej\u00f3 cr\u00edticas a Kueider, [&hellip;]\" \/>\n<meta property=\"og:url\" content=\"https:\/\/diariodelsurdigital.com.ar\/?p=580\" \/>\n<meta property=\"og:site_name\" content=\"Diario del Sur\" \/>\n<meta property=\"article:published_time\" content=\"2025-01-14T18:14:59+00:00\" \/>\n<meta property=\"article:modified_time\" content=\"2025-01-14T18:15:00+00:00\" \/>\n<meta property=\"og:image\" content=\"https:\/\/diariodelsurdigital.com.ar\/wp-content\/uploads\/2025\/01\/hq720.jpg\" \/>\n\t<meta property=\"og:image:width\" content=\"487\" \/>\n\t<meta property=\"og:image:height\" content=\"308\" \/>\n\t<meta property=\"og:image:type\" content=\"image\/jpeg\" \/>\n<meta name=\"author\" content=\"Diario del Sur Digital\" \/>\n<meta name=\"twitter:card\" content=\"summary_large_image\" \/>\n<meta name=\"twitter:label1\" content=\"Escrito por\" \/>\n\t<meta name=\"twitter:data1\" content=\"Diario del Sur Digital\" \/>\n\t<meta name=\"twitter:label2\" content=\"Tiempo de lectura\" \/>\n\t<meta name=\"twitter:data2\" content=\"5 minutos\" \/>\n<script type=\"application\/ld+json\" class=\"yoast-schema-graph\">{\"@context\":\"https:\\\/\\\/schema.org\",\"@graph\":[{\"@type\":\"Article\",\"@id\":\"https:\\\/\\\/diariodelsurdigital.com.ar\\\/?p=580#article\",\"isPartOf\":{\"@id\":\"https:\\\/\\\/diariodelsurdigital.com.ar\\\/?p=580\"},\"author\":{\"name\":\"Diario del Sur Digital\",\"@id\":\"https:\\\/\\\/diariodelsurdigital.com.ar\\\/#\\\/schema\\\/person\\\/6136a32571657f7dba980b88b04c5465\"},\"headline\":\"Para Azcu\u00e9, \u201cKueider, Urribarri y Bordet, se pueden llegar a desconocer, pero ac\u00e1 nos conocemos todos\u201d\",\"datePublished\":\"2025-01-14T18:14:59+00:00\",\"dateModified\":\"2025-01-14T18:15:00+00:00\",\"mainEntityOfPage\":{\"@id\":\"https:\\\/\\\/diariodelsurdigital.com.ar\\\/?p=580\"},\"wordCount\":1004,\"commentCount\":1,\"image\":{\"@id\":\"https:\\\/\\\/diariodelsurdigital.com.ar\\\/?p=580#primaryimage\"},\"thumbnailUrl\":\"https:\\\/\\\/diariodelsurdigital.com.ar\\\/wp-content\\\/uploads\\\/2025\\\/01\\\/hq720.jpg\",\"articleSection\":[\"Inter\u00e9s General\"],\"inLanguage\":\"es\",\"potentialAction\":[{\"@type\":\"CommentAction\",\"name\":\"Comment\",\"target\":[\"https:\\\/\\\/diariodelsurdigital.com.ar\\\/?p=580#respond\"]}]},{\"@type\":\"WebPage\",\"@id\":\"https:\\\/\\\/diariodelsurdigital.com.ar\\\/?p=580\",\"url\":\"https:\\\/\\\/diariodelsurdigital.com.ar\\\/?p=580\",\"name\":\"Para Azcu\u00e9, \u201cKueider, Urribarri y Bordet, se pueden llegar a desconocer, pero ac\u00e1 nos conocemos todos\u201d - Diario del Sur\",\"isPartOf\":{\"@id\":\"https:\\\/\\\/diariodelsurdigital.com.ar\\\/#website\"},\"primaryImageOfPage\":{\"@id\":\"https:\\\/\\\/diariodelsurdigital.com.ar\\\/?p=580#primaryimage\"},\"image\":{\"@id\":\"https:\\\/\\\/diariodelsurdigital.com.ar\\\/?p=580#primaryimage\"},\"thumbnailUrl\":\"https:\\\/\\\/diariodelsurdigital.com.ar\\\/wp-content\\\/uploads\\\/2025\\\/01\\\/hq720.jpg\",\"datePublished\":\"2025-01-14T18:14:59+00:00\",\"dateModified\":\"2025-01-14T18:15:00+00:00\",\"author\":{\"@id\":\"https:\\\/\\\/diariodelsurdigital.com.ar\\\/#\\\/schema\\\/person\\\/6136a32571657f7dba980b88b04c5465\"},\"breadcrumb\":{\"@id\":\"https:\\\/\\\/diariodelsurdigital.com.ar\\\/?p=580#breadcrumb\"},\"inLanguage\":\"es\",\"potentialAction\":[{\"@type\":\"ReadAction\",\"target\":[\"https:\\\/\\\/diariodelsurdigital.com.ar\\\/?p=580\"]}]},{\"@type\":\"ImageObject\",\"inLanguage\":\"es\",\"@id\":\"https:\\\/\\\/diariodelsurdigital.com.ar\\\/?p=580#primaryimage\",\"url\":\"https:\\\/\\\/diariodelsurdigital.com.ar\\\/wp-content\\\/uploads\\\/2025\\\/01\\\/hq720.jpg\",\"contentUrl\":\"https:\\\/\\\/diariodelsurdigital.com.ar\\\/wp-content\\\/uploads\\\/2025\\\/01\\\/hq720.jpg\",\"width\":487,\"height\":308},{\"@type\":\"BreadcrumbList\",\"@id\":\"https:\\\/\\\/diariodelsurdigital.com.ar\\\/?p=580#breadcrumb\",\"itemListElement\":[{\"@type\":\"ListItem\",\"position\":1,\"name\":\"Portada\",\"item\":\"https:\\\/\\\/diariodelsurdigital.com.ar\\\/\"},{\"@type\":\"ListItem\",\"position\":2,\"name\":\"Para Azcu\u00e9, \u201cKueider, Urribarri y Bordet, se pueden llegar a desconocer, pero ac\u00e1 nos conocemos todos\u201d\"}]},{\"@type\":\"WebSite\",\"@id\":\"https:\\\/\\\/diariodelsurdigital.com.ar\\\/#website\",\"url\":\"https:\\\/\\\/diariodelsurdigital.com.ar\\\/\",\"name\":\"Diario del Sur\",\"description\":\"Digital\",\"potentialAction\":[{\"@type\":\"SearchAction\",\"target\":{\"@type\":\"EntryPoint\",\"urlTemplate\":\"https:\\\/\\\/diariodelsurdigital.com.ar\\\/?s={search_term_string}\"},\"query-input\":{\"@type\":\"PropertyValueSpecification\",\"valueRequired\":true,\"valueName\":\"search_term_string\"}}],\"inLanguage\":\"es\"},{\"@type\":\"Person\",\"@id\":\"https:\\\/\\\/diariodelsurdigital.com.ar\\\/#\\\/schema\\\/person\\\/6136a32571657f7dba980b88b04c5465\",\"name\":\"Diario del Sur Digital\",\"image\":{\"@type\":\"ImageObject\",\"inLanguage\":\"es\",\"@id\":\"https:\\\/\\\/secure.gravatar.com\\\/avatar\\\/4c29ceac98541dd42460b2474aaa5dd37594d6ce6cb3cf2c101d09b48ee287ba?s=96&d=mm&r=g\",\"url\":\"https:\\\/\\\/secure.gravatar.com\\\/avatar\\\/4c29ceac98541dd42460b2474aaa5dd37594d6ce6cb3cf2c101d09b48ee287ba?s=96&d=mm&r=g\",\"contentUrl\":\"https:\\\/\\\/secure.gravatar.com\\\/avatar\\\/4c29ceac98541dd42460b2474aaa5dd37594d6ce6cb3cf2c101d09b48ee287ba?s=96&d=mm&r=g\",\"caption\":\"Diario del Sur Digital\"},\"url\":\"https:\\\/\\\/diariodelsurdigital.com.ar\\\/?author=2\"}]}<\/script>\n<!-- \/ Yoast SEO plugin. -->","yoast_head_json":{"title":"Para Azcu\u00e9, \u201cKueider, Urribarri y Bordet, se pueden llegar a desconocer, pero ac\u00e1 nos conocemos todos\u201d - Diario del Sur","robots":{"index":"index","follow":"follow","max-snippet":"max-snippet:-1","max-image-preview":"max-image-preview:large","max-video-preview":"max-video-preview:-1"},"canonical":"https:\/\/diariodelsurdigital.com.ar\/?p=580","og_locale":"es_ES","og_type":"article","og_title":"Para Azcu\u00e9, \u201cKueider, Urribarri y Bordet, se pueden llegar a desconocer, pero ac\u00e1 nos conocemos todos\u201d - Diario del Sur","og_description":"En una extensa entrevista con un medio de Paran\u00e1, el intendente de Concordia, Francisco Azcu\u00e9, habl\u00f3 de todos los temas inherentes a Concordia, la labor de la gesti\u00f3n en el primer a\u00f1o de gobierno, y analiz\u00f3 lo que se viene en la pol\u00edtica ante un a\u00f1o electoral como ser\u00e1 2025. Tambi\u00e9n dej\u00f3 cr\u00edticas a Kueider, [&hellip;]","og_url":"https:\/\/diariodelsurdigital.com.ar\/?p=580","og_site_name":"Diario del Sur","article_published_time":"2025-01-14T18:14:59+00:00","article_modified_time":"2025-01-14T18:15:00+00:00","og_image":[{"width":487,"height":308,"url":"https:\/\/diariodelsurdigital.com.ar\/wp-content\/uploads\/2025\/01\/hq720.jpg","type":"image\/jpeg"}],"author":"Diario del Sur Digital","twitter_card":"summary_large_image","twitter_misc":{"Escrito por":"Diario del Sur Digital","Tiempo de lectura":"5 minutos"},"schema":{"@context":"https:\/\/schema.org","@graph":[{"@type":"Article","@id":"https:\/\/diariodelsurdigital.com.ar\/?p=580#article","isPartOf":{"@id":"https:\/\/diariodelsurdigital.com.ar\/?p=580"},"author":{"name":"Diario del Sur Digital","@id":"https:\/\/diariodelsurdigital.com.ar\/#\/schema\/person\/6136a32571657f7dba980b88b04c5465"},"headline":"Para Azcu\u00e9, \u201cKueider, Urribarri y Bordet, se pueden llegar a desconocer, pero ac\u00e1 nos conocemos todos\u201d","datePublished":"2025-01-14T18:14:59+00:00","dateModified":"2025-01-14T18:15:00+00:00","mainEntityOfPage":{"@id":"https:\/\/diariodelsurdigital.com.ar\/?p=580"},"wordCount":1004,"commentCount":1,"image":{"@id":"https:\/\/diariodelsurdigital.com.ar\/?p=580#primaryimage"},"thumbnailUrl":"https:\/\/diariodelsurdigital.com.ar\/wp-content\/uploads\/2025\/01\/hq720.jpg","articleSection":["Inter\u00e9s General"],"inLanguage":"es","potentialAction":[{"@type":"CommentAction","name":"Comment","target":["https:\/\/diariodelsurdigital.com.ar\/?p=580#respond"]}]},{"@type":"WebPage","@id":"https:\/\/diariodelsurdigital.com.ar\/?p=580","url":"https:\/\/diariodelsurdigital.com.ar\/?p=580","name":"Para Azcu\u00e9, \u201cKueider, Urribarri y Bordet, se pueden llegar a desconocer, pero ac\u00e1 nos conocemos todos\u201d - Diario del Sur","isPartOf":{"@id":"https:\/\/diariodelsurdigital.com.ar\/#website"},"primaryImageOfPage":{"@id":"https:\/\/diariodelsurdigital.com.ar\/?p=580#primaryimage"},"image":{"@id":"https:\/\/diariodelsurdigital.com.ar\/?p=580#primaryimage"},"thumbnailUrl":"https:\/\/diariodelsurdigital.com.ar\/wp-content\/uploads\/2025\/01\/hq720.jpg","datePublished":"2025-01-14T18:14:59+00:00","dateModified":"2025-01-14T18:15:00+00:00","author":{"@id":"https:\/\/diariodelsurdigital.com.ar\/#\/schema\/person\/6136a32571657f7dba980b88b04c5465"},"breadcrumb":{"@id":"https:\/\/diariodelsurdigital.com.ar\/?p=580#breadcrumb"},"inLanguage":"es","potentialAction":[{"@type":"ReadAction","target":["https:\/\/diariodelsurdigital.com.ar\/?p=580"]}]},{"@type":"ImageObject","inLanguage":"es","@id":"https:\/\/diariodelsurdigital.com.ar\/?p=580#primaryimage","url":"https:\/\/diariodelsurdigital.com.ar\/wp-content\/uploads\/2025\/01\/hq720.jpg","contentUrl":"https:\/\/diariodelsurdigital.com.ar\/wp-content\/uploads\/2025\/01\/hq720.jpg","width":487,"height":308},{"@type":"BreadcrumbList","@id":"https:\/\/diariodelsurdigital.com.ar\/?p=580#breadcrumb","itemListElement":[{"@type":"ListItem","position":1,"name":"Portada","item":"https:\/\/diariodelsurdigital.com.ar\/"},{"@type":"ListItem","position":2,"name":"Para Azcu\u00e9, \u201cKueider, Urribarri y Bordet, se pueden llegar a desconocer, pero ac\u00e1 nos conocemos todos\u201d"}]},{"@type":"WebSite","@id":"https:\/\/diariodelsurdigital.com.ar\/#website","url":"https:\/\/diariodelsurdigital.com.ar\/","name":"Diario del Sur","description":"Digital","potentialAction":[{"@type":"SearchAction","target":{"@type":"EntryPoint","urlTemplate":"https:\/\/diariodelsurdigital.com.ar\/?s={search_term_string}"},"query-input":{"@type":"PropertyValueSpecification","valueRequired":true,"valueName":"search_term_string"}}],"inLanguage":"es"},{"@type":"Person","@id":"https:\/\/diariodelsurdigital.com.ar\/#\/schema\/person\/6136a32571657f7dba980b88b04c5465","name":"Diario del Sur Digital","image":{"@type":"ImageObject","inLanguage":"es","@id":"https:\/\/secure.gravatar.com\/avatar\/4c29ceac98541dd42460b2474aaa5dd37594d6ce6cb3cf2c101d09b48ee287ba?s=96&d=mm&r=g","url":"https:\/\/secure.gravatar.com\/avatar\/4c29ceac98541dd42460b2474aaa5dd37594d6ce6cb3cf2c101d09b48ee287ba?s=96&d=mm&r=g","contentUrl":"https:\/\/secure.gravatar.com\/avatar\/4c29ceac98541dd42460b2474aaa5dd37594d6ce6cb3cf2c101d09b48ee287ba?s=96&d=mm&r=g","caption":"Diario del Sur Digital"},"url":"https:\/\/diariodelsurdigital.com.ar\/?author=2"}]}},"_links":{"self":[{"href":"https:\/\/diariodelsurdigital.com.ar\/index.php?rest_route=\/wp\/v2\/posts\/580","targetHints":{"allow":["GET"]}}],"collection":[{"href":"https:\/\/diariodelsurdigital.com.ar\/index.php?rest_route=\/wp\/v2\/posts"}],"about":[{"href":"https:\/\/diariodelsurdigital.com.ar\/index.php?rest_route=\/wp\/v2\/types\/post"}],"author":[{"embeddable":true,"href":"https:\/\/diariodelsurdigital.com.ar\/index.php?rest_route=\/wp\/v2\/users\/2"}],"replies":[{"embeddable":true,"href":"https:\/\/diariodelsurdigital.com.ar\/index.php?rest_route=%2Fwp%2Fv2%2Fcomments&post=580"}],"version-history":[{"count":1,"href":"https:\/\/diariodelsurdigital.com.ar\/index.php?rest_route=\/wp\/v2\/posts\/580\/revisions"}],"predecessor-version":[{"id":582,"href":"https:\/\/diariodelsurdigital.com.ar\/index.php?rest_route=\/wp\/v2\/posts\/580\/revisions\/582"}],"wp:featuredmedia":[{"embeddable":true,"href":"https:\/\/diariodelsurdigital.com.ar\/index.php?rest_route=\/wp\/v2\/media\/581"}],"wp:attachment":[{"href":"https:\/\/diariodelsurdigital.com.ar\/index.php?rest_route=%2Fwp%2Fv2%2Fmedia&parent=580"}],"wp:term":[{"taxonomy":"category","embeddable":true,"href":"https:\/\/diariodelsurdigital.com.ar\/index.php?rest_route=%2Fwp%2Fv2%2Fcategories&post=580"},{"taxonomy":"post_tag","embeddable":true,"href":"https:\/\/diariodelsurdigital.com.ar\/index.php?rest_route=%2Fwp%2Fv2%2Ftags&post=580"}],"curies":[{"name":"wp","href":"https:\/\/api.w.org\/{rel}","templated":true}]}}