{"id":5814,"date":"2025-11-21T10:07:40","date_gmt":"2025-11-21T13:07:40","guid":{"rendered":"https:\/\/diariodelsurdigital.com.ar\/?p=5814"},"modified":"2025-11-21T10:07:40","modified_gmt":"2025-11-21T13:07:40","slug":"la-verdad-de-la-milanesa-del-culebron-del-partido-justicialista-de-concordia","status":"publish","type":"post","link":"https:\/\/diariodelsurdigital.com.ar\/?p=5814","title":{"rendered":"La verdad de la milanesa del culebr\u00f3n del Partido Justicialista de Concordia"},"content":{"rendered":"\n<h4 class=\"wp-block-heading\">Esc\u00e1ndalo en el PJ de Concordia: denuncian un ingreso por la fuerza mediante un golpe de mano y una bochornosa maniobra para destituir al presidente Facundo Ru\u00edz D\u00edaz.<\/h4>\n\n\n\n<p>El Partido Justicialista de Concordia atraviesa una crisis sin precedentes tras un intento de desplazamiento compulsivo de su actual presidente, Facundo Ruiz D\u00edaz, impulsado por un sector interno encabezado por el Dr. Javier Orduna. La maniobra, que incluy\u00f3 la apertura de un libro de actas paralelo y un ingreso por la fuerza a la sede partidaria, habr\u00eda violado la carta org\u00e1nica y desatado un conflicto institucional de alto voltaje.<\/p>\n\n\n\n<figure class=\"wp-block-image size-full\"><img loading=\"lazy\" decoding=\"async\" width=\"430\" height=\"266\" src=\"https:\/\/diariodelsurdigital.com.ar\/wp-content\/uploads\/2025\/11\/Imagen-de-WhatsApp-2025-11-21-a-las-00.10.39_aee2771a.jpg\" alt=\"\" class=\"wp-image-5819\" srcset=\"https:\/\/diariodelsurdigital.com.ar\/wp-content\/uploads\/2025\/11\/Imagen-de-WhatsApp-2025-11-21-a-las-00.10.39_aee2771a.jpg 430w, https:\/\/diariodelsurdigital.com.ar\/wp-content\/uploads\/2025\/11\/Imagen-de-WhatsApp-2025-11-21-a-las-00.10.39_aee2771a-300x186.jpg 300w, https:\/\/diariodelsurdigital.com.ar\/wp-content\/uploads\/2025\/11\/Imagen-de-WhatsApp-2025-11-21-a-las-00.10.39_aee2771a-356x220.jpg 356w\" sizes=\"auto, (max-width: 430px) 100vw, 430px\" \/><\/figure>\n\n\n\n<p>(foto) Javier Orduna<\/p>\n\n\n\n<p>El origen del conflicto<\/p>\n\n\n\n<p>Todo comenz\u00f3 el 14 de noviembre, cuando un grupo de consejeros departamentales se reuni\u00f3 con la intenci\u00f3n de remover a Ruiz D\u00edaz y nombrar en su lugar a Facundo Gabriel P\u00e9rez. Sin embargo, quienes participaron de ese encuentro pertenecen \u00fanicamente al sector de Orduna, y la designaci\u00f3n de P\u00e9rez carecer\u00eda de validez ya que este es consejero suplente, sin voz ni voto.<\/p>\n\n\n\n<figure class=\"wp-block-image\"><a href=\"https:\/\/7paginas.com.ar\/wp-content\/uploads\/2025\/11\/2-55.jpg\"><img decoding=\"async\" src=\"https:\/\/7paginas.com.ar\/wp-content\/uploads\/2025\/11\/2-55-576x1024.jpg\" alt=\"\"\/><\/a><\/figure>\n\n\n\n<p>El sector justific\u00f3 la destituci\u00f3n asegurando que Ruiz D\u00edaz habr\u00eda militado para la lista del dirigente H\u00e9ctor Maya, presentada por fuera del justicialismo oficial. No obstante, la acci\u00f3n fue rechazada por el presidente, quien asegura contar con la mayor\u00eda del Consejo Departamental.<\/p>\n\n\n\n<p><strong>El libro de actas y la falta de qu\u00f3rum: el eje de la disputa<\/strong><\/p>\n\n\n\n<p>El libro oficial de actas del Consejo Departamental se encuentra bajo custodia de Ruiz D\u00edaz, y en \u00e9l no existe registro de ninguna modificaci\u00f3n en la presidencia. Adem\u00e1s, para que una sesi\u00f3n sea v\u00e1lida se necesitan ocho consejeros titulares presentes, pero el sector de Orduna habr\u00eda contado con solo seis.<\/p>\n\n\n\n<p>A esto se suma un dato clave: en el acta confeccionada por ese sector firman suplentes como si fueran titulares, entre ellos Mario Legarreta y el propio Facundo Gabriel P\u00e9rez, lo que reforzar\u00eda la sospecha de un procedimiento inv\u00e1lido, improcedente y \u201cviciado de nulidad\u201d.<\/p>\n\n\n\n<p>Ante la imposibilidad de acceder al libro oficial, el grupo opositor habr\u00eda abierto un segundo libro de actas, pr\u00e1ctica que no estar\u00eda avalada por las autoridades provinciales, ya que el PJ reconoce solo un registro institucional.<\/p>\n\n\n\n<p><strong>C\u00f3mo est\u00e1 conformado el Consejo Departamental<\/strong><\/p>\n\n\n\n<p>Titulares:<\/p>\n\n\n\n<p>Facundo Ruiz D\u00edaz, Yanina Barbona, N\u00e9stor Adente, Agnes P\u00e9rez, Carlos C\u00e1ceres, Natalia Brassat, Carlos Gonz\u00e1lez, Mar\u00eda Mengarelli, Juan Portugau (renunciado), Silvina P\u00e9rez, Kevin Inda, Sabrina Mazariche, Gast\u00f3n Echepare, Malvina C\u00e1ceres y Juan Buktenica.<\/p>\n\n\n\n<p>Suplentes:<\/p>\n\n\n\n<p>Mariela Moreno (renunci\u00f3), Ulises Barreto (fallecido), Dora M\u00e9ndez, Mario Legarreta, Julieta Ferrer, Facundo Gabriel P\u00e9rez y Lidia Bentos.<\/p>\n\n\n\n<p>Tras la renuncia de Portugau, el fallecimiento de Barreto y la renuncia de Moreno, deber\u00eda ascender como titular Dora M\u00e9ndez, quien seg\u00fan fuentes consultadas por 7Paginas, respalda la continuidad de Ruiz D\u00edaz. Esto le permitir\u00eda al presidente alcanzar los ocho votos necesarios para sostenerse en el cargo.<\/p>\n\n\n\n<p><strong>Los apoyos de cada sector<\/strong><\/p>\n\n\n\n<p><strong>A favor de Ruiz D\u00edaz:<\/strong><\/p>\n\n\n\n<p>\u00c9l mismo, Barbona, Agnes P\u00e9rez, Silvina P\u00e9rez, Inda, Etchepare, Buktenica y M\u00e9ndez.<\/p>\n\n\n\n<p><strong>Con el sector de Orduna:<\/strong><\/p>\n\n\n\n<p>Adente, Carlos C\u00e1ceres, Brassat, Gonz\u00e1lez, Mengarelli y Mazariche.<\/p>\n\n\n\n<p>Mar\u00eda C\u00e1ceres mantiene una postura reservada.<\/p>\n\n\n\n<p>Ingreso por la fuerza y denuncia policial<\/p>\n\n\n\n<p>La tensi\u00f3n escal\u00f3 durante la tarde del jueves, cuando personas vinculadas al sector opositor habr\u00edan ingresado por la fuerza a la sede del PJ y cambiado las cerraduras, en un accionar que bordea lo ilegal y que podr\u00eda configurar un delito.<\/p>\n\n\n\n<p>Tras el hecho, Ruiz D\u00edaz se present\u00f3 en la comisar\u00eda para radicar la denuncia correspondiente, dejando asentado el episodio y las irregularidades detectadas.<\/p>\n\n\n\n<p><strong>Un partido inmerso en una crisis in\u00e9dita<\/strong><\/p>\n\n\n\n<p>La interna del PJ de Concordia qued\u00f3 expuesta con una gravedad pocas veces vista, con acusaciones de ilegalidad, un libro de actas paralelo, cuestionamientos al qu\u00f3rum y un ingreso forzado al edificio partidario.<\/p>\n\n\n\n<p>Se espera que en los pr\u00f3ximos d\u00edas las autoridades provinciales analicen la situaci\u00f3n y definan los pasos a seguir ante un conflicto que promete continuar.<\/p>\n\n\n\n<p>Fuente: 7P\u00e1ginas<\/p>\n","protected":false},"excerpt":{"rendered":"<p>Esc\u00e1ndalo en el PJ de Concordia: denuncian un ingreso por la fuerza mediante un golpe de mano y una bochornosa maniobra para destituir al presidente Facundo Ru\u00edz D\u00edaz. El Partido Justicialista de Concordia atraviesa una crisis sin precedentes tras un intento de desplazamiento compulsivo de su actual presidente, Facundo Ruiz D\u00edaz, impulsado por un sector [&hellip;]<\/p>\n","protected":false},"author":2,"featured_media":5818,"comment_status":"open","ping_status":"open","sticky":false,"template":"","format":"standard","meta":{"footnotes":""},"categories":[16,22],"tags":[],"class_list":{"0":"post-5814","1":"post","2":"type-post","3":"status-publish","4":"format-standard","5":"has-post-thumbnail","7":"category-locales","8":"category-politica"},"yoast_head":"<!-- This site is optimized with the Yoast SEO plugin v27.4 - https:\/\/yoast.com\/product\/yoast-seo-wordpress\/ -->\n<title>La verdad de la milanesa del culebr\u00f3n del Partido Justicialista de Concordia - Diario del Sur<\/title>\n<meta name=\"robots\" content=\"index, follow, max-snippet:-1, max-image-preview:large, max-video-preview:-1\" \/>\n<link rel=\"canonical\" href=\"https:\/\/diariodelsurdigital.com.ar\/?p=5814\" \/>\n<meta property=\"og:locale\" content=\"es_ES\" \/>\n<meta property=\"og:type\" content=\"article\" \/>\n<meta property=\"og:title\" content=\"La verdad de la milanesa del culebr\u00f3n del Partido Justicialista de Concordia - Diario del Sur\" \/>\n<meta property=\"og:description\" content=\"Esc\u00e1ndalo en el PJ de Concordia: denuncian un ingreso por la fuerza mediante un golpe de mano y una bochornosa maniobra para destituir al presidente Facundo Ru\u00edz D\u00edaz. El Partido Justicialista de Concordia atraviesa una crisis sin precedentes tras un intento de desplazamiento compulsivo de su actual presidente, Facundo Ruiz D\u00edaz, impulsado por un sector [&hellip;]\" \/>\n<meta property=\"og:url\" content=\"https:\/\/diariodelsurdigital.com.ar\/?p=5814\" \/>\n<meta property=\"og:site_name\" content=\"Diario del Sur\" \/>\n<meta property=\"article:published_time\" content=\"2025-11-21T13:07:40+00:00\" \/>\n<meta property=\"og:image\" content=\"https:\/\/diariodelsurdigital.com.ar\/wp-content\/uploads\/2025\/11\/md-7.png\" \/>\n\t<meta property=\"og:image:width\" content=\"506\" \/>\n\t<meta property=\"og:image:height\" content=\"320\" \/>\n\t<meta property=\"og:image:type\" content=\"image\/png\" \/>\n<meta name=\"author\" content=\"Diario del Sur Digital\" \/>\n<meta name=\"twitter:card\" content=\"summary_large_image\" \/>\n<meta name=\"twitter:label1\" content=\"Escrito por\" \/>\n\t<meta name=\"twitter:data1\" content=\"Diario del Sur Digital\" \/>\n\t<meta name=\"twitter:label2\" content=\"Tiempo de lectura\" \/>\n\t<meta name=\"twitter:data2\" content=\"4 minutos\" \/>\n<script type=\"application\/ld+json\" class=\"yoast-schema-graph\">{\"@context\":\"https:\\\/\\\/schema.org\",\"@graph\":[{\"@type\":\"Article\",\"@id\":\"https:\\\/\\\/diariodelsurdigital.com.ar\\\/?p=5814#article\",\"isPartOf\":{\"@id\":\"https:\\\/\\\/diariodelsurdigital.com.ar\\\/?p=5814\"},\"author\":{\"name\":\"Diario del Sur Digital\",\"@id\":\"https:\\\/\\\/diariodelsurdigital.com.ar\\\/#\\\/schema\\\/person\\\/6136a32571657f7dba980b88b04c5465\"},\"headline\":\"La verdad de la milanesa del culebr\u00f3n del Partido Justicialista de Concordia\",\"datePublished\":\"2025-11-21T13:07:40+00:00\",\"mainEntityOfPage\":{\"@id\":\"https:\\\/\\\/diariodelsurdigital.com.ar\\\/?p=5814\"},\"wordCount\":716,\"commentCount\":0,\"image\":{\"@id\":\"https:\\\/\\\/diariodelsurdigital.com.ar\\\/?p=5814#primaryimage\"},\"thumbnailUrl\":\"https:\\\/\\\/diariodelsurdigital.com.ar\\\/wp-content\\\/uploads\\\/2025\\\/11\\\/md-7.png\",\"articleSection\":[\"Locales\",\"Pol\u00edtica\"],\"inLanguage\":\"es\",\"potentialAction\":[{\"@type\":\"CommentAction\",\"name\":\"Comment\",\"target\":[\"https:\\\/\\\/diariodelsurdigital.com.ar\\\/?p=5814#respond\"]}]},{\"@type\":\"WebPage\",\"@id\":\"https:\\\/\\\/diariodelsurdigital.com.ar\\\/?p=5814\",\"url\":\"https:\\\/\\\/diariodelsurdigital.com.ar\\\/?p=5814\",\"name\":\"La verdad de la milanesa del culebr\u00f3n del Partido Justicialista de Concordia - Diario del Sur\",\"isPartOf\":{\"@id\":\"https:\\\/\\\/diariodelsurdigital.com.ar\\\/#website\"},\"primaryImageOfPage\":{\"@id\":\"https:\\\/\\\/diariodelsurdigital.com.ar\\\/?p=5814#primaryimage\"},\"image\":{\"@id\":\"https:\\\/\\\/diariodelsurdigital.com.ar\\\/?p=5814#primaryimage\"},\"thumbnailUrl\":\"https:\\\/\\\/diariodelsurdigital.com.ar\\\/wp-content\\\/uploads\\\/2025\\\/11\\\/md-7.png\",\"datePublished\":\"2025-11-21T13:07:40+00:00\",\"author\":{\"@id\":\"https:\\\/\\\/diariodelsurdigital.com.ar\\\/#\\\/schema\\\/person\\\/6136a32571657f7dba980b88b04c5465\"},\"breadcrumb\":{\"@id\":\"https:\\\/\\\/diariodelsurdigital.com.ar\\\/?p=5814#breadcrumb\"},\"inLanguage\":\"es\",\"potentialAction\":[{\"@type\":\"ReadAction\",\"target\":[\"https:\\\/\\\/diariodelsurdigital.com.ar\\\/?p=5814\"]}]},{\"@type\":\"ImageObject\",\"inLanguage\":\"es\",\"@id\":\"https:\\\/\\\/diariodelsurdigital.com.ar\\\/?p=5814#primaryimage\",\"url\":\"https:\\\/\\\/diariodelsurdigital.com.ar\\\/wp-content\\\/uploads\\\/2025\\\/11\\\/md-7.png\",\"contentUrl\":\"https:\\\/\\\/diariodelsurdigital.com.ar\\\/wp-content\\\/uploads\\\/2025\\\/11\\\/md-7.png\",\"width\":506,\"height\":320},{\"@type\":\"BreadcrumbList\",\"@id\":\"https:\\\/\\\/diariodelsurdigital.com.ar\\\/?p=5814#breadcrumb\",\"itemListElement\":[{\"@type\":\"ListItem\",\"position\":1,\"name\":\"Portada\",\"item\":\"https:\\\/\\\/diariodelsurdigital.com.ar\\\/\"},{\"@type\":\"ListItem\",\"position\":2,\"name\":\"La verdad de la milanesa del culebr\u00f3n del Partido Justicialista de Concordia\"}]},{\"@type\":\"WebSite\",\"@id\":\"https:\\\/\\\/diariodelsurdigital.com.ar\\\/#website\",\"url\":\"https:\\\/\\\/diariodelsurdigital.com.ar\\\/\",\"name\":\"Diario del Sur\",\"description\":\"Digital\",\"potentialAction\":[{\"@type\":\"SearchAction\",\"target\":{\"@type\":\"EntryPoint\",\"urlTemplate\":\"https:\\\/\\\/diariodelsurdigital.com.ar\\\/?s={search_term_string}\"},\"query-input\":{\"@type\":\"PropertyValueSpecification\",\"valueRequired\":true,\"valueName\":\"search_term_string\"}}],\"inLanguage\":\"es\"},{\"@type\":\"Person\",\"@id\":\"https:\\\/\\\/diariodelsurdigital.com.ar\\\/#\\\/schema\\\/person\\\/6136a32571657f7dba980b88b04c5465\",\"name\":\"Diario del Sur Digital\",\"image\":{\"@type\":\"ImageObject\",\"inLanguage\":\"es\",\"@id\":\"https:\\\/\\\/secure.gravatar.com\\\/avatar\\\/4c29ceac98541dd42460b2474aaa5dd37594d6ce6cb3cf2c101d09b48ee287ba?s=96&d=mm&r=g\",\"url\":\"https:\\\/\\\/secure.gravatar.com\\\/avatar\\\/4c29ceac98541dd42460b2474aaa5dd37594d6ce6cb3cf2c101d09b48ee287ba?s=96&d=mm&r=g\",\"contentUrl\":\"https:\\\/\\\/secure.gravatar.com\\\/avatar\\\/4c29ceac98541dd42460b2474aaa5dd37594d6ce6cb3cf2c101d09b48ee287ba?s=96&d=mm&r=g\",\"caption\":\"Diario del Sur Digital\"},\"url\":\"https:\\\/\\\/diariodelsurdigital.com.ar\\\/?author=2\"}]}<\/script>\n<!-- \/ Yoast SEO plugin. -->","yoast_head_json":{"title":"La verdad de la milanesa del culebr\u00f3n del Partido Justicialista de Concordia - Diario del Sur","robots":{"index":"index","follow":"follow","max-snippet":"max-snippet:-1","max-image-preview":"max-image-preview:large","max-video-preview":"max-video-preview:-1"},"canonical":"https:\/\/diariodelsurdigital.com.ar\/?p=5814","og_locale":"es_ES","og_type":"article","og_title":"La verdad de la milanesa del culebr\u00f3n del Partido Justicialista de Concordia - Diario del Sur","og_description":"Esc\u00e1ndalo en el PJ de Concordia: denuncian un ingreso por la fuerza mediante un golpe de mano y una bochornosa maniobra para destituir al presidente Facundo Ru\u00edz D\u00edaz. El Partido Justicialista de Concordia atraviesa una crisis sin precedentes tras un intento de desplazamiento compulsivo de su actual presidente, Facundo Ruiz D\u00edaz, impulsado por un sector [&hellip;]","og_url":"https:\/\/diariodelsurdigital.com.ar\/?p=5814","og_site_name":"Diario del Sur","article_published_time":"2025-11-21T13:07:40+00:00","og_image":[{"width":506,"height":320,"url":"https:\/\/diariodelsurdigital.com.ar\/wp-content\/uploads\/2025\/11\/md-7.png","type":"image\/png"}],"author":"Diario del Sur Digital","twitter_card":"summary_large_image","twitter_misc":{"Escrito por":"Diario del Sur Digital","Tiempo de lectura":"4 minutos"},"schema":{"@context":"https:\/\/schema.org","@graph":[{"@type":"Article","@id":"https:\/\/diariodelsurdigital.com.ar\/?p=5814#article","isPartOf":{"@id":"https:\/\/diariodelsurdigital.com.ar\/?p=5814"},"author":{"name":"Diario del Sur Digital","@id":"https:\/\/diariodelsurdigital.com.ar\/#\/schema\/person\/6136a32571657f7dba980b88b04c5465"},"headline":"La verdad de la milanesa del culebr\u00f3n del Partido Justicialista de Concordia","datePublished":"2025-11-21T13:07:40+00:00","mainEntityOfPage":{"@id":"https:\/\/diariodelsurdigital.com.ar\/?p=5814"},"wordCount":716,"commentCount":0,"image":{"@id":"https:\/\/diariodelsurdigital.com.ar\/?p=5814#primaryimage"},"thumbnailUrl":"https:\/\/diariodelsurdigital.com.ar\/wp-content\/uploads\/2025\/11\/md-7.png","articleSection":["Locales","Pol\u00edtica"],"inLanguage":"es","potentialAction":[{"@type":"CommentAction","name":"Comment","target":["https:\/\/diariodelsurdigital.com.ar\/?p=5814#respond"]}]},{"@type":"WebPage","@id":"https:\/\/diariodelsurdigital.com.ar\/?p=5814","url":"https:\/\/diariodelsurdigital.com.ar\/?p=5814","name":"La verdad de la milanesa del culebr\u00f3n del Partido Justicialista de Concordia - Diario del Sur","isPartOf":{"@id":"https:\/\/diariodelsurdigital.com.ar\/#website"},"primaryImageOfPage":{"@id":"https:\/\/diariodelsurdigital.com.ar\/?p=5814#primaryimage"},"image":{"@id":"https:\/\/diariodelsurdigital.com.ar\/?p=5814#primaryimage"},"thumbnailUrl":"https:\/\/diariodelsurdigital.com.ar\/wp-content\/uploads\/2025\/11\/md-7.png","datePublished":"2025-11-21T13:07:40+00:00","author":{"@id":"https:\/\/diariodelsurdigital.com.ar\/#\/schema\/person\/6136a32571657f7dba980b88b04c5465"},"breadcrumb":{"@id":"https:\/\/diariodelsurdigital.com.ar\/?p=5814#breadcrumb"},"inLanguage":"es","potentialAction":[{"@type":"ReadAction","target":["https:\/\/diariodelsurdigital.com.ar\/?p=5814"]}]},{"@type":"ImageObject","inLanguage":"es","@id":"https:\/\/diariodelsurdigital.com.ar\/?p=5814#primaryimage","url":"https:\/\/diariodelsurdigital.com.ar\/wp-content\/uploads\/2025\/11\/md-7.png","contentUrl":"https:\/\/diariodelsurdigital.com.ar\/wp-content\/uploads\/2025\/11\/md-7.png","width":506,"height":320},{"@type":"BreadcrumbList","@id":"https:\/\/diariodelsurdigital.com.ar\/?p=5814#breadcrumb","itemListElement":[{"@type":"ListItem","position":1,"name":"Portada","item":"https:\/\/diariodelsurdigital.com.ar\/"},{"@type":"ListItem","position":2,"name":"La verdad de la milanesa del culebr\u00f3n del Partido Justicialista de Concordia"}]},{"@type":"WebSite","@id":"https:\/\/diariodelsurdigital.com.ar\/#website","url":"https:\/\/diariodelsurdigital.com.ar\/","name":"Diario del Sur","description":"Digital","potentialAction":[{"@type":"SearchAction","target":{"@type":"EntryPoint","urlTemplate":"https:\/\/diariodelsurdigital.com.ar\/?s={search_term_string}"},"query-input":{"@type":"PropertyValueSpecification","valueRequired":true,"valueName":"search_term_string"}}],"inLanguage":"es"},{"@type":"Person","@id":"https:\/\/diariodelsurdigital.com.ar\/#\/schema\/person\/6136a32571657f7dba980b88b04c5465","name":"Diario del Sur Digital","image":{"@type":"ImageObject","inLanguage":"es","@id":"https:\/\/secure.gravatar.com\/avatar\/4c29ceac98541dd42460b2474aaa5dd37594d6ce6cb3cf2c101d09b48ee287ba?s=96&d=mm&r=g","url":"https:\/\/secure.gravatar.com\/avatar\/4c29ceac98541dd42460b2474aaa5dd37594d6ce6cb3cf2c101d09b48ee287ba?s=96&d=mm&r=g","contentUrl":"https:\/\/secure.gravatar.com\/avatar\/4c29ceac98541dd42460b2474aaa5dd37594d6ce6cb3cf2c101d09b48ee287ba?s=96&d=mm&r=g","caption":"Diario del Sur Digital"},"url":"https:\/\/diariodelsurdigital.com.ar\/?author=2"}]}},"_links":{"self":[{"href":"https:\/\/diariodelsurdigital.com.ar\/index.php?rest_route=\/wp\/v2\/posts\/5814","targetHints":{"allow":["GET"]}}],"collection":[{"href":"https:\/\/diariodelsurdigital.com.ar\/index.php?rest_route=\/wp\/v2\/posts"}],"about":[{"href":"https:\/\/diariodelsurdigital.com.ar\/index.php?rest_route=\/wp\/v2\/types\/post"}],"author":[{"embeddable":true,"href":"https:\/\/diariodelsurdigital.com.ar\/index.php?rest_route=\/wp\/v2\/users\/2"}],"replies":[{"embeddable":true,"href":"https:\/\/diariodelsurdigital.com.ar\/index.php?rest_route=%2Fwp%2Fv2%2Fcomments&post=5814"}],"version-history":[{"count":1,"href":"https:\/\/diariodelsurdigital.com.ar\/index.php?rest_route=\/wp\/v2\/posts\/5814\/revisions"}],"predecessor-version":[{"id":5820,"href":"https:\/\/diariodelsurdigital.com.ar\/index.php?rest_route=\/wp\/v2\/posts\/5814\/revisions\/5820"}],"wp:featuredmedia":[{"embeddable":true,"href":"https:\/\/diariodelsurdigital.com.ar\/index.php?rest_route=\/wp\/v2\/media\/5818"}],"wp:attachment":[{"href":"https:\/\/diariodelsurdigital.com.ar\/index.php?rest_route=%2Fwp%2Fv2%2Fmedia&parent=5814"}],"wp:term":[{"taxonomy":"category","embeddable":true,"href":"https:\/\/diariodelsurdigital.com.ar\/index.php?rest_route=%2Fwp%2Fv2%2Fcategories&post=5814"},{"taxonomy":"post_tag","embeddable":true,"href":"https:\/\/diariodelsurdigital.com.ar\/index.php?rest_route=%2Fwp%2Fv2%2Ftags&post=5814"}],"curies":[{"name":"wp","href":"https:\/\/api.w.org\/{rel}","templated":true}]}}