{"id":5815,"date":"2025-11-21T10:00:18","date_gmt":"2025-11-21T13:00:18","guid":{"rendered":"https:\/\/diariodelsurdigital.com.ar\/?p=5815"},"modified":"2025-11-21T10:00:19","modified_gmt":"2025-11-21T13:00:19","slug":"importante-donacion-para-el-hospital-masvernat","status":"publish","type":"post","link":"https:\/\/diariodelsurdigital.com.ar\/?p=5815","title":{"rendered":"Importante donaci\u00f3n para el Hospital Masvernat"},"content":{"rendered":"\n<p><strong>La Asociaci\u00f3n Entrerriana de Anestesiolog\u00eda, Analgesia y Reanimaci\u00f3n (AEAAR) expres\u00f3 su firme compromiso de donar aparatolog\u00eda de \u00faltima generaci\u00f3n destinada al Servicio de Anestesiolog\u00eda del Hospital Delicia Concepci\u00f3n Masvernat.<\/strong><\/p>\n\n\n\n<figure class=\"wp-block-image\"><img decoding=\"async\" src=\"https:\/\/cdnartic.ar\/lGww5YJ0mbNMkr8t6qDWK0nFt68=\/1500x0\/filters:no_upscale():format(webp):quality(40)\/https:\/\/elheraldocdn.eleco.com.ar\/media\/2025\/11\/donacion_hospital_masvernat.jpg\" alt=\"Importante donaci\u00f3n para el Hospital Masvernat\"\/><\/figure>\n\n\n\n<p>Esta iniciativa tiene un objetivo estrictamente asistencial y refleja la convicci\u00f3n de la Asociaci\u00f3n de fortalecer la calidad de atenci\u00f3n y la seguridad de cada paciente.<br>Esta valiosa donaci\u00f3n permitir\u00e1: \u00a0Optimizar el servicio asistencial, mejorando la precisi\u00f3n y eficiencia de los procedimientos anestesiol\u00f3gicos. Elevar los est\u00e1ndares de seguridad del paciente, gracias a equipamiento moderno para un monitoreo m\u00e1s efectivo. \u00a0Actualizar la infraestructura tecnol\u00f3gica, acompa\u00f1ando los avances cient\u00edficos y t\u00e9cnicos. Fortalecer la formaci\u00f3n profesional, brindando herramientas de \u00faltima generaci\u00f3n para residentes y j\u00f3venes especialistas. El Dr. Joaqu\u00edn Marquevich, secretario general de AEAAR, destac\u00f3 que esta contribuci\u00f3n ser\u00e1 un beneficio directo para toda la comunidad asistida en el nosocomio y permitir\u00e1 seguir brindando un servicio de excelencia.<\/p>\n\n\n\n<p>Fuente: El Heraldo<\/p>\n","protected":false},"excerpt":{"rendered":"<p>La Asociaci\u00f3n Entrerriana de Anestesiolog\u00eda, Analgesia y Reanimaci\u00f3n (AEAAR) expres\u00f3 su firme compromiso de donar aparatolog\u00eda de \u00faltima generaci\u00f3n destinada al Servicio de Anestesiolog\u00eda del Hospital Delicia Concepci\u00f3n Masvernat. Esta iniciativa tiene un objetivo estrictamente asistencial y refleja la convicci\u00f3n de la Asociaci\u00f3n de fortalecer la calidad de atenci\u00f3n y la seguridad de cada paciente.Esta [&hellip;]<\/p>\n","protected":false},"author":3,"featured_media":5816,"comment_status":"open","ping_status":"open","sticky":false,"template":"","format":"standard","meta":{"footnotes":""},"categories":[16],"tags":[],"class_list":{"0":"post-5815","1":"post","2":"type-post","3":"status-publish","4":"format-standard","5":"has-post-thumbnail","7":"category-locales"},"yoast_head":"<!-- This site is optimized with the Yoast SEO plugin v27.4 - https:\/\/yoast.com\/product\/yoast-seo-wordpress\/ -->\n<title>Importante donaci\u00f3n para el Hospital Masvernat - Diario del Sur<\/title>\n<meta name=\"robots\" content=\"index, follow, max-snippet:-1, max-image-preview:large, max-video-preview:-1\" \/>\n<link rel=\"canonical\" href=\"https:\/\/diariodelsurdigital.com.ar\/?p=5815\" \/>\n<meta property=\"og:locale\" content=\"es_ES\" \/>\n<meta property=\"og:type\" content=\"article\" \/>\n<meta property=\"og:title\" content=\"Importante donaci\u00f3n para el Hospital Masvernat - Diario del Sur\" \/>\n<meta property=\"og:description\" content=\"La Asociaci\u00f3n Entrerriana de Anestesiolog\u00eda, Analgesia y Reanimaci\u00f3n (AEAAR) expres\u00f3 su firme compromiso de donar aparatolog\u00eda de \u00faltima generaci\u00f3n destinada al Servicio de Anestesiolog\u00eda del Hospital Delicia Concepci\u00f3n Masvernat. Esta iniciativa tiene un objetivo estrictamente asistencial y refleja la convicci\u00f3n de la Asociaci\u00f3n de fortalecer la calidad de atenci\u00f3n y la seguridad de cada paciente.Esta [&hellip;]\" \/>\n<meta property=\"og:url\" content=\"https:\/\/diariodelsurdigital.com.ar\/?p=5815\" \/>\n<meta property=\"og:site_name\" content=\"Diario del Sur\" \/>\n<meta property=\"article:published_time\" content=\"2025-11-21T13:00:18+00:00\" \/>\n<meta property=\"article:modified_time\" content=\"2025-11-21T13:00:19+00:00\" \/>\n<meta property=\"og:image\" content=\"https:\/\/diariodelsurdigital.com.ar\/wp-content\/uploads\/2025\/11\/donacion_hospital_masvernat.webp\" \/>\n\t<meta property=\"og:image:width\" content=\"800\" \/>\n\t<meta property=\"og:image:height\" content=\"413\" \/>\n\t<meta property=\"og:image:type\" content=\"image\/webp\" \/>\n<meta name=\"author\" content=\"Diario del Sur Digital\" \/>\n<meta name=\"twitter:card\" content=\"summary_large_image\" \/>\n<meta name=\"twitter:label1\" content=\"Escrito por\" \/>\n\t<meta name=\"twitter:data1\" content=\"Diario del Sur Digital\" \/>\n\t<meta name=\"twitter:label2\" content=\"Tiempo de lectura\" \/>\n\t<meta name=\"twitter:data2\" content=\"2 minutos\" \/>\n<script type=\"application\/ld+json\" class=\"yoast-schema-graph\">{\"@context\":\"https:\\\/\\\/schema.org\",\"@graph\":[{\"@type\":\"Article\",\"@id\":\"https:\\\/\\\/diariodelsurdigital.com.ar\\\/?p=5815#article\",\"isPartOf\":{\"@id\":\"https:\\\/\\\/diariodelsurdigital.com.ar\\\/?p=5815\"},\"author\":{\"name\":\"Diario del Sur Digital\",\"@id\":\"https:\\\/\\\/diariodelsurdigital.com.ar\\\/#\\\/schema\\\/person\\\/d794acb23337e88c6e4004a39c32be62\"},\"headline\":\"Importante donaci\u00f3n para el Hospital Masvernat\",\"datePublished\":\"2025-11-21T13:00:18+00:00\",\"dateModified\":\"2025-11-21T13:00:19+00:00\",\"mainEntityOfPage\":{\"@id\":\"https:\\\/\\\/diariodelsurdigital.com.ar\\\/?p=5815\"},\"wordCount\":178,\"commentCount\":0,\"image\":{\"@id\":\"https:\\\/\\\/diariodelsurdigital.com.ar\\\/?p=5815#primaryimage\"},\"thumbnailUrl\":\"https:\\\/\\\/diariodelsurdigital.com.ar\\\/wp-content\\\/uploads\\\/2025\\\/11\\\/donacion_hospital_masvernat.webp\",\"articleSection\":[\"Locales\"],\"inLanguage\":\"es\",\"potentialAction\":[{\"@type\":\"CommentAction\",\"name\":\"Comment\",\"target\":[\"https:\\\/\\\/diariodelsurdigital.com.ar\\\/?p=5815#respond\"]}]},{\"@type\":\"WebPage\",\"@id\":\"https:\\\/\\\/diariodelsurdigital.com.ar\\\/?p=5815\",\"url\":\"https:\\\/\\\/diariodelsurdigital.com.ar\\\/?p=5815\",\"name\":\"Importante donaci\u00f3n para el Hospital Masvernat - Diario del Sur\",\"isPartOf\":{\"@id\":\"https:\\\/\\\/diariodelsurdigital.com.ar\\\/#website\"},\"primaryImageOfPage\":{\"@id\":\"https:\\\/\\\/diariodelsurdigital.com.ar\\\/?p=5815#primaryimage\"},\"image\":{\"@id\":\"https:\\\/\\\/diariodelsurdigital.com.ar\\\/?p=5815#primaryimage\"},\"thumbnailUrl\":\"https:\\\/\\\/diariodelsurdigital.com.ar\\\/wp-content\\\/uploads\\\/2025\\\/11\\\/donacion_hospital_masvernat.webp\",\"datePublished\":\"2025-11-21T13:00:18+00:00\",\"dateModified\":\"2025-11-21T13:00:19+00:00\",\"author\":{\"@id\":\"https:\\\/\\\/diariodelsurdigital.com.ar\\\/#\\\/schema\\\/person\\\/d794acb23337e88c6e4004a39c32be62\"},\"breadcrumb\":{\"@id\":\"https:\\\/\\\/diariodelsurdigital.com.ar\\\/?p=5815#breadcrumb\"},\"inLanguage\":\"es\",\"potentialAction\":[{\"@type\":\"ReadAction\",\"target\":[\"https:\\\/\\\/diariodelsurdigital.com.ar\\\/?p=5815\"]}]},{\"@type\":\"ImageObject\",\"inLanguage\":\"es\",\"@id\":\"https:\\\/\\\/diariodelsurdigital.com.ar\\\/?p=5815#primaryimage\",\"url\":\"https:\\\/\\\/diariodelsurdigital.com.ar\\\/wp-content\\\/uploads\\\/2025\\\/11\\\/donacion_hospital_masvernat.webp\",\"contentUrl\":\"https:\\\/\\\/diariodelsurdigital.com.ar\\\/wp-content\\\/uploads\\\/2025\\\/11\\\/donacion_hospital_masvernat.webp\",\"width\":800,\"height\":413},{\"@type\":\"BreadcrumbList\",\"@id\":\"https:\\\/\\\/diariodelsurdigital.com.ar\\\/?p=5815#breadcrumb\",\"itemListElement\":[{\"@type\":\"ListItem\",\"position\":1,\"name\":\"Portada\",\"item\":\"https:\\\/\\\/diariodelsurdigital.com.ar\\\/\"},{\"@type\":\"ListItem\",\"position\":2,\"name\":\"Importante donaci\u00f3n para el Hospital Masvernat\"}]},{\"@type\":\"WebSite\",\"@id\":\"https:\\\/\\\/diariodelsurdigital.com.ar\\\/#website\",\"url\":\"https:\\\/\\\/diariodelsurdigital.com.ar\\\/\",\"name\":\"Diario del Sur\",\"description\":\"Digital\",\"potentialAction\":[{\"@type\":\"SearchAction\",\"target\":{\"@type\":\"EntryPoint\",\"urlTemplate\":\"https:\\\/\\\/diariodelsurdigital.com.ar\\\/?s={search_term_string}\"},\"query-input\":{\"@type\":\"PropertyValueSpecification\",\"valueRequired\":true,\"valueName\":\"search_term_string\"}}],\"inLanguage\":\"es\"},{\"@type\":\"Person\",\"@id\":\"https:\\\/\\\/diariodelsurdigital.com.ar\\\/#\\\/schema\\\/person\\\/d794acb23337e88c6e4004a39c32be62\",\"name\":\"Diario del Sur Digital\",\"image\":{\"@type\":\"ImageObject\",\"inLanguage\":\"es\",\"@id\":\"https:\\\/\\\/secure.gravatar.com\\\/avatar\\\/47679bcfa15734cfdefc176b6ad58adeeccac22b2e03e095ada6c622af2b463a?s=96&d=mm&r=g\",\"url\":\"https:\\\/\\\/secure.gravatar.com\\\/avatar\\\/47679bcfa15734cfdefc176b6ad58adeeccac22b2e03e095ada6c622af2b463a?s=96&d=mm&r=g\",\"contentUrl\":\"https:\\\/\\\/secure.gravatar.com\\\/avatar\\\/47679bcfa15734cfdefc176b6ad58adeeccac22b2e03e095ada6c622af2b463a?s=96&d=mm&r=g\",\"caption\":\"Diario del Sur Digital\"},\"url\":\"https:\\\/\\\/diariodelsurdigital.com.ar\\\/?author=3\"}]}<\/script>\n<!-- \/ Yoast SEO plugin. -->","yoast_head_json":{"title":"Importante donaci\u00f3n para el Hospital Masvernat - Diario del Sur","robots":{"index":"index","follow":"follow","max-snippet":"max-snippet:-1","max-image-preview":"max-image-preview:large","max-video-preview":"max-video-preview:-1"},"canonical":"https:\/\/diariodelsurdigital.com.ar\/?p=5815","og_locale":"es_ES","og_type":"article","og_title":"Importante donaci\u00f3n para el Hospital Masvernat - Diario del Sur","og_description":"La Asociaci\u00f3n Entrerriana de Anestesiolog\u00eda, Analgesia y Reanimaci\u00f3n (AEAAR) expres\u00f3 su firme compromiso de donar aparatolog\u00eda de \u00faltima generaci\u00f3n destinada al Servicio de Anestesiolog\u00eda del Hospital Delicia Concepci\u00f3n Masvernat. Esta iniciativa tiene un objetivo estrictamente asistencial y refleja la convicci\u00f3n de la Asociaci\u00f3n de fortalecer la calidad de atenci\u00f3n y la seguridad de cada paciente.Esta [&hellip;]","og_url":"https:\/\/diariodelsurdigital.com.ar\/?p=5815","og_site_name":"Diario del Sur","article_published_time":"2025-11-21T13:00:18+00:00","article_modified_time":"2025-11-21T13:00:19+00:00","og_image":[{"width":800,"height":413,"url":"https:\/\/diariodelsurdigital.com.ar\/wp-content\/uploads\/2025\/11\/donacion_hospital_masvernat.webp","type":"image\/webp"}],"author":"Diario del Sur Digital","twitter_card":"summary_large_image","twitter_misc":{"Escrito por":"Diario del Sur Digital","Tiempo de lectura":"2 minutos"},"schema":{"@context":"https:\/\/schema.org","@graph":[{"@type":"Article","@id":"https:\/\/diariodelsurdigital.com.ar\/?p=5815#article","isPartOf":{"@id":"https:\/\/diariodelsurdigital.com.ar\/?p=5815"},"author":{"name":"Diario del Sur Digital","@id":"https:\/\/diariodelsurdigital.com.ar\/#\/schema\/person\/d794acb23337e88c6e4004a39c32be62"},"headline":"Importante donaci\u00f3n para el Hospital Masvernat","datePublished":"2025-11-21T13:00:18+00:00","dateModified":"2025-11-21T13:00:19+00:00","mainEntityOfPage":{"@id":"https:\/\/diariodelsurdigital.com.ar\/?p=5815"},"wordCount":178,"commentCount":0,"image":{"@id":"https:\/\/diariodelsurdigital.com.ar\/?p=5815#primaryimage"},"thumbnailUrl":"https:\/\/diariodelsurdigital.com.ar\/wp-content\/uploads\/2025\/11\/donacion_hospital_masvernat.webp","articleSection":["Locales"],"inLanguage":"es","potentialAction":[{"@type":"CommentAction","name":"Comment","target":["https:\/\/diariodelsurdigital.com.ar\/?p=5815#respond"]}]},{"@type":"WebPage","@id":"https:\/\/diariodelsurdigital.com.ar\/?p=5815","url":"https:\/\/diariodelsurdigital.com.ar\/?p=5815","name":"Importante donaci\u00f3n para el Hospital Masvernat - Diario del Sur","isPartOf":{"@id":"https:\/\/diariodelsurdigital.com.ar\/#website"},"primaryImageOfPage":{"@id":"https:\/\/diariodelsurdigital.com.ar\/?p=5815#primaryimage"},"image":{"@id":"https:\/\/diariodelsurdigital.com.ar\/?p=5815#primaryimage"},"thumbnailUrl":"https:\/\/diariodelsurdigital.com.ar\/wp-content\/uploads\/2025\/11\/donacion_hospital_masvernat.webp","datePublished":"2025-11-21T13:00:18+00:00","dateModified":"2025-11-21T13:00:19+00:00","author":{"@id":"https:\/\/diariodelsurdigital.com.ar\/#\/schema\/person\/d794acb23337e88c6e4004a39c32be62"},"breadcrumb":{"@id":"https:\/\/diariodelsurdigital.com.ar\/?p=5815#breadcrumb"},"inLanguage":"es","potentialAction":[{"@type":"ReadAction","target":["https:\/\/diariodelsurdigital.com.ar\/?p=5815"]}]},{"@type":"ImageObject","inLanguage":"es","@id":"https:\/\/diariodelsurdigital.com.ar\/?p=5815#primaryimage","url":"https:\/\/diariodelsurdigital.com.ar\/wp-content\/uploads\/2025\/11\/donacion_hospital_masvernat.webp","contentUrl":"https:\/\/diariodelsurdigital.com.ar\/wp-content\/uploads\/2025\/11\/donacion_hospital_masvernat.webp","width":800,"height":413},{"@type":"BreadcrumbList","@id":"https:\/\/diariodelsurdigital.com.ar\/?p=5815#breadcrumb","itemListElement":[{"@type":"ListItem","position":1,"name":"Portada","item":"https:\/\/diariodelsurdigital.com.ar\/"},{"@type":"ListItem","position":2,"name":"Importante donaci\u00f3n para el Hospital Masvernat"}]},{"@type":"WebSite","@id":"https:\/\/diariodelsurdigital.com.ar\/#website","url":"https:\/\/diariodelsurdigital.com.ar\/","name":"Diario del Sur","description":"Digital","potentialAction":[{"@type":"SearchAction","target":{"@type":"EntryPoint","urlTemplate":"https:\/\/diariodelsurdigital.com.ar\/?s={search_term_string}"},"query-input":{"@type":"PropertyValueSpecification","valueRequired":true,"valueName":"search_term_string"}}],"inLanguage":"es"},{"@type":"Person","@id":"https:\/\/diariodelsurdigital.com.ar\/#\/schema\/person\/d794acb23337e88c6e4004a39c32be62","name":"Diario del Sur Digital","image":{"@type":"ImageObject","inLanguage":"es","@id":"https:\/\/secure.gravatar.com\/avatar\/47679bcfa15734cfdefc176b6ad58adeeccac22b2e03e095ada6c622af2b463a?s=96&d=mm&r=g","url":"https:\/\/secure.gravatar.com\/avatar\/47679bcfa15734cfdefc176b6ad58adeeccac22b2e03e095ada6c622af2b463a?s=96&d=mm&r=g","contentUrl":"https:\/\/secure.gravatar.com\/avatar\/47679bcfa15734cfdefc176b6ad58adeeccac22b2e03e095ada6c622af2b463a?s=96&d=mm&r=g","caption":"Diario del Sur Digital"},"url":"https:\/\/diariodelsurdigital.com.ar\/?author=3"}]}},"_links":{"self":[{"href":"https:\/\/diariodelsurdigital.com.ar\/index.php?rest_route=\/wp\/v2\/posts\/5815","targetHints":{"allow":["GET"]}}],"collection":[{"href":"https:\/\/diariodelsurdigital.com.ar\/index.php?rest_route=\/wp\/v2\/posts"}],"about":[{"href":"https:\/\/diariodelsurdigital.com.ar\/index.php?rest_route=\/wp\/v2\/types\/post"}],"author":[{"embeddable":true,"href":"https:\/\/diariodelsurdigital.com.ar\/index.php?rest_route=\/wp\/v2\/users\/3"}],"replies":[{"embeddable":true,"href":"https:\/\/diariodelsurdigital.com.ar\/index.php?rest_route=%2Fwp%2Fv2%2Fcomments&post=5815"}],"version-history":[{"count":1,"href":"https:\/\/diariodelsurdigital.com.ar\/index.php?rest_route=\/wp\/v2\/posts\/5815\/revisions"}],"predecessor-version":[{"id":5817,"href":"https:\/\/diariodelsurdigital.com.ar\/index.php?rest_route=\/wp\/v2\/posts\/5815\/revisions\/5817"}],"wp:featuredmedia":[{"embeddable":true,"href":"https:\/\/diariodelsurdigital.com.ar\/index.php?rest_route=\/wp\/v2\/media\/5816"}],"wp:attachment":[{"href":"https:\/\/diariodelsurdigital.com.ar\/index.php?rest_route=%2Fwp%2Fv2%2Fmedia&parent=5815"}],"wp:term":[{"taxonomy":"category","embeddable":true,"href":"https:\/\/diariodelsurdigital.com.ar\/index.php?rest_route=%2Fwp%2Fv2%2Fcategories&post=5815"},{"taxonomy":"post_tag","embeddable":true,"href":"https:\/\/diariodelsurdigital.com.ar\/index.php?rest_route=%2Fwp%2Fv2%2Ftags&post=5815"}],"curies":[{"name":"wp","href":"https:\/\/api.w.org\/{rel}","templated":true}]}}