{"id":5828,"date":"2025-11-21T10:26:15","date_gmt":"2025-11-21T13:26:15","guid":{"rendered":"https:\/\/diariodelsurdigital.com.ar\/?p=5828"},"modified":"2025-11-21T10:26:15","modified_gmt":"2025-11-21T13:26:15","slug":"ate-indec-actualizo-el-salario-minimo-por-arriba-de-dos-millones-y-reclamo-un-aumento-de-emergencia-del-118","status":"publish","type":"post","link":"https:\/\/diariodelsurdigital.com.ar\/?p=5828","title":{"rendered":"ATE Indec actualiz\u00f3 el salario m\u00ednimo por arriba de dos millones y reclam\u00f3 un aumento de emergencia del 118%"},"content":{"rendered":"\n<p>Un informe de la Asociaci\u00f3n Trabajadores del Estado (ATE) Indec revel\u00f3 que una familia necesit\u00f3 en octubre m\u00e1s de 2 millones de pesos para cubrir consumos m\u00ednimos. Denunci\u00f3 una p\u00e9rdida salarial hist\u00f3rica del 54,8% desde 2015, exigi\u00f3 un aumento de emergencia del 118%, paritarias abiertas y medidas urgentes para frenar el deterioro del salaio estatal. Tambi\u00e9n abord\u00f3 la situaci\u00f3n cr\u00edtica de los monotributistas, con m\u00e1s de un a\u00f1o con ingresos congelados, sin aguinaldo ni adicionales por presentismo.<\/p>\n\n\n\n<p><\/p>\n\n\n\n<p>Un documento elaborado por la Asociaci\u00f3n Trabajadores del Estado (ATE) que se desempe\u00f1an en el Instituto Nacional de Estad\u00edsticas y Censos (Indec) revel\u00f3 que, en octubre de 2025, un empleado necesit\u00f3 2.027.283 pesos para cubrir las necesidades m\u00ednimas de un hogar compuesto por dos adultos y dos hijos en edad escolar. El informe titulado \u201c\u00bfCu\u00e1l deber\u00eda ser nuestro salario como m\u00ednimo?\u201d denunci\u00f3 un deterioro acelerado del poder adquisitivo, una p\u00e9rdida estructural de ingresos y la ausencia de respuestas del Gobierno nacional ante la crisis social.<\/p>\n\n\n\n<p>El informe exhibe que el ajuste econ\u00f3mico que se implementa desde el Gobierno Nacional \u201cgolpea de forma especial a quienes sostienen el funcionamiento del Estado\u201d. A\u00f1ade que con los aumentos constantes en prepagas, transporte, educaci\u00f3n privada, electricidad y combustibles, la inflaci\u00f3n contin\u00faa erosionando la capacidad real de compra de los salarios p\u00fablicos.<\/p>\n\n\n\n<p>Un pliego con medidas inmediatas<\/p>\n\n\n\n<p>El sindicato exige una serie de medidas inmediatas entre las que se destacaron el aumento de emergencia del 118%, en una sola cuota, para compensar la p\u00e9rdida salarial acumulada entre 2015 y 2025; la reapertura urgente de la mesa paritaria, sin topes y con actualizaci\u00f3n real; un bono mensual de 250.000 pesos para todos los trabajadores estatales; el pase a planta permanente sin quita salarial; ning\u00fan despido y reincorporaci\u00f3n de trabajadores cesanteados y ning\u00fan salario por debajo de la l\u00ednea de pobreza, incluidos los jubilados.<\/p>\n\n\n\n<p>El documento concluye con una advertencia: \u201cNo hay margen para m\u00e1s p\u00e9rdida salarial\u201d. La negociaci\u00f3n con el Gobierno ser\u00e1 clave para determinar si estas demandas encuentran respuesta o si el conflicto se profundiza en los pr\u00f3ximos meses.<\/p>\n\n\n\n<p>M\u00e1s de dos millones de pesos solo para cubrir gastos b\u00e1sicos<\/p>\n\n\n\n<p>De acuerdo con el ejercicio presentado, la canasta alimentaria m\u00ednima para una familia tipo en octubre ascendi\u00f3 a 691.887 pesos, mientras que otros consumos esenciales sumaron 1.335.396 pesos. As\u00ed se lleg\u00f3 a un total de m\u00e1s de dos millones de pesos solo para cubrir gastos b\u00e1sicos.<\/p>\n\n\n\n<p>El documento aclara que estas cifras corresponden a las llamadas \u201cCanastas de Consumos M\u00ednimos\u201d, una metodolog\u00eda desarrollada en el Indec pero a\u00fan no utilizada oficialmente. Este enfoque permite estimar de forma m\u00e1s precisa los gastos reales de un hogar urbano promedio.<\/p>\n\n\n\n<p>A nivel regional, todas las canastas superan ampliamente el mill\u00f3n y medio de pesos, con la Patagonia como la zona m\u00e1s costosa.<\/p>\n\n\n\n<p>Con libertad la inflaci\u00f3n acumulada fue del 241%<\/p>\n\n\n\n<p>Desde la asunci\u00f3n del Gobierno de La Libertad Avanza (LLA), la inflaci\u00f3n acumulada alcanza el 241%, mientras que la p\u00e9rdida del poder de compra para un trabajador testigo del SINEP se ubica en el 28,25%.<\/p>\n\n\n\n<p>Si se toma como referencia el salario de diciembre de 2015, 10.191 pesos, y se lo actualiza por inflaci\u00f3n, hoy deber\u00eda ser de 1.417.335 pesos. Sin embargo, el salario real actual es de 636.289 pesos, lo que implica una ca\u00edda hist\u00f3rica del 54,8%, equivalente a 41 canastas b\u00e1sicas de octubre.<\/p>\n\n\n\n<p>El informe tambi\u00e9n detalla la situaci\u00f3n cr\u00edtica de los trabajadores monotributistas, quienes llevan m\u00e1s de un a\u00f1o con ingresos congelados, sin aguinaldo ni adicionales por presentismo.<\/p>\n\n\n\n<p>Con un salario neto promedio de 706.302,88 pesos, estos trabajadores acumulan una p\u00e9rdida equivalente a 7,6 meses de honorarios en los \u00faltimos 93 meses, lo que representa 5.368.253 pesos no recuperados.<\/p>\n","protected":false},"excerpt":{"rendered":"<p>Un informe de la Asociaci\u00f3n Trabajadores del Estado (ATE) Indec revel\u00f3 que una familia necesit\u00f3 en octubre m\u00e1s de 2 millones de pesos para cubrir consumos m\u00ednimos. Denunci\u00f3 una p\u00e9rdida salarial hist\u00f3rica del 54,8% desde 2015, exigi\u00f3 un aumento de emergencia del 118%, paritarias abiertas y medidas urgentes para frenar el deterioro del salaio estatal. [&hellip;]<\/p>\n","protected":false},"author":4,"featured_media":5829,"comment_status":"open","ping_status":"open","sticky":false,"template":"","format":"standard","meta":{"footnotes":""},"categories":[19,18],"tags":[],"class_list":{"0":"post-5828","1":"post","2":"type-post","3":"status-publish","4":"format-standard","5":"has-post-thumbnail","7":"category-interes-general","8":"category-nacionales"},"yoast_head":"<!-- This site is optimized with the Yoast SEO plugin v27.4 - https:\/\/yoast.com\/product\/yoast-seo-wordpress\/ -->\n<title>ATE Indec actualiz\u00f3 el salario m\u00ednimo por arriba de dos millones y reclam\u00f3 un aumento de emergencia del 118% - Diario del Sur<\/title>\n<meta name=\"robots\" content=\"index, follow, max-snippet:-1, max-image-preview:large, max-video-preview:-1\" \/>\n<link rel=\"canonical\" href=\"https:\/\/diariodelsurdigital.com.ar\/?p=5828\" \/>\n<meta property=\"og:locale\" content=\"es_ES\" \/>\n<meta property=\"og:type\" content=\"article\" \/>\n<meta property=\"og:title\" content=\"ATE Indec actualiz\u00f3 el salario m\u00ednimo por arriba de dos millones y reclam\u00f3 un aumento de emergencia del 118% - Diario del Sur\" \/>\n<meta property=\"og:description\" content=\"Un informe de la Asociaci\u00f3n Trabajadores del Estado (ATE) Indec revel\u00f3 que una familia necesit\u00f3 en octubre m\u00e1s de 2 millones de pesos para cubrir consumos m\u00ednimos. Denunci\u00f3 una p\u00e9rdida salarial hist\u00f3rica del 54,8% desde 2015, exigi\u00f3 un aumento de emergencia del 118%, paritarias abiertas y medidas urgentes para frenar el deterioro del salaio estatal. [&hellip;]\" \/>\n<meta property=\"og:url\" content=\"https:\/\/diariodelsurdigital.com.ar\/?p=5828\" \/>\n<meta property=\"og:site_name\" content=\"Diario del Sur\" \/>\n<meta property=\"article:published_time\" content=\"2025-11-21T13:26:15+00:00\" \/>\n<meta property=\"og:image\" content=\"https:\/\/diariodelsurdigital.com.ar\/wp-content\/uploads\/2025\/11\/md-30.webp\" \/>\n\t<meta property=\"og:image:width\" content=\"992\" \/>\n\t<meta property=\"og:image:height\" content=\"687\" \/>\n\t<meta property=\"og:image:type\" content=\"image\/webp\" \/>\n<meta name=\"author\" content=\"Diario del Sur Digital\" \/>\n<meta name=\"twitter:card\" content=\"summary_large_image\" \/>\n<meta name=\"twitter:label1\" content=\"Escrito por\" \/>\n\t<meta name=\"twitter:data1\" content=\"Diario del Sur Digital\" \/>\n\t<meta name=\"twitter:label2\" content=\"Tiempo de lectura\" \/>\n\t<meta name=\"twitter:data2\" content=\"4 minutos\" \/>\n<script type=\"application\/ld+json\" class=\"yoast-schema-graph\">{\"@context\":\"https:\\\/\\\/schema.org\",\"@graph\":[{\"@type\":\"Article\",\"@id\":\"https:\\\/\\\/diariodelsurdigital.com.ar\\\/?p=5828#article\",\"isPartOf\":{\"@id\":\"https:\\\/\\\/diariodelsurdigital.com.ar\\\/?p=5828\"},\"author\":{\"name\":\"Diario del Sur Digital\",\"@id\":\"https:\\\/\\\/diariodelsurdigital.com.ar\\\/#\\\/schema\\\/person\\\/1a4992532ed62965c968031b49195c81\"},\"headline\":\"ATE Indec actualiz\u00f3 el salario m\u00ednimo por arriba de dos millones y reclam\u00f3 un aumento de emergencia del 118%\",\"datePublished\":\"2025-11-21T13:26:15+00:00\",\"mainEntityOfPage\":{\"@id\":\"https:\\\/\\\/diariodelsurdigital.com.ar\\\/?p=5828\"},\"wordCount\":665,\"commentCount\":0,\"image\":{\"@id\":\"https:\\\/\\\/diariodelsurdigital.com.ar\\\/?p=5828#primaryimage\"},\"thumbnailUrl\":\"https:\\\/\\\/diariodelsurdigital.com.ar\\\/wp-content\\\/uploads\\\/2025\\\/11\\\/md-30.webp\",\"articleSection\":[\"Inter\u00e9s General\",\"Nacionales\"],\"inLanguage\":\"es\",\"potentialAction\":[{\"@type\":\"CommentAction\",\"name\":\"Comment\",\"target\":[\"https:\\\/\\\/diariodelsurdigital.com.ar\\\/?p=5828#respond\"]}]},{\"@type\":\"WebPage\",\"@id\":\"https:\\\/\\\/diariodelsurdigital.com.ar\\\/?p=5828\",\"url\":\"https:\\\/\\\/diariodelsurdigital.com.ar\\\/?p=5828\",\"name\":\"ATE Indec actualiz\u00f3 el salario m\u00ednimo por arriba de dos millones y reclam\u00f3 un aumento de emergencia del 118% - Diario del Sur\",\"isPartOf\":{\"@id\":\"https:\\\/\\\/diariodelsurdigital.com.ar\\\/#website\"},\"primaryImageOfPage\":{\"@id\":\"https:\\\/\\\/diariodelsurdigital.com.ar\\\/?p=5828#primaryimage\"},\"image\":{\"@id\":\"https:\\\/\\\/diariodelsurdigital.com.ar\\\/?p=5828#primaryimage\"},\"thumbnailUrl\":\"https:\\\/\\\/diariodelsurdigital.com.ar\\\/wp-content\\\/uploads\\\/2025\\\/11\\\/md-30.webp\",\"datePublished\":\"2025-11-21T13:26:15+00:00\",\"author\":{\"@id\":\"https:\\\/\\\/diariodelsurdigital.com.ar\\\/#\\\/schema\\\/person\\\/1a4992532ed62965c968031b49195c81\"},\"breadcrumb\":{\"@id\":\"https:\\\/\\\/diariodelsurdigital.com.ar\\\/?p=5828#breadcrumb\"},\"inLanguage\":\"es\",\"potentialAction\":[{\"@type\":\"ReadAction\",\"target\":[\"https:\\\/\\\/diariodelsurdigital.com.ar\\\/?p=5828\"]}]},{\"@type\":\"ImageObject\",\"inLanguage\":\"es\",\"@id\":\"https:\\\/\\\/diariodelsurdigital.com.ar\\\/?p=5828#primaryimage\",\"url\":\"https:\\\/\\\/diariodelsurdigital.com.ar\\\/wp-content\\\/uploads\\\/2025\\\/11\\\/md-30.webp\",\"contentUrl\":\"https:\\\/\\\/diariodelsurdigital.com.ar\\\/wp-content\\\/uploads\\\/2025\\\/11\\\/md-30.webp\",\"width\":992,\"height\":687},{\"@type\":\"BreadcrumbList\",\"@id\":\"https:\\\/\\\/diariodelsurdigital.com.ar\\\/?p=5828#breadcrumb\",\"itemListElement\":[{\"@type\":\"ListItem\",\"position\":1,\"name\":\"Portada\",\"item\":\"https:\\\/\\\/diariodelsurdigital.com.ar\\\/\"},{\"@type\":\"ListItem\",\"position\":2,\"name\":\"ATE Indec actualiz\u00f3 el salario m\u00ednimo por arriba de dos millones y reclam\u00f3 un aumento de emergencia del 118%\"}]},{\"@type\":\"WebSite\",\"@id\":\"https:\\\/\\\/diariodelsurdigital.com.ar\\\/#website\",\"url\":\"https:\\\/\\\/diariodelsurdigital.com.ar\\\/\",\"name\":\"Diario del Sur\",\"description\":\"Digital\",\"potentialAction\":[{\"@type\":\"SearchAction\",\"target\":{\"@type\":\"EntryPoint\",\"urlTemplate\":\"https:\\\/\\\/diariodelsurdigital.com.ar\\\/?s={search_term_string}\"},\"query-input\":{\"@type\":\"PropertyValueSpecification\",\"valueRequired\":true,\"valueName\":\"search_term_string\"}}],\"inLanguage\":\"es\"},{\"@type\":\"Person\",\"@id\":\"https:\\\/\\\/diariodelsurdigital.com.ar\\\/#\\\/schema\\\/person\\\/1a4992532ed62965c968031b49195c81\",\"name\":\"Diario del Sur Digital\",\"image\":{\"@type\":\"ImageObject\",\"inLanguage\":\"es\",\"@id\":\"https:\\\/\\\/secure.gravatar.com\\\/avatar\\\/f0c7c47fc7146d19828273b9b8eda651c9c7ab583767e6338d3d3bee825adf76?s=96&d=mm&r=g\",\"url\":\"https:\\\/\\\/secure.gravatar.com\\\/avatar\\\/f0c7c47fc7146d19828273b9b8eda651c9c7ab583767e6338d3d3bee825adf76?s=96&d=mm&r=g\",\"contentUrl\":\"https:\\\/\\\/secure.gravatar.com\\\/avatar\\\/f0c7c47fc7146d19828273b9b8eda651c9c7ab583767e6338d3d3bee825adf76?s=96&d=mm&r=g\",\"caption\":\"Diario del Sur Digital\"},\"url\":\"https:\\\/\\\/diariodelsurdigital.com.ar\\\/?author=4\"}]}<\/script>\n<!-- \/ Yoast SEO plugin. -->","yoast_head_json":{"title":"ATE Indec actualiz\u00f3 el salario m\u00ednimo por arriba de dos millones y reclam\u00f3 un aumento de emergencia del 118% - Diario del Sur","robots":{"index":"index","follow":"follow","max-snippet":"max-snippet:-1","max-image-preview":"max-image-preview:large","max-video-preview":"max-video-preview:-1"},"canonical":"https:\/\/diariodelsurdigital.com.ar\/?p=5828","og_locale":"es_ES","og_type":"article","og_title":"ATE Indec actualiz\u00f3 el salario m\u00ednimo por arriba de dos millones y reclam\u00f3 un aumento de emergencia del 118% - Diario del Sur","og_description":"Un informe de la Asociaci\u00f3n Trabajadores del Estado (ATE) Indec revel\u00f3 que una familia necesit\u00f3 en octubre m\u00e1s de 2 millones de pesos para cubrir consumos m\u00ednimos. Denunci\u00f3 una p\u00e9rdida salarial hist\u00f3rica del 54,8% desde 2015, exigi\u00f3 un aumento de emergencia del 118%, paritarias abiertas y medidas urgentes para frenar el deterioro del salaio estatal. [&hellip;]","og_url":"https:\/\/diariodelsurdigital.com.ar\/?p=5828","og_site_name":"Diario del Sur","article_published_time":"2025-11-21T13:26:15+00:00","og_image":[{"width":992,"height":687,"url":"https:\/\/diariodelsurdigital.com.ar\/wp-content\/uploads\/2025\/11\/md-30.webp","type":"image\/webp"}],"author":"Diario del Sur Digital","twitter_card":"summary_large_image","twitter_misc":{"Escrito por":"Diario del Sur Digital","Tiempo de lectura":"4 minutos"},"schema":{"@context":"https:\/\/schema.org","@graph":[{"@type":"Article","@id":"https:\/\/diariodelsurdigital.com.ar\/?p=5828#article","isPartOf":{"@id":"https:\/\/diariodelsurdigital.com.ar\/?p=5828"},"author":{"name":"Diario del Sur Digital","@id":"https:\/\/diariodelsurdigital.com.ar\/#\/schema\/person\/1a4992532ed62965c968031b49195c81"},"headline":"ATE Indec actualiz\u00f3 el salario m\u00ednimo por arriba de dos millones y reclam\u00f3 un aumento de emergencia del 118%","datePublished":"2025-11-21T13:26:15+00:00","mainEntityOfPage":{"@id":"https:\/\/diariodelsurdigital.com.ar\/?p=5828"},"wordCount":665,"commentCount":0,"image":{"@id":"https:\/\/diariodelsurdigital.com.ar\/?p=5828#primaryimage"},"thumbnailUrl":"https:\/\/diariodelsurdigital.com.ar\/wp-content\/uploads\/2025\/11\/md-30.webp","articleSection":["Inter\u00e9s General","Nacionales"],"inLanguage":"es","potentialAction":[{"@type":"CommentAction","name":"Comment","target":["https:\/\/diariodelsurdigital.com.ar\/?p=5828#respond"]}]},{"@type":"WebPage","@id":"https:\/\/diariodelsurdigital.com.ar\/?p=5828","url":"https:\/\/diariodelsurdigital.com.ar\/?p=5828","name":"ATE Indec actualiz\u00f3 el salario m\u00ednimo por arriba de dos millones y reclam\u00f3 un aumento de emergencia del 118% - Diario del Sur","isPartOf":{"@id":"https:\/\/diariodelsurdigital.com.ar\/#website"},"primaryImageOfPage":{"@id":"https:\/\/diariodelsurdigital.com.ar\/?p=5828#primaryimage"},"image":{"@id":"https:\/\/diariodelsurdigital.com.ar\/?p=5828#primaryimage"},"thumbnailUrl":"https:\/\/diariodelsurdigital.com.ar\/wp-content\/uploads\/2025\/11\/md-30.webp","datePublished":"2025-11-21T13:26:15+00:00","author":{"@id":"https:\/\/diariodelsurdigital.com.ar\/#\/schema\/person\/1a4992532ed62965c968031b49195c81"},"breadcrumb":{"@id":"https:\/\/diariodelsurdigital.com.ar\/?p=5828#breadcrumb"},"inLanguage":"es","potentialAction":[{"@type":"ReadAction","target":["https:\/\/diariodelsurdigital.com.ar\/?p=5828"]}]},{"@type":"ImageObject","inLanguage":"es","@id":"https:\/\/diariodelsurdigital.com.ar\/?p=5828#primaryimage","url":"https:\/\/diariodelsurdigital.com.ar\/wp-content\/uploads\/2025\/11\/md-30.webp","contentUrl":"https:\/\/diariodelsurdigital.com.ar\/wp-content\/uploads\/2025\/11\/md-30.webp","width":992,"height":687},{"@type":"BreadcrumbList","@id":"https:\/\/diariodelsurdigital.com.ar\/?p=5828#breadcrumb","itemListElement":[{"@type":"ListItem","position":1,"name":"Portada","item":"https:\/\/diariodelsurdigital.com.ar\/"},{"@type":"ListItem","position":2,"name":"ATE Indec actualiz\u00f3 el salario m\u00ednimo por arriba de dos millones y reclam\u00f3 un aumento de emergencia del 118%"}]},{"@type":"WebSite","@id":"https:\/\/diariodelsurdigital.com.ar\/#website","url":"https:\/\/diariodelsurdigital.com.ar\/","name":"Diario del Sur","description":"Digital","potentialAction":[{"@type":"SearchAction","target":{"@type":"EntryPoint","urlTemplate":"https:\/\/diariodelsurdigital.com.ar\/?s={search_term_string}"},"query-input":{"@type":"PropertyValueSpecification","valueRequired":true,"valueName":"search_term_string"}}],"inLanguage":"es"},{"@type":"Person","@id":"https:\/\/diariodelsurdigital.com.ar\/#\/schema\/person\/1a4992532ed62965c968031b49195c81","name":"Diario del Sur Digital","image":{"@type":"ImageObject","inLanguage":"es","@id":"https:\/\/secure.gravatar.com\/avatar\/f0c7c47fc7146d19828273b9b8eda651c9c7ab583767e6338d3d3bee825adf76?s=96&d=mm&r=g","url":"https:\/\/secure.gravatar.com\/avatar\/f0c7c47fc7146d19828273b9b8eda651c9c7ab583767e6338d3d3bee825adf76?s=96&d=mm&r=g","contentUrl":"https:\/\/secure.gravatar.com\/avatar\/f0c7c47fc7146d19828273b9b8eda651c9c7ab583767e6338d3d3bee825adf76?s=96&d=mm&r=g","caption":"Diario del Sur Digital"},"url":"https:\/\/diariodelsurdigital.com.ar\/?author=4"}]}},"_links":{"self":[{"href":"https:\/\/diariodelsurdigital.com.ar\/index.php?rest_route=\/wp\/v2\/posts\/5828","targetHints":{"allow":["GET"]}}],"collection":[{"href":"https:\/\/diariodelsurdigital.com.ar\/index.php?rest_route=\/wp\/v2\/posts"}],"about":[{"href":"https:\/\/diariodelsurdigital.com.ar\/index.php?rest_route=\/wp\/v2\/types\/post"}],"author":[{"embeddable":true,"href":"https:\/\/diariodelsurdigital.com.ar\/index.php?rest_route=\/wp\/v2\/users\/4"}],"replies":[{"embeddable":true,"href":"https:\/\/diariodelsurdigital.com.ar\/index.php?rest_route=%2Fwp%2Fv2%2Fcomments&post=5828"}],"version-history":[{"count":1,"href":"https:\/\/diariodelsurdigital.com.ar\/index.php?rest_route=\/wp\/v2\/posts\/5828\/revisions"}],"predecessor-version":[{"id":5830,"href":"https:\/\/diariodelsurdigital.com.ar\/index.php?rest_route=\/wp\/v2\/posts\/5828\/revisions\/5830"}],"wp:featuredmedia":[{"embeddable":true,"href":"https:\/\/diariodelsurdigital.com.ar\/index.php?rest_route=\/wp\/v2\/media\/5829"}],"wp:attachment":[{"href":"https:\/\/diariodelsurdigital.com.ar\/index.php?rest_route=%2Fwp%2Fv2%2Fmedia&parent=5828"}],"wp:term":[{"taxonomy":"category","embeddable":true,"href":"https:\/\/diariodelsurdigital.com.ar\/index.php?rest_route=%2Fwp%2Fv2%2Fcategories&post=5828"},{"taxonomy":"post_tag","embeddable":true,"href":"https:\/\/diariodelsurdigital.com.ar\/index.php?rest_route=%2Fwp%2Fv2%2Ftags&post=5828"}],"curies":[{"name":"wp","href":"https:\/\/api.w.org\/{rel}","templated":true}]}}