{"id":5844,"date":"2025-11-21T22:57:23","date_gmt":"2025-11-22T01:57:23","guid":{"rendered":"https:\/\/diariodelsurdigital.com.ar\/?p=5844"},"modified":"2025-11-21T22:57:23","modified_gmt":"2025-11-22T01:57:23","slug":"actividades-de-la-visita-del-superheroe-el-argentino-en-concordia","status":"publish","type":"post","link":"https:\/\/diariodelsurdigital.com.ar\/?p=5844","title":{"rendered":"Actividades de la visita del superh\u00e9roe \u201cEl Argentino\u201d en Concordia"},"content":{"rendered":"\n<p><strong>El pr\u00f3ximo s\u00e1bado 29 de noviembre, en el marco del 194\u00b0 aniversario de Concordia, la ciudad recibir\u00e1 por primera vez al superh\u00e9roe nacional \u201cEl Argentino\u201d, quien llegar\u00e1 junto al \u201cClub de H\u00e9roes\u201d para llevar adelante una misi\u00f3n solidaria.<\/strong><\/p>\n\n\n\n<figure class=\"wp-block-image\"><img decoding=\"async\" src=\"https:\/\/cdnartic.ar\/8bVUfZ3Tnp93c18Kk-11nLtbbms=\/1500x0\/filters:no_upscale():format(webp):quality(40)\/https:\/\/elheraldocdn.eleco.com.ar\/media\/2025\/11\/superheroe_el_argentino_1.jpeg\" alt=\"Actividades de la visita del superh\u00e9roe \u201cEl Argentino\u201d en Concordia\"\/><\/figure>\n\n\n\n<p>Durante la ma\u00f1ana, \u201cEl Argentino\u201d&nbsp;<strong>visitar\u00e1 el Hospital Masvernat<\/strong>, donde recorrer\u00e1 la sala de internaci\u00f3n pedi\u00e1trica y entregar\u00e1 peque\u00f1os obsequios a las ni\u00f1as y ni\u00f1os internados.<\/p>\n\n\n\n<p>A partir de las 16 hs,&nbsp;<strong>continuar\u00e1 la jornada en el Club Nebel<\/strong>, donde se desarrollar\u00e1 un encuentro abierto con la comunidad.<\/p>\n\n\n\n<p>M\u00e1s tarde, el superh\u00e9roe realizar\u00e1 un&nbsp;<strong>recorrido por la plaza 25 de Mayo y la peatonal local<\/strong>, generando un espacio de intercambio y participaci\u00f3n con vecinos y visitantes.<\/p>\n\n\n\n<p><strong>\u201cEl Argentino\u201d, personaje creado por Dami\u00e1n Knight<\/strong>, destac\u00f3 en sus redes sociales que esta misi\u00f3n marca un momento especial, ya que ser\u00e1 la primera realizada fuera de Buenos Aires, dando inicio a un recorrido que buscar\u00e1 llegar a distintas provincias del pa\u00eds.<\/p>\n\n\n\n<p>La elecci\u00f3n de Concordia cobra un valor simb\u00f3lico adicional:&nbsp;<strong>la misi\u00f3n se llevar\u00e1 a cabo en un d\u00eda que coincide con el aniversario de la ciudad<\/strong>, reforzando el sentido comunitario y el prop\u00f3sito central de promover valores como la esperanza, el compromiso y la empat\u00eda.<\/p>\n\n\n\n<p>Con esta visita,&nbsp;<strong>la Capital Nacional del Citrus se convierte en la primera ciudad del interior en recibir una misi\u00f3n oficial del superh\u00e9roe nacional<\/strong>, abriendo la puerta a futuras acciones solidarias en otras regiones del pa\u00eds.<\/p>\n\n\n\n<p>Fuente: El Heraldo<\/p>\n","protected":false},"excerpt":{"rendered":"<p>El pr\u00f3ximo s\u00e1bado 29 de noviembre, en el marco del 194\u00b0 aniversario de Concordia, la ciudad recibir\u00e1 por primera vez al superh\u00e9roe nacional \u201cEl Argentino\u201d, quien llegar\u00e1 junto al \u201cClub de H\u00e9roes\u201d para llevar adelante una misi\u00f3n solidaria. Durante la ma\u00f1ana, \u201cEl Argentino\u201d&nbsp;visitar\u00e1 el Hospital Masvernat, donde recorrer\u00e1 la sala de internaci\u00f3n pedi\u00e1trica y entregar\u00e1 [&hellip;]<\/p>\n","protected":false},"author":3,"featured_media":5845,"comment_status":"open","ping_status":"open","sticky":false,"template":"","format":"standard","meta":{"footnotes":""},"categories":[16],"tags":[],"class_list":{"0":"post-5844","1":"post","2":"type-post","3":"status-publish","4":"format-standard","5":"has-post-thumbnail","7":"category-locales"},"yoast_head":"<!-- This site is optimized with the Yoast SEO plugin v27.4 - https:\/\/yoast.com\/product\/yoast-seo-wordpress\/ -->\n<title>Actividades de la visita del superh\u00e9roe \u201cEl Argentino\u201d en Concordia - Diario del Sur<\/title>\n<meta name=\"robots\" content=\"index, follow, max-snippet:-1, max-image-preview:large, max-video-preview:-1\" \/>\n<link rel=\"canonical\" href=\"https:\/\/diariodelsurdigital.com.ar\/?p=5844\" \/>\n<meta property=\"og:locale\" content=\"es_ES\" \/>\n<meta property=\"og:type\" content=\"article\" \/>\n<meta property=\"og:title\" content=\"Actividades de la visita del superh\u00e9roe \u201cEl Argentino\u201d en Concordia - Diario del Sur\" \/>\n<meta property=\"og:description\" content=\"El pr\u00f3ximo s\u00e1bado 29 de noviembre, en el marco del 194\u00b0 aniversario de Concordia, la ciudad recibir\u00e1 por primera vez al superh\u00e9roe nacional \u201cEl Argentino\u201d, quien llegar\u00e1 junto al \u201cClub de H\u00e9roes\u201d para llevar adelante una misi\u00f3n solidaria. Durante la ma\u00f1ana, \u201cEl Argentino\u201d&nbsp;visitar\u00e1 el Hospital Masvernat, donde recorrer\u00e1 la sala de internaci\u00f3n pedi\u00e1trica y entregar\u00e1 [&hellip;]\" \/>\n<meta property=\"og:url\" content=\"https:\/\/diariodelsurdigital.com.ar\/?p=5844\" \/>\n<meta property=\"og:site_name\" content=\"Diario del Sur\" \/>\n<meta property=\"article:published_time\" content=\"2025-11-22T01:57:23+00:00\" \/>\n<meta property=\"og:image\" content=\"https:\/\/diariodelsurdigital.com.ar\/wp-content\/uploads\/2025\/11\/superheroe_el_argentino_1.webp\" \/>\n\t<meta property=\"og:image:width\" content=\"1024\" \/>\n\t<meta property=\"og:image:height\" content=\"768\" \/>\n\t<meta property=\"og:image:type\" content=\"image\/webp\" \/>\n<meta name=\"author\" content=\"Diario del Sur Digital\" \/>\n<meta name=\"twitter:card\" content=\"summary_large_image\" \/>\n<meta name=\"twitter:label1\" content=\"Escrito por\" \/>\n\t<meta name=\"twitter:data1\" content=\"Diario del Sur Digital\" \/>\n\t<meta name=\"twitter:label2\" content=\"Tiempo de lectura\" \/>\n\t<meta name=\"twitter:data2\" content=\"2 minutos\" \/>\n<script type=\"application\/ld+json\" class=\"yoast-schema-graph\">{\"@context\":\"https:\\\/\\\/schema.org\",\"@graph\":[{\"@type\":\"Article\",\"@id\":\"https:\\\/\\\/diariodelsurdigital.com.ar\\\/?p=5844#article\",\"isPartOf\":{\"@id\":\"https:\\\/\\\/diariodelsurdigital.com.ar\\\/?p=5844\"},\"author\":{\"name\":\"Diario del Sur Digital\",\"@id\":\"https:\\\/\\\/diariodelsurdigital.com.ar\\\/#\\\/schema\\\/person\\\/d794acb23337e88c6e4004a39c32be62\"},\"headline\":\"Actividades de la visita del superh\u00e9roe \u201cEl Argentino\u201d en Concordia\",\"datePublished\":\"2025-11-22T01:57:23+00:00\",\"mainEntityOfPage\":{\"@id\":\"https:\\\/\\\/diariodelsurdigital.com.ar\\\/?p=5844\"},\"wordCount\":278,\"commentCount\":0,\"image\":{\"@id\":\"https:\\\/\\\/diariodelsurdigital.com.ar\\\/?p=5844#primaryimage\"},\"thumbnailUrl\":\"https:\\\/\\\/diariodelsurdigital.com.ar\\\/wp-content\\\/uploads\\\/2025\\\/11\\\/superheroe_el_argentino_1.webp\",\"articleSection\":[\"Locales\"],\"inLanguage\":\"es\",\"potentialAction\":[{\"@type\":\"CommentAction\",\"name\":\"Comment\",\"target\":[\"https:\\\/\\\/diariodelsurdigital.com.ar\\\/?p=5844#respond\"]}]},{\"@type\":\"WebPage\",\"@id\":\"https:\\\/\\\/diariodelsurdigital.com.ar\\\/?p=5844\",\"url\":\"https:\\\/\\\/diariodelsurdigital.com.ar\\\/?p=5844\",\"name\":\"Actividades de la visita del superh\u00e9roe \u201cEl Argentino\u201d en Concordia - Diario del Sur\",\"isPartOf\":{\"@id\":\"https:\\\/\\\/diariodelsurdigital.com.ar\\\/#website\"},\"primaryImageOfPage\":{\"@id\":\"https:\\\/\\\/diariodelsurdigital.com.ar\\\/?p=5844#primaryimage\"},\"image\":{\"@id\":\"https:\\\/\\\/diariodelsurdigital.com.ar\\\/?p=5844#primaryimage\"},\"thumbnailUrl\":\"https:\\\/\\\/diariodelsurdigital.com.ar\\\/wp-content\\\/uploads\\\/2025\\\/11\\\/superheroe_el_argentino_1.webp\",\"datePublished\":\"2025-11-22T01:57:23+00:00\",\"author\":{\"@id\":\"https:\\\/\\\/diariodelsurdigital.com.ar\\\/#\\\/schema\\\/person\\\/d794acb23337e88c6e4004a39c32be62\"},\"breadcrumb\":{\"@id\":\"https:\\\/\\\/diariodelsurdigital.com.ar\\\/?p=5844#breadcrumb\"},\"inLanguage\":\"es\",\"potentialAction\":[{\"@type\":\"ReadAction\",\"target\":[\"https:\\\/\\\/diariodelsurdigital.com.ar\\\/?p=5844\"]}]},{\"@type\":\"ImageObject\",\"inLanguage\":\"es\",\"@id\":\"https:\\\/\\\/diariodelsurdigital.com.ar\\\/?p=5844#primaryimage\",\"url\":\"https:\\\/\\\/diariodelsurdigital.com.ar\\\/wp-content\\\/uploads\\\/2025\\\/11\\\/superheroe_el_argentino_1.webp\",\"contentUrl\":\"https:\\\/\\\/diariodelsurdigital.com.ar\\\/wp-content\\\/uploads\\\/2025\\\/11\\\/superheroe_el_argentino_1.webp\",\"width\":1024,\"height\":768},{\"@type\":\"BreadcrumbList\",\"@id\":\"https:\\\/\\\/diariodelsurdigital.com.ar\\\/?p=5844#breadcrumb\",\"itemListElement\":[{\"@type\":\"ListItem\",\"position\":1,\"name\":\"Portada\",\"item\":\"https:\\\/\\\/diariodelsurdigital.com.ar\\\/\"},{\"@type\":\"ListItem\",\"position\":2,\"name\":\"Actividades de la visita del superh\u00e9roe \u201cEl Argentino\u201d en Concordia\"}]},{\"@type\":\"WebSite\",\"@id\":\"https:\\\/\\\/diariodelsurdigital.com.ar\\\/#website\",\"url\":\"https:\\\/\\\/diariodelsurdigital.com.ar\\\/\",\"name\":\"Diario del Sur\",\"description\":\"Digital\",\"potentialAction\":[{\"@type\":\"SearchAction\",\"target\":{\"@type\":\"EntryPoint\",\"urlTemplate\":\"https:\\\/\\\/diariodelsurdigital.com.ar\\\/?s={search_term_string}\"},\"query-input\":{\"@type\":\"PropertyValueSpecification\",\"valueRequired\":true,\"valueName\":\"search_term_string\"}}],\"inLanguage\":\"es\"},{\"@type\":\"Person\",\"@id\":\"https:\\\/\\\/diariodelsurdigital.com.ar\\\/#\\\/schema\\\/person\\\/d794acb23337e88c6e4004a39c32be62\",\"name\":\"Diario del Sur Digital\",\"image\":{\"@type\":\"ImageObject\",\"inLanguage\":\"es\",\"@id\":\"https:\\\/\\\/secure.gravatar.com\\\/avatar\\\/47679bcfa15734cfdefc176b6ad58adeeccac22b2e03e095ada6c622af2b463a?s=96&d=mm&r=g\",\"url\":\"https:\\\/\\\/secure.gravatar.com\\\/avatar\\\/47679bcfa15734cfdefc176b6ad58adeeccac22b2e03e095ada6c622af2b463a?s=96&d=mm&r=g\",\"contentUrl\":\"https:\\\/\\\/secure.gravatar.com\\\/avatar\\\/47679bcfa15734cfdefc176b6ad58adeeccac22b2e03e095ada6c622af2b463a?s=96&d=mm&r=g\",\"caption\":\"Diario del Sur Digital\"},\"url\":\"https:\\\/\\\/diariodelsurdigital.com.ar\\\/?author=3\"}]}<\/script>\n<!-- \/ Yoast SEO plugin. -->","yoast_head_json":{"title":"Actividades de la visita del superh\u00e9roe \u201cEl Argentino\u201d en Concordia - Diario del Sur","robots":{"index":"index","follow":"follow","max-snippet":"max-snippet:-1","max-image-preview":"max-image-preview:large","max-video-preview":"max-video-preview:-1"},"canonical":"https:\/\/diariodelsurdigital.com.ar\/?p=5844","og_locale":"es_ES","og_type":"article","og_title":"Actividades de la visita del superh\u00e9roe \u201cEl Argentino\u201d en Concordia - Diario del Sur","og_description":"El pr\u00f3ximo s\u00e1bado 29 de noviembre, en el marco del 194\u00b0 aniversario de Concordia, la ciudad recibir\u00e1 por primera vez al superh\u00e9roe nacional \u201cEl Argentino\u201d, quien llegar\u00e1 junto al \u201cClub de H\u00e9roes\u201d para llevar adelante una misi\u00f3n solidaria. Durante la ma\u00f1ana, \u201cEl Argentino\u201d&nbsp;visitar\u00e1 el Hospital Masvernat, donde recorrer\u00e1 la sala de internaci\u00f3n pedi\u00e1trica y entregar\u00e1 [&hellip;]","og_url":"https:\/\/diariodelsurdigital.com.ar\/?p=5844","og_site_name":"Diario del Sur","article_published_time":"2025-11-22T01:57:23+00:00","og_image":[{"width":1024,"height":768,"url":"https:\/\/diariodelsurdigital.com.ar\/wp-content\/uploads\/2025\/11\/superheroe_el_argentino_1.webp","type":"image\/webp"}],"author":"Diario del Sur Digital","twitter_card":"summary_large_image","twitter_misc":{"Escrito por":"Diario del Sur Digital","Tiempo de lectura":"2 minutos"},"schema":{"@context":"https:\/\/schema.org","@graph":[{"@type":"Article","@id":"https:\/\/diariodelsurdigital.com.ar\/?p=5844#article","isPartOf":{"@id":"https:\/\/diariodelsurdigital.com.ar\/?p=5844"},"author":{"name":"Diario del Sur Digital","@id":"https:\/\/diariodelsurdigital.com.ar\/#\/schema\/person\/d794acb23337e88c6e4004a39c32be62"},"headline":"Actividades de la visita del superh\u00e9roe \u201cEl Argentino\u201d en Concordia","datePublished":"2025-11-22T01:57:23+00:00","mainEntityOfPage":{"@id":"https:\/\/diariodelsurdigital.com.ar\/?p=5844"},"wordCount":278,"commentCount":0,"image":{"@id":"https:\/\/diariodelsurdigital.com.ar\/?p=5844#primaryimage"},"thumbnailUrl":"https:\/\/diariodelsurdigital.com.ar\/wp-content\/uploads\/2025\/11\/superheroe_el_argentino_1.webp","articleSection":["Locales"],"inLanguage":"es","potentialAction":[{"@type":"CommentAction","name":"Comment","target":["https:\/\/diariodelsurdigital.com.ar\/?p=5844#respond"]}]},{"@type":"WebPage","@id":"https:\/\/diariodelsurdigital.com.ar\/?p=5844","url":"https:\/\/diariodelsurdigital.com.ar\/?p=5844","name":"Actividades de la visita del superh\u00e9roe \u201cEl Argentino\u201d en Concordia - Diario del Sur","isPartOf":{"@id":"https:\/\/diariodelsurdigital.com.ar\/#website"},"primaryImageOfPage":{"@id":"https:\/\/diariodelsurdigital.com.ar\/?p=5844#primaryimage"},"image":{"@id":"https:\/\/diariodelsurdigital.com.ar\/?p=5844#primaryimage"},"thumbnailUrl":"https:\/\/diariodelsurdigital.com.ar\/wp-content\/uploads\/2025\/11\/superheroe_el_argentino_1.webp","datePublished":"2025-11-22T01:57:23+00:00","author":{"@id":"https:\/\/diariodelsurdigital.com.ar\/#\/schema\/person\/d794acb23337e88c6e4004a39c32be62"},"breadcrumb":{"@id":"https:\/\/diariodelsurdigital.com.ar\/?p=5844#breadcrumb"},"inLanguage":"es","potentialAction":[{"@type":"ReadAction","target":["https:\/\/diariodelsurdigital.com.ar\/?p=5844"]}]},{"@type":"ImageObject","inLanguage":"es","@id":"https:\/\/diariodelsurdigital.com.ar\/?p=5844#primaryimage","url":"https:\/\/diariodelsurdigital.com.ar\/wp-content\/uploads\/2025\/11\/superheroe_el_argentino_1.webp","contentUrl":"https:\/\/diariodelsurdigital.com.ar\/wp-content\/uploads\/2025\/11\/superheroe_el_argentino_1.webp","width":1024,"height":768},{"@type":"BreadcrumbList","@id":"https:\/\/diariodelsurdigital.com.ar\/?p=5844#breadcrumb","itemListElement":[{"@type":"ListItem","position":1,"name":"Portada","item":"https:\/\/diariodelsurdigital.com.ar\/"},{"@type":"ListItem","position":2,"name":"Actividades de la visita del superh\u00e9roe \u201cEl Argentino\u201d en Concordia"}]},{"@type":"WebSite","@id":"https:\/\/diariodelsurdigital.com.ar\/#website","url":"https:\/\/diariodelsurdigital.com.ar\/","name":"Diario del Sur","description":"Digital","potentialAction":[{"@type":"SearchAction","target":{"@type":"EntryPoint","urlTemplate":"https:\/\/diariodelsurdigital.com.ar\/?s={search_term_string}"},"query-input":{"@type":"PropertyValueSpecification","valueRequired":true,"valueName":"search_term_string"}}],"inLanguage":"es"},{"@type":"Person","@id":"https:\/\/diariodelsurdigital.com.ar\/#\/schema\/person\/d794acb23337e88c6e4004a39c32be62","name":"Diario del Sur Digital","image":{"@type":"ImageObject","inLanguage":"es","@id":"https:\/\/secure.gravatar.com\/avatar\/47679bcfa15734cfdefc176b6ad58adeeccac22b2e03e095ada6c622af2b463a?s=96&d=mm&r=g","url":"https:\/\/secure.gravatar.com\/avatar\/47679bcfa15734cfdefc176b6ad58adeeccac22b2e03e095ada6c622af2b463a?s=96&d=mm&r=g","contentUrl":"https:\/\/secure.gravatar.com\/avatar\/47679bcfa15734cfdefc176b6ad58adeeccac22b2e03e095ada6c622af2b463a?s=96&d=mm&r=g","caption":"Diario del Sur Digital"},"url":"https:\/\/diariodelsurdigital.com.ar\/?author=3"}]}},"_links":{"self":[{"href":"https:\/\/diariodelsurdigital.com.ar\/index.php?rest_route=\/wp\/v2\/posts\/5844","targetHints":{"allow":["GET"]}}],"collection":[{"href":"https:\/\/diariodelsurdigital.com.ar\/index.php?rest_route=\/wp\/v2\/posts"}],"about":[{"href":"https:\/\/diariodelsurdigital.com.ar\/index.php?rest_route=\/wp\/v2\/types\/post"}],"author":[{"embeddable":true,"href":"https:\/\/diariodelsurdigital.com.ar\/index.php?rest_route=\/wp\/v2\/users\/3"}],"replies":[{"embeddable":true,"href":"https:\/\/diariodelsurdigital.com.ar\/index.php?rest_route=%2Fwp%2Fv2%2Fcomments&post=5844"}],"version-history":[{"count":1,"href":"https:\/\/diariodelsurdigital.com.ar\/index.php?rest_route=\/wp\/v2\/posts\/5844\/revisions"}],"predecessor-version":[{"id":5846,"href":"https:\/\/diariodelsurdigital.com.ar\/index.php?rest_route=\/wp\/v2\/posts\/5844\/revisions\/5846"}],"wp:featuredmedia":[{"embeddable":true,"href":"https:\/\/diariodelsurdigital.com.ar\/index.php?rest_route=\/wp\/v2\/media\/5845"}],"wp:attachment":[{"href":"https:\/\/diariodelsurdigital.com.ar\/index.php?rest_route=%2Fwp%2Fv2%2Fmedia&parent=5844"}],"wp:term":[{"taxonomy":"category","embeddable":true,"href":"https:\/\/diariodelsurdigital.com.ar\/index.php?rest_route=%2Fwp%2Fv2%2Fcategories&post=5844"},{"taxonomy":"post_tag","embeddable":true,"href":"https:\/\/diariodelsurdigital.com.ar\/index.php?rest_route=%2Fwp%2Fv2%2Ftags&post=5844"}],"curies":[{"name":"wp","href":"https:\/\/api.w.org\/{rel}","templated":true}]}}