{"id":5848,"date":"2025-11-22T18:54:25","date_gmt":"2025-11-22T21:54:25","guid":{"rendered":"https:\/\/diariodelsurdigital.com.ar\/?p=5848"},"modified":"2025-11-22T18:54:25","modified_gmt":"2025-11-22T21:54:25","slug":"fallecio-al-ser-embestida-por-un-auto-el-conductor-dijo-que-tenia-escasa-visibilidad-por-el-fuerte-viento","status":"publish","type":"post","link":"https:\/\/diariodelsurdigital.com.ar\/?p=5848","title":{"rendered":"Falleci\u00f3 al ser embestida por un auto. El conductor dijo que ten\u00eda escasa visibilidad, por el fuerte viento"},"content":{"rendered":"\n<figure class=\"wp-block-image\"><img decoding=\"async\" src=\"https:\/\/media.elentrerios.com\/fotos-v2\/2025\/11\/21\/l_1763734469.jpg\" alt=\"\" title=\"\"\/><\/figure>\n\n\n\n<p>El tr\u00e1gico hecho ocurri\u00f3 este jueves a las 21:30. Personal de la Comisar\u00eda de Segu\u00ed recibi\u00f3 un llamado alertando sobre un accidente de tr\u00e1nsito ocurrido en calle L\u00f3pez Jord\u00e1n. Al llegar al lugar, constataron el fallecimiento de una mujer mayor de edad, vecina de la ciudad.<\/p>\n\n\n\n<h3 class=\"wp-block-heading\">La tragedia<\/h3>\n\n\n\n<p>Seg\u00fan inform\u00f3 el subcomisario Hern\u00e1n Ortega, la v\u00edctima fue embestida por un Volkswagen Gol conducido por un hombre.<\/p>\n\n\n\n<p>Tras el impacto, la mujer fue desplazada sobre el capot del veh\u00edculo durante algunos metros, momento en el que el conductor advirti\u00f3 lo sucedido, detuvo la marcha y comunic\u00f3 inmediatamente el hecho a la comisar\u00eda.<\/p>\n\n\n\n<h3 class=\"wp-block-heading\">Lo que dijo el conductor<\/h3>\n\n\n\n<p>Ortega se\u00f1al\u00f3 que se est\u00e1n analizando c\u00e1maras de seguridad para determinar con precisi\u00f3n el sitio del impacto. El conductor manifest\u00f3 que, debido al fuerte viento registrado en ese momento, ten\u00eda escasa visibilidad, sinti\u00f3 un golpe y detuvo el auto pocos metros despu\u00e9s. Al descender, encontr\u00f3 a la mujer y dio aviso a la Polic\u00eda.<\/p>\n\n\n\n<p>Personal policial confirm\u00f3 el fallecimiento de la v\u00edctima. El conductor del veh\u00edculo se encuentra demorado. Las actuaciones contin\u00faan bajo la intervenci\u00f3n de la autoridad competente.<\/p>\n\n\n\n<p>Fuente: El Entre Rios<\/p>\n\n\n\n<p><\/p>\n","protected":false},"excerpt":{"rendered":"<p>El tr\u00e1gico hecho ocurri\u00f3 este jueves a las 21:30. Personal de la Comisar\u00eda de Segu\u00ed recibi\u00f3 un llamado alertando sobre un accidente de tr\u00e1nsito ocurrido en calle L\u00f3pez Jord\u00e1n. Al llegar al lugar, constataron el fallecimiento de una mujer mayor de edad, vecina de la ciudad. La tragedia Seg\u00fan inform\u00f3 el subcomisario Hern\u00e1n Ortega, la [&hellip;]<\/p>\n","protected":false},"author":3,"featured_media":5849,"comment_status":"open","ping_status":"open","sticky":false,"template":"","format":"standard","meta":{"footnotes":""},"categories":[21],"tags":[],"class_list":{"0":"post-5848","1":"post","2":"type-post","3":"status-publish","4":"format-standard","5":"has-post-thumbnail","7":"category-policiales"},"yoast_head":"<!-- This site is optimized with the Yoast SEO plugin v27.4 - https:\/\/yoast.com\/product\/yoast-seo-wordpress\/ -->\n<title>Falleci\u00f3 al ser embestida por un auto. El conductor dijo que ten\u00eda escasa visibilidad, por el fuerte viento - Diario del Sur<\/title>\n<meta name=\"robots\" content=\"index, follow, max-snippet:-1, max-image-preview:large, max-video-preview:-1\" \/>\n<link rel=\"canonical\" href=\"https:\/\/diariodelsurdigital.com.ar\/?p=5848\" \/>\n<meta property=\"og:locale\" content=\"es_ES\" \/>\n<meta property=\"og:type\" content=\"article\" \/>\n<meta property=\"og:title\" content=\"Falleci\u00f3 al ser embestida por un auto. El conductor dijo que ten\u00eda escasa visibilidad, por el fuerte viento - Diario del Sur\" \/>\n<meta property=\"og:description\" content=\"El tr\u00e1gico hecho ocurri\u00f3 este jueves a las 21:30. Personal de la Comisar\u00eda de Segu\u00ed recibi\u00f3 un llamado alertando sobre un accidente de tr\u00e1nsito ocurrido en calle L\u00f3pez Jord\u00e1n. Al llegar al lugar, constataron el fallecimiento de una mujer mayor de edad, vecina de la ciudad. La tragedia Seg\u00fan inform\u00f3 el subcomisario Hern\u00e1n Ortega, la [&hellip;]\" \/>\n<meta property=\"og:url\" content=\"https:\/\/diariodelsurdigital.com.ar\/?p=5848\" \/>\n<meta property=\"og:site_name\" content=\"Diario del Sur\" \/>\n<meta property=\"article:published_time\" content=\"2025-11-22T21:54:25+00:00\" \/>\n<meta property=\"og:image\" content=\"https:\/\/diariodelsurdigital.com.ar\/wp-content\/uploads\/2025\/11\/l_1763734469.jpg\" \/>\n\t<meta property=\"og:image:width\" content=\"870\" \/>\n\t<meta property=\"og:image:height\" content=\"580\" \/>\n\t<meta property=\"og:image:type\" content=\"image\/jpeg\" \/>\n<meta name=\"author\" content=\"Diario del Sur Digital\" \/>\n<meta name=\"twitter:card\" content=\"summary_large_image\" \/>\n<meta name=\"twitter:label1\" content=\"Escrito por\" \/>\n\t<meta name=\"twitter:data1\" content=\"Diario del Sur Digital\" \/>\n\t<meta name=\"twitter:label2\" content=\"Tiempo de lectura\" \/>\n\t<meta name=\"twitter:data2\" content=\"2 minutos\" \/>\n<script type=\"application\/ld+json\" class=\"yoast-schema-graph\">{\"@context\":\"https:\\\/\\\/schema.org\",\"@graph\":[{\"@type\":\"Article\",\"@id\":\"https:\\\/\\\/diariodelsurdigital.com.ar\\\/?p=5848#article\",\"isPartOf\":{\"@id\":\"https:\\\/\\\/diariodelsurdigital.com.ar\\\/?p=5848\"},\"author\":{\"name\":\"Diario del Sur Digital\",\"@id\":\"https:\\\/\\\/diariodelsurdigital.com.ar\\\/#\\\/schema\\\/person\\\/d794acb23337e88c6e4004a39c32be62\"},\"headline\":\"Falleci\u00f3 al ser embestida por un auto. El conductor dijo que ten\u00eda escasa visibilidad, por el fuerte viento\",\"datePublished\":\"2025-11-22T21:54:25+00:00\",\"mainEntityOfPage\":{\"@id\":\"https:\\\/\\\/diariodelsurdigital.com.ar\\\/?p=5848\"},\"wordCount\":228,\"commentCount\":0,\"image\":{\"@id\":\"https:\\\/\\\/diariodelsurdigital.com.ar\\\/?p=5848#primaryimage\"},\"thumbnailUrl\":\"https:\\\/\\\/diariodelsurdigital.com.ar\\\/wp-content\\\/uploads\\\/2025\\\/11\\\/l_1763734469.jpg\",\"articleSection\":[\"Policiales\"],\"inLanguage\":\"es\",\"potentialAction\":[{\"@type\":\"CommentAction\",\"name\":\"Comment\",\"target\":[\"https:\\\/\\\/diariodelsurdigital.com.ar\\\/?p=5848#respond\"]}]},{\"@type\":\"WebPage\",\"@id\":\"https:\\\/\\\/diariodelsurdigital.com.ar\\\/?p=5848\",\"url\":\"https:\\\/\\\/diariodelsurdigital.com.ar\\\/?p=5848\",\"name\":\"Falleci\u00f3 al ser embestida por un auto. El conductor dijo que ten\u00eda escasa visibilidad, por el fuerte viento - Diario del Sur\",\"isPartOf\":{\"@id\":\"https:\\\/\\\/diariodelsurdigital.com.ar\\\/#website\"},\"primaryImageOfPage\":{\"@id\":\"https:\\\/\\\/diariodelsurdigital.com.ar\\\/?p=5848#primaryimage\"},\"image\":{\"@id\":\"https:\\\/\\\/diariodelsurdigital.com.ar\\\/?p=5848#primaryimage\"},\"thumbnailUrl\":\"https:\\\/\\\/diariodelsurdigital.com.ar\\\/wp-content\\\/uploads\\\/2025\\\/11\\\/l_1763734469.jpg\",\"datePublished\":\"2025-11-22T21:54:25+00:00\",\"author\":{\"@id\":\"https:\\\/\\\/diariodelsurdigital.com.ar\\\/#\\\/schema\\\/person\\\/d794acb23337e88c6e4004a39c32be62\"},\"breadcrumb\":{\"@id\":\"https:\\\/\\\/diariodelsurdigital.com.ar\\\/?p=5848#breadcrumb\"},\"inLanguage\":\"es\",\"potentialAction\":[{\"@type\":\"ReadAction\",\"target\":[\"https:\\\/\\\/diariodelsurdigital.com.ar\\\/?p=5848\"]}]},{\"@type\":\"ImageObject\",\"inLanguage\":\"es\",\"@id\":\"https:\\\/\\\/diariodelsurdigital.com.ar\\\/?p=5848#primaryimage\",\"url\":\"https:\\\/\\\/diariodelsurdigital.com.ar\\\/wp-content\\\/uploads\\\/2025\\\/11\\\/l_1763734469.jpg\",\"contentUrl\":\"https:\\\/\\\/diariodelsurdigital.com.ar\\\/wp-content\\\/uploads\\\/2025\\\/11\\\/l_1763734469.jpg\",\"width\":870,\"height\":580},{\"@type\":\"BreadcrumbList\",\"@id\":\"https:\\\/\\\/diariodelsurdigital.com.ar\\\/?p=5848#breadcrumb\",\"itemListElement\":[{\"@type\":\"ListItem\",\"position\":1,\"name\":\"Portada\",\"item\":\"https:\\\/\\\/diariodelsurdigital.com.ar\\\/\"},{\"@type\":\"ListItem\",\"position\":2,\"name\":\"Falleci\u00f3 al ser embestida por un auto. El conductor dijo que ten\u00eda escasa visibilidad, por el fuerte viento\"}]},{\"@type\":\"WebSite\",\"@id\":\"https:\\\/\\\/diariodelsurdigital.com.ar\\\/#website\",\"url\":\"https:\\\/\\\/diariodelsurdigital.com.ar\\\/\",\"name\":\"Diario del Sur\",\"description\":\"Digital\",\"potentialAction\":[{\"@type\":\"SearchAction\",\"target\":{\"@type\":\"EntryPoint\",\"urlTemplate\":\"https:\\\/\\\/diariodelsurdigital.com.ar\\\/?s={search_term_string}\"},\"query-input\":{\"@type\":\"PropertyValueSpecification\",\"valueRequired\":true,\"valueName\":\"search_term_string\"}}],\"inLanguage\":\"es\"},{\"@type\":\"Person\",\"@id\":\"https:\\\/\\\/diariodelsurdigital.com.ar\\\/#\\\/schema\\\/person\\\/d794acb23337e88c6e4004a39c32be62\",\"name\":\"Diario del Sur Digital\",\"image\":{\"@type\":\"ImageObject\",\"inLanguage\":\"es\",\"@id\":\"https:\\\/\\\/secure.gravatar.com\\\/avatar\\\/47679bcfa15734cfdefc176b6ad58adeeccac22b2e03e095ada6c622af2b463a?s=96&d=mm&r=g\",\"url\":\"https:\\\/\\\/secure.gravatar.com\\\/avatar\\\/47679bcfa15734cfdefc176b6ad58adeeccac22b2e03e095ada6c622af2b463a?s=96&d=mm&r=g\",\"contentUrl\":\"https:\\\/\\\/secure.gravatar.com\\\/avatar\\\/47679bcfa15734cfdefc176b6ad58adeeccac22b2e03e095ada6c622af2b463a?s=96&d=mm&r=g\",\"caption\":\"Diario del Sur Digital\"},\"url\":\"https:\\\/\\\/diariodelsurdigital.com.ar\\\/?author=3\"}]}<\/script>\n<!-- \/ Yoast SEO plugin. -->","yoast_head_json":{"title":"Falleci\u00f3 al ser embestida por un auto. El conductor dijo que ten\u00eda escasa visibilidad, por el fuerte viento - Diario del Sur","robots":{"index":"index","follow":"follow","max-snippet":"max-snippet:-1","max-image-preview":"max-image-preview:large","max-video-preview":"max-video-preview:-1"},"canonical":"https:\/\/diariodelsurdigital.com.ar\/?p=5848","og_locale":"es_ES","og_type":"article","og_title":"Falleci\u00f3 al ser embestida por un auto. El conductor dijo que ten\u00eda escasa visibilidad, por el fuerte viento - Diario del Sur","og_description":"El tr\u00e1gico hecho ocurri\u00f3 este jueves a las 21:30. Personal de la Comisar\u00eda de Segu\u00ed recibi\u00f3 un llamado alertando sobre un accidente de tr\u00e1nsito ocurrido en calle L\u00f3pez Jord\u00e1n. Al llegar al lugar, constataron el fallecimiento de una mujer mayor de edad, vecina de la ciudad. La tragedia Seg\u00fan inform\u00f3 el subcomisario Hern\u00e1n Ortega, la [&hellip;]","og_url":"https:\/\/diariodelsurdigital.com.ar\/?p=5848","og_site_name":"Diario del Sur","article_published_time":"2025-11-22T21:54:25+00:00","og_image":[{"width":870,"height":580,"url":"https:\/\/diariodelsurdigital.com.ar\/wp-content\/uploads\/2025\/11\/l_1763734469.jpg","type":"image\/jpeg"}],"author":"Diario del Sur Digital","twitter_card":"summary_large_image","twitter_misc":{"Escrito por":"Diario del Sur Digital","Tiempo de lectura":"2 minutos"},"schema":{"@context":"https:\/\/schema.org","@graph":[{"@type":"Article","@id":"https:\/\/diariodelsurdigital.com.ar\/?p=5848#article","isPartOf":{"@id":"https:\/\/diariodelsurdigital.com.ar\/?p=5848"},"author":{"name":"Diario del Sur Digital","@id":"https:\/\/diariodelsurdigital.com.ar\/#\/schema\/person\/d794acb23337e88c6e4004a39c32be62"},"headline":"Falleci\u00f3 al ser embestida por un auto. El conductor dijo que ten\u00eda escasa visibilidad, por el fuerte viento","datePublished":"2025-11-22T21:54:25+00:00","mainEntityOfPage":{"@id":"https:\/\/diariodelsurdigital.com.ar\/?p=5848"},"wordCount":228,"commentCount":0,"image":{"@id":"https:\/\/diariodelsurdigital.com.ar\/?p=5848#primaryimage"},"thumbnailUrl":"https:\/\/diariodelsurdigital.com.ar\/wp-content\/uploads\/2025\/11\/l_1763734469.jpg","articleSection":["Policiales"],"inLanguage":"es","potentialAction":[{"@type":"CommentAction","name":"Comment","target":["https:\/\/diariodelsurdigital.com.ar\/?p=5848#respond"]}]},{"@type":"WebPage","@id":"https:\/\/diariodelsurdigital.com.ar\/?p=5848","url":"https:\/\/diariodelsurdigital.com.ar\/?p=5848","name":"Falleci\u00f3 al ser embestida por un auto. El conductor dijo que ten\u00eda escasa visibilidad, por el fuerte viento - Diario del Sur","isPartOf":{"@id":"https:\/\/diariodelsurdigital.com.ar\/#website"},"primaryImageOfPage":{"@id":"https:\/\/diariodelsurdigital.com.ar\/?p=5848#primaryimage"},"image":{"@id":"https:\/\/diariodelsurdigital.com.ar\/?p=5848#primaryimage"},"thumbnailUrl":"https:\/\/diariodelsurdigital.com.ar\/wp-content\/uploads\/2025\/11\/l_1763734469.jpg","datePublished":"2025-11-22T21:54:25+00:00","author":{"@id":"https:\/\/diariodelsurdigital.com.ar\/#\/schema\/person\/d794acb23337e88c6e4004a39c32be62"},"breadcrumb":{"@id":"https:\/\/diariodelsurdigital.com.ar\/?p=5848#breadcrumb"},"inLanguage":"es","potentialAction":[{"@type":"ReadAction","target":["https:\/\/diariodelsurdigital.com.ar\/?p=5848"]}]},{"@type":"ImageObject","inLanguage":"es","@id":"https:\/\/diariodelsurdigital.com.ar\/?p=5848#primaryimage","url":"https:\/\/diariodelsurdigital.com.ar\/wp-content\/uploads\/2025\/11\/l_1763734469.jpg","contentUrl":"https:\/\/diariodelsurdigital.com.ar\/wp-content\/uploads\/2025\/11\/l_1763734469.jpg","width":870,"height":580},{"@type":"BreadcrumbList","@id":"https:\/\/diariodelsurdigital.com.ar\/?p=5848#breadcrumb","itemListElement":[{"@type":"ListItem","position":1,"name":"Portada","item":"https:\/\/diariodelsurdigital.com.ar\/"},{"@type":"ListItem","position":2,"name":"Falleci\u00f3 al ser embestida por un auto. El conductor dijo que ten\u00eda escasa visibilidad, por el fuerte viento"}]},{"@type":"WebSite","@id":"https:\/\/diariodelsurdigital.com.ar\/#website","url":"https:\/\/diariodelsurdigital.com.ar\/","name":"Diario del Sur","description":"Digital","potentialAction":[{"@type":"SearchAction","target":{"@type":"EntryPoint","urlTemplate":"https:\/\/diariodelsurdigital.com.ar\/?s={search_term_string}"},"query-input":{"@type":"PropertyValueSpecification","valueRequired":true,"valueName":"search_term_string"}}],"inLanguage":"es"},{"@type":"Person","@id":"https:\/\/diariodelsurdigital.com.ar\/#\/schema\/person\/d794acb23337e88c6e4004a39c32be62","name":"Diario del Sur Digital","image":{"@type":"ImageObject","inLanguage":"es","@id":"https:\/\/secure.gravatar.com\/avatar\/47679bcfa15734cfdefc176b6ad58adeeccac22b2e03e095ada6c622af2b463a?s=96&d=mm&r=g","url":"https:\/\/secure.gravatar.com\/avatar\/47679bcfa15734cfdefc176b6ad58adeeccac22b2e03e095ada6c622af2b463a?s=96&d=mm&r=g","contentUrl":"https:\/\/secure.gravatar.com\/avatar\/47679bcfa15734cfdefc176b6ad58adeeccac22b2e03e095ada6c622af2b463a?s=96&d=mm&r=g","caption":"Diario del Sur Digital"},"url":"https:\/\/diariodelsurdigital.com.ar\/?author=3"}]}},"_links":{"self":[{"href":"https:\/\/diariodelsurdigital.com.ar\/index.php?rest_route=\/wp\/v2\/posts\/5848","targetHints":{"allow":["GET"]}}],"collection":[{"href":"https:\/\/diariodelsurdigital.com.ar\/index.php?rest_route=\/wp\/v2\/posts"}],"about":[{"href":"https:\/\/diariodelsurdigital.com.ar\/index.php?rest_route=\/wp\/v2\/types\/post"}],"author":[{"embeddable":true,"href":"https:\/\/diariodelsurdigital.com.ar\/index.php?rest_route=\/wp\/v2\/users\/3"}],"replies":[{"embeddable":true,"href":"https:\/\/diariodelsurdigital.com.ar\/index.php?rest_route=%2Fwp%2Fv2%2Fcomments&post=5848"}],"version-history":[{"count":1,"href":"https:\/\/diariodelsurdigital.com.ar\/index.php?rest_route=\/wp\/v2\/posts\/5848\/revisions"}],"predecessor-version":[{"id":5850,"href":"https:\/\/diariodelsurdigital.com.ar\/index.php?rest_route=\/wp\/v2\/posts\/5848\/revisions\/5850"}],"wp:featuredmedia":[{"embeddable":true,"href":"https:\/\/diariodelsurdigital.com.ar\/index.php?rest_route=\/wp\/v2\/media\/5849"}],"wp:attachment":[{"href":"https:\/\/diariodelsurdigital.com.ar\/index.php?rest_route=%2Fwp%2Fv2%2Fmedia&parent=5848"}],"wp:term":[{"taxonomy":"category","embeddable":true,"href":"https:\/\/diariodelsurdigital.com.ar\/index.php?rest_route=%2Fwp%2Fv2%2Fcategories&post=5848"},{"taxonomy":"post_tag","embeddable":true,"href":"https:\/\/diariodelsurdigital.com.ar\/index.php?rest_route=%2Fwp%2Fv2%2Ftags&post=5848"}],"curies":[{"name":"wp","href":"https:\/\/api.w.org\/{rel}","templated":true}]}}