{"id":5860,"date":"2025-11-23T23:38:06","date_gmt":"2025-11-24T02:38:06","guid":{"rendered":"https:\/\/diariodelsurdigital.com.ar\/?p=5860"},"modified":"2025-11-23T23:38:07","modified_gmt":"2025-11-24T02:38:07","slug":"un-detenido-de-25-anos-se-habria-suicidado-en-la-jefatura-de-policia-de-feliciano","status":"publish","type":"post","link":"https:\/\/diariodelsurdigital.com.ar\/?p=5860","title":{"rendered":"Un detenido de 25 a\u00f1os se habr\u00eda suicidado en la Jefatura de Polic\u00eda de Feliciano"},"content":{"rendered":"\n<h4 class=\"wp-block-heading\">En horas de la ma\u00f1ana de este domingo se conoci\u00f3 el suicidio de un detenido en la Jefatura Departamental de Feliciano, que se encontraba involucrado en una causa por Narcomenudeo.<\/h4>\n\n\n\n<h2 class=\"wp-block-heading\"><\/h2>\n\n\n\n<p><a href=\"https:\/\/api.whatsapp.com\/send?text=Un%20detenido%20de%2025%20a%C3%B1os%20se%20habr%C3%ADa%20suicidado%20en%20una%20celda%20del%20norte%20entrerriano%20-%20https:\/\/diarioriouruguay.com\/policiales\/\/un-detenido-de-25-anos-se-habria-suicidado-en-una-celda-del-norte-entrerriano.htm\" target=\"_blank\" rel=\"noreferrer noopener\"><\/a><a href=\"https:\/\/diarioriouruguay.com\/policiales\/un-detenido-de-25-anos-se-habria-suicidado-en-una-celda-del-norte-entrerriano.htm#\"><\/a><a href=\"javascript:copyLink('aviso', 'URL Copiada');\"><\/a><a href=\"https:\/\/diarioriouruguay.com\/policiales\/un-detenido-de-25-anos-se-habria-suicidado-en-una-celda-del-norte-entrerriano.htm#\"><\/a><a href=\"tg:\/\/msg?text=Un%20detenido%20de%2025%20a%C3%B1os%20se%20habr%C3%ADa%20suicidado%20en%20una%20celda%20del%20norte%20entrerriano-https:\/\/diarioriouruguay.com\/policiales\/\/un-detenido-de-25-anos-se-habria-suicidado-en-una-celda-del-norte-entrerriano.htm\" target=\"_blank\" rel=\"noreferrer noopener\"><\/a><a href=\"https:\/\/diarioriouruguay.com\/policiales\/un-detenido-de-25-anos-se-habria-suicidado-en-una-celda-del-norte-entrerriano.htm#comentarios\"><\/a>La causa est\u00e1 a cargo de la doctora Gisela Mu\u00f1iz, de Ministerio P\u00fablico Fiscal y se ha sumado al trabajo la Gendarmer\u00eda Nacional.<\/p>\n\n\n\n<p>El joven de 25 a\u00f1os es integrante de una familia oriunda de la ciudad de Chajar\u00ed, pero se domiciliaba en la localidad de Feliciano.<\/p>\n\n\n\n<p>Si bien se conocieron extraoficialmente el elemento utilizado para su prop\u00f3sito, es materia de investigaci\u00f3n como tambi\u00e9n las pericias que por estas horas se est\u00e1n desarrollando, que se complementar\u00e1n seguramente con la autopsia del cuerpo del joven fallecido.<\/p>\n\n\n\n<h3 class=\"wp-block-heading\">Causa e investigaci\u00f3n<\/h3>\n\n\n\n<p>Este joven hab\u00eda sido detenido en uno de los procedimientos por narcomenudeo en la ciudad de Feliciano, en la madrugada del pasado viernes.<\/p>\n\n\n\n<p>En esa oportunidad se realizaron 7 allanamientos en el que se secuestraron tel\u00e9fonos, dinero en efectivo, estupefacientes, cartucher\u00eda, entre otros elementos. En dichos procedimientos se logr\u00f3 detener a varias personas, entre la que se encuentra el fallecido.<\/p>\n\n\n\n<p>Fuente: Tal Cual Medios.<\/p>\n","protected":false},"excerpt":{"rendered":"<p>En horas de la ma\u00f1ana de este domingo se conoci\u00f3 el suicidio de un detenido en la Jefatura Departamental de Feliciano, que se encontraba involucrado en una causa por Narcomenudeo. La causa est\u00e1 a cargo de la doctora Gisela Mu\u00f1iz, de Ministerio P\u00fablico Fiscal y se ha sumado al trabajo la Gendarmer\u00eda Nacional. El joven [&hellip;]<\/p>\n","protected":false},"author":2,"featured_media":5861,"comment_status":"open","ping_status":"open","sticky":false,"template":"","format":"standard","meta":{"footnotes":""},"categories":[21,17],"tags":[],"class_list":{"0":"post-5860","1":"post","2":"type-post","3":"status-publish","4":"format-standard","5":"has-post-thumbnail","7":"category-policiales","8":"category-provinciales"},"yoast_head":"<!-- This site is optimized with the Yoast SEO plugin v27.4 - https:\/\/yoast.com\/product\/yoast-seo-wordpress\/ -->\n<title>Un detenido de 25 a\u00f1os se habr\u00eda suicidado en la Jefatura de Polic\u00eda de Feliciano - Diario del Sur<\/title>\n<meta name=\"robots\" content=\"index, follow, max-snippet:-1, max-image-preview:large, max-video-preview:-1\" \/>\n<link rel=\"canonical\" href=\"https:\/\/diariodelsurdigital.com.ar\/?p=5860\" \/>\n<meta property=\"og:locale\" content=\"es_ES\" \/>\n<meta property=\"og:type\" content=\"article\" \/>\n<meta property=\"og:title\" content=\"Un detenido de 25 a\u00f1os se habr\u00eda suicidado en la Jefatura de Polic\u00eda de Feliciano - Diario del Sur\" \/>\n<meta property=\"og:description\" content=\"En horas de la ma\u00f1ana de este domingo se conoci\u00f3 el suicidio de un detenido en la Jefatura Departamental de Feliciano, que se encontraba involucrado en una causa por Narcomenudeo. La causa est\u00e1 a cargo de la doctora Gisela Mu\u00f1iz, de Ministerio P\u00fablico Fiscal y se ha sumado al trabajo la Gendarmer\u00eda Nacional. El joven [&hellip;]\" \/>\n<meta property=\"og:url\" content=\"https:\/\/diariodelsurdigital.com.ar\/?p=5860\" \/>\n<meta property=\"og:site_name\" content=\"Diario del Sur\" \/>\n<meta property=\"article:published_time\" content=\"2025-11-24T02:38:06+00:00\" \/>\n<meta property=\"article:modified_time\" content=\"2025-11-24T02:38:07+00:00\" \/>\n<meta property=\"og:image\" content=\"https:\/\/diariodelsurdigital.com.ar\/wp-content\/uploads\/2025\/11\/l_1763919342_2802.png\" \/>\n\t<meta property=\"og:image:width\" content=\"436\" \/>\n\t<meta property=\"og:image:height\" content=\"270\" \/>\n\t<meta property=\"og:image:type\" content=\"image\/png\" \/>\n<meta name=\"author\" content=\"Diario del Sur Digital\" \/>\n<meta name=\"twitter:card\" content=\"summary_large_image\" \/>\n<meta name=\"twitter:label1\" content=\"Escrito por\" \/>\n\t<meta name=\"twitter:data1\" content=\"Diario del Sur Digital\" \/>\n\t<meta name=\"twitter:label2\" content=\"Tiempo de lectura\" \/>\n\t<meta name=\"twitter:data2\" content=\"2 minutos\" \/>\n<script type=\"application\/ld+json\" class=\"yoast-schema-graph\">{\"@context\":\"https:\\\/\\\/schema.org\",\"@graph\":[{\"@type\":\"Article\",\"@id\":\"https:\\\/\\\/diariodelsurdigital.com.ar\\\/?p=5860#article\",\"isPartOf\":{\"@id\":\"https:\\\/\\\/diariodelsurdigital.com.ar\\\/?p=5860\"},\"author\":{\"name\":\"Diario del Sur Digital\",\"@id\":\"https:\\\/\\\/diariodelsurdigital.com.ar\\\/#\\\/schema\\\/person\\\/6136a32571657f7dba980b88b04c5465\"},\"headline\":\"Un detenido de 25 a\u00f1os se habr\u00eda suicidado en la Jefatura de Polic\u00eda de Feliciano\",\"datePublished\":\"2025-11-24T02:38:06+00:00\",\"dateModified\":\"2025-11-24T02:38:07+00:00\",\"mainEntityOfPage\":{\"@id\":\"https:\\\/\\\/diariodelsurdigital.com.ar\\\/?p=5860\"},\"wordCount\":211,\"commentCount\":0,\"image\":{\"@id\":\"https:\\\/\\\/diariodelsurdigital.com.ar\\\/?p=5860#primaryimage\"},\"thumbnailUrl\":\"https:\\\/\\\/diariodelsurdigital.com.ar\\\/wp-content\\\/uploads\\\/2025\\\/11\\\/l_1763919342_2802.png\",\"articleSection\":[\"Policiales\",\"Provinciales\"],\"inLanguage\":\"es\",\"potentialAction\":[{\"@type\":\"CommentAction\",\"name\":\"Comment\",\"target\":[\"https:\\\/\\\/diariodelsurdigital.com.ar\\\/?p=5860#respond\"]}]},{\"@type\":\"WebPage\",\"@id\":\"https:\\\/\\\/diariodelsurdigital.com.ar\\\/?p=5860\",\"url\":\"https:\\\/\\\/diariodelsurdigital.com.ar\\\/?p=5860\",\"name\":\"Un detenido de 25 a\u00f1os se habr\u00eda suicidado en la Jefatura de Polic\u00eda de Feliciano - Diario del Sur\",\"isPartOf\":{\"@id\":\"https:\\\/\\\/diariodelsurdigital.com.ar\\\/#website\"},\"primaryImageOfPage\":{\"@id\":\"https:\\\/\\\/diariodelsurdigital.com.ar\\\/?p=5860#primaryimage\"},\"image\":{\"@id\":\"https:\\\/\\\/diariodelsurdigital.com.ar\\\/?p=5860#primaryimage\"},\"thumbnailUrl\":\"https:\\\/\\\/diariodelsurdigital.com.ar\\\/wp-content\\\/uploads\\\/2025\\\/11\\\/l_1763919342_2802.png\",\"datePublished\":\"2025-11-24T02:38:06+00:00\",\"dateModified\":\"2025-11-24T02:38:07+00:00\",\"author\":{\"@id\":\"https:\\\/\\\/diariodelsurdigital.com.ar\\\/#\\\/schema\\\/person\\\/6136a32571657f7dba980b88b04c5465\"},\"breadcrumb\":{\"@id\":\"https:\\\/\\\/diariodelsurdigital.com.ar\\\/?p=5860#breadcrumb\"},\"inLanguage\":\"es\",\"potentialAction\":[{\"@type\":\"ReadAction\",\"target\":[\"https:\\\/\\\/diariodelsurdigital.com.ar\\\/?p=5860\"]}]},{\"@type\":\"ImageObject\",\"inLanguage\":\"es\",\"@id\":\"https:\\\/\\\/diariodelsurdigital.com.ar\\\/?p=5860#primaryimage\",\"url\":\"https:\\\/\\\/diariodelsurdigital.com.ar\\\/wp-content\\\/uploads\\\/2025\\\/11\\\/l_1763919342_2802.png\",\"contentUrl\":\"https:\\\/\\\/diariodelsurdigital.com.ar\\\/wp-content\\\/uploads\\\/2025\\\/11\\\/l_1763919342_2802.png\",\"width\":436,\"height\":270},{\"@type\":\"BreadcrumbList\",\"@id\":\"https:\\\/\\\/diariodelsurdigital.com.ar\\\/?p=5860#breadcrumb\",\"itemListElement\":[{\"@type\":\"ListItem\",\"position\":1,\"name\":\"Portada\",\"item\":\"https:\\\/\\\/diariodelsurdigital.com.ar\\\/\"},{\"@type\":\"ListItem\",\"position\":2,\"name\":\"Un detenido de 25 a\u00f1os se habr\u00eda suicidado en la Jefatura de Polic\u00eda de Feliciano\"}]},{\"@type\":\"WebSite\",\"@id\":\"https:\\\/\\\/diariodelsurdigital.com.ar\\\/#website\",\"url\":\"https:\\\/\\\/diariodelsurdigital.com.ar\\\/\",\"name\":\"Diario del Sur\",\"description\":\"Digital\",\"potentialAction\":[{\"@type\":\"SearchAction\",\"target\":{\"@type\":\"EntryPoint\",\"urlTemplate\":\"https:\\\/\\\/diariodelsurdigital.com.ar\\\/?s={search_term_string}\"},\"query-input\":{\"@type\":\"PropertyValueSpecification\",\"valueRequired\":true,\"valueName\":\"search_term_string\"}}],\"inLanguage\":\"es\"},{\"@type\":\"Person\",\"@id\":\"https:\\\/\\\/diariodelsurdigital.com.ar\\\/#\\\/schema\\\/person\\\/6136a32571657f7dba980b88b04c5465\",\"name\":\"Diario del Sur Digital\",\"image\":{\"@type\":\"ImageObject\",\"inLanguage\":\"es\",\"@id\":\"https:\\\/\\\/secure.gravatar.com\\\/avatar\\\/4c29ceac98541dd42460b2474aaa5dd37594d6ce6cb3cf2c101d09b48ee287ba?s=96&d=mm&r=g\",\"url\":\"https:\\\/\\\/secure.gravatar.com\\\/avatar\\\/4c29ceac98541dd42460b2474aaa5dd37594d6ce6cb3cf2c101d09b48ee287ba?s=96&d=mm&r=g\",\"contentUrl\":\"https:\\\/\\\/secure.gravatar.com\\\/avatar\\\/4c29ceac98541dd42460b2474aaa5dd37594d6ce6cb3cf2c101d09b48ee287ba?s=96&d=mm&r=g\",\"caption\":\"Diario del Sur Digital\"},\"url\":\"https:\\\/\\\/diariodelsurdigital.com.ar\\\/?author=2\"}]}<\/script>\n<!-- \/ Yoast SEO plugin. -->","yoast_head_json":{"title":"Un detenido de 25 a\u00f1os se habr\u00eda suicidado en la Jefatura de Polic\u00eda de Feliciano - Diario del Sur","robots":{"index":"index","follow":"follow","max-snippet":"max-snippet:-1","max-image-preview":"max-image-preview:large","max-video-preview":"max-video-preview:-1"},"canonical":"https:\/\/diariodelsurdigital.com.ar\/?p=5860","og_locale":"es_ES","og_type":"article","og_title":"Un detenido de 25 a\u00f1os se habr\u00eda suicidado en la Jefatura de Polic\u00eda de Feliciano - Diario del Sur","og_description":"En horas de la ma\u00f1ana de este domingo se conoci\u00f3 el suicidio de un detenido en la Jefatura Departamental de Feliciano, que se encontraba involucrado en una causa por Narcomenudeo. La causa est\u00e1 a cargo de la doctora Gisela Mu\u00f1iz, de Ministerio P\u00fablico Fiscal y se ha sumado al trabajo la Gendarmer\u00eda Nacional. El joven [&hellip;]","og_url":"https:\/\/diariodelsurdigital.com.ar\/?p=5860","og_site_name":"Diario del Sur","article_published_time":"2025-11-24T02:38:06+00:00","article_modified_time":"2025-11-24T02:38:07+00:00","og_image":[{"width":436,"height":270,"url":"https:\/\/diariodelsurdigital.com.ar\/wp-content\/uploads\/2025\/11\/l_1763919342_2802.png","type":"image\/png"}],"author":"Diario del Sur Digital","twitter_card":"summary_large_image","twitter_misc":{"Escrito por":"Diario del Sur Digital","Tiempo de lectura":"2 minutos"},"schema":{"@context":"https:\/\/schema.org","@graph":[{"@type":"Article","@id":"https:\/\/diariodelsurdigital.com.ar\/?p=5860#article","isPartOf":{"@id":"https:\/\/diariodelsurdigital.com.ar\/?p=5860"},"author":{"name":"Diario del Sur Digital","@id":"https:\/\/diariodelsurdigital.com.ar\/#\/schema\/person\/6136a32571657f7dba980b88b04c5465"},"headline":"Un detenido de 25 a\u00f1os se habr\u00eda suicidado en la Jefatura de Polic\u00eda de Feliciano","datePublished":"2025-11-24T02:38:06+00:00","dateModified":"2025-11-24T02:38:07+00:00","mainEntityOfPage":{"@id":"https:\/\/diariodelsurdigital.com.ar\/?p=5860"},"wordCount":211,"commentCount":0,"image":{"@id":"https:\/\/diariodelsurdigital.com.ar\/?p=5860#primaryimage"},"thumbnailUrl":"https:\/\/diariodelsurdigital.com.ar\/wp-content\/uploads\/2025\/11\/l_1763919342_2802.png","articleSection":["Policiales","Provinciales"],"inLanguage":"es","potentialAction":[{"@type":"CommentAction","name":"Comment","target":["https:\/\/diariodelsurdigital.com.ar\/?p=5860#respond"]}]},{"@type":"WebPage","@id":"https:\/\/diariodelsurdigital.com.ar\/?p=5860","url":"https:\/\/diariodelsurdigital.com.ar\/?p=5860","name":"Un detenido de 25 a\u00f1os se habr\u00eda suicidado en la Jefatura de Polic\u00eda de Feliciano - Diario del Sur","isPartOf":{"@id":"https:\/\/diariodelsurdigital.com.ar\/#website"},"primaryImageOfPage":{"@id":"https:\/\/diariodelsurdigital.com.ar\/?p=5860#primaryimage"},"image":{"@id":"https:\/\/diariodelsurdigital.com.ar\/?p=5860#primaryimage"},"thumbnailUrl":"https:\/\/diariodelsurdigital.com.ar\/wp-content\/uploads\/2025\/11\/l_1763919342_2802.png","datePublished":"2025-11-24T02:38:06+00:00","dateModified":"2025-11-24T02:38:07+00:00","author":{"@id":"https:\/\/diariodelsurdigital.com.ar\/#\/schema\/person\/6136a32571657f7dba980b88b04c5465"},"breadcrumb":{"@id":"https:\/\/diariodelsurdigital.com.ar\/?p=5860#breadcrumb"},"inLanguage":"es","potentialAction":[{"@type":"ReadAction","target":["https:\/\/diariodelsurdigital.com.ar\/?p=5860"]}]},{"@type":"ImageObject","inLanguage":"es","@id":"https:\/\/diariodelsurdigital.com.ar\/?p=5860#primaryimage","url":"https:\/\/diariodelsurdigital.com.ar\/wp-content\/uploads\/2025\/11\/l_1763919342_2802.png","contentUrl":"https:\/\/diariodelsurdigital.com.ar\/wp-content\/uploads\/2025\/11\/l_1763919342_2802.png","width":436,"height":270},{"@type":"BreadcrumbList","@id":"https:\/\/diariodelsurdigital.com.ar\/?p=5860#breadcrumb","itemListElement":[{"@type":"ListItem","position":1,"name":"Portada","item":"https:\/\/diariodelsurdigital.com.ar\/"},{"@type":"ListItem","position":2,"name":"Un detenido de 25 a\u00f1os se habr\u00eda suicidado en la Jefatura de Polic\u00eda de Feliciano"}]},{"@type":"WebSite","@id":"https:\/\/diariodelsurdigital.com.ar\/#website","url":"https:\/\/diariodelsurdigital.com.ar\/","name":"Diario del Sur","description":"Digital","potentialAction":[{"@type":"SearchAction","target":{"@type":"EntryPoint","urlTemplate":"https:\/\/diariodelsurdigital.com.ar\/?s={search_term_string}"},"query-input":{"@type":"PropertyValueSpecification","valueRequired":true,"valueName":"search_term_string"}}],"inLanguage":"es"},{"@type":"Person","@id":"https:\/\/diariodelsurdigital.com.ar\/#\/schema\/person\/6136a32571657f7dba980b88b04c5465","name":"Diario del Sur Digital","image":{"@type":"ImageObject","inLanguage":"es","@id":"https:\/\/secure.gravatar.com\/avatar\/4c29ceac98541dd42460b2474aaa5dd37594d6ce6cb3cf2c101d09b48ee287ba?s=96&d=mm&r=g","url":"https:\/\/secure.gravatar.com\/avatar\/4c29ceac98541dd42460b2474aaa5dd37594d6ce6cb3cf2c101d09b48ee287ba?s=96&d=mm&r=g","contentUrl":"https:\/\/secure.gravatar.com\/avatar\/4c29ceac98541dd42460b2474aaa5dd37594d6ce6cb3cf2c101d09b48ee287ba?s=96&d=mm&r=g","caption":"Diario del Sur Digital"},"url":"https:\/\/diariodelsurdigital.com.ar\/?author=2"}]}},"_links":{"self":[{"href":"https:\/\/diariodelsurdigital.com.ar\/index.php?rest_route=\/wp\/v2\/posts\/5860","targetHints":{"allow":["GET"]}}],"collection":[{"href":"https:\/\/diariodelsurdigital.com.ar\/index.php?rest_route=\/wp\/v2\/posts"}],"about":[{"href":"https:\/\/diariodelsurdigital.com.ar\/index.php?rest_route=\/wp\/v2\/types\/post"}],"author":[{"embeddable":true,"href":"https:\/\/diariodelsurdigital.com.ar\/index.php?rest_route=\/wp\/v2\/users\/2"}],"replies":[{"embeddable":true,"href":"https:\/\/diariodelsurdigital.com.ar\/index.php?rest_route=%2Fwp%2Fv2%2Fcomments&post=5860"}],"version-history":[{"count":1,"href":"https:\/\/diariodelsurdigital.com.ar\/index.php?rest_route=\/wp\/v2\/posts\/5860\/revisions"}],"predecessor-version":[{"id":5862,"href":"https:\/\/diariodelsurdigital.com.ar\/index.php?rest_route=\/wp\/v2\/posts\/5860\/revisions\/5862"}],"wp:featuredmedia":[{"embeddable":true,"href":"https:\/\/diariodelsurdigital.com.ar\/index.php?rest_route=\/wp\/v2\/media\/5861"}],"wp:attachment":[{"href":"https:\/\/diariodelsurdigital.com.ar\/index.php?rest_route=%2Fwp%2Fv2%2Fmedia&parent=5860"}],"wp:term":[{"taxonomy":"category","embeddable":true,"href":"https:\/\/diariodelsurdigital.com.ar\/index.php?rest_route=%2Fwp%2Fv2%2Fcategories&post=5860"},{"taxonomy":"post_tag","embeddable":true,"href":"https:\/\/diariodelsurdigital.com.ar\/index.php?rest_route=%2Fwp%2Fv2%2Ftags&post=5860"}],"curies":[{"name":"wp","href":"https:\/\/api.w.org\/{rel}","templated":true}]}}