{"id":5866,"date":"2025-11-24T10:09:06","date_gmt":"2025-11-24T13:09:06","guid":{"rendered":"https:\/\/diariodelsurdigital.com.ar\/?p=5866"},"modified":"2025-11-24T10:09:07","modified_gmt":"2025-11-24T13:09:07","slug":"lula-da-silva-anuncio-la-fecha-para-la-firma-del-acuerdo-comercial-mercosur-ue","status":"publish","type":"post","link":"https:\/\/diariodelsurdigital.com.ar\/?p=5866","title":{"rendered":"Lula da Silva anunci\u00f3 la fecha para la firma del acuerdo comercial Mercosur-UE"},"content":{"rendered":"\n<p>El presidente brasile\u00f1o anunci\u00f3 en Sud\u00e1frica la fecha definitiva del pacto, pese a la oposici\u00f3n de Francia y la ausencia de Javier Milei en la cumbre del G20.<\/p>\n\n\n\n<p>El acuerdo comercial entre el Mercosur y la Uni\u00f3n Europea (UE) parece tener una fecha de concreci\u00f3n. El presidente de Brasil, Luiz Lula da Silva, anunci\u00f3 este domingo en Johannesburgo, al finalizar la reuni\u00f3n de l\u00edderes del G20, que el pacto se firmar\u00e1 el pr\u00f3ximo 20 de diciembre en Brasilia.<\/p>\n\n\n\n<p><br>\u00abLes garantizo que el 20 de diciembre firmar\u00e9 el acuerdo entre la Uni\u00f3n Europea y el Mercosur. Es un momento muy especial para el Mercosur y para la Uni\u00f3n Europea. Posiblemente ser\u00e1 el mayor acuerdo comercial del mundo\u00bb, declar\u00f3 Lula, citado por el diario Folha de San Pablo, seg\u00fan supo la Agencia Noticias Argentinas.<\/p>\n\n\n\n<p>Lula remarc\u00f3 que la firma se llevar\u00e1 a cabo a pesar de la fuerte oposici\u00f3n manifestada por el gobierno de Emmanuel Macron en Francia, que no logr\u00f3 articular una minor\u00eda de bloqueo suficiente dentro de la UE.<\/p>\n\n\n\n<p>El canciller franc\u00e9s, Jean-No\u00ebl Barrot, hab\u00eda intentado negociar una cl\u00e1usula de salvaguarda \u00abrobusta\u00bb con su par argentino, Pablo Quirno, en el marco del G20, para conseguir el \u00abs\u00ed\u00bb de Par\u00eds.<\/p>\n\n\n\n<p>Sin embargo, Lula fue categ\u00f3rico al distanciar la negociaci\u00f3n de Francia: \u00abNo estoy negociando con Francia. Estoy negociando con la Uni\u00f3n Europea, que tiene a [Ursula] von der Leyen y [Ant\u00f3nio] Costa como negociadores\u00bb.<\/p>\n\n\n\n<p>La firma ser\u00e1 en Brasilia, no en la cumbre<\/p>\n\n\n\n<p>El acuerdo, que tard\u00f3 25 a\u00f1os en negociarse y fue alcanzado en diciembre de 2024, no se rubricar\u00e1 durante la esperada cumbre del Mercosur en Foz de Iguaz\u00fa. Esta reuni\u00f3n podr\u00eda posponerse debido a problemas de agenda de algunos presidentes (la Canciller\u00eda argentina ya hab\u00eda anunciado que Javier Milei no asistir\u00eda, y Santiago Pe\u00f1a de Paraguay tampoco ser\u00eda de la partida).<\/p>\n\n\n\n<p>Por ello, Lula sugiri\u00f3 que la firma ser\u00e1 en una reuni\u00f3n especial en la capital brasile\u00f1a: \u201cLo har\u00e9 en Brasilia porque, posiblemente, tengamos un problema con Paraguay\u2026 firmaremos el 20 de diciembre\u201d, concluy\u00f3 el presidente. De concretarse, el pacto formar\u00eda uno de los principales mercados del mundo, con una poblaci\u00f3n combinada de 780 millones de personas.<\/p>\n","protected":false},"excerpt":{"rendered":"<p>El presidente brasile\u00f1o anunci\u00f3 en Sud\u00e1frica la fecha definitiva del pacto, pese a la oposici\u00f3n de Francia y la ausencia de Javier Milei en la cumbre del G20. El acuerdo comercial entre el Mercosur y la Uni\u00f3n Europea (UE) parece tener una fecha de concreci\u00f3n. El presidente de Brasil, Luiz Lula da Silva, anunci\u00f3 este [&hellip;]<\/p>\n","protected":false},"author":4,"featured_media":5867,"comment_status":"open","ping_status":"open","sticky":false,"template":"","format":"standard","meta":{"footnotes":""},"categories":[20,22],"tags":[],"class_list":{"0":"post-5866","1":"post","2":"type-post","3":"status-publish","4":"format-standard","5":"has-post-thumbnail","7":"category-internacionales","8":"category-politica"},"yoast_head":"<!-- This site is optimized with the Yoast SEO plugin v27.4 - https:\/\/yoast.com\/product\/yoast-seo-wordpress\/ -->\n<title>Lula da Silva anunci\u00f3 la fecha para la firma del acuerdo comercial Mercosur-UE - Diario del Sur<\/title>\n<meta name=\"robots\" content=\"index, follow, max-snippet:-1, max-image-preview:large, max-video-preview:-1\" \/>\n<link rel=\"canonical\" href=\"https:\/\/diariodelsurdigital.com.ar\/?p=5866\" \/>\n<meta property=\"og:locale\" content=\"es_ES\" \/>\n<meta property=\"og:type\" content=\"article\" \/>\n<meta property=\"og:title\" content=\"Lula da Silva anunci\u00f3 la fecha para la firma del acuerdo comercial Mercosur-UE - Diario del Sur\" \/>\n<meta property=\"og:description\" content=\"El presidente brasile\u00f1o anunci\u00f3 en Sud\u00e1frica la fecha definitiva del pacto, pese a la oposici\u00f3n de Francia y la ausencia de Javier Milei en la cumbre del G20. El acuerdo comercial entre el Mercosur y la Uni\u00f3n Europea (UE) parece tener una fecha de concreci\u00f3n. El presidente de Brasil, Luiz Lula da Silva, anunci\u00f3 este [&hellip;]\" \/>\n<meta property=\"og:url\" content=\"https:\/\/diariodelsurdigital.com.ar\/?p=5866\" \/>\n<meta property=\"og:site_name\" content=\"Diario del Sur\" \/>\n<meta property=\"article:published_time\" content=\"2025-11-24T13:09:06+00:00\" \/>\n<meta property=\"article:modified_time\" content=\"2025-11-24T13:09:07+00:00\" \/>\n<meta property=\"og:image\" content=\"https:\/\/diariodelsurdigital.com.ar\/wp-content\/uploads\/2025\/11\/md-32.webp\" \/>\n\t<meta property=\"og:image:width\" content=\"992\" \/>\n\t<meta property=\"og:image:height\" content=\"557\" \/>\n\t<meta property=\"og:image:type\" content=\"image\/webp\" \/>\n<meta name=\"author\" content=\"Diario del Sur Digital\" \/>\n<meta name=\"twitter:card\" content=\"summary_large_image\" \/>\n<meta name=\"twitter:label1\" content=\"Escrito por\" \/>\n\t<meta name=\"twitter:data1\" content=\"Diario del Sur Digital\" \/>\n\t<meta name=\"twitter:label2\" content=\"Tiempo de lectura\" \/>\n\t<meta name=\"twitter:data2\" content=\"2 minutos\" \/>\n<script type=\"application\/ld+json\" class=\"yoast-schema-graph\">{\"@context\":\"https:\\\/\\\/schema.org\",\"@graph\":[{\"@type\":\"Article\",\"@id\":\"https:\\\/\\\/diariodelsurdigital.com.ar\\\/?p=5866#article\",\"isPartOf\":{\"@id\":\"https:\\\/\\\/diariodelsurdigital.com.ar\\\/?p=5866\"},\"author\":{\"name\":\"Diario del Sur Digital\",\"@id\":\"https:\\\/\\\/diariodelsurdigital.com.ar\\\/#\\\/schema\\\/person\\\/1a4992532ed62965c968031b49195c81\"},\"headline\":\"Lula da Silva anunci\u00f3 la fecha para la firma del acuerdo comercial Mercosur-UE\",\"datePublished\":\"2025-11-24T13:09:06+00:00\",\"dateModified\":\"2025-11-24T13:09:07+00:00\",\"mainEntityOfPage\":{\"@id\":\"https:\\\/\\\/diariodelsurdigital.com.ar\\\/?p=5866\"},\"wordCount\":400,\"commentCount\":0,\"image\":{\"@id\":\"https:\\\/\\\/diariodelsurdigital.com.ar\\\/?p=5866#primaryimage\"},\"thumbnailUrl\":\"https:\\\/\\\/diariodelsurdigital.com.ar\\\/wp-content\\\/uploads\\\/2025\\\/11\\\/md-32.webp\",\"articleSection\":[\"Internacionales\",\"Pol\u00edtica\"],\"inLanguage\":\"es\",\"potentialAction\":[{\"@type\":\"CommentAction\",\"name\":\"Comment\",\"target\":[\"https:\\\/\\\/diariodelsurdigital.com.ar\\\/?p=5866#respond\"]}]},{\"@type\":\"WebPage\",\"@id\":\"https:\\\/\\\/diariodelsurdigital.com.ar\\\/?p=5866\",\"url\":\"https:\\\/\\\/diariodelsurdigital.com.ar\\\/?p=5866\",\"name\":\"Lula da Silva anunci\u00f3 la fecha para la firma del acuerdo comercial Mercosur-UE - Diario del Sur\",\"isPartOf\":{\"@id\":\"https:\\\/\\\/diariodelsurdigital.com.ar\\\/#website\"},\"primaryImageOfPage\":{\"@id\":\"https:\\\/\\\/diariodelsurdigital.com.ar\\\/?p=5866#primaryimage\"},\"image\":{\"@id\":\"https:\\\/\\\/diariodelsurdigital.com.ar\\\/?p=5866#primaryimage\"},\"thumbnailUrl\":\"https:\\\/\\\/diariodelsurdigital.com.ar\\\/wp-content\\\/uploads\\\/2025\\\/11\\\/md-32.webp\",\"datePublished\":\"2025-11-24T13:09:06+00:00\",\"dateModified\":\"2025-11-24T13:09:07+00:00\",\"author\":{\"@id\":\"https:\\\/\\\/diariodelsurdigital.com.ar\\\/#\\\/schema\\\/person\\\/1a4992532ed62965c968031b49195c81\"},\"breadcrumb\":{\"@id\":\"https:\\\/\\\/diariodelsurdigital.com.ar\\\/?p=5866#breadcrumb\"},\"inLanguage\":\"es\",\"potentialAction\":[{\"@type\":\"ReadAction\",\"target\":[\"https:\\\/\\\/diariodelsurdigital.com.ar\\\/?p=5866\"]}]},{\"@type\":\"ImageObject\",\"inLanguage\":\"es\",\"@id\":\"https:\\\/\\\/diariodelsurdigital.com.ar\\\/?p=5866#primaryimage\",\"url\":\"https:\\\/\\\/diariodelsurdigital.com.ar\\\/wp-content\\\/uploads\\\/2025\\\/11\\\/md-32.webp\",\"contentUrl\":\"https:\\\/\\\/diariodelsurdigital.com.ar\\\/wp-content\\\/uploads\\\/2025\\\/11\\\/md-32.webp\",\"width\":992,\"height\":557},{\"@type\":\"BreadcrumbList\",\"@id\":\"https:\\\/\\\/diariodelsurdigital.com.ar\\\/?p=5866#breadcrumb\",\"itemListElement\":[{\"@type\":\"ListItem\",\"position\":1,\"name\":\"Portada\",\"item\":\"https:\\\/\\\/diariodelsurdigital.com.ar\\\/\"},{\"@type\":\"ListItem\",\"position\":2,\"name\":\"Lula da Silva anunci\u00f3 la fecha para la firma del acuerdo comercial Mercosur-UE\"}]},{\"@type\":\"WebSite\",\"@id\":\"https:\\\/\\\/diariodelsurdigital.com.ar\\\/#website\",\"url\":\"https:\\\/\\\/diariodelsurdigital.com.ar\\\/\",\"name\":\"Diario del Sur\",\"description\":\"Digital\",\"potentialAction\":[{\"@type\":\"SearchAction\",\"target\":{\"@type\":\"EntryPoint\",\"urlTemplate\":\"https:\\\/\\\/diariodelsurdigital.com.ar\\\/?s={search_term_string}\"},\"query-input\":{\"@type\":\"PropertyValueSpecification\",\"valueRequired\":true,\"valueName\":\"search_term_string\"}}],\"inLanguage\":\"es\"},{\"@type\":\"Person\",\"@id\":\"https:\\\/\\\/diariodelsurdigital.com.ar\\\/#\\\/schema\\\/person\\\/1a4992532ed62965c968031b49195c81\",\"name\":\"Diario del Sur Digital\",\"image\":{\"@type\":\"ImageObject\",\"inLanguage\":\"es\",\"@id\":\"https:\\\/\\\/secure.gravatar.com\\\/avatar\\\/f0c7c47fc7146d19828273b9b8eda651c9c7ab583767e6338d3d3bee825adf76?s=96&d=mm&r=g\",\"url\":\"https:\\\/\\\/secure.gravatar.com\\\/avatar\\\/f0c7c47fc7146d19828273b9b8eda651c9c7ab583767e6338d3d3bee825adf76?s=96&d=mm&r=g\",\"contentUrl\":\"https:\\\/\\\/secure.gravatar.com\\\/avatar\\\/f0c7c47fc7146d19828273b9b8eda651c9c7ab583767e6338d3d3bee825adf76?s=96&d=mm&r=g\",\"caption\":\"Diario del Sur Digital\"},\"url\":\"https:\\\/\\\/diariodelsurdigital.com.ar\\\/?author=4\"}]}<\/script>\n<!-- \/ Yoast SEO plugin. -->","yoast_head_json":{"title":"Lula da Silva anunci\u00f3 la fecha para la firma del acuerdo comercial Mercosur-UE - Diario del Sur","robots":{"index":"index","follow":"follow","max-snippet":"max-snippet:-1","max-image-preview":"max-image-preview:large","max-video-preview":"max-video-preview:-1"},"canonical":"https:\/\/diariodelsurdigital.com.ar\/?p=5866","og_locale":"es_ES","og_type":"article","og_title":"Lula da Silva anunci\u00f3 la fecha para la firma del acuerdo comercial Mercosur-UE - Diario del Sur","og_description":"El presidente brasile\u00f1o anunci\u00f3 en Sud\u00e1frica la fecha definitiva del pacto, pese a la oposici\u00f3n de Francia y la ausencia de Javier Milei en la cumbre del G20. El acuerdo comercial entre el Mercosur y la Uni\u00f3n Europea (UE) parece tener una fecha de concreci\u00f3n. El presidente de Brasil, Luiz Lula da Silva, anunci\u00f3 este [&hellip;]","og_url":"https:\/\/diariodelsurdigital.com.ar\/?p=5866","og_site_name":"Diario del Sur","article_published_time":"2025-11-24T13:09:06+00:00","article_modified_time":"2025-11-24T13:09:07+00:00","og_image":[{"width":992,"height":557,"url":"https:\/\/diariodelsurdigital.com.ar\/wp-content\/uploads\/2025\/11\/md-32.webp","type":"image\/webp"}],"author":"Diario del Sur Digital","twitter_card":"summary_large_image","twitter_misc":{"Escrito por":"Diario del Sur Digital","Tiempo de lectura":"2 minutos"},"schema":{"@context":"https:\/\/schema.org","@graph":[{"@type":"Article","@id":"https:\/\/diariodelsurdigital.com.ar\/?p=5866#article","isPartOf":{"@id":"https:\/\/diariodelsurdigital.com.ar\/?p=5866"},"author":{"name":"Diario del Sur Digital","@id":"https:\/\/diariodelsurdigital.com.ar\/#\/schema\/person\/1a4992532ed62965c968031b49195c81"},"headline":"Lula da Silva anunci\u00f3 la fecha para la firma del acuerdo comercial Mercosur-UE","datePublished":"2025-11-24T13:09:06+00:00","dateModified":"2025-11-24T13:09:07+00:00","mainEntityOfPage":{"@id":"https:\/\/diariodelsurdigital.com.ar\/?p=5866"},"wordCount":400,"commentCount":0,"image":{"@id":"https:\/\/diariodelsurdigital.com.ar\/?p=5866#primaryimage"},"thumbnailUrl":"https:\/\/diariodelsurdigital.com.ar\/wp-content\/uploads\/2025\/11\/md-32.webp","articleSection":["Internacionales","Pol\u00edtica"],"inLanguage":"es","potentialAction":[{"@type":"CommentAction","name":"Comment","target":["https:\/\/diariodelsurdigital.com.ar\/?p=5866#respond"]}]},{"@type":"WebPage","@id":"https:\/\/diariodelsurdigital.com.ar\/?p=5866","url":"https:\/\/diariodelsurdigital.com.ar\/?p=5866","name":"Lula da Silva anunci\u00f3 la fecha para la firma del acuerdo comercial Mercosur-UE - Diario del Sur","isPartOf":{"@id":"https:\/\/diariodelsurdigital.com.ar\/#website"},"primaryImageOfPage":{"@id":"https:\/\/diariodelsurdigital.com.ar\/?p=5866#primaryimage"},"image":{"@id":"https:\/\/diariodelsurdigital.com.ar\/?p=5866#primaryimage"},"thumbnailUrl":"https:\/\/diariodelsurdigital.com.ar\/wp-content\/uploads\/2025\/11\/md-32.webp","datePublished":"2025-11-24T13:09:06+00:00","dateModified":"2025-11-24T13:09:07+00:00","author":{"@id":"https:\/\/diariodelsurdigital.com.ar\/#\/schema\/person\/1a4992532ed62965c968031b49195c81"},"breadcrumb":{"@id":"https:\/\/diariodelsurdigital.com.ar\/?p=5866#breadcrumb"},"inLanguage":"es","potentialAction":[{"@type":"ReadAction","target":["https:\/\/diariodelsurdigital.com.ar\/?p=5866"]}]},{"@type":"ImageObject","inLanguage":"es","@id":"https:\/\/diariodelsurdigital.com.ar\/?p=5866#primaryimage","url":"https:\/\/diariodelsurdigital.com.ar\/wp-content\/uploads\/2025\/11\/md-32.webp","contentUrl":"https:\/\/diariodelsurdigital.com.ar\/wp-content\/uploads\/2025\/11\/md-32.webp","width":992,"height":557},{"@type":"BreadcrumbList","@id":"https:\/\/diariodelsurdigital.com.ar\/?p=5866#breadcrumb","itemListElement":[{"@type":"ListItem","position":1,"name":"Portada","item":"https:\/\/diariodelsurdigital.com.ar\/"},{"@type":"ListItem","position":2,"name":"Lula da Silva anunci\u00f3 la fecha para la firma del acuerdo comercial Mercosur-UE"}]},{"@type":"WebSite","@id":"https:\/\/diariodelsurdigital.com.ar\/#website","url":"https:\/\/diariodelsurdigital.com.ar\/","name":"Diario del Sur","description":"Digital","potentialAction":[{"@type":"SearchAction","target":{"@type":"EntryPoint","urlTemplate":"https:\/\/diariodelsurdigital.com.ar\/?s={search_term_string}"},"query-input":{"@type":"PropertyValueSpecification","valueRequired":true,"valueName":"search_term_string"}}],"inLanguage":"es"},{"@type":"Person","@id":"https:\/\/diariodelsurdigital.com.ar\/#\/schema\/person\/1a4992532ed62965c968031b49195c81","name":"Diario del Sur Digital","image":{"@type":"ImageObject","inLanguage":"es","@id":"https:\/\/secure.gravatar.com\/avatar\/f0c7c47fc7146d19828273b9b8eda651c9c7ab583767e6338d3d3bee825adf76?s=96&d=mm&r=g","url":"https:\/\/secure.gravatar.com\/avatar\/f0c7c47fc7146d19828273b9b8eda651c9c7ab583767e6338d3d3bee825adf76?s=96&d=mm&r=g","contentUrl":"https:\/\/secure.gravatar.com\/avatar\/f0c7c47fc7146d19828273b9b8eda651c9c7ab583767e6338d3d3bee825adf76?s=96&d=mm&r=g","caption":"Diario del Sur Digital"},"url":"https:\/\/diariodelsurdigital.com.ar\/?author=4"}]}},"_links":{"self":[{"href":"https:\/\/diariodelsurdigital.com.ar\/index.php?rest_route=\/wp\/v2\/posts\/5866","targetHints":{"allow":["GET"]}}],"collection":[{"href":"https:\/\/diariodelsurdigital.com.ar\/index.php?rest_route=\/wp\/v2\/posts"}],"about":[{"href":"https:\/\/diariodelsurdigital.com.ar\/index.php?rest_route=\/wp\/v2\/types\/post"}],"author":[{"embeddable":true,"href":"https:\/\/diariodelsurdigital.com.ar\/index.php?rest_route=\/wp\/v2\/users\/4"}],"replies":[{"embeddable":true,"href":"https:\/\/diariodelsurdigital.com.ar\/index.php?rest_route=%2Fwp%2Fv2%2Fcomments&post=5866"}],"version-history":[{"count":1,"href":"https:\/\/diariodelsurdigital.com.ar\/index.php?rest_route=\/wp\/v2\/posts\/5866\/revisions"}],"predecessor-version":[{"id":5868,"href":"https:\/\/diariodelsurdigital.com.ar\/index.php?rest_route=\/wp\/v2\/posts\/5866\/revisions\/5868"}],"wp:featuredmedia":[{"embeddable":true,"href":"https:\/\/diariodelsurdigital.com.ar\/index.php?rest_route=\/wp\/v2\/media\/5867"}],"wp:attachment":[{"href":"https:\/\/diariodelsurdigital.com.ar\/index.php?rest_route=%2Fwp%2Fv2%2Fmedia&parent=5866"}],"wp:term":[{"taxonomy":"category","embeddable":true,"href":"https:\/\/diariodelsurdigital.com.ar\/index.php?rest_route=%2Fwp%2Fv2%2Fcategories&post=5866"},{"taxonomy":"post_tag","embeddable":true,"href":"https:\/\/diariodelsurdigital.com.ar\/index.php?rest_route=%2Fwp%2Fv2%2Ftags&post=5866"}],"curies":[{"name":"wp","href":"https:\/\/api.w.org\/{rel}","templated":true}]}}