{"id":5872,"date":"2025-11-24T10:14:53","date_gmt":"2025-11-24T13:14:53","guid":{"rendered":"https:\/\/diariodelsurdigital.com.ar\/?p=5872"},"modified":"2025-11-24T10:14:54","modified_gmt":"2025-11-24T13:14:54","slug":"caino-la-crisis-de-las-pymes-es-insostenible-con-una-caida-del-35-en-las-ventas-y-572-cierres-en-entre-rios","status":"publish","type":"post","link":"https:\/\/diariodelsurdigital.com.ar\/?p=5872","title":{"rendered":"Ca\u00edno: La crisis de las Pymes es insostenible con una ca\u00edda del 35% en las ventas y 572 cierres en Entre R\u00edos"},"content":{"rendered":"\n<p>El secretario de APyME advirti\u00f3 en di\u00e1logo con el portal Debate Abierto que la econom\u00eda est\u00e1 sometida a intereses que no son argentinos y que el deterioro del salario real elimin\u00f3 el mercado interno, factor clave para la supervivencia de las peque\u00f1as empresas. Presentaron un proyecto de ley de emergencia que busca reducir en un 50% los Ingresos Brutos y aliviar los costos energ\u00e9ticos y fiscales.<\/p>\n\n\n\n<p><\/p>\n\n\n\n<p>Alfredo Ca\u00edno, secretario de la Asamblea de Peque\u00f1os y Medianos Empresarios (APyME), describi\u00f3 un panorama desesperante para el sector en Entre R\u00edos, se\u00f1alando que la falta de un mercado interno con capacidad de consumo es el principal obst\u00e1culo para la producci\u00f3n y el comercio.<\/p>\n\n\n\n<p>El dirigente enmarc\u00f3 esta crisis en un contexto de sometimiento a intereses que no son los argentinos a trav\u00e9s de mecanismos financieros.<\/p>\n\n\n\n<p>Los datos proporcionados por informes del Centro de Econom\u00eda Pol\u00edtica Argentina (CEPA) confirman la gravedad de la situaci\u00f3n. Entre 2023 y 2025, la venta de supermercados ha bajado un 20,4%. Espec\u00edficamente, los art\u00edculos de limpieza cayeron 21%, almac\u00e9n 1,6% y l\u00e1cteos 6,4%. Este desplome se debe al deterioro del salario real, que cay\u00f3 entre 1,8% y 9,3% en el mismo per\u00edodo, sumado a lo que ya se arrastraba.<\/p>\n\n\n\n<p>El impacto directo en el sector se traduce en el cierre de casi 600 empresas, con un dato de 572 cierres de pymes y mipymes en la provincia de Entre R\u00edos, seg\u00fan informaci\u00f3n sustentada en datos de INDEC y ART.<\/p>\n\n\n\n<p>Los sectores m\u00e1s afectados incluyen la construcci\u00f3n con un 16% en el empleo registrado debido a la desaparici\u00f3n de la obra p\u00fablica; el transporte y almacenamiento, la industria manufacturera y el comercio.<\/p>\n\n\n\n<p>A nivel nacional, Ca\u00edno cit\u00f3 que las empresas metal\u00fargicas de Rosario perdieron 14.000 puestos de trabajo desde la asunci\u00f3n del actual gobierno de Javier Milei.<\/p>\n\n\n\n<p>En promedio, la reducci\u00f3n de ventas en el \u00faltimo a\u00f1o est\u00e1 en el 35% para las empresas asociadas, un dato que considera insostenible. Para poder soportar los costos fijos (salario, energ\u00eda e insumos), muchas pymes est\u00e1n recurriendo a la venta de activos fijos, como autos y propiedades inmobiliarias. Ca\u00edno ejemplific\u00f3 con un asociado productor de miel que trabaja a p\u00e9rdida hace ocho meses y vendi\u00f3 una camioneta para sostenerse.<\/p>\n\n\n\n<p>Propuestas de Alivio Fiscal y Cr\u00edtica al Plan Nacional<\/p>\n\n\n\n<p>Ante la crisis, APyME present\u00f3 un proyecto de emergencia pyme a nivel provincial y nacional para mitigar la situaci\u00f3n. Las medidas de alivio fiscal propuestas incluyen:<\/p>\n\n\n\n<p>Una reducci\u00f3n del 50% en el impuesto a los Ingresos Brutos.<br>Reducci\u00f3n de retenciones y de impuestos inmobiliarios y automotores.<br>Suspensi\u00f3n de casos en tratamiento judicial y reducci\u00f3n del costo de la energ\u00eda el\u00e9ctrica.<br>Ca\u00edno enfatiz\u00f3 que si bien hay que discutir los impuestos regresivos, APyME no plantea que no deban existir los impuestos, ya que \u00e9stos son la herramienta esencial de distribuci\u00f3n y financiamiento de pol\u00edticas sociales y de desarrollo tecnol\u00f3gico.<\/p>\n\n\n\n<p>El dirigente critic\u00f3 fuertemente la falta de visi\u00f3n del gobierno nacional. Asegur\u00f3 que no ha escuchado al presidente Milei hablar de pyme y productividad. La actual estrategia, que incluye la entrada m\u00e1s f\u00e1cil de productos importados, pone en jaque la competitividad de la producci\u00f3n nacional, agravada por el aumento del 600% en el costo de la nafta en los \u00faltimos dos a\u00f1os.<\/p>\n\n\n\n<p>Y mirando hacia 2026, Ca\u00edno se mostr\u00f3 pesimista. Se\u00f1al\u00f3 que la realidad no ayuda a un pensamiento positivo y que las proyecciones indican que seguir\u00e1n los cierres y aumentar\u00e1 la desocupaci\u00f3n. \u00abLa supervivencia ser\u00e1 un privilegio\u00bb, calific\u00f3, public\u00f3 Debate Abierto.<\/p>\n","protected":false},"excerpt":{"rendered":"<p>El secretario de APyME advirti\u00f3 en di\u00e1logo con el portal Debate Abierto que la econom\u00eda est\u00e1 sometida a intereses que no son argentinos y que el deterioro del salario real elimin\u00f3 el mercado interno, factor clave para la supervivencia de las peque\u00f1as empresas. Presentaron un proyecto de ley de emergencia que busca reducir en un [&hellip;]<\/p>\n","protected":false},"author":4,"featured_media":5873,"comment_status":"open","ping_status":"open","sticky":false,"template":"","format":"standard","meta":{"footnotes":""},"categories":[19,18],"tags":[],"class_list":{"0":"post-5872","1":"post","2":"type-post","3":"status-publish","4":"format-standard","5":"has-post-thumbnail","7":"category-interes-general","8":"category-nacionales"},"yoast_head":"<!-- This site is optimized with the Yoast SEO plugin v27.4 - https:\/\/yoast.com\/product\/yoast-seo-wordpress\/ -->\n<title>Ca\u00edno: La crisis de las Pymes es insostenible con una ca\u00edda del 35% en las ventas y 572 cierres en Entre R\u00edos - Diario del Sur<\/title>\n<meta name=\"robots\" content=\"index, follow, max-snippet:-1, max-image-preview:large, max-video-preview:-1\" \/>\n<link rel=\"canonical\" href=\"https:\/\/diariodelsurdigital.com.ar\/?p=5872\" \/>\n<meta property=\"og:locale\" content=\"es_ES\" \/>\n<meta property=\"og:type\" content=\"article\" \/>\n<meta property=\"og:title\" content=\"Ca\u00edno: La crisis de las Pymes es insostenible con una ca\u00edda del 35% en las ventas y 572 cierres en Entre R\u00edos - Diario del Sur\" \/>\n<meta property=\"og:description\" content=\"El secretario de APyME advirti\u00f3 en di\u00e1logo con el portal Debate Abierto que la econom\u00eda est\u00e1 sometida a intereses que no son argentinos y que el deterioro del salario real elimin\u00f3 el mercado interno, factor clave para la supervivencia de las peque\u00f1as empresas. Presentaron un proyecto de ley de emergencia que busca reducir en un [&hellip;]\" \/>\n<meta property=\"og:url\" content=\"https:\/\/diariodelsurdigital.com.ar\/?p=5872\" \/>\n<meta property=\"og:site_name\" content=\"Diario del Sur\" \/>\n<meta property=\"article:published_time\" content=\"2025-11-24T13:14:53+00:00\" \/>\n<meta property=\"article:modified_time\" content=\"2025-11-24T13:14:54+00:00\" \/>\n<meta property=\"og:image\" content=\"https:\/\/diariodelsurdigital.com.ar\/wp-content\/uploads\/2025\/11\/md-34.webp\" \/>\n\t<meta property=\"og:image:width\" content=\"992\" \/>\n\t<meta property=\"og:image:height\" content=\"567\" \/>\n\t<meta property=\"og:image:type\" content=\"image\/webp\" \/>\n<meta name=\"author\" content=\"Diario del Sur Digital\" \/>\n<meta name=\"twitter:card\" content=\"summary_large_image\" \/>\n<meta name=\"twitter:label1\" content=\"Escrito por\" \/>\n\t<meta name=\"twitter:data1\" content=\"Diario del Sur Digital\" \/>\n\t<meta name=\"twitter:label2\" content=\"Tiempo de lectura\" \/>\n\t<meta name=\"twitter:data2\" content=\"3 minutos\" \/>\n<script type=\"application\/ld+json\" class=\"yoast-schema-graph\">{\"@context\":\"https:\\\/\\\/schema.org\",\"@graph\":[{\"@type\":\"Article\",\"@id\":\"https:\\\/\\\/diariodelsurdigital.com.ar\\\/?p=5872#article\",\"isPartOf\":{\"@id\":\"https:\\\/\\\/diariodelsurdigital.com.ar\\\/?p=5872\"},\"author\":{\"name\":\"Diario del Sur Digital\",\"@id\":\"https:\\\/\\\/diariodelsurdigital.com.ar\\\/#\\\/schema\\\/person\\\/1a4992532ed62965c968031b49195c81\"},\"headline\":\"Ca\u00edno: La crisis de las Pymes es insostenible con una ca\u00edda del 35% en las ventas y 572 cierres en Entre R\u00edos\",\"datePublished\":\"2025-11-24T13:14:53+00:00\",\"dateModified\":\"2025-11-24T13:14:54+00:00\",\"mainEntityOfPage\":{\"@id\":\"https:\\\/\\\/diariodelsurdigital.com.ar\\\/?p=5872\"},\"wordCount\":637,\"commentCount\":0,\"image\":{\"@id\":\"https:\\\/\\\/diariodelsurdigital.com.ar\\\/?p=5872#primaryimage\"},\"thumbnailUrl\":\"https:\\\/\\\/diariodelsurdigital.com.ar\\\/wp-content\\\/uploads\\\/2025\\\/11\\\/md-34.webp\",\"articleSection\":[\"Inter\u00e9s General\",\"Nacionales\"],\"inLanguage\":\"es\",\"potentialAction\":[{\"@type\":\"CommentAction\",\"name\":\"Comment\",\"target\":[\"https:\\\/\\\/diariodelsurdigital.com.ar\\\/?p=5872#respond\"]}]},{\"@type\":\"WebPage\",\"@id\":\"https:\\\/\\\/diariodelsurdigital.com.ar\\\/?p=5872\",\"url\":\"https:\\\/\\\/diariodelsurdigital.com.ar\\\/?p=5872\",\"name\":\"Ca\u00edno: La crisis de las Pymes es insostenible con una ca\u00edda del 35% en las ventas y 572 cierres en Entre R\u00edos - Diario del Sur\",\"isPartOf\":{\"@id\":\"https:\\\/\\\/diariodelsurdigital.com.ar\\\/#website\"},\"primaryImageOfPage\":{\"@id\":\"https:\\\/\\\/diariodelsurdigital.com.ar\\\/?p=5872#primaryimage\"},\"image\":{\"@id\":\"https:\\\/\\\/diariodelsurdigital.com.ar\\\/?p=5872#primaryimage\"},\"thumbnailUrl\":\"https:\\\/\\\/diariodelsurdigital.com.ar\\\/wp-content\\\/uploads\\\/2025\\\/11\\\/md-34.webp\",\"datePublished\":\"2025-11-24T13:14:53+00:00\",\"dateModified\":\"2025-11-24T13:14:54+00:00\",\"author\":{\"@id\":\"https:\\\/\\\/diariodelsurdigital.com.ar\\\/#\\\/schema\\\/person\\\/1a4992532ed62965c968031b49195c81\"},\"breadcrumb\":{\"@id\":\"https:\\\/\\\/diariodelsurdigital.com.ar\\\/?p=5872#breadcrumb\"},\"inLanguage\":\"es\",\"potentialAction\":[{\"@type\":\"ReadAction\",\"target\":[\"https:\\\/\\\/diariodelsurdigital.com.ar\\\/?p=5872\"]}]},{\"@type\":\"ImageObject\",\"inLanguage\":\"es\",\"@id\":\"https:\\\/\\\/diariodelsurdigital.com.ar\\\/?p=5872#primaryimage\",\"url\":\"https:\\\/\\\/diariodelsurdigital.com.ar\\\/wp-content\\\/uploads\\\/2025\\\/11\\\/md-34.webp\",\"contentUrl\":\"https:\\\/\\\/diariodelsurdigital.com.ar\\\/wp-content\\\/uploads\\\/2025\\\/11\\\/md-34.webp\",\"width\":992,\"height\":567},{\"@type\":\"BreadcrumbList\",\"@id\":\"https:\\\/\\\/diariodelsurdigital.com.ar\\\/?p=5872#breadcrumb\",\"itemListElement\":[{\"@type\":\"ListItem\",\"position\":1,\"name\":\"Portada\",\"item\":\"https:\\\/\\\/diariodelsurdigital.com.ar\\\/\"},{\"@type\":\"ListItem\",\"position\":2,\"name\":\"Ca\u00edno: La crisis de las Pymes es insostenible con una ca\u00edda del 35% en las ventas y 572 cierres en Entre R\u00edos\"}]},{\"@type\":\"WebSite\",\"@id\":\"https:\\\/\\\/diariodelsurdigital.com.ar\\\/#website\",\"url\":\"https:\\\/\\\/diariodelsurdigital.com.ar\\\/\",\"name\":\"Diario del Sur\",\"description\":\"Digital\",\"potentialAction\":[{\"@type\":\"SearchAction\",\"target\":{\"@type\":\"EntryPoint\",\"urlTemplate\":\"https:\\\/\\\/diariodelsurdigital.com.ar\\\/?s={search_term_string}\"},\"query-input\":{\"@type\":\"PropertyValueSpecification\",\"valueRequired\":true,\"valueName\":\"search_term_string\"}}],\"inLanguage\":\"es\"},{\"@type\":\"Person\",\"@id\":\"https:\\\/\\\/diariodelsurdigital.com.ar\\\/#\\\/schema\\\/person\\\/1a4992532ed62965c968031b49195c81\",\"name\":\"Diario del Sur Digital\",\"image\":{\"@type\":\"ImageObject\",\"inLanguage\":\"es\",\"@id\":\"https:\\\/\\\/secure.gravatar.com\\\/avatar\\\/f0c7c47fc7146d19828273b9b8eda651c9c7ab583767e6338d3d3bee825adf76?s=96&d=mm&r=g\",\"url\":\"https:\\\/\\\/secure.gravatar.com\\\/avatar\\\/f0c7c47fc7146d19828273b9b8eda651c9c7ab583767e6338d3d3bee825adf76?s=96&d=mm&r=g\",\"contentUrl\":\"https:\\\/\\\/secure.gravatar.com\\\/avatar\\\/f0c7c47fc7146d19828273b9b8eda651c9c7ab583767e6338d3d3bee825adf76?s=96&d=mm&r=g\",\"caption\":\"Diario del Sur Digital\"},\"url\":\"https:\\\/\\\/diariodelsurdigital.com.ar\\\/?author=4\"}]}<\/script>\n<!-- \/ Yoast SEO plugin. -->","yoast_head_json":{"title":"Ca\u00edno: La crisis de las Pymes es insostenible con una ca\u00edda del 35% en las ventas y 572 cierres en Entre R\u00edos - Diario del Sur","robots":{"index":"index","follow":"follow","max-snippet":"max-snippet:-1","max-image-preview":"max-image-preview:large","max-video-preview":"max-video-preview:-1"},"canonical":"https:\/\/diariodelsurdigital.com.ar\/?p=5872","og_locale":"es_ES","og_type":"article","og_title":"Ca\u00edno: La crisis de las Pymes es insostenible con una ca\u00edda del 35% en las ventas y 572 cierres en Entre R\u00edos - Diario del Sur","og_description":"El secretario de APyME advirti\u00f3 en di\u00e1logo con el portal Debate Abierto que la econom\u00eda est\u00e1 sometida a intereses que no son argentinos y que el deterioro del salario real elimin\u00f3 el mercado interno, factor clave para la supervivencia de las peque\u00f1as empresas. Presentaron un proyecto de ley de emergencia que busca reducir en un [&hellip;]","og_url":"https:\/\/diariodelsurdigital.com.ar\/?p=5872","og_site_name":"Diario del Sur","article_published_time":"2025-11-24T13:14:53+00:00","article_modified_time":"2025-11-24T13:14:54+00:00","og_image":[{"width":992,"height":567,"url":"https:\/\/diariodelsurdigital.com.ar\/wp-content\/uploads\/2025\/11\/md-34.webp","type":"image\/webp"}],"author":"Diario del Sur Digital","twitter_card":"summary_large_image","twitter_misc":{"Escrito por":"Diario del Sur Digital","Tiempo de lectura":"3 minutos"},"schema":{"@context":"https:\/\/schema.org","@graph":[{"@type":"Article","@id":"https:\/\/diariodelsurdigital.com.ar\/?p=5872#article","isPartOf":{"@id":"https:\/\/diariodelsurdigital.com.ar\/?p=5872"},"author":{"name":"Diario del Sur Digital","@id":"https:\/\/diariodelsurdigital.com.ar\/#\/schema\/person\/1a4992532ed62965c968031b49195c81"},"headline":"Ca\u00edno: La crisis de las Pymes es insostenible con una ca\u00edda del 35% en las ventas y 572 cierres en Entre R\u00edos","datePublished":"2025-11-24T13:14:53+00:00","dateModified":"2025-11-24T13:14:54+00:00","mainEntityOfPage":{"@id":"https:\/\/diariodelsurdigital.com.ar\/?p=5872"},"wordCount":637,"commentCount":0,"image":{"@id":"https:\/\/diariodelsurdigital.com.ar\/?p=5872#primaryimage"},"thumbnailUrl":"https:\/\/diariodelsurdigital.com.ar\/wp-content\/uploads\/2025\/11\/md-34.webp","articleSection":["Inter\u00e9s General","Nacionales"],"inLanguage":"es","potentialAction":[{"@type":"CommentAction","name":"Comment","target":["https:\/\/diariodelsurdigital.com.ar\/?p=5872#respond"]}]},{"@type":"WebPage","@id":"https:\/\/diariodelsurdigital.com.ar\/?p=5872","url":"https:\/\/diariodelsurdigital.com.ar\/?p=5872","name":"Ca\u00edno: La crisis de las Pymes es insostenible con una ca\u00edda del 35% en las ventas y 572 cierres en Entre R\u00edos - Diario del Sur","isPartOf":{"@id":"https:\/\/diariodelsurdigital.com.ar\/#website"},"primaryImageOfPage":{"@id":"https:\/\/diariodelsurdigital.com.ar\/?p=5872#primaryimage"},"image":{"@id":"https:\/\/diariodelsurdigital.com.ar\/?p=5872#primaryimage"},"thumbnailUrl":"https:\/\/diariodelsurdigital.com.ar\/wp-content\/uploads\/2025\/11\/md-34.webp","datePublished":"2025-11-24T13:14:53+00:00","dateModified":"2025-11-24T13:14:54+00:00","author":{"@id":"https:\/\/diariodelsurdigital.com.ar\/#\/schema\/person\/1a4992532ed62965c968031b49195c81"},"breadcrumb":{"@id":"https:\/\/diariodelsurdigital.com.ar\/?p=5872#breadcrumb"},"inLanguage":"es","potentialAction":[{"@type":"ReadAction","target":["https:\/\/diariodelsurdigital.com.ar\/?p=5872"]}]},{"@type":"ImageObject","inLanguage":"es","@id":"https:\/\/diariodelsurdigital.com.ar\/?p=5872#primaryimage","url":"https:\/\/diariodelsurdigital.com.ar\/wp-content\/uploads\/2025\/11\/md-34.webp","contentUrl":"https:\/\/diariodelsurdigital.com.ar\/wp-content\/uploads\/2025\/11\/md-34.webp","width":992,"height":567},{"@type":"BreadcrumbList","@id":"https:\/\/diariodelsurdigital.com.ar\/?p=5872#breadcrumb","itemListElement":[{"@type":"ListItem","position":1,"name":"Portada","item":"https:\/\/diariodelsurdigital.com.ar\/"},{"@type":"ListItem","position":2,"name":"Ca\u00edno: La crisis de las Pymes es insostenible con una ca\u00edda del 35% en las ventas y 572 cierres en Entre R\u00edos"}]},{"@type":"WebSite","@id":"https:\/\/diariodelsurdigital.com.ar\/#website","url":"https:\/\/diariodelsurdigital.com.ar\/","name":"Diario del Sur","description":"Digital","potentialAction":[{"@type":"SearchAction","target":{"@type":"EntryPoint","urlTemplate":"https:\/\/diariodelsurdigital.com.ar\/?s={search_term_string}"},"query-input":{"@type":"PropertyValueSpecification","valueRequired":true,"valueName":"search_term_string"}}],"inLanguage":"es"},{"@type":"Person","@id":"https:\/\/diariodelsurdigital.com.ar\/#\/schema\/person\/1a4992532ed62965c968031b49195c81","name":"Diario del Sur Digital","image":{"@type":"ImageObject","inLanguage":"es","@id":"https:\/\/secure.gravatar.com\/avatar\/f0c7c47fc7146d19828273b9b8eda651c9c7ab583767e6338d3d3bee825adf76?s=96&d=mm&r=g","url":"https:\/\/secure.gravatar.com\/avatar\/f0c7c47fc7146d19828273b9b8eda651c9c7ab583767e6338d3d3bee825adf76?s=96&d=mm&r=g","contentUrl":"https:\/\/secure.gravatar.com\/avatar\/f0c7c47fc7146d19828273b9b8eda651c9c7ab583767e6338d3d3bee825adf76?s=96&d=mm&r=g","caption":"Diario del Sur Digital"},"url":"https:\/\/diariodelsurdigital.com.ar\/?author=4"}]}},"_links":{"self":[{"href":"https:\/\/diariodelsurdigital.com.ar\/index.php?rest_route=\/wp\/v2\/posts\/5872","targetHints":{"allow":["GET"]}}],"collection":[{"href":"https:\/\/diariodelsurdigital.com.ar\/index.php?rest_route=\/wp\/v2\/posts"}],"about":[{"href":"https:\/\/diariodelsurdigital.com.ar\/index.php?rest_route=\/wp\/v2\/types\/post"}],"author":[{"embeddable":true,"href":"https:\/\/diariodelsurdigital.com.ar\/index.php?rest_route=\/wp\/v2\/users\/4"}],"replies":[{"embeddable":true,"href":"https:\/\/diariodelsurdigital.com.ar\/index.php?rest_route=%2Fwp%2Fv2%2Fcomments&post=5872"}],"version-history":[{"count":1,"href":"https:\/\/diariodelsurdigital.com.ar\/index.php?rest_route=\/wp\/v2\/posts\/5872\/revisions"}],"predecessor-version":[{"id":5874,"href":"https:\/\/diariodelsurdigital.com.ar\/index.php?rest_route=\/wp\/v2\/posts\/5872\/revisions\/5874"}],"wp:featuredmedia":[{"embeddable":true,"href":"https:\/\/diariodelsurdigital.com.ar\/index.php?rest_route=\/wp\/v2\/media\/5873"}],"wp:attachment":[{"href":"https:\/\/diariodelsurdigital.com.ar\/index.php?rest_route=%2Fwp%2Fv2%2Fmedia&parent=5872"}],"wp:term":[{"taxonomy":"category","embeddable":true,"href":"https:\/\/diariodelsurdigital.com.ar\/index.php?rest_route=%2Fwp%2Fv2%2Fcategories&post=5872"},{"taxonomy":"post_tag","embeddable":true,"href":"https:\/\/diariodelsurdigital.com.ar\/index.php?rest_route=%2Fwp%2Fv2%2Ftags&post=5872"}],"curies":[{"name":"wp","href":"https:\/\/api.w.org\/{rel}","templated":true}]}}