{"id":5875,"date":"2025-11-24T10:18:27","date_gmt":"2025-11-24T13:18:27","guid":{"rendered":"https:\/\/diariodelsurdigital.com.ar\/?p=5875"},"modified":"2025-11-24T10:18:28","modified_gmt":"2025-11-24T13:18:28","slug":"cambios-en-el-gabinete-el-gobierno-designo-a-los-reemplazos-de-bullrich-y-petri","status":"publish","type":"post","link":"https:\/\/diariodelsurdigital.com.ar\/?p=5875","title":{"rendered":"Cambios en el Gabinete: El Gobierno design\u00f3 a los reemplazos de Bullrich y Petri"},"content":{"rendered":"\n<p>Alejandra Monteoliva, del ri\u00f1\u00f3n de la senadora electa, quedar\u00e1 al frente del Ministerio de Seguridad. En Defensa estar\u00e1 el militar Carlos Alberto Presti, hijo del genocida Carlos Roque Presti. \u201cAmbas designaciones implican una continuidad del rumbo que dichos ministerios emprendieron el 10 de diciembre del 2023 con Patricia Bullrich y Luis Petri a la cabeza, y su impronta se mantendr\u00e1 por el resto de esta gesti\u00f3n\u201d, dice el comunicado de la Oficina del Presidente.<\/p>\n\n\n\n<p><br>El Gobierno nacional anunci\u00f3 qui\u00e9nes ser\u00e1n los reemplazantes de los ministros Patricia Bullrich y Luis Petri, que el pr\u00f3ximo 10 de diciembre ingresar\u00e1n al Congreso. En el caso de Seguridad, quedar\u00e1 al frente Alejandra Monteoliva, mientras que en Defensa el elegido fue el militar Carlos Alberto Presti, hijo del genocida Carlos Roque Presti.<\/p>\n\n\n\n<p>\u201cAmbas designaciones implican una continuidad del rumbo que dichos ministerios emprendieron el 10 de diciembre del 2023 con Patricia Bullrich y Luis Petri a la cabeza, y su impronta se mantendr\u00e1 por el resto de esta gesti\u00f3n\u201d, dice el comunicado de la Oficina del Presidente (OPRA).<\/p>\n\n\n\n<p>Monteoliva, funcionaria de confianza de Bullrich, estaba al frente de la secretar\u00eda de Seguridad de la cartera. La funcionaria se presenta como Mag\u00edster en Seguridad y fue ministra de Seguridad en C\u00f3rdoba hasta el levantamiento policial de 2013.<\/p>\n\n\n\n<p>\u201cMonteoliva ha sido una pieza fundamental de la \u201cDoctrina Bullrich\u201d, que establece como prioridad la lucha frontal contra el narcoterrorismo y las organizaciones criminales, y el mantenimiento del imperio de la ley y el orden en las calles de la Rep\u00fablica Argentina\u00bb, contin\u00faa el comunicado de la OPRA.<\/p>\n\n\n\n<p>Monteoliva ha sido siempre fiel a Bullrich. Incluso dio una entrevista televisiva en la que justific\u00f3 la represi\u00f3n policial y el hecho de que un oficial gaseara en la cara a una ni\u00f1a de diez a\u00f1os, indic\u00f3 P\u00e1gina 12.<\/p>\n\n\n\n<p>En sus redes sociales, la funcionaria agradeci\u00f3 al presidente Javier Milei por \u201csu confianza\u201d y se comprometi\u00f3 a sostener la pol\u00edtica represiva de su antecesora para \u201cconsolidar el orden\u201d y \u201cgarantizar las condiciones para que nuestro pa\u00eds crezca en paz y en libertad\u201d.<\/p>\n\n\n\n<p>Tambi\u00e9n agradeci\u00f3 a Bullrich: \u201cValoro tu liderazgo, tu coraje y ese compromiso incansable con la ley y el orden\u201d.<\/p>\n\n\n\n<p>Presti, el reemplazante de Petri<\/p>\n\n\n\n<p>El actual Jefe del Estado Mayor General del Ej\u00e9rcito, el Teniente General Carlos Alberto Presti, ser\u00e1 el encargado de reemplazar a Luis Petri al frente de Defensa. El nombramiento implica tambi\u00e9n que queda vacante el puesto de jefe del Ej\u00e9rcito Argentino, cargo que hab\u00eda asumido en medio de un conflicto interno en enero de 2024.<\/p>\n\n\n\n<p>\u201cPor primera vez desde el regreso de la democracia, una persona con intachable carrera militar que ha llegado al m\u00e1s alto rango en su escalaf\u00f3n estar\u00e1 al frente del Ministerio que est\u00e1 encargado de la defensa nacional y de las Fuerzas Armadas, inaugurando una tradici\u00f3n que esperamos que la dirigencia pol\u00edtica contin\u00fae de aqu\u00ed en adelante y dando por finalizado la demonizaci\u00f3n de nuestros oficiales, suboficiales y soldados\u201d, describe la OPRA.<\/p>\n\n\n\n<p>Si bien no tuvo actuaci\u00f3n durante la \u00faltima dictadura c\u00edvico-militar, su padre, Carlos Roque Presti, fue uno de los jerarcas. Presti padre fue el comandante del Regimiento de Infanter\u00eda 7 de La Plata, donde ten\u00eda asiento la jefatura del \u00c1rea 113 \u2013 responsable de los centros clandestinos que funcionaron en la zona aleda\u00f1a a la capital bonaerense.<\/p>\n\n\n\n<p>Desde la Asamblea Desobediente \u2013integrada por familiares de genocidas\u2013 repudiaron su nombramiento al frente del Ej\u00e9rcito y manifestaron que no se le conoci\u00f3 a Presti una declaraci\u00f3n de condena a lo sucedido durante los a\u00f1os del terrorismo de Estado.<\/p>\n\n\n\n<p>Por su parte, Petri, que asumir\u00e1 su banca como diputado por Mendoza, destac\u00f3: \u201cReconforta saber que quien fue nuestro Jefe del Ej\u00e9rcito, ahora contin\u00fae como futuro Ministro de Defensa! S\u00e9 que va a tener una destacada y exitosa gesti\u00f3n porque como parte del equipo que me acompa\u00f1\u00f3, conozco en primera persona su capacidad, compromiso y lealtad a la Patria!\u201d. (APFDigital)<\/p>\n","protected":false},"excerpt":{"rendered":"<p>Alejandra Monteoliva, del ri\u00f1\u00f3n de la senadora electa, quedar\u00e1 al frente del Ministerio de Seguridad. En Defensa estar\u00e1 el militar Carlos Alberto Presti, hijo del genocida Carlos Roque Presti. \u201cAmbas designaciones implican una continuidad del rumbo que dichos ministerios emprendieron el 10 de diciembre del 2023 con Patricia Bullrich y Luis Petri a la cabeza, [&hellip;]<\/p>\n","protected":false},"author":4,"featured_media":5876,"comment_status":"open","ping_status":"open","sticky":false,"template":"","format":"standard","meta":{"footnotes":""},"categories":[19,18],"tags":[],"class_list":{"0":"post-5875","1":"post","2":"type-post","3":"status-publish","4":"format-standard","5":"has-post-thumbnail","7":"category-interes-general","8":"category-nacionales"},"yoast_head":"<!-- This site is optimized with the Yoast SEO plugin v27.4 - https:\/\/yoast.com\/product\/yoast-seo-wordpress\/ -->\n<title>Cambios en el Gabinete: El Gobierno design\u00f3 a los reemplazos de Bullrich y Petri - Diario del Sur<\/title>\n<meta name=\"robots\" content=\"index, follow, max-snippet:-1, max-image-preview:large, max-video-preview:-1\" \/>\n<link rel=\"canonical\" href=\"https:\/\/diariodelsurdigital.com.ar\/?p=5875\" \/>\n<meta property=\"og:locale\" content=\"es_ES\" \/>\n<meta property=\"og:type\" content=\"article\" \/>\n<meta property=\"og:title\" content=\"Cambios en el Gabinete: El Gobierno design\u00f3 a los reemplazos de Bullrich y Petri - Diario del Sur\" \/>\n<meta property=\"og:description\" content=\"Alejandra Monteoliva, del ri\u00f1\u00f3n de la senadora electa, quedar\u00e1 al frente del Ministerio de Seguridad. En Defensa estar\u00e1 el militar Carlos Alberto Presti, hijo del genocida Carlos Roque Presti. \u201cAmbas designaciones implican una continuidad del rumbo que dichos ministerios emprendieron el 10 de diciembre del 2023 con Patricia Bullrich y Luis Petri a la cabeza, [&hellip;]\" \/>\n<meta property=\"og:url\" content=\"https:\/\/diariodelsurdigital.com.ar\/?p=5875\" \/>\n<meta property=\"og:site_name\" content=\"Diario del Sur\" \/>\n<meta property=\"article:published_time\" content=\"2025-11-24T13:18:27+00:00\" \/>\n<meta property=\"article:modified_time\" content=\"2025-11-24T13:18:28+00:00\" \/>\n<meta property=\"og:image\" content=\"https:\/\/diariodelsurdigital.com.ar\/wp-content\/uploads\/2025\/11\/md-35.webp\" \/>\n\t<meta property=\"og:image:width\" content=\"992\" \/>\n\t<meta property=\"og:image:height\" content=\"711\" \/>\n\t<meta property=\"og:image:type\" content=\"image\/webp\" \/>\n<meta name=\"author\" content=\"Diario del Sur Digital\" \/>\n<meta name=\"twitter:card\" content=\"summary_large_image\" \/>\n<meta name=\"twitter:label1\" content=\"Escrito por\" \/>\n\t<meta name=\"twitter:data1\" content=\"Diario del Sur Digital\" \/>\n\t<meta name=\"twitter:label2\" content=\"Tiempo de lectura\" \/>\n\t<meta name=\"twitter:data2\" content=\"4 minutos\" \/>\n<script type=\"application\/ld+json\" class=\"yoast-schema-graph\">{\"@context\":\"https:\\\/\\\/schema.org\",\"@graph\":[{\"@type\":\"Article\",\"@id\":\"https:\\\/\\\/diariodelsurdigital.com.ar\\\/?p=5875#article\",\"isPartOf\":{\"@id\":\"https:\\\/\\\/diariodelsurdigital.com.ar\\\/?p=5875\"},\"author\":{\"name\":\"Diario del Sur Digital\",\"@id\":\"https:\\\/\\\/diariodelsurdigital.com.ar\\\/#\\\/schema\\\/person\\\/1a4992532ed62965c968031b49195c81\"},\"headline\":\"Cambios en el Gabinete: El Gobierno design\u00f3 a los reemplazos de Bullrich y Petri\",\"datePublished\":\"2025-11-24T13:18:27+00:00\",\"dateModified\":\"2025-11-24T13:18:28+00:00\",\"mainEntityOfPage\":{\"@id\":\"https:\\\/\\\/diariodelsurdigital.com.ar\\\/?p=5875\"},\"wordCount\":690,\"commentCount\":0,\"image\":{\"@id\":\"https:\\\/\\\/diariodelsurdigital.com.ar\\\/?p=5875#primaryimage\"},\"thumbnailUrl\":\"https:\\\/\\\/diariodelsurdigital.com.ar\\\/wp-content\\\/uploads\\\/2025\\\/11\\\/md-35.webp\",\"articleSection\":[\"Inter\u00e9s General\",\"Nacionales\"],\"inLanguage\":\"es\",\"potentialAction\":[{\"@type\":\"CommentAction\",\"name\":\"Comment\",\"target\":[\"https:\\\/\\\/diariodelsurdigital.com.ar\\\/?p=5875#respond\"]}]},{\"@type\":\"WebPage\",\"@id\":\"https:\\\/\\\/diariodelsurdigital.com.ar\\\/?p=5875\",\"url\":\"https:\\\/\\\/diariodelsurdigital.com.ar\\\/?p=5875\",\"name\":\"Cambios en el Gabinete: El Gobierno design\u00f3 a los reemplazos de Bullrich y Petri - Diario del Sur\",\"isPartOf\":{\"@id\":\"https:\\\/\\\/diariodelsurdigital.com.ar\\\/#website\"},\"primaryImageOfPage\":{\"@id\":\"https:\\\/\\\/diariodelsurdigital.com.ar\\\/?p=5875#primaryimage\"},\"image\":{\"@id\":\"https:\\\/\\\/diariodelsurdigital.com.ar\\\/?p=5875#primaryimage\"},\"thumbnailUrl\":\"https:\\\/\\\/diariodelsurdigital.com.ar\\\/wp-content\\\/uploads\\\/2025\\\/11\\\/md-35.webp\",\"datePublished\":\"2025-11-24T13:18:27+00:00\",\"dateModified\":\"2025-11-24T13:18:28+00:00\",\"author\":{\"@id\":\"https:\\\/\\\/diariodelsurdigital.com.ar\\\/#\\\/schema\\\/person\\\/1a4992532ed62965c968031b49195c81\"},\"breadcrumb\":{\"@id\":\"https:\\\/\\\/diariodelsurdigital.com.ar\\\/?p=5875#breadcrumb\"},\"inLanguage\":\"es\",\"potentialAction\":[{\"@type\":\"ReadAction\",\"target\":[\"https:\\\/\\\/diariodelsurdigital.com.ar\\\/?p=5875\"]}]},{\"@type\":\"ImageObject\",\"inLanguage\":\"es\",\"@id\":\"https:\\\/\\\/diariodelsurdigital.com.ar\\\/?p=5875#primaryimage\",\"url\":\"https:\\\/\\\/diariodelsurdigital.com.ar\\\/wp-content\\\/uploads\\\/2025\\\/11\\\/md-35.webp\",\"contentUrl\":\"https:\\\/\\\/diariodelsurdigital.com.ar\\\/wp-content\\\/uploads\\\/2025\\\/11\\\/md-35.webp\",\"width\":992,\"height\":711},{\"@type\":\"BreadcrumbList\",\"@id\":\"https:\\\/\\\/diariodelsurdigital.com.ar\\\/?p=5875#breadcrumb\",\"itemListElement\":[{\"@type\":\"ListItem\",\"position\":1,\"name\":\"Portada\",\"item\":\"https:\\\/\\\/diariodelsurdigital.com.ar\\\/\"},{\"@type\":\"ListItem\",\"position\":2,\"name\":\"Cambios en el Gabinete: El Gobierno design\u00f3 a los reemplazos de Bullrich y Petri\"}]},{\"@type\":\"WebSite\",\"@id\":\"https:\\\/\\\/diariodelsurdigital.com.ar\\\/#website\",\"url\":\"https:\\\/\\\/diariodelsurdigital.com.ar\\\/\",\"name\":\"Diario del Sur\",\"description\":\"Digital\",\"potentialAction\":[{\"@type\":\"SearchAction\",\"target\":{\"@type\":\"EntryPoint\",\"urlTemplate\":\"https:\\\/\\\/diariodelsurdigital.com.ar\\\/?s={search_term_string}\"},\"query-input\":{\"@type\":\"PropertyValueSpecification\",\"valueRequired\":true,\"valueName\":\"search_term_string\"}}],\"inLanguage\":\"es\"},{\"@type\":\"Person\",\"@id\":\"https:\\\/\\\/diariodelsurdigital.com.ar\\\/#\\\/schema\\\/person\\\/1a4992532ed62965c968031b49195c81\",\"name\":\"Diario del Sur Digital\",\"image\":{\"@type\":\"ImageObject\",\"inLanguage\":\"es\",\"@id\":\"https:\\\/\\\/secure.gravatar.com\\\/avatar\\\/f0c7c47fc7146d19828273b9b8eda651c9c7ab583767e6338d3d3bee825adf76?s=96&d=mm&r=g\",\"url\":\"https:\\\/\\\/secure.gravatar.com\\\/avatar\\\/f0c7c47fc7146d19828273b9b8eda651c9c7ab583767e6338d3d3bee825adf76?s=96&d=mm&r=g\",\"contentUrl\":\"https:\\\/\\\/secure.gravatar.com\\\/avatar\\\/f0c7c47fc7146d19828273b9b8eda651c9c7ab583767e6338d3d3bee825adf76?s=96&d=mm&r=g\",\"caption\":\"Diario del Sur Digital\"},\"url\":\"https:\\\/\\\/diariodelsurdigital.com.ar\\\/?author=4\"}]}<\/script>\n<!-- \/ Yoast SEO plugin. -->","yoast_head_json":{"title":"Cambios en el Gabinete: El Gobierno design\u00f3 a los reemplazos de Bullrich y Petri - Diario del Sur","robots":{"index":"index","follow":"follow","max-snippet":"max-snippet:-1","max-image-preview":"max-image-preview:large","max-video-preview":"max-video-preview:-1"},"canonical":"https:\/\/diariodelsurdigital.com.ar\/?p=5875","og_locale":"es_ES","og_type":"article","og_title":"Cambios en el Gabinete: El Gobierno design\u00f3 a los reemplazos de Bullrich y Petri - Diario del Sur","og_description":"Alejandra Monteoliva, del ri\u00f1\u00f3n de la senadora electa, quedar\u00e1 al frente del Ministerio de Seguridad. En Defensa estar\u00e1 el militar Carlos Alberto Presti, hijo del genocida Carlos Roque Presti. \u201cAmbas designaciones implican una continuidad del rumbo que dichos ministerios emprendieron el 10 de diciembre del 2023 con Patricia Bullrich y Luis Petri a la cabeza, [&hellip;]","og_url":"https:\/\/diariodelsurdigital.com.ar\/?p=5875","og_site_name":"Diario del Sur","article_published_time":"2025-11-24T13:18:27+00:00","article_modified_time":"2025-11-24T13:18:28+00:00","og_image":[{"width":992,"height":711,"url":"https:\/\/diariodelsurdigital.com.ar\/wp-content\/uploads\/2025\/11\/md-35.webp","type":"image\/webp"}],"author":"Diario del Sur Digital","twitter_card":"summary_large_image","twitter_misc":{"Escrito por":"Diario del Sur Digital","Tiempo de lectura":"4 minutos"},"schema":{"@context":"https:\/\/schema.org","@graph":[{"@type":"Article","@id":"https:\/\/diariodelsurdigital.com.ar\/?p=5875#article","isPartOf":{"@id":"https:\/\/diariodelsurdigital.com.ar\/?p=5875"},"author":{"name":"Diario del Sur Digital","@id":"https:\/\/diariodelsurdigital.com.ar\/#\/schema\/person\/1a4992532ed62965c968031b49195c81"},"headline":"Cambios en el Gabinete: El Gobierno design\u00f3 a los reemplazos de Bullrich y Petri","datePublished":"2025-11-24T13:18:27+00:00","dateModified":"2025-11-24T13:18:28+00:00","mainEntityOfPage":{"@id":"https:\/\/diariodelsurdigital.com.ar\/?p=5875"},"wordCount":690,"commentCount":0,"image":{"@id":"https:\/\/diariodelsurdigital.com.ar\/?p=5875#primaryimage"},"thumbnailUrl":"https:\/\/diariodelsurdigital.com.ar\/wp-content\/uploads\/2025\/11\/md-35.webp","articleSection":["Inter\u00e9s General","Nacionales"],"inLanguage":"es","potentialAction":[{"@type":"CommentAction","name":"Comment","target":["https:\/\/diariodelsurdigital.com.ar\/?p=5875#respond"]}]},{"@type":"WebPage","@id":"https:\/\/diariodelsurdigital.com.ar\/?p=5875","url":"https:\/\/diariodelsurdigital.com.ar\/?p=5875","name":"Cambios en el Gabinete: El Gobierno design\u00f3 a los reemplazos de Bullrich y Petri - Diario del Sur","isPartOf":{"@id":"https:\/\/diariodelsurdigital.com.ar\/#website"},"primaryImageOfPage":{"@id":"https:\/\/diariodelsurdigital.com.ar\/?p=5875#primaryimage"},"image":{"@id":"https:\/\/diariodelsurdigital.com.ar\/?p=5875#primaryimage"},"thumbnailUrl":"https:\/\/diariodelsurdigital.com.ar\/wp-content\/uploads\/2025\/11\/md-35.webp","datePublished":"2025-11-24T13:18:27+00:00","dateModified":"2025-11-24T13:18:28+00:00","author":{"@id":"https:\/\/diariodelsurdigital.com.ar\/#\/schema\/person\/1a4992532ed62965c968031b49195c81"},"breadcrumb":{"@id":"https:\/\/diariodelsurdigital.com.ar\/?p=5875#breadcrumb"},"inLanguage":"es","potentialAction":[{"@type":"ReadAction","target":["https:\/\/diariodelsurdigital.com.ar\/?p=5875"]}]},{"@type":"ImageObject","inLanguage":"es","@id":"https:\/\/diariodelsurdigital.com.ar\/?p=5875#primaryimage","url":"https:\/\/diariodelsurdigital.com.ar\/wp-content\/uploads\/2025\/11\/md-35.webp","contentUrl":"https:\/\/diariodelsurdigital.com.ar\/wp-content\/uploads\/2025\/11\/md-35.webp","width":992,"height":711},{"@type":"BreadcrumbList","@id":"https:\/\/diariodelsurdigital.com.ar\/?p=5875#breadcrumb","itemListElement":[{"@type":"ListItem","position":1,"name":"Portada","item":"https:\/\/diariodelsurdigital.com.ar\/"},{"@type":"ListItem","position":2,"name":"Cambios en el Gabinete: El Gobierno design\u00f3 a los reemplazos de Bullrich y Petri"}]},{"@type":"WebSite","@id":"https:\/\/diariodelsurdigital.com.ar\/#website","url":"https:\/\/diariodelsurdigital.com.ar\/","name":"Diario del Sur","description":"Digital","potentialAction":[{"@type":"SearchAction","target":{"@type":"EntryPoint","urlTemplate":"https:\/\/diariodelsurdigital.com.ar\/?s={search_term_string}"},"query-input":{"@type":"PropertyValueSpecification","valueRequired":true,"valueName":"search_term_string"}}],"inLanguage":"es"},{"@type":"Person","@id":"https:\/\/diariodelsurdigital.com.ar\/#\/schema\/person\/1a4992532ed62965c968031b49195c81","name":"Diario del Sur Digital","image":{"@type":"ImageObject","inLanguage":"es","@id":"https:\/\/secure.gravatar.com\/avatar\/f0c7c47fc7146d19828273b9b8eda651c9c7ab583767e6338d3d3bee825adf76?s=96&d=mm&r=g","url":"https:\/\/secure.gravatar.com\/avatar\/f0c7c47fc7146d19828273b9b8eda651c9c7ab583767e6338d3d3bee825adf76?s=96&d=mm&r=g","contentUrl":"https:\/\/secure.gravatar.com\/avatar\/f0c7c47fc7146d19828273b9b8eda651c9c7ab583767e6338d3d3bee825adf76?s=96&d=mm&r=g","caption":"Diario del Sur Digital"},"url":"https:\/\/diariodelsurdigital.com.ar\/?author=4"}]}},"_links":{"self":[{"href":"https:\/\/diariodelsurdigital.com.ar\/index.php?rest_route=\/wp\/v2\/posts\/5875","targetHints":{"allow":["GET"]}}],"collection":[{"href":"https:\/\/diariodelsurdigital.com.ar\/index.php?rest_route=\/wp\/v2\/posts"}],"about":[{"href":"https:\/\/diariodelsurdigital.com.ar\/index.php?rest_route=\/wp\/v2\/types\/post"}],"author":[{"embeddable":true,"href":"https:\/\/diariodelsurdigital.com.ar\/index.php?rest_route=\/wp\/v2\/users\/4"}],"replies":[{"embeddable":true,"href":"https:\/\/diariodelsurdigital.com.ar\/index.php?rest_route=%2Fwp%2Fv2%2Fcomments&post=5875"}],"version-history":[{"count":1,"href":"https:\/\/diariodelsurdigital.com.ar\/index.php?rest_route=\/wp\/v2\/posts\/5875\/revisions"}],"predecessor-version":[{"id":5877,"href":"https:\/\/diariodelsurdigital.com.ar\/index.php?rest_route=\/wp\/v2\/posts\/5875\/revisions\/5877"}],"wp:featuredmedia":[{"embeddable":true,"href":"https:\/\/diariodelsurdigital.com.ar\/index.php?rest_route=\/wp\/v2\/media\/5876"}],"wp:attachment":[{"href":"https:\/\/diariodelsurdigital.com.ar\/index.php?rest_route=%2Fwp%2Fv2%2Fmedia&parent=5875"}],"wp:term":[{"taxonomy":"category","embeddable":true,"href":"https:\/\/diariodelsurdigital.com.ar\/index.php?rest_route=%2Fwp%2Fv2%2Fcategories&post=5875"},{"taxonomy":"post_tag","embeddable":true,"href":"https:\/\/diariodelsurdigital.com.ar\/index.php?rest_route=%2Fwp%2Fv2%2Ftags&post=5875"}],"curies":[{"name":"wp","href":"https:\/\/api.w.org\/{rel}","templated":true}]}}