{"id":5879,"date":"2025-11-25T00:13:17","date_gmt":"2025-11-25T03:13:17","guid":{"rendered":"https:\/\/diariodelsurdigital.com.ar\/?p=5879"},"modified":"2025-11-25T00:13:18","modified_gmt":"2025-11-25T03:13:18","slug":"advierten-que-quienes-viajaron-en-colectivo-por-entre-rios-estan-expuestos-a-una-enfermedad-contagiosa","status":"publish","type":"post","link":"https:\/\/diariodelsurdigital.com.ar\/?p=5879","title":{"rendered":"Advierten que quienes viajaron en colectivo por Entre R\u00edos est\u00e1n expuestos a una enfermedad contagiosa"},"content":{"rendered":"\n<figure class=\"wp-block-image\"><img decoding=\"async\" src=\"https:\/\/media.elentrerios.com\/fotos-v2\/2025\/11\/24\/l_1764024075.jpg\" alt=\"\" title=\"\"\/><\/figure>\n\n\n\n<p>Debido a la confirmaci\u00f3n de cuatro casos de sarampi\u00f3n en personas de Uruguay que estuvieron traslad\u00e1ndose por Entre R\u00edos, el Ministerio de Salud de la provincia solicita estar atentos a posibles s\u00edntomas. La recomendaci\u00f3n hace especial \u00e9nfasis en quienes hayan viajado en \u00f3mnibus de la empresa San Jos\u00e9 S.R.L. el d\u00eda 15 de noviembre, en el tramo Retiro-Federaci\u00f3n, a las 21.40 hs, con paradas en varias ciudades entrerrianas.<\/p>\n\n\n\n<p>La Direcci\u00f3n General de Epidemiolog\u00eda, dependiente de la cartera sanitaria provincial, informa que cualquier pasajero que haya viajado en ese tramo (Buenos Aires, Gualeguaych\u00fa, Concepci\u00f3n del Uruguay, Col\u00f3n, Concordia, Federaci\u00f3n), independientemente del asiento y de la duraci\u00f3n del viaje, se considera potencialmente expuesto y debe estar atento a posibles s\u00edntomas:<\/p>\n\n\n\n<p>-Fiebre alta.<br>-rojas en la piel (exantema).<br>-Tos.<br>-Secreci\u00f3n nasal.<br>-Conjuntivitis.<\/p>\n\n\n\n<p>Ante la presencia de cualquiera de estos signos, se recomienda acudir de inmediato al efector de salud m\u00e1s cercano usando barbijo, evitando salas de espera y mencionando el antecedente del viaje (contacto de caso confirmado). Adem\u00e1s, las personas con s\u00edntomas compatibles, no deben asistir a la escuela, trabajo ni lugares concurridos.<\/p>\n\n\n\n<p>Seg\u00fan el alerta emitida por el Ministerio de Salud de la Naci\u00f3n -publicada este lunes 24 de noviembre en el Bolet\u00edn Epidemiol\u00f3gico Nacional-, el 15 de noviembre la familia viaj\u00f3 desde la Terminal de \u00d3mnibus de Retiro (Ciudad Aut\u00f3noma de Buenos Aires), a las 21.40 hs hacia la ciudad de Federaci\u00f3n en un micro de la empresa San Jos\u00e9 S.R.L., que realiz\u00f3 paradas en:<\/p>\n\n\n\n<p>Gualeguaych\u00fa.<br>Concepci\u00f3n del Uruguay.<br>Col\u00f3n.<br>Concordia.<br>Federaci\u00f3n.<\/p>\n\n\n\n<p>Al d\u00eda siguiente, el 16 de noviembre, el grupo cruz\u00f3 a Uruguay por el paso Col\u00f3n-Paysand\u00fa. Hasta el momento, no hay casos sospechosos ni confirmados en la provincia de Entre R\u00edos.<\/p>\n\n\n\n<h3 class=\"wp-block-heading\">La importancia de la vacunaci\u00f3n<\/h3>\n\n\n\n<p>El sarampi\u00f3n es altamente contagioso. El virus puede permanecer hasta dos horas en el ambiente y transmitirse incluso a quienes no tuvieron un contacto directo con la persona enferma.<\/p>\n\n\n\n<p>La recomendaci\u00f3n para la poblaci\u00f3n en general es revisar el carnet de vacunas. Quienes no tengan esquema completo de triple viral (sarampi\u00f3n, rub\u00e9ola y paperas) deben acercarse al vacunatorio u hospital m\u00e1s cercano para recibir las dosis que correspondan. La vacuna es gratuita.<\/p>\n\n\n\n<p>Seg\u00fan el Calendario Nacional de Vacunaci\u00f3n:<\/p>\n\n\n\n<p>De 12 meses a 4 a\u00f1os: una dosis.<br>A partir de los 5 a\u00f1os y adultos: dos dosis de doble o triple viral.<br>Personal de salud: dos dosis obligatorias.<br>Personas nacidas antes de 1965: se consideran inmunes.<\/p>\n\n\n\n<p>Por \u00faltimo, es importante citar que el alerta se enmarca en un aumento global y regional de casos. En 2025, la Regi\u00f3n de las Am\u00e9ricas registr\u00f3 m\u00e1s de 11.000 casos confirmados y perdi\u00f3 su estatus de regi\u00f3n libre de transmisi\u00f3n end\u00e9mica.<\/p>\n\n\n\n<p>Fuente: El Entre Rios<\/p>\n\n\n\n<p><\/p>\n","protected":false},"excerpt":{"rendered":"<p>Debido a la confirmaci\u00f3n de cuatro casos de sarampi\u00f3n en personas de Uruguay que estuvieron traslad\u00e1ndose por Entre R\u00edos, el Ministerio de Salud de la provincia solicita estar atentos a posibles s\u00edntomas. La recomendaci\u00f3n hace especial \u00e9nfasis en quienes hayan viajado en \u00f3mnibus de la empresa San Jos\u00e9 S.R.L. el d\u00eda 15 de noviembre, en [&hellip;]<\/p>\n","protected":false},"author":3,"featured_media":5880,"comment_status":"open","ping_status":"open","sticky":false,"template":"","format":"standard","meta":{"footnotes":""},"categories":[1],"tags":[],"class_list":{"0":"post-5879","1":"post","2":"type-post","3":"status-publish","4":"format-standard","5":"has-post-thumbnail","7":"category-uncategorized"},"yoast_head":"<!-- This site is optimized with the Yoast SEO plugin v27.4 - https:\/\/yoast.com\/product\/yoast-seo-wordpress\/ -->\n<title>Advierten que quienes viajaron en colectivo por Entre R\u00edos est\u00e1n expuestos a una enfermedad contagiosa - Diario del Sur<\/title>\n<meta name=\"robots\" content=\"index, follow, max-snippet:-1, max-image-preview:large, max-video-preview:-1\" \/>\n<link rel=\"canonical\" href=\"https:\/\/diariodelsurdigital.com.ar\/?p=5879\" \/>\n<meta property=\"og:locale\" content=\"es_ES\" \/>\n<meta property=\"og:type\" content=\"article\" \/>\n<meta property=\"og:title\" content=\"Advierten que quienes viajaron en colectivo por Entre R\u00edos est\u00e1n expuestos a una enfermedad contagiosa - Diario del Sur\" \/>\n<meta property=\"og:description\" content=\"Debido a la confirmaci\u00f3n de cuatro casos de sarampi\u00f3n en personas de Uruguay que estuvieron traslad\u00e1ndose por Entre R\u00edos, el Ministerio de Salud de la provincia solicita estar atentos a posibles s\u00edntomas. La recomendaci\u00f3n hace especial \u00e9nfasis en quienes hayan viajado en \u00f3mnibus de la empresa San Jos\u00e9 S.R.L. el d\u00eda 15 de noviembre, en [&hellip;]\" \/>\n<meta property=\"og:url\" content=\"https:\/\/diariodelsurdigital.com.ar\/?p=5879\" \/>\n<meta property=\"og:site_name\" content=\"Diario del Sur\" \/>\n<meta property=\"article:published_time\" content=\"2025-11-25T03:13:17+00:00\" \/>\n<meta property=\"article:modified_time\" content=\"2025-11-25T03:13:18+00:00\" \/>\n<meta property=\"og:image\" content=\"https:\/\/diariodelsurdigital.com.ar\/wp-content\/uploads\/2025\/11\/l_1764024075.jpg\" \/>\n\t<meta property=\"og:image:width\" content=\"870\" \/>\n\t<meta property=\"og:image:height\" content=\"580\" \/>\n\t<meta property=\"og:image:type\" content=\"image\/jpeg\" \/>\n<meta name=\"author\" content=\"Diario del Sur Digital\" \/>\n<meta name=\"twitter:card\" content=\"summary_large_image\" \/>\n<meta name=\"twitter:label1\" content=\"Escrito por\" \/>\n\t<meta name=\"twitter:data1\" content=\"Diario del Sur Digital\" \/>\n\t<meta name=\"twitter:label2\" content=\"Tiempo de lectura\" \/>\n\t<meta name=\"twitter:data2\" content=\"3 minutos\" \/>\n<script type=\"application\/ld+json\" class=\"yoast-schema-graph\">{\"@context\":\"https:\\\/\\\/schema.org\",\"@graph\":[{\"@type\":\"Article\",\"@id\":\"https:\\\/\\\/diariodelsurdigital.com.ar\\\/?p=5879#article\",\"isPartOf\":{\"@id\":\"https:\\\/\\\/diariodelsurdigital.com.ar\\\/?p=5879\"},\"author\":{\"name\":\"Diario del Sur Digital\",\"@id\":\"https:\\\/\\\/diariodelsurdigital.com.ar\\\/#\\\/schema\\\/person\\\/d794acb23337e88c6e4004a39c32be62\"},\"headline\":\"Advierten que quienes viajaron en colectivo por Entre R\u00edos est\u00e1n expuestos a una enfermedad contagiosa\",\"datePublished\":\"2025-11-25T03:13:17+00:00\",\"dateModified\":\"2025-11-25T03:13:18+00:00\",\"mainEntityOfPage\":{\"@id\":\"https:\\\/\\\/diariodelsurdigital.com.ar\\\/?p=5879\"},\"wordCount\":504,\"commentCount\":0,\"image\":{\"@id\":\"https:\\\/\\\/diariodelsurdigital.com.ar\\\/?p=5879#primaryimage\"},\"thumbnailUrl\":\"https:\\\/\\\/diariodelsurdigital.com.ar\\\/wp-content\\\/uploads\\\/2025\\\/11\\\/l_1764024075.jpg\",\"articleSection\":[\"Uncategorized\"],\"inLanguage\":\"es\",\"potentialAction\":[{\"@type\":\"CommentAction\",\"name\":\"Comment\",\"target\":[\"https:\\\/\\\/diariodelsurdigital.com.ar\\\/?p=5879#respond\"]}]},{\"@type\":\"WebPage\",\"@id\":\"https:\\\/\\\/diariodelsurdigital.com.ar\\\/?p=5879\",\"url\":\"https:\\\/\\\/diariodelsurdigital.com.ar\\\/?p=5879\",\"name\":\"Advierten que quienes viajaron en colectivo por Entre R\u00edos est\u00e1n expuestos a una enfermedad contagiosa - Diario del Sur\",\"isPartOf\":{\"@id\":\"https:\\\/\\\/diariodelsurdigital.com.ar\\\/#website\"},\"primaryImageOfPage\":{\"@id\":\"https:\\\/\\\/diariodelsurdigital.com.ar\\\/?p=5879#primaryimage\"},\"image\":{\"@id\":\"https:\\\/\\\/diariodelsurdigital.com.ar\\\/?p=5879#primaryimage\"},\"thumbnailUrl\":\"https:\\\/\\\/diariodelsurdigital.com.ar\\\/wp-content\\\/uploads\\\/2025\\\/11\\\/l_1764024075.jpg\",\"datePublished\":\"2025-11-25T03:13:17+00:00\",\"dateModified\":\"2025-11-25T03:13:18+00:00\",\"author\":{\"@id\":\"https:\\\/\\\/diariodelsurdigital.com.ar\\\/#\\\/schema\\\/person\\\/d794acb23337e88c6e4004a39c32be62\"},\"breadcrumb\":{\"@id\":\"https:\\\/\\\/diariodelsurdigital.com.ar\\\/?p=5879#breadcrumb\"},\"inLanguage\":\"es\",\"potentialAction\":[{\"@type\":\"ReadAction\",\"target\":[\"https:\\\/\\\/diariodelsurdigital.com.ar\\\/?p=5879\"]}]},{\"@type\":\"ImageObject\",\"inLanguage\":\"es\",\"@id\":\"https:\\\/\\\/diariodelsurdigital.com.ar\\\/?p=5879#primaryimage\",\"url\":\"https:\\\/\\\/diariodelsurdigital.com.ar\\\/wp-content\\\/uploads\\\/2025\\\/11\\\/l_1764024075.jpg\",\"contentUrl\":\"https:\\\/\\\/diariodelsurdigital.com.ar\\\/wp-content\\\/uploads\\\/2025\\\/11\\\/l_1764024075.jpg\",\"width\":870,\"height\":580},{\"@type\":\"BreadcrumbList\",\"@id\":\"https:\\\/\\\/diariodelsurdigital.com.ar\\\/?p=5879#breadcrumb\",\"itemListElement\":[{\"@type\":\"ListItem\",\"position\":1,\"name\":\"Portada\",\"item\":\"https:\\\/\\\/diariodelsurdigital.com.ar\\\/\"},{\"@type\":\"ListItem\",\"position\":2,\"name\":\"Advierten que quienes viajaron en colectivo por Entre R\u00edos est\u00e1n expuestos a una enfermedad contagiosa\"}]},{\"@type\":\"WebSite\",\"@id\":\"https:\\\/\\\/diariodelsurdigital.com.ar\\\/#website\",\"url\":\"https:\\\/\\\/diariodelsurdigital.com.ar\\\/\",\"name\":\"Diario del Sur\",\"description\":\"Digital\",\"potentialAction\":[{\"@type\":\"SearchAction\",\"target\":{\"@type\":\"EntryPoint\",\"urlTemplate\":\"https:\\\/\\\/diariodelsurdigital.com.ar\\\/?s={search_term_string}\"},\"query-input\":{\"@type\":\"PropertyValueSpecification\",\"valueRequired\":true,\"valueName\":\"search_term_string\"}}],\"inLanguage\":\"es\"},{\"@type\":\"Person\",\"@id\":\"https:\\\/\\\/diariodelsurdigital.com.ar\\\/#\\\/schema\\\/person\\\/d794acb23337e88c6e4004a39c32be62\",\"name\":\"Diario del Sur Digital\",\"image\":{\"@type\":\"ImageObject\",\"inLanguage\":\"es\",\"@id\":\"https:\\\/\\\/secure.gravatar.com\\\/avatar\\\/47679bcfa15734cfdefc176b6ad58adeeccac22b2e03e095ada6c622af2b463a?s=96&d=mm&r=g\",\"url\":\"https:\\\/\\\/secure.gravatar.com\\\/avatar\\\/47679bcfa15734cfdefc176b6ad58adeeccac22b2e03e095ada6c622af2b463a?s=96&d=mm&r=g\",\"contentUrl\":\"https:\\\/\\\/secure.gravatar.com\\\/avatar\\\/47679bcfa15734cfdefc176b6ad58adeeccac22b2e03e095ada6c622af2b463a?s=96&d=mm&r=g\",\"caption\":\"Diario del Sur Digital\"},\"url\":\"https:\\\/\\\/diariodelsurdigital.com.ar\\\/?author=3\"}]}<\/script>\n<!-- \/ Yoast SEO plugin. -->","yoast_head_json":{"title":"Advierten que quienes viajaron en colectivo por Entre R\u00edos est\u00e1n expuestos a una enfermedad contagiosa - Diario del Sur","robots":{"index":"index","follow":"follow","max-snippet":"max-snippet:-1","max-image-preview":"max-image-preview:large","max-video-preview":"max-video-preview:-1"},"canonical":"https:\/\/diariodelsurdigital.com.ar\/?p=5879","og_locale":"es_ES","og_type":"article","og_title":"Advierten que quienes viajaron en colectivo por Entre R\u00edos est\u00e1n expuestos a una enfermedad contagiosa - Diario del Sur","og_description":"Debido a la confirmaci\u00f3n de cuatro casos de sarampi\u00f3n en personas de Uruguay que estuvieron traslad\u00e1ndose por Entre R\u00edos, el Ministerio de Salud de la provincia solicita estar atentos a posibles s\u00edntomas. La recomendaci\u00f3n hace especial \u00e9nfasis en quienes hayan viajado en \u00f3mnibus de la empresa San Jos\u00e9 S.R.L. el d\u00eda 15 de noviembre, en [&hellip;]","og_url":"https:\/\/diariodelsurdigital.com.ar\/?p=5879","og_site_name":"Diario del Sur","article_published_time":"2025-11-25T03:13:17+00:00","article_modified_time":"2025-11-25T03:13:18+00:00","og_image":[{"width":870,"height":580,"url":"https:\/\/diariodelsurdigital.com.ar\/wp-content\/uploads\/2025\/11\/l_1764024075.jpg","type":"image\/jpeg"}],"author":"Diario del Sur Digital","twitter_card":"summary_large_image","twitter_misc":{"Escrito por":"Diario del Sur Digital","Tiempo de lectura":"3 minutos"},"schema":{"@context":"https:\/\/schema.org","@graph":[{"@type":"Article","@id":"https:\/\/diariodelsurdigital.com.ar\/?p=5879#article","isPartOf":{"@id":"https:\/\/diariodelsurdigital.com.ar\/?p=5879"},"author":{"name":"Diario del Sur Digital","@id":"https:\/\/diariodelsurdigital.com.ar\/#\/schema\/person\/d794acb23337e88c6e4004a39c32be62"},"headline":"Advierten que quienes viajaron en colectivo por Entre R\u00edos est\u00e1n expuestos a una enfermedad contagiosa","datePublished":"2025-11-25T03:13:17+00:00","dateModified":"2025-11-25T03:13:18+00:00","mainEntityOfPage":{"@id":"https:\/\/diariodelsurdigital.com.ar\/?p=5879"},"wordCount":504,"commentCount":0,"image":{"@id":"https:\/\/diariodelsurdigital.com.ar\/?p=5879#primaryimage"},"thumbnailUrl":"https:\/\/diariodelsurdigital.com.ar\/wp-content\/uploads\/2025\/11\/l_1764024075.jpg","articleSection":["Uncategorized"],"inLanguage":"es","potentialAction":[{"@type":"CommentAction","name":"Comment","target":["https:\/\/diariodelsurdigital.com.ar\/?p=5879#respond"]}]},{"@type":"WebPage","@id":"https:\/\/diariodelsurdigital.com.ar\/?p=5879","url":"https:\/\/diariodelsurdigital.com.ar\/?p=5879","name":"Advierten que quienes viajaron en colectivo por Entre R\u00edos est\u00e1n expuestos a una enfermedad contagiosa - Diario del Sur","isPartOf":{"@id":"https:\/\/diariodelsurdigital.com.ar\/#website"},"primaryImageOfPage":{"@id":"https:\/\/diariodelsurdigital.com.ar\/?p=5879#primaryimage"},"image":{"@id":"https:\/\/diariodelsurdigital.com.ar\/?p=5879#primaryimage"},"thumbnailUrl":"https:\/\/diariodelsurdigital.com.ar\/wp-content\/uploads\/2025\/11\/l_1764024075.jpg","datePublished":"2025-11-25T03:13:17+00:00","dateModified":"2025-11-25T03:13:18+00:00","author":{"@id":"https:\/\/diariodelsurdigital.com.ar\/#\/schema\/person\/d794acb23337e88c6e4004a39c32be62"},"breadcrumb":{"@id":"https:\/\/diariodelsurdigital.com.ar\/?p=5879#breadcrumb"},"inLanguage":"es","potentialAction":[{"@type":"ReadAction","target":["https:\/\/diariodelsurdigital.com.ar\/?p=5879"]}]},{"@type":"ImageObject","inLanguage":"es","@id":"https:\/\/diariodelsurdigital.com.ar\/?p=5879#primaryimage","url":"https:\/\/diariodelsurdigital.com.ar\/wp-content\/uploads\/2025\/11\/l_1764024075.jpg","contentUrl":"https:\/\/diariodelsurdigital.com.ar\/wp-content\/uploads\/2025\/11\/l_1764024075.jpg","width":870,"height":580},{"@type":"BreadcrumbList","@id":"https:\/\/diariodelsurdigital.com.ar\/?p=5879#breadcrumb","itemListElement":[{"@type":"ListItem","position":1,"name":"Portada","item":"https:\/\/diariodelsurdigital.com.ar\/"},{"@type":"ListItem","position":2,"name":"Advierten que quienes viajaron en colectivo por Entre R\u00edos est\u00e1n expuestos a una enfermedad contagiosa"}]},{"@type":"WebSite","@id":"https:\/\/diariodelsurdigital.com.ar\/#website","url":"https:\/\/diariodelsurdigital.com.ar\/","name":"Diario del Sur","description":"Digital","potentialAction":[{"@type":"SearchAction","target":{"@type":"EntryPoint","urlTemplate":"https:\/\/diariodelsurdigital.com.ar\/?s={search_term_string}"},"query-input":{"@type":"PropertyValueSpecification","valueRequired":true,"valueName":"search_term_string"}}],"inLanguage":"es"},{"@type":"Person","@id":"https:\/\/diariodelsurdigital.com.ar\/#\/schema\/person\/d794acb23337e88c6e4004a39c32be62","name":"Diario del Sur Digital","image":{"@type":"ImageObject","inLanguage":"es","@id":"https:\/\/secure.gravatar.com\/avatar\/47679bcfa15734cfdefc176b6ad58adeeccac22b2e03e095ada6c622af2b463a?s=96&d=mm&r=g","url":"https:\/\/secure.gravatar.com\/avatar\/47679bcfa15734cfdefc176b6ad58adeeccac22b2e03e095ada6c622af2b463a?s=96&d=mm&r=g","contentUrl":"https:\/\/secure.gravatar.com\/avatar\/47679bcfa15734cfdefc176b6ad58adeeccac22b2e03e095ada6c622af2b463a?s=96&d=mm&r=g","caption":"Diario del Sur Digital"},"url":"https:\/\/diariodelsurdigital.com.ar\/?author=3"}]}},"_links":{"self":[{"href":"https:\/\/diariodelsurdigital.com.ar\/index.php?rest_route=\/wp\/v2\/posts\/5879","targetHints":{"allow":["GET"]}}],"collection":[{"href":"https:\/\/diariodelsurdigital.com.ar\/index.php?rest_route=\/wp\/v2\/posts"}],"about":[{"href":"https:\/\/diariodelsurdigital.com.ar\/index.php?rest_route=\/wp\/v2\/types\/post"}],"author":[{"embeddable":true,"href":"https:\/\/diariodelsurdigital.com.ar\/index.php?rest_route=\/wp\/v2\/users\/3"}],"replies":[{"embeddable":true,"href":"https:\/\/diariodelsurdigital.com.ar\/index.php?rest_route=%2Fwp%2Fv2%2Fcomments&post=5879"}],"version-history":[{"count":1,"href":"https:\/\/diariodelsurdigital.com.ar\/index.php?rest_route=\/wp\/v2\/posts\/5879\/revisions"}],"predecessor-version":[{"id":5881,"href":"https:\/\/diariodelsurdigital.com.ar\/index.php?rest_route=\/wp\/v2\/posts\/5879\/revisions\/5881"}],"wp:featuredmedia":[{"embeddable":true,"href":"https:\/\/diariodelsurdigital.com.ar\/index.php?rest_route=\/wp\/v2\/media\/5880"}],"wp:attachment":[{"href":"https:\/\/diariodelsurdigital.com.ar\/index.php?rest_route=%2Fwp%2Fv2%2Fmedia&parent=5879"}],"wp:term":[{"taxonomy":"category","embeddable":true,"href":"https:\/\/diariodelsurdigital.com.ar\/index.php?rest_route=%2Fwp%2Fv2%2Fcategories&post=5879"},{"taxonomy":"post_tag","embeddable":true,"href":"https:\/\/diariodelsurdigital.com.ar\/index.php?rest_route=%2Fwp%2Fv2%2Ftags&post=5879"}],"curies":[{"name":"wp","href":"https:\/\/api.w.org\/{rel}","templated":true}]}}