{"id":5882,"date":"2025-11-25T00:15:06","date_gmt":"2025-11-25T03:15:06","guid":{"rendered":"https:\/\/diariodelsurdigital.com.ar\/?p=5882"},"modified":"2025-11-25T00:15:07","modified_gmt":"2025-11-25T03:15:07","slug":"concordia-se-consolido-como-uno-de-los-destinos-mas-elegidos-del-fin-de-semana-largo","status":"publish","type":"post","link":"https:\/\/diariodelsurdigital.com.ar\/?p=5882","title":{"rendered":"Concordia se consolid\u00f3 como uno de los destinos m\u00e1s elegidos del fin de semana largo"},"content":{"rendered":"\n<p><strong>El fin de semana largo dej\u00f3 un balance altamente positivo para Concordia, que registr\u00f3 un 85% de ocupaci\u00f3n en sus diversas modalidades de alojamiento y mostr\u00f3 un movimiento tur\u00edstico sostenido en toda la ciudad. Las termas volvieron a ser el principal atractivo, aunque tambi\u00e9n se destac\u00f3 la fuerte elecci\u00f3n de los paseos naturales, los circuitos costeros, la pesca deportiva, las propuestas culturales y las ferias locales.<\/strong><\/p>\n\n\n\n<p><\/p>\n\n\n\n<figure class=\"wp-block-image\"><img decoding=\"async\" src=\"https:\/\/cdnartic.ar\/vnimvGg9QpmKNDdyejPVTNtRYC0=\/1500x0\/filters:no_upscale():format(webp):quality(40)\/https:\/\/elheraldocdn.eleco.com.ar\/media\/2025\/11\/turismo_concordia.jpg\" alt=\"Concordia se consolid\u00f3 como uno de los destinos m\u00e1s elegidos del fin de semana largo\"\/><\/figure>\n\n\n\n<p>Desde el Ente Mixto Concordiense de Turismo se\u00f1alaron que la ciudad vivi\u00f3 \u201cuna muy buena ocupaci\u00f3n y un movimiento constante en toda la Concordia, con fuerte protagonismo de nuestras termas y una importante elecci\u00f3n de propuestas naturales, culturales y gastron\u00f3micas\u201d. Entre las actividades m\u00e1s convocantes se destacaron el evento Sabores de Concordia y la Regi\u00f3n 2025, que por primera vez incorpor\u00f3 la instancia clasificatoria del Torneo Federal de Chefs de FEHGRA, y la Semana del Patrimonio, que culmin\u00f3 el domingo tras una agenda cargada de visitas guiadas, circuitos hist\u00f3ricos, recorridos por museos, paseos en el Bus Tur\u00edstico y actividades n\u00e1uticas en el lago.<br>La ciudad tambi\u00e9n registr\u00f3 un gasto promedio diario por visitante de $104.220 y una estad\u00eda media de 2,5 noches, cifras que reflejan un impacto directo sobre la gastronom\u00eda, el comercio y los servicios tur\u00edsticos. \u201cEste nivel de actividad genera trabajo para nuestra gente y fortalece la econom\u00eda local. Concordia sigue consolid\u00e1ndose como un destino que no solo recibe visitantes, sino que ofrece experiencias completas, con identidad y calidad\u201d, destacaron autoridades locales.<\/p>\n\n\n\n<p><strong>Entre R\u00edos tuvo un 95% de ocupaci\u00f3n y se&nbsp;posicion\u00f3 entre los destinos m\u00e1s elegidos del pa\u00eds<\/strong><br>A nivel provincial, Entre R\u00edos volvi\u00f3 a ubicarse entre los destinos preferidos por los viajeros argentinos. Seg\u00fan datos oficiales, el fin de semana largo alcanz\u00f3 una ocupaci\u00f3n hotelera promedio del 95%, con ciudades y complejos tur\u00edsticos que llegaron a niveles de entre el 90 y el 100%.<br>El secretario General de la Gobernaci\u00f3n, Mauricio Colello, calific\u00f3 el balance como \u201cmuy bueno\u201d y subray\u00f3 el trabajo conjunto con el sector privado: \u201cDesde el gobierno estamos acompa\u00f1ando con promoci\u00f3n, orden y apoyo permanente porque creemos en un turismo fuerte, competitivo y que impulse el desarrollo de Entre R\u00edos\u201d.<br>Informes del sector privado detallaron que localidades como Col\u00f3n, Federaci\u00f3n, Santa Elena, Santa Ana, Villa Elisa, Pueblo Belgrano, Concepci\u00f3n del Uruguay, La Paz, Victoria, Gualeguay y Gualeguaych\u00fa, junto a los complejos termales de la provincia, trabajaron pr\u00e1cticamente a pleno. La CAME tambi\u00e9n destac\u00f3 que la fuerte estacionalidad de los parques termales impuls\u00f3 un movimiento tur\u00edstico \u201cmuy alto\u201d, con reservas previas cercanas al 80% que fueron superadas ampliamente durante el fin de semana.<br>En Col\u00f3n, por ejemplo, la ocupaci\u00f3n lleg\u00f3 al 96% en caba\u00f1as y bungalows, al 95% en hoteles y apart-hoteles y al 85% en casas y departamentos habilitados. Otras ciudades como Federaci\u00f3n, Villa Elisa y Gualeguaych\u00fa tambi\u00e9n mantuvieron un flujo constante de visitantes, con un promedio provincial de pernocte que super\u00f3 las dos noches.<\/p>\n\n\n\n<p><strong>Eventos y actividades que potenciaron el movimiento<\/strong><br>La agenda provincial multiplic\u00f3 la demanda tur\u00edstica con propuestas de alta convocatoria. En Federaci\u00f3n, la Fiesta de la Cerveza atrajo a miles de visitantes; en Gualeguay, la previa de la 13\u00aa Fiesta del Asado y la Galleta sum\u00f3 p\u00fablico; en Victoria, diversas celebraciones impulsaron la llegada de turistas; y en Gualeguaych\u00fa, el show de La Beriso, las actividades en la Vieja Terminal, el parque a\u00e9reo y el Encuentro Batuque convocaron a familias y j\u00f3venes.<br>En el interior, Rosario del Tala brill\u00f3 con una nueva edici\u00f3n de la Fiesta del Chorip\u00e1n Entrerriano, mientras que Colonia Avellaneda fue sede del desfile Mi Primera Flor, que fusion\u00f3 moda, arte y econom\u00eda social. Los tradicionales circuitos termales, las playas sobre los r\u00edos Paran\u00e1 y Uruguay, la pesca deportiva, las propuestas hist\u00f3ricas y los recorridos culturales completaron una oferta que, una vez m\u00e1s, posicion\u00f3 a Entre R\u00edos entre los destinos m\u00e1s din\u00e1micos del pa\u00eds.<\/p>\n\n\n\n<p>Fuente: El Heraldo<\/p>\n","protected":false},"excerpt":{"rendered":"<p>El fin de semana largo dej\u00f3 un balance altamente positivo para Concordia, que registr\u00f3 un 85% de ocupaci\u00f3n en sus diversas modalidades de alojamiento y mostr\u00f3 un movimiento tur\u00edstico sostenido en toda la ciudad. Las termas volvieron a ser el principal atractivo, aunque tambi\u00e9n se destac\u00f3 la fuerte elecci\u00f3n de los paseos naturales, los circuitos [&hellip;]<\/p>\n","protected":false},"author":3,"featured_media":0,"comment_status":"open","ping_status":"open","sticky":false,"template":"","format":"standard","meta":{"footnotes":""},"categories":[16],"tags":[],"class_list":{"0":"post-5882","1":"post","2":"type-post","3":"status-publish","4":"format-standard","6":"category-locales"},"yoast_head":"<!-- This site is optimized with the Yoast SEO plugin v27.4 - https:\/\/yoast.com\/product\/yoast-seo-wordpress\/ -->\n<title>Concordia se consolid\u00f3 como uno de los destinos m\u00e1s elegidos del fin de semana largo - Diario del Sur<\/title>\n<meta name=\"robots\" content=\"index, follow, max-snippet:-1, max-image-preview:large, max-video-preview:-1\" \/>\n<link rel=\"canonical\" href=\"https:\/\/diariodelsurdigital.com.ar\/?p=5882\" \/>\n<meta property=\"og:locale\" content=\"es_ES\" \/>\n<meta property=\"og:type\" content=\"article\" \/>\n<meta property=\"og:title\" content=\"Concordia se consolid\u00f3 como uno de los destinos m\u00e1s elegidos del fin de semana largo - Diario del Sur\" \/>\n<meta property=\"og:description\" content=\"El fin de semana largo dej\u00f3 un balance altamente positivo para Concordia, que registr\u00f3 un 85% de ocupaci\u00f3n en sus diversas modalidades de alojamiento y mostr\u00f3 un movimiento tur\u00edstico sostenido en toda la ciudad. Las termas volvieron a ser el principal atractivo, aunque tambi\u00e9n se destac\u00f3 la fuerte elecci\u00f3n de los paseos naturales, los circuitos [&hellip;]\" \/>\n<meta property=\"og:url\" content=\"https:\/\/diariodelsurdigital.com.ar\/?p=5882\" \/>\n<meta property=\"og:site_name\" content=\"Diario del Sur\" \/>\n<meta property=\"article:published_time\" content=\"2025-11-25T03:15:06+00:00\" \/>\n<meta property=\"article:modified_time\" content=\"2025-11-25T03:15:07+00:00\" \/>\n<meta property=\"og:image\" content=\"https:\/\/cdnartic.ar\/vnimvGg9QpmKNDdyejPVTNtRYC0=\/1500x0\/filters:no_upscale():format(webp):quality(40)\/https:\/\/elheraldocdn.eleco.com.ar\/media\/2025\/11\/turismo_concordia.jpg\" \/>\n<meta name=\"author\" content=\"Diario del Sur Digital\" \/>\n<meta name=\"twitter:card\" content=\"summary_large_image\" \/>\n<meta name=\"twitter:label1\" content=\"Escrito por\" \/>\n\t<meta name=\"twitter:data1\" content=\"Diario del Sur Digital\" \/>\n\t<meta name=\"twitter:label2\" content=\"Tiempo de lectura\" \/>\n\t<meta name=\"twitter:data2\" content=\"4 minutos\" \/>\n<script type=\"application\/ld+json\" class=\"yoast-schema-graph\">{\"@context\":\"https:\\\/\\\/schema.org\",\"@graph\":[{\"@type\":\"Article\",\"@id\":\"https:\\\/\\\/diariodelsurdigital.com.ar\\\/?p=5882#article\",\"isPartOf\":{\"@id\":\"https:\\\/\\\/diariodelsurdigital.com.ar\\\/?p=5882\"},\"author\":{\"name\":\"Diario del Sur Digital\",\"@id\":\"https:\\\/\\\/diariodelsurdigital.com.ar\\\/#\\\/schema\\\/person\\\/d794acb23337e88c6e4004a39c32be62\"},\"headline\":\"Concordia se consolid\u00f3 como uno de los destinos m\u00e1s elegidos del fin de semana largo\",\"datePublished\":\"2025-11-25T03:15:06+00:00\",\"dateModified\":\"2025-11-25T03:15:07+00:00\",\"mainEntityOfPage\":{\"@id\":\"https:\\\/\\\/diariodelsurdigital.com.ar\\\/?p=5882\"},\"wordCount\":698,\"commentCount\":0,\"image\":{\"@id\":\"https:\\\/\\\/diariodelsurdigital.com.ar\\\/?p=5882#primaryimage\"},\"thumbnailUrl\":\"https:\\\/\\\/cdnartic.ar\\\/vnimvGg9QpmKNDdyejPVTNtRYC0=\\\/1500x0\\\/filters:no_upscale():format(webp):quality(40)\\\/https:\\\/\\\/elheraldocdn.eleco.com.ar\\\/media\\\/2025\\\/11\\\/turismo_concordia.jpg\",\"articleSection\":[\"Locales\"],\"inLanguage\":\"es\",\"potentialAction\":[{\"@type\":\"CommentAction\",\"name\":\"Comment\",\"target\":[\"https:\\\/\\\/diariodelsurdigital.com.ar\\\/?p=5882#respond\"]}]},{\"@type\":\"WebPage\",\"@id\":\"https:\\\/\\\/diariodelsurdigital.com.ar\\\/?p=5882\",\"url\":\"https:\\\/\\\/diariodelsurdigital.com.ar\\\/?p=5882\",\"name\":\"Concordia se consolid\u00f3 como uno de los destinos m\u00e1s elegidos del fin de semana largo - Diario del Sur\",\"isPartOf\":{\"@id\":\"https:\\\/\\\/diariodelsurdigital.com.ar\\\/#website\"},\"primaryImageOfPage\":{\"@id\":\"https:\\\/\\\/diariodelsurdigital.com.ar\\\/?p=5882#primaryimage\"},\"image\":{\"@id\":\"https:\\\/\\\/diariodelsurdigital.com.ar\\\/?p=5882#primaryimage\"},\"thumbnailUrl\":\"https:\\\/\\\/cdnartic.ar\\\/vnimvGg9QpmKNDdyejPVTNtRYC0=\\\/1500x0\\\/filters:no_upscale():format(webp):quality(40)\\\/https:\\\/\\\/elheraldocdn.eleco.com.ar\\\/media\\\/2025\\\/11\\\/turismo_concordia.jpg\",\"datePublished\":\"2025-11-25T03:15:06+00:00\",\"dateModified\":\"2025-11-25T03:15:07+00:00\",\"author\":{\"@id\":\"https:\\\/\\\/diariodelsurdigital.com.ar\\\/#\\\/schema\\\/person\\\/d794acb23337e88c6e4004a39c32be62\"},\"breadcrumb\":{\"@id\":\"https:\\\/\\\/diariodelsurdigital.com.ar\\\/?p=5882#breadcrumb\"},\"inLanguage\":\"es\",\"potentialAction\":[{\"@type\":\"ReadAction\",\"target\":[\"https:\\\/\\\/diariodelsurdigital.com.ar\\\/?p=5882\"]}]},{\"@type\":\"ImageObject\",\"inLanguage\":\"es\",\"@id\":\"https:\\\/\\\/diariodelsurdigital.com.ar\\\/?p=5882#primaryimage\",\"url\":\"https:\\\/\\\/cdnartic.ar\\\/vnimvGg9QpmKNDdyejPVTNtRYC0=\\\/1500x0\\\/filters:no_upscale():format(webp):quality(40)\\\/https:\\\/\\\/elheraldocdn.eleco.com.ar\\\/media\\\/2025\\\/11\\\/turismo_concordia.jpg\",\"contentUrl\":\"https:\\\/\\\/cdnartic.ar\\\/vnimvGg9QpmKNDdyejPVTNtRYC0=\\\/1500x0\\\/filters:no_upscale():format(webp):quality(40)\\\/https:\\\/\\\/elheraldocdn.eleco.com.ar\\\/media\\\/2025\\\/11\\\/turismo_concordia.jpg\"},{\"@type\":\"BreadcrumbList\",\"@id\":\"https:\\\/\\\/diariodelsurdigital.com.ar\\\/?p=5882#breadcrumb\",\"itemListElement\":[{\"@type\":\"ListItem\",\"position\":1,\"name\":\"Portada\",\"item\":\"https:\\\/\\\/diariodelsurdigital.com.ar\\\/\"},{\"@type\":\"ListItem\",\"position\":2,\"name\":\"Concordia se consolid\u00f3 como uno de los destinos m\u00e1s elegidos del fin de semana largo\"}]},{\"@type\":\"WebSite\",\"@id\":\"https:\\\/\\\/diariodelsurdigital.com.ar\\\/#website\",\"url\":\"https:\\\/\\\/diariodelsurdigital.com.ar\\\/\",\"name\":\"Diario del Sur\",\"description\":\"Digital\",\"potentialAction\":[{\"@type\":\"SearchAction\",\"target\":{\"@type\":\"EntryPoint\",\"urlTemplate\":\"https:\\\/\\\/diariodelsurdigital.com.ar\\\/?s={search_term_string}\"},\"query-input\":{\"@type\":\"PropertyValueSpecification\",\"valueRequired\":true,\"valueName\":\"search_term_string\"}}],\"inLanguage\":\"es\"},{\"@type\":\"Person\",\"@id\":\"https:\\\/\\\/diariodelsurdigital.com.ar\\\/#\\\/schema\\\/person\\\/d794acb23337e88c6e4004a39c32be62\",\"name\":\"Diario del Sur Digital\",\"image\":{\"@type\":\"ImageObject\",\"inLanguage\":\"es\",\"@id\":\"https:\\\/\\\/secure.gravatar.com\\\/avatar\\\/47679bcfa15734cfdefc176b6ad58adeeccac22b2e03e095ada6c622af2b463a?s=96&d=mm&r=g\",\"url\":\"https:\\\/\\\/secure.gravatar.com\\\/avatar\\\/47679bcfa15734cfdefc176b6ad58adeeccac22b2e03e095ada6c622af2b463a?s=96&d=mm&r=g\",\"contentUrl\":\"https:\\\/\\\/secure.gravatar.com\\\/avatar\\\/47679bcfa15734cfdefc176b6ad58adeeccac22b2e03e095ada6c622af2b463a?s=96&d=mm&r=g\",\"caption\":\"Diario del Sur Digital\"},\"url\":\"https:\\\/\\\/diariodelsurdigital.com.ar\\\/?author=3\"}]}<\/script>\n<!-- \/ Yoast SEO plugin. -->","yoast_head_json":{"title":"Concordia se consolid\u00f3 como uno de los destinos m\u00e1s elegidos del fin de semana largo - Diario del Sur","robots":{"index":"index","follow":"follow","max-snippet":"max-snippet:-1","max-image-preview":"max-image-preview:large","max-video-preview":"max-video-preview:-1"},"canonical":"https:\/\/diariodelsurdigital.com.ar\/?p=5882","og_locale":"es_ES","og_type":"article","og_title":"Concordia se consolid\u00f3 como uno de los destinos m\u00e1s elegidos del fin de semana largo - Diario del Sur","og_description":"El fin de semana largo dej\u00f3 un balance altamente positivo para Concordia, que registr\u00f3 un 85% de ocupaci\u00f3n en sus diversas modalidades de alojamiento y mostr\u00f3 un movimiento tur\u00edstico sostenido en toda la ciudad. Las termas volvieron a ser el principal atractivo, aunque tambi\u00e9n se destac\u00f3 la fuerte elecci\u00f3n de los paseos naturales, los circuitos [&hellip;]","og_url":"https:\/\/diariodelsurdigital.com.ar\/?p=5882","og_site_name":"Diario del Sur","article_published_time":"2025-11-25T03:15:06+00:00","article_modified_time":"2025-11-25T03:15:07+00:00","og_image":[{"url":"https:\/\/cdnartic.ar\/vnimvGg9QpmKNDdyejPVTNtRYC0=\/1500x0\/filters:no_upscale():format(webp):quality(40)\/https:\/\/elheraldocdn.eleco.com.ar\/media\/2025\/11\/turismo_concordia.jpg","type":"","width":"","height":""}],"author":"Diario del Sur Digital","twitter_card":"summary_large_image","twitter_misc":{"Escrito por":"Diario del Sur Digital","Tiempo de lectura":"4 minutos"},"schema":{"@context":"https:\/\/schema.org","@graph":[{"@type":"Article","@id":"https:\/\/diariodelsurdigital.com.ar\/?p=5882#article","isPartOf":{"@id":"https:\/\/diariodelsurdigital.com.ar\/?p=5882"},"author":{"name":"Diario del Sur Digital","@id":"https:\/\/diariodelsurdigital.com.ar\/#\/schema\/person\/d794acb23337e88c6e4004a39c32be62"},"headline":"Concordia se consolid\u00f3 como uno de los destinos m\u00e1s elegidos del fin de semana largo","datePublished":"2025-11-25T03:15:06+00:00","dateModified":"2025-11-25T03:15:07+00:00","mainEntityOfPage":{"@id":"https:\/\/diariodelsurdigital.com.ar\/?p=5882"},"wordCount":698,"commentCount":0,"image":{"@id":"https:\/\/diariodelsurdigital.com.ar\/?p=5882#primaryimage"},"thumbnailUrl":"https:\/\/cdnartic.ar\/vnimvGg9QpmKNDdyejPVTNtRYC0=\/1500x0\/filters:no_upscale():format(webp):quality(40)\/https:\/\/elheraldocdn.eleco.com.ar\/media\/2025\/11\/turismo_concordia.jpg","articleSection":["Locales"],"inLanguage":"es","potentialAction":[{"@type":"CommentAction","name":"Comment","target":["https:\/\/diariodelsurdigital.com.ar\/?p=5882#respond"]}]},{"@type":"WebPage","@id":"https:\/\/diariodelsurdigital.com.ar\/?p=5882","url":"https:\/\/diariodelsurdigital.com.ar\/?p=5882","name":"Concordia se consolid\u00f3 como uno de los destinos m\u00e1s elegidos del fin de semana largo - Diario del Sur","isPartOf":{"@id":"https:\/\/diariodelsurdigital.com.ar\/#website"},"primaryImageOfPage":{"@id":"https:\/\/diariodelsurdigital.com.ar\/?p=5882#primaryimage"},"image":{"@id":"https:\/\/diariodelsurdigital.com.ar\/?p=5882#primaryimage"},"thumbnailUrl":"https:\/\/cdnartic.ar\/vnimvGg9QpmKNDdyejPVTNtRYC0=\/1500x0\/filters:no_upscale():format(webp):quality(40)\/https:\/\/elheraldocdn.eleco.com.ar\/media\/2025\/11\/turismo_concordia.jpg","datePublished":"2025-11-25T03:15:06+00:00","dateModified":"2025-11-25T03:15:07+00:00","author":{"@id":"https:\/\/diariodelsurdigital.com.ar\/#\/schema\/person\/d794acb23337e88c6e4004a39c32be62"},"breadcrumb":{"@id":"https:\/\/diariodelsurdigital.com.ar\/?p=5882#breadcrumb"},"inLanguage":"es","potentialAction":[{"@type":"ReadAction","target":["https:\/\/diariodelsurdigital.com.ar\/?p=5882"]}]},{"@type":"ImageObject","inLanguage":"es","@id":"https:\/\/diariodelsurdigital.com.ar\/?p=5882#primaryimage","url":"https:\/\/cdnartic.ar\/vnimvGg9QpmKNDdyejPVTNtRYC0=\/1500x0\/filters:no_upscale():format(webp):quality(40)\/https:\/\/elheraldocdn.eleco.com.ar\/media\/2025\/11\/turismo_concordia.jpg","contentUrl":"https:\/\/cdnartic.ar\/vnimvGg9QpmKNDdyejPVTNtRYC0=\/1500x0\/filters:no_upscale():format(webp):quality(40)\/https:\/\/elheraldocdn.eleco.com.ar\/media\/2025\/11\/turismo_concordia.jpg"},{"@type":"BreadcrumbList","@id":"https:\/\/diariodelsurdigital.com.ar\/?p=5882#breadcrumb","itemListElement":[{"@type":"ListItem","position":1,"name":"Portada","item":"https:\/\/diariodelsurdigital.com.ar\/"},{"@type":"ListItem","position":2,"name":"Concordia se consolid\u00f3 como uno de los destinos m\u00e1s elegidos del fin de semana largo"}]},{"@type":"WebSite","@id":"https:\/\/diariodelsurdigital.com.ar\/#website","url":"https:\/\/diariodelsurdigital.com.ar\/","name":"Diario del Sur","description":"Digital","potentialAction":[{"@type":"SearchAction","target":{"@type":"EntryPoint","urlTemplate":"https:\/\/diariodelsurdigital.com.ar\/?s={search_term_string}"},"query-input":{"@type":"PropertyValueSpecification","valueRequired":true,"valueName":"search_term_string"}}],"inLanguage":"es"},{"@type":"Person","@id":"https:\/\/diariodelsurdigital.com.ar\/#\/schema\/person\/d794acb23337e88c6e4004a39c32be62","name":"Diario del Sur Digital","image":{"@type":"ImageObject","inLanguage":"es","@id":"https:\/\/secure.gravatar.com\/avatar\/47679bcfa15734cfdefc176b6ad58adeeccac22b2e03e095ada6c622af2b463a?s=96&d=mm&r=g","url":"https:\/\/secure.gravatar.com\/avatar\/47679bcfa15734cfdefc176b6ad58adeeccac22b2e03e095ada6c622af2b463a?s=96&d=mm&r=g","contentUrl":"https:\/\/secure.gravatar.com\/avatar\/47679bcfa15734cfdefc176b6ad58adeeccac22b2e03e095ada6c622af2b463a?s=96&d=mm&r=g","caption":"Diario del Sur Digital"},"url":"https:\/\/diariodelsurdigital.com.ar\/?author=3"}]}},"_links":{"self":[{"href":"https:\/\/diariodelsurdigital.com.ar\/index.php?rest_route=\/wp\/v2\/posts\/5882","targetHints":{"allow":["GET"]}}],"collection":[{"href":"https:\/\/diariodelsurdigital.com.ar\/index.php?rest_route=\/wp\/v2\/posts"}],"about":[{"href":"https:\/\/diariodelsurdigital.com.ar\/index.php?rest_route=\/wp\/v2\/types\/post"}],"author":[{"embeddable":true,"href":"https:\/\/diariodelsurdigital.com.ar\/index.php?rest_route=\/wp\/v2\/users\/3"}],"replies":[{"embeddable":true,"href":"https:\/\/diariodelsurdigital.com.ar\/index.php?rest_route=%2Fwp%2Fv2%2Fcomments&post=5882"}],"version-history":[{"count":1,"href":"https:\/\/diariodelsurdigital.com.ar\/index.php?rest_route=\/wp\/v2\/posts\/5882\/revisions"}],"predecessor-version":[{"id":5883,"href":"https:\/\/diariodelsurdigital.com.ar\/index.php?rest_route=\/wp\/v2\/posts\/5882\/revisions\/5883"}],"wp:attachment":[{"href":"https:\/\/diariodelsurdigital.com.ar\/index.php?rest_route=%2Fwp%2Fv2%2Fmedia&parent=5882"}],"wp:term":[{"taxonomy":"category","embeddable":true,"href":"https:\/\/diariodelsurdigital.com.ar\/index.php?rest_route=%2Fwp%2Fv2%2Fcategories&post=5882"},{"taxonomy":"post_tag","embeddable":true,"href":"https:\/\/diariodelsurdigital.com.ar\/index.php?rest_route=%2Fwp%2Fv2%2Ftags&post=5882"}],"curies":[{"name":"wp","href":"https:\/\/api.w.org\/{rel}","templated":true}]}}