{"id":5885,"date":"2025-11-25T09:35:52","date_gmt":"2025-11-25T12:35:52","guid":{"rendered":"https:\/\/diariodelsurdigital.com.ar\/?p=5885"},"modified":"2025-11-25T09:35:53","modified_gmt":"2025-11-25T12:35:53","slug":"bahillo-la-gestion-de-frigerio-es-mediocre-el-peronismo-debe-enfocarse-en-la-gente-y-no-en-su-interna","status":"publish","type":"post","link":"https:\/\/diariodelsurdigital.com.ar\/?p=5885","title":{"rendered":"Bahillo: \u00abLa gesti\u00f3n de Frigerio es mediocre; el peronismo debe enfocarse en la gente y no en su interna\u00bb"},"content":{"rendered":"\n<p>El diputado provincial justicialista, Juan Jos\u00e9 Bahillo, inst\u00f3 al Tribunal de Disciplina del PJ a aplicar la Carta Org\u00e1nica a quienes compitieron por fuera del partido, aunque advirti\u00f3 contra el revanchismo. Sostuvo que el gran desaf\u00edo para 2027 es construir una propuesta cre\u00edble con fuerte identidad entrerriana, basada en la escucha activa de la sociedad. Adem\u00e1s, cuestion\u00f3 la baja ejecuci\u00f3n presupuestaria de la gesti\u00f3n provincial, calific\u00e1ndola como un signo de falta de idoneidad.<\/p>\n\n\n\n<p><\/p>\n\n\n\n<p>El diputado Juan Jos\u00e9 Bahillo abord\u00f3 temas cruciales sobre la reorganizaci\u00f3n del justicialismo en Entre R\u00edos y ofreci\u00f3 una visi\u00f3n cr\u00edtica sobre el primer a\u00f1o de gesti\u00f3n del gobernador Rogelio Frigerio.<\/p>\n\n\n\n<p>Cr\u00edticas a la gesti\u00f3n de Frigerio: \u00abMediocre\u00bb<br>El dirigente peronista de Gualeguaych\u00fa calific\u00f3 a la gobernaci\u00f3n de Rogelio Frigerio como \u00abmediocre\u00bb. A su juicio, no se observa una transformaci\u00f3n de la provincia en ninguno de los aspectos m\u00e1s importantes que son obligaci\u00f3n de un gobierno.<\/p>\n\n\n\n<p>Enumer\u00f3 varias falencias, tales como los serios inconvenientes de funcionamiento en la salud p\u00fablica. Se\u00f1al\u00f3 que la educaci\u00f3n ha tenido pocos cambios, \u00abe incluso los ha habido para menos\u00bb, mencionando la conflictividad con los docentes. Adem\u00e1s, manifest\u00f3 su preocupaci\u00f3n por la paralizaci\u00f3n de la obra p\u00fablica.<\/p>\n\n\n\n<p>El indicador m\u00e1s contundente, seg\u00fan Bahillo, es la baja ejecuci\u00f3n presupuestaria: la administraci\u00f3n de Frigerio tiene en promedio una ejecuci\u00f3n de los recursos que no supera el 30% del presupuesto. Esto, considera, es un indicador de \u00abfalta de idoneidad o de capacidad de trabajo o de compromiso\u00bb.<\/p>\n\n\n\n<p>Exigencia de coherencia partidaria<br>Respecto a la participaci\u00f3n de figuras justicialistas que compitieron por fuera de la estructura partidaria en las \u00faltimas elecciones, Bahillo fue categ\u00f3rico al se\u00f1alar que el Tribunal de Disciplina debe analizar estas conductas. Su opini\u00f3n es que el Tribunal debe actuar seg\u00fan lo que indica la Carta Org\u00e1nica del partido, evitando hacerlo por \u00abcoyuntura\u00bb o \u00abrevanchismo\u00bb.<\/p>\n\n\n\n<p>El diputado subray\u00f3 la necesidad de que el partido sea m\u00e1s \u00abprolijo, coherente y profesional\u00bb. Enfatiz\u00f3 que \u00abno nos puede dar todo lo mismo\u00bb y que no es aceptable estar en el PJ, luego en otro partido, y pretender volver por conveniencia. Esta falta de coherencia, especialmente cuando estuvo acompa\u00f1ada de fuertes descalificaciones a los candidatos del PJ, \u00abmerece ser evaluada\u00bb.<\/p>\n\n\n\n<p>El legislador resalt\u00f3 que la forma de recuperar la credibilidad de la dirigencia pol\u00edtica, hoy muy devaluada, es a trav\u00e9s de la transparencia testimonial, \u00abhaciendo lo que realmente se dice\u00bb.<\/p>\n\n\n\n<p>El desaf\u00edo de 2027: Escucha activa<br>Pensando en la elecci\u00f3n de 2027, Bahillo cree que el peronismo siempre ser\u00e1 una opci\u00f3n electoral para un porcentaje importante de la sociedad. No obstante, el principal error ser\u00eda enfocarse en la interna, ya que a la gente \u00able importa muy poco, no le importa nada\u00bb la disputa partidaria.<\/p>\n\n\n\n<p>El desaf\u00edo real es construir una alternativa que conecte con lo que le pasa a la gente. Esto implica establecer v\u00ednculos y contactos muy fuertes con todos los sectores de la sociedad entrerriana: productivos, del trabajo, sociales, de salud p\u00fablica y educaci\u00f3n. La base de esta reconstrucci\u00f3n es la escucha activa, para \u00abaprender, entender las problem\u00e1ticas de los hogares entrerrianos\u00bb.<\/p>\n\n\n\n<p>Liderazgo colectivo y renovaci\u00f3n<br>Sobre el liderazgo, Bahillo advirti\u00f3 contra la b\u00fasqueda de \u00abdirigentes salvadores\u00bb o el uso de caracter\u00edsticas \u00abcaudillescas\u00bb para subsanar problemas. Aunque un liderazgo puede ayudar a ordenar el trabajo, la tarea debe ser colectiva.<\/p>\n\n\n\n<p>La renovaci\u00f3n que necesita el peronismo debe ser de propuestas, ideas, pr\u00e1cticas, y de la capacidad de revincularse con un electorado que es cada vez m\u00e1s exigente y menos cautivo o duro.<\/p>\n\n\n\n<p>Panorama Nacional y Local<br>A nivel nacional, Bahillo indic\u00f3 que est\u00e1 enfocado en la problem\u00e1tica provincial, aunque mantiene un buen v\u00ednculo con Sergio Massa, a quien considera uno de los dirigentes m\u00e1s capacitados en el conocimiento de todos los sectores de la sociedad argentina.<\/p>\n\n\n\n<p>Finalmente, al evaluar la gesti\u00f3n del intendente Mauricio \u00abPalito\u00bb Davico en Gualeguaych\u00fa, la describi\u00f3 como eficiente en la prestaci\u00f3n de servicios p\u00fablicos indelegables (agua potable, recolecci\u00f3n de residuos). Sin embargo, no observa ninguna \u00abpol\u00edtica transformadora\u00bb ni \u00abvectores\u00bb que la distinguen en \u00e1reas como turismo, producci\u00f3n o desarrollo econ\u00f3mico, a diferencia de gestiones anteriores, public\u00f3 Debate Abierto.<\/p>\n","protected":false},"excerpt":{"rendered":"<p>El diputado provincial justicialista, Juan Jos\u00e9 Bahillo, inst\u00f3 al Tribunal de Disciplina del PJ a aplicar la Carta Org\u00e1nica a quienes compitieron por fuera del partido, aunque advirti\u00f3 contra el revanchismo. Sostuvo que el gran desaf\u00edo para 2027 es construir una propuesta cre\u00edble con fuerte identidad entrerriana, basada en la escucha activa de la sociedad. [&hellip;]<\/p>\n","protected":false},"author":4,"featured_media":5886,"comment_status":"open","ping_status":"open","sticky":false,"template":"","format":"standard","meta":{"footnotes":""},"categories":[22,17],"tags":[],"class_list":{"0":"post-5885","1":"post","2":"type-post","3":"status-publish","4":"format-standard","5":"has-post-thumbnail","7":"category-politica","8":"category-provinciales"},"yoast_head":"<!-- This site is optimized with the Yoast SEO plugin v27.4 - https:\/\/yoast.com\/product\/yoast-seo-wordpress\/ -->\n<title>Bahillo: &quot;La gesti\u00f3n de Frigerio es mediocre; el peronismo debe enfocarse en la gente y no en su interna&quot; - Diario del Sur<\/title>\n<meta name=\"robots\" content=\"index, follow, max-snippet:-1, max-image-preview:large, max-video-preview:-1\" \/>\n<link rel=\"canonical\" href=\"https:\/\/diariodelsurdigital.com.ar\/?p=5885\" \/>\n<meta property=\"og:locale\" content=\"es_ES\" \/>\n<meta property=\"og:type\" content=\"article\" \/>\n<meta property=\"og:title\" content=\"Bahillo: &quot;La gesti\u00f3n de Frigerio es mediocre; el peronismo debe enfocarse en la gente y no en su interna&quot; - Diario del Sur\" \/>\n<meta property=\"og:description\" content=\"El diputado provincial justicialista, Juan Jos\u00e9 Bahillo, inst\u00f3 al Tribunal de Disciplina del PJ a aplicar la Carta Org\u00e1nica a quienes compitieron por fuera del partido, aunque advirti\u00f3 contra el revanchismo. Sostuvo que el gran desaf\u00edo para 2027 es construir una propuesta cre\u00edble con fuerte identidad entrerriana, basada en la escucha activa de la sociedad. [&hellip;]\" \/>\n<meta property=\"og:url\" content=\"https:\/\/diariodelsurdigital.com.ar\/?p=5885\" \/>\n<meta property=\"og:site_name\" content=\"Diario del Sur\" \/>\n<meta property=\"article:published_time\" content=\"2025-11-25T12:35:52+00:00\" \/>\n<meta property=\"article:modified_time\" content=\"2025-11-25T12:35:53+00:00\" \/>\n<meta property=\"og:image\" content=\"https:\/\/diariodelsurdigital.com.ar\/wp-content\/uploads\/2025\/11\/md-36.webp\" \/>\n\t<meta property=\"og:image:width\" content=\"992\" \/>\n\t<meta property=\"og:image:height\" content=\"557\" \/>\n\t<meta property=\"og:image:type\" content=\"image\/webp\" \/>\n<meta name=\"author\" content=\"Diario del Sur Digital\" \/>\n<meta name=\"twitter:card\" content=\"summary_large_image\" \/>\n<meta name=\"twitter:label1\" content=\"Escrito por\" \/>\n\t<meta name=\"twitter:data1\" content=\"Diario del Sur Digital\" \/>\n\t<meta name=\"twitter:label2\" content=\"Tiempo de lectura\" \/>\n\t<meta name=\"twitter:data2\" content=\"4 minutos\" \/>\n<script type=\"application\/ld+json\" class=\"yoast-schema-graph\">{\"@context\":\"https:\\\/\\\/schema.org\",\"@graph\":[{\"@type\":\"Article\",\"@id\":\"https:\\\/\\\/diariodelsurdigital.com.ar\\\/?p=5885#article\",\"isPartOf\":{\"@id\":\"https:\\\/\\\/diariodelsurdigital.com.ar\\\/?p=5885\"},\"author\":{\"name\":\"Diario del Sur Digital\",\"@id\":\"https:\\\/\\\/diariodelsurdigital.com.ar\\\/#\\\/schema\\\/person\\\/1a4992532ed62965c968031b49195c81\"},\"headline\":\"Bahillo: \u00abLa gesti\u00f3n de Frigerio es mediocre; el peronismo debe enfocarse en la gente y no en su interna\u00bb\",\"datePublished\":\"2025-11-25T12:35:52+00:00\",\"dateModified\":\"2025-11-25T12:35:53+00:00\",\"mainEntityOfPage\":{\"@id\":\"https:\\\/\\\/diariodelsurdigital.com.ar\\\/?p=5885\"},\"wordCount\":757,\"commentCount\":0,\"image\":{\"@id\":\"https:\\\/\\\/diariodelsurdigital.com.ar\\\/?p=5885#primaryimage\"},\"thumbnailUrl\":\"https:\\\/\\\/diariodelsurdigital.com.ar\\\/wp-content\\\/uploads\\\/2025\\\/11\\\/md-36.webp\",\"articleSection\":[\"Pol\u00edtica\",\"Provinciales\"],\"inLanguage\":\"es\",\"potentialAction\":[{\"@type\":\"CommentAction\",\"name\":\"Comment\",\"target\":[\"https:\\\/\\\/diariodelsurdigital.com.ar\\\/?p=5885#respond\"]}]},{\"@type\":\"WebPage\",\"@id\":\"https:\\\/\\\/diariodelsurdigital.com.ar\\\/?p=5885\",\"url\":\"https:\\\/\\\/diariodelsurdigital.com.ar\\\/?p=5885\",\"name\":\"Bahillo: \\\"La gesti\u00f3n de Frigerio es mediocre; el peronismo debe enfocarse en la gente y no en su interna\\\" - Diario del Sur\",\"isPartOf\":{\"@id\":\"https:\\\/\\\/diariodelsurdigital.com.ar\\\/#website\"},\"primaryImageOfPage\":{\"@id\":\"https:\\\/\\\/diariodelsurdigital.com.ar\\\/?p=5885#primaryimage\"},\"image\":{\"@id\":\"https:\\\/\\\/diariodelsurdigital.com.ar\\\/?p=5885#primaryimage\"},\"thumbnailUrl\":\"https:\\\/\\\/diariodelsurdigital.com.ar\\\/wp-content\\\/uploads\\\/2025\\\/11\\\/md-36.webp\",\"datePublished\":\"2025-11-25T12:35:52+00:00\",\"dateModified\":\"2025-11-25T12:35:53+00:00\",\"author\":{\"@id\":\"https:\\\/\\\/diariodelsurdigital.com.ar\\\/#\\\/schema\\\/person\\\/1a4992532ed62965c968031b49195c81\"},\"breadcrumb\":{\"@id\":\"https:\\\/\\\/diariodelsurdigital.com.ar\\\/?p=5885#breadcrumb\"},\"inLanguage\":\"es\",\"potentialAction\":[{\"@type\":\"ReadAction\",\"target\":[\"https:\\\/\\\/diariodelsurdigital.com.ar\\\/?p=5885\"]}]},{\"@type\":\"ImageObject\",\"inLanguage\":\"es\",\"@id\":\"https:\\\/\\\/diariodelsurdigital.com.ar\\\/?p=5885#primaryimage\",\"url\":\"https:\\\/\\\/diariodelsurdigital.com.ar\\\/wp-content\\\/uploads\\\/2025\\\/11\\\/md-36.webp\",\"contentUrl\":\"https:\\\/\\\/diariodelsurdigital.com.ar\\\/wp-content\\\/uploads\\\/2025\\\/11\\\/md-36.webp\",\"width\":992,\"height\":557},{\"@type\":\"BreadcrumbList\",\"@id\":\"https:\\\/\\\/diariodelsurdigital.com.ar\\\/?p=5885#breadcrumb\",\"itemListElement\":[{\"@type\":\"ListItem\",\"position\":1,\"name\":\"Portada\",\"item\":\"https:\\\/\\\/diariodelsurdigital.com.ar\\\/\"},{\"@type\":\"ListItem\",\"position\":2,\"name\":\"Bahillo: \u00abLa gesti\u00f3n de Frigerio es mediocre; el peronismo debe enfocarse en la gente y no en su interna\u00bb\"}]},{\"@type\":\"WebSite\",\"@id\":\"https:\\\/\\\/diariodelsurdigital.com.ar\\\/#website\",\"url\":\"https:\\\/\\\/diariodelsurdigital.com.ar\\\/\",\"name\":\"Diario del Sur\",\"description\":\"Digital\",\"potentialAction\":[{\"@type\":\"SearchAction\",\"target\":{\"@type\":\"EntryPoint\",\"urlTemplate\":\"https:\\\/\\\/diariodelsurdigital.com.ar\\\/?s={search_term_string}\"},\"query-input\":{\"@type\":\"PropertyValueSpecification\",\"valueRequired\":true,\"valueName\":\"search_term_string\"}}],\"inLanguage\":\"es\"},{\"@type\":\"Person\",\"@id\":\"https:\\\/\\\/diariodelsurdigital.com.ar\\\/#\\\/schema\\\/person\\\/1a4992532ed62965c968031b49195c81\",\"name\":\"Diario del Sur Digital\",\"image\":{\"@type\":\"ImageObject\",\"inLanguage\":\"es\",\"@id\":\"https:\\\/\\\/secure.gravatar.com\\\/avatar\\\/f0c7c47fc7146d19828273b9b8eda651c9c7ab583767e6338d3d3bee825adf76?s=96&d=mm&r=g\",\"url\":\"https:\\\/\\\/secure.gravatar.com\\\/avatar\\\/f0c7c47fc7146d19828273b9b8eda651c9c7ab583767e6338d3d3bee825adf76?s=96&d=mm&r=g\",\"contentUrl\":\"https:\\\/\\\/secure.gravatar.com\\\/avatar\\\/f0c7c47fc7146d19828273b9b8eda651c9c7ab583767e6338d3d3bee825adf76?s=96&d=mm&r=g\",\"caption\":\"Diario del Sur Digital\"},\"url\":\"https:\\\/\\\/diariodelsurdigital.com.ar\\\/?author=4\"}]}<\/script>\n<!-- \/ Yoast SEO plugin. -->","yoast_head_json":{"title":"Bahillo: \"La gesti\u00f3n de Frigerio es mediocre; el peronismo debe enfocarse en la gente y no en su interna\" - Diario del Sur","robots":{"index":"index","follow":"follow","max-snippet":"max-snippet:-1","max-image-preview":"max-image-preview:large","max-video-preview":"max-video-preview:-1"},"canonical":"https:\/\/diariodelsurdigital.com.ar\/?p=5885","og_locale":"es_ES","og_type":"article","og_title":"Bahillo: \"La gesti\u00f3n de Frigerio es mediocre; el peronismo debe enfocarse en la gente y no en su interna\" - Diario del Sur","og_description":"El diputado provincial justicialista, Juan Jos\u00e9 Bahillo, inst\u00f3 al Tribunal de Disciplina del PJ a aplicar la Carta Org\u00e1nica a quienes compitieron por fuera del partido, aunque advirti\u00f3 contra el revanchismo. Sostuvo que el gran desaf\u00edo para 2027 es construir una propuesta cre\u00edble con fuerte identidad entrerriana, basada en la escucha activa de la sociedad. [&hellip;]","og_url":"https:\/\/diariodelsurdigital.com.ar\/?p=5885","og_site_name":"Diario del Sur","article_published_time":"2025-11-25T12:35:52+00:00","article_modified_time":"2025-11-25T12:35:53+00:00","og_image":[{"width":992,"height":557,"url":"https:\/\/diariodelsurdigital.com.ar\/wp-content\/uploads\/2025\/11\/md-36.webp","type":"image\/webp"}],"author":"Diario del Sur Digital","twitter_card":"summary_large_image","twitter_misc":{"Escrito por":"Diario del Sur Digital","Tiempo de lectura":"4 minutos"},"schema":{"@context":"https:\/\/schema.org","@graph":[{"@type":"Article","@id":"https:\/\/diariodelsurdigital.com.ar\/?p=5885#article","isPartOf":{"@id":"https:\/\/diariodelsurdigital.com.ar\/?p=5885"},"author":{"name":"Diario del Sur Digital","@id":"https:\/\/diariodelsurdigital.com.ar\/#\/schema\/person\/1a4992532ed62965c968031b49195c81"},"headline":"Bahillo: \u00abLa gesti\u00f3n de Frigerio es mediocre; el peronismo debe enfocarse en la gente y no en su interna\u00bb","datePublished":"2025-11-25T12:35:52+00:00","dateModified":"2025-11-25T12:35:53+00:00","mainEntityOfPage":{"@id":"https:\/\/diariodelsurdigital.com.ar\/?p=5885"},"wordCount":757,"commentCount":0,"image":{"@id":"https:\/\/diariodelsurdigital.com.ar\/?p=5885#primaryimage"},"thumbnailUrl":"https:\/\/diariodelsurdigital.com.ar\/wp-content\/uploads\/2025\/11\/md-36.webp","articleSection":["Pol\u00edtica","Provinciales"],"inLanguage":"es","potentialAction":[{"@type":"CommentAction","name":"Comment","target":["https:\/\/diariodelsurdigital.com.ar\/?p=5885#respond"]}]},{"@type":"WebPage","@id":"https:\/\/diariodelsurdigital.com.ar\/?p=5885","url":"https:\/\/diariodelsurdigital.com.ar\/?p=5885","name":"Bahillo: \"La gesti\u00f3n de Frigerio es mediocre; el peronismo debe enfocarse en la gente y no en su interna\" - Diario del Sur","isPartOf":{"@id":"https:\/\/diariodelsurdigital.com.ar\/#website"},"primaryImageOfPage":{"@id":"https:\/\/diariodelsurdigital.com.ar\/?p=5885#primaryimage"},"image":{"@id":"https:\/\/diariodelsurdigital.com.ar\/?p=5885#primaryimage"},"thumbnailUrl":"https:\/\/diariodelsurdigital.com.ar\/wp-content\/uploads\/2025\/11\/md-36.webp","datePublished":"2025-11-25T12:35:52+00:00","dateModified":"2025-11-25T12:35:53+00:00","author":{"@id":"https:\/\/diariodelsurdigital.com.ar\/#\/schema\/person\/1a4992532ed62965c968031b49195c81"},"breadcrumb":{"@id":"https:\/\/diariodelsurdigital.com.ar\/?p=5885#breadcrumb"},"inLanguage":"es","potentialAction":[{"@type":"ReadAction","target":["https:\/\/diariodelsurdigital.com.ar\/?p=5885"]}]},{"@type":"ImageObject","inLanguage":"es","@id":"https:\/\/diariodelsurdigital.com.ar\/?p=5885#primaryimage","url":"https:\/\/diariodelsurdigital.com.ar\/wp-content\/uploads\/2025\/11\/md-36.webp","contentUrl":"https:\/\/diariodelsurdigital.com.ar\/wp-content\/uploads\/2025\/11\/md-36.webp","width":992,"height":557},{"@type":"BreadcrumbList","@id":"https:\/\/diariodelsurdigital.com.ar\/?p=5885#breadcrumb","itemListElement":[{"@type":"ListItem","position":1,"name":"Portada","item":"https:\/\/diariodelsurdigital.com.ar\/"},{"@type":"ListItem","position":2,"name":"Bahillo: \u00abLa gesti\u00f3n de Frigerio es mediocre; el peronismo debe enfocarse en la gente y no en su interna\u00bb"}]},{"@type":"WebSite","@id":"https:\/\/diariodelsurdigital.com.ar\/#website","url":"https:\/\/diariodelsurdigital.com.ar\/","name":"Diario del Sur","description":"Digital","potentialAction":[{"@type":"SearchAction","target":{"@type":"EntryPoint","urlTemplate":"https:\/\/diariodelsurdigital.com.ar\/?s={search_term_string}"},"query-input":{"@type":"PropertyValueSpecification","valueRequired":true,"valueName":"search_term_string"}}],"inLanguage":"es"},{"@type":"Person","@id":"https:\/\/diariodelsurdigital.com.ar\/#\/schema\/person\/1a4992532ed62965c968031b49195c81","name":"Diario del Sur Digital","image":{"@type":"ImageObject","inLanguage":"es","@id":"https:\/\/secure.gravatar.com\/avatar\/f0c7c47fc7146d19828273b9b8eda651c9c7ab583767e6338d3d3bee825adf76?s=96&d=mm&r=g","url":"https:\/\/secure.gravatar.com\/avatar\/f0c7c47fc7146d19828273b9b8eda651c9c7ab583767e6338d3d3bee825adf76?s=96&d=mm&r=g","contentUrl":"https:\/\/secure.gravatar.com\/avatar\/f0c7c47fc7146d19828273b9b8eda651c9c7ab583767e6338d3d3bee825adf76?s=96&d=mm&r=g","caption":"Diario del Sur Digital"},"url":"https:\/\/diariodelsurdigital.com.ar\/?author=4"}]}},"_links":{"self":[{"href":"https:\/\/diariodelsurdigital.com.ar\/index.php?rest_route=\/wp\/v2\/posts\/5885","targetHints":{"allow":["GET"]}}],"collection":[{"href":"https:\/\/diariodelsurdigital.com.ar\/index.php?rest_route=\/wp\/v2\/posts"}],"about":[{"href":"https:\/\/diariodelsurdigital.com.ar\/index.php?rest_route=\/wp\/v2\/types\/post"}],"author":[{"embeddable":true,"href":"https:\/\/diariodelsurdigital.com.ar\/index.php?rest_route=\/wp\/v2\/users\/4"}],"replies":[{"embeddable":true,"href":"https:\/\/diariodelsurdigital.com.ar\/index.php?rest_route=%2Fwp%2Fv2%2Fcomments&post=5885"}],"version-history":[{"count":1,"href":"https:\/\/diariodelsurdigital.com.ar\/index.php?rest_route=\/wp\/v2\/posts\/5885\/revisions"}],"predecessor-version":[{"id":5887,"href":"https:\/\/diariodelsurdigital.com.ar\/index.php?rest_route=\/wp\/v2\/posts\/5885\/revisions\/5887"}],"wp:featuredmedia":[{"embeddable":true,"href":"https:\/\/diariodelsurdigital.com.ar\/index.php?rest_route=\/wp\/v2\/media\/5886"}],"wp:attachment":[{"href":"https:\/\/diariodelsurdigital.com.ar\/index.php?rest_route=%2Fwp%2Fv2%2Fmedia&parent=5885"}],"wp:term":[{"taxonomy":"category","embeddable":true,"href":"https:\/\/diariodelsurdigital.com.ar\/index.php?rest_route=%2Fwp%2Fv2%2Fcategories&post=5885"},{"taxonomy":"post_tag","embeddable":true,"href":"https:\/\/diariodelsurdigital.com.ar\/index.php?rest_route=%2Fwp%2Fv2%2Ftags&post=5885"}],"curies":[{"name":"wp","href":"https:\/\/api.w.org\/{rel}","templated":true}]}}