{"id":589,"date":"2025-01-15T14:12:09","date_gmt":"2025-01-15T17:12:09","guid":{"rendered":"https:\/\/diariodelsurdigital.com.ar\/?p=589"},"modified":"2025-01-15T14:12:10","modified_gmt":"2025-01-15T17:12:10","slug":"los-alquileres-aumentaron-un-2628-en-2024-frente-a-una-inflacion-del-1178","status":"publish","type":"post","link":"https:\/\/diariodelsurdigital.com.ar\/?p=589","title":{"rendered":"Los alquileres aumentaron un 262,8% en 2024 frente a una inflaci\u00f3n del 117,8%"},"content":{"rendered":"\n<p>A un a\u00f1o de la derogaci\u00f3n de la ley de alquileres, desde la Federaci\u00f3n de Inquilinos Nacional se\u00f1alaron que los precios para alquilar en Argentina crecieron un 262,8% en 2024, m\u00e1s del doble que la inflaci\u00f3n, que alcanz\u00f3 el 117,8%, seg\u00fan el Indec.<\/p>\n\n\n\n<p>El titular de la asociaci\u00f3n de inquilinos, Gervasio Mu\u00f1oz, alert\u00f3 sobre este escenario y enfatiz\u00f3: \u00abLa campa\u00f1a en contra de la regulaci\u00f3n del precio del alquiler era para esto. El mercado inmobiliario est\u00e1 de fiesta mientras los inquilinos e inquilinas de la Argentina ya no sabemos c\u00f3mo seguir pagando los alquileres\u00bb.<\/p>\n\n\n\n<p>La contracara de la suba de precios tras la derogaci\u00f3n de la Ley de Alquileres fue un fuerte incremento de la oferta por la eliminaci\u00f3n de restricciones que exig\u00edan un tiempo de duraci\u00f3n y una f\u00f3rmula de actualizaci\u00f3n fija en los contratos. En 2024 en la oferta de inmuebles en la Ciudad de Buenos Aires se increment\u00f3 un 197,44%, seg\u00fan un an\u00e1lisis realizado por el Colegio Inmobiliario. Es decir, que la oferta casi se triplic\u00f3 respecto cuando dicha norma regulaba el sector. El 95,96% de la oferta actual son departamentos.<\/p>\n\n\n\n<p>Otro de los aspectos que reconfigur\u00f3 del mercado la derogaci\u00f3n de la Ley de Alquileres fue que actualmente la mayor\u00eda de los contratos de alquiler para vivienda permanente se acuerdan en pesos, con actualizaci\u00f3n por IPC, mientras que las publicaciones en d\u00f3lares, hab\u00edan llegado a niveles cercanos al 70% en 2023.&nbsp;<\/p>\n","protected":false},"excerpt":{"rendered":"<p>A un a\u00f1o de la derogaci\u00f3n de la ley de alquileres, desde la Federaci\u00f3n de Inquilinos Nacional se\u00f1alaron que los precios para alquilar en Argentina crecieron un 262,8% en 2024, m\u00e1s del doble que la inflaci\u00f3n, que alcanz\u00f3 el 117,8%, seg\u00fan el Indec. El titular de la asociaci\u00f3n de inquilinos, Gervasio Mu\u00f1oz, alert\u00f3 sobre este [&hellip;]<\/p>\n","protected":false},"author":4,"featured_media":590,"comment_status":"open","ping_status":"open","sticky":false,"template":"","format":"standard","meta":{"footnotes":""},"categories":[19,18],"tags":[],"class_list":{"0":"post-589","1":"post","2":"type-post","3":"status-publish","4":"format-standard","5":"has-post-thumbnail","7":"category-interes-general","8":"category-nacionales"},"yoast_head":"<!-- This site is optimized with the Yoast SEO plugin v27.4 - https:\/\/yoast.com\/product\/yoast-seo-wordpress\/ -->\n<title>Los alquileres aumentaron un 262,8% en 2024 frente a una inflaci\u00f3n del 117,8% - Diario del Sur<\/title>\n<meta name=\"robots\" content=\"index, follow, max-snippet:-1, max-image-preview:large, max-video-preview:-1\" \/>\n<link rel=\"canonical\" href=\"https:\/\/diariodelsurdigital.com.ar\/?p=589\" \/>\n<meta property=\"og:locale\" content=\"es_ES\" \/>\n<meta property=\"og:type\" content=\"article\" \/>\n<meta property=\"og:title\" content=\"Los alquileres aumentaron un 262,8% en 2024 frente a una inflaci\u00f3n del 117,8% - Diario del Sur\" \/>\n<meta property=\"og:description\" content=\"A un a\u00f1o de la derogaci\u00f3n de la ley de alquileres, desde la Federaci\u00f3n de Inquilinos Nacional se\u00f1alaron que los precios para alquilar en Argentina crecieron un 262,8% en 2024, m\u00e1s del doble que la inflaci\u00f3n, que alcanz\u00f3 el 117,8%, seg\u00fan el Indec. El titular de la asociaci\u00f3n de inquilinos, Gervasio Mu\u00f1oz, alert\u00f3 sobre este [&hellip;]\" \/>\n<meta property=\"og:url\" content=\"https:\/\/diariodelsurdigital.com.ar\/?p=589\" \/>\n<meta property=\"og:site_name\" content=\"Diario del Sur\" \/>\n<meta property=\"article:published_time\" content=\"2025-01-15T17:12:09+00:00\" \/>\n<meta property=\"article:modified_time\" content=\"2025-01-15T17:12:10+00:00\" \/>\n<meta property=\"og:image\" content=\"https:\/\/diariodelsurdigital.com.ar\/wp-content\/uploads\/2025\/01\/md-2025-01-15T140942.367.webp\" \/>\n\t<meta property=\"og:image:width\" content=\"992\" \/>\n\t<meta property=\"og:image:height\" content=\"542\" \/>\n\t<meta property=\"og:image:type\" content=\"image\/webp\" \/>\n<meta name=\"author\" content=\"Diario del Sur Digital\" \/>\n<meta name=\"twitter:card\" content=\"summary_large_image\" \/>\n<meta name=\"twitter:label1\" content=\"Escrito por\" \/>\n\t<meta name=\"twitter:data1\" content=\"Diario del Sur Digital\" \/>\n\t<meta name=\"twitter:label2\" content=\"Tiempo de lectura\" \/>\n\t<meta name=\"twitter:data2\" content=\"2 minutos\" \/>\n<script type=\"application\/ld+json\" class=\"yoast-schema-graph\">{\"@context\":\"https:\\\/\\\/schema.org\",\"@graph\":[{\"@type\":\"Article\",\"@id\":\"https:\\\/\\\/diariodelsurdigital.com.ar\\\/?p=589#article\",\"isPartOf\":{\"@id\":\"https:\\\/\\\/diariodelsurdigital.com.ar\\\/?p=589\"},\"author\":{\"name\":\"Diario del Sur Digital\",\"@id\":\"https:\\\/\\\/diariodelsurdigital.com.ar\\\/#\\\/schema\\\/person\\\/1a4992532ed62965c968031b49195c81\"},\"headline\":\"Los alquileres aumentaron un 262,8% en 2024 frente a una inflaci\u00f3n del 117,8%\",\"datePublished\":\"2025-01-15T17:12:09+00:00\",\"dateModified\":\"2025-01-15T17:12:10+00:00\",\"mainEntityOfPage\":{\"@id\":\"https:\\\/\\\/diariodelsurdigital.com.ar\\\/?p=589\"},\"wordCount\":264,\"commentCount\":0,\"image\":{\"@id\":\"https:\\\/\\\/diariodelsurdigital.com.ar\\\/?p=589#primaryimage\"},\"thumbnailUrl\":\"https:\\\/\\\/diariodelsurdigital.com.ar\\\/wp-content\\\/uploads\\\/2025\\\/01\\\/md-2025-01-15T140942.367.webp\",\"articleSection\":[\"Inter\u00e9s General\",\"Nacionales\"],\"inLanguage\":\"es\",\"potentialAction\":[{\"@type\":\"CommentAction\",\"name\":\"Comment\",\"target\":[\"https:\\\/\\\/diariodelsurdigital.com.ar\\\/?p=589#respond\"]}]},{\"@type\":\"WebPage\",\"@id\":\"https:\\\/\\\/diariodelsurdigital.com.ar\\\/?p=589\",\"url\":\"https:\\\/\\\/diariodelsurdigital.com.ar\\\/?p=589\",\"name\":\"Los alquileres aumentaron un 262,8% en 2024 frente a una inflaci\u00f3n del 117,8% - Diario del Sur\",\"isPartOf\":{\"@id\":\"https:\\\/\\\/diariodelsurdigital.com.ar\\\/#website\"},\"primaryImageOfPage\":{\"@id\":\"https:\\\/\\\/diariodelsurdigital.com.ar\\\/?p=589#primaryimage\"},\"image\":{\"@id\":\"https:\\\/\\\/diariodelsurdigital.com.ar\\\/?p=589#primaryimage\"},\"thumbnailUrl\":\"https:\\\/\\\/diariodelsurdigital.com.ar\\\/wp-content\\\/uploads\\\/2025\\\/01\\\/md-2025-01-15T140942.367.webp\",\"datePublished\":\"2025-01-15T17:12:09+00:00\",\"dateModified\":\"2025-01-15T17:12:10+00:00\",\"author\":{\"@id\":\"https:\\\/\\\/diariodelsurdigital.com.ar\\\/#\\\/schema\\\/person\\\/1a4992532ed62965c968031b49195c81\"},\"breadcrumb\":{\"@id\":\"https:\\\/\\\/diariodelsurdigital.com.ar\\\/?p=589#breadcrumb\"},\"inLanguage\":\"es\",\"potentialAction\":[{\"@type\":\"ReadAction\",\"target\":[\"https:\\\/\\\/diariodelsurdigital.com.ar\\\/?p=589\"]}]},{\"@type\":\"ImageObject\",\"inLanguage\":\"es\",\"@id\":\"https:\\\/\\\/diariodelsurdigital.com.ar\\\/?p=589#primaryimage\",\"url\":\"https:\\\/\\\/diariodelsurdigital.com.ar\\\/wp-content\\\/uploads\\\/2025\\\/01\\\/md-2025-01-15T140942.367.webp\",\"contentUrl\":\"https:\\\/\\\/diariodelsurdigital.com.ar\\\/wp-content\\\/uploads\\\/2025\\\/01\\\/md-2025-01-15T140942.367.webp\",\"width\":992,\"height\":542},{\"@type\":\"BreadcrumbList\",\"@id\":\"https:\\\/\\\/diariodelsurdigital.com.ar\\\/?p=589#breadcrumb\",\"itemListElement\":[{\"@type\":\"ListItem\",\"position\":1,\"name\":\"Portada\",\"item\":\"https:\\\/\\\/diariodelsurdigital.com.ar\\\/\"},{\"@type\":\"ListItem\",\"position\":2,\"name\":\"Los alquileres aumentaron un 262,8% en 2024 frente a una inflaci\u00f3n del 117,8%\"}]},{\"@type\":\"WebSite\",\"@id\":\"https:\\\/\\\/diariodelsurdigital.com.ar\\\/#website\",\"url\":\"https:\\\/\\\/diariodelsurdigital.com.ar\\\/\",\"name\":\"Diario del Sur\",\"description\":\"Digital\",\"potentialAction\":[{\"@type\":\"SearchAction\",\"target\":{\"@type\":\"EntryPoint\",\"urlTemplate\":\"https:\\\/\\\/diariodelsurdigital.com.ar\\\/?s={search_term_string}\"},\"query-input\":{\"@type\":\"PropertyValueSpecification\",\"valueRequired\":true,\"valueName\":\"search_term_string\"}}],\"inLanguage\":\"es\"},{\"@type\":\"Person\",\"@id\":\"https:\\\/\\\/diariodelsurdigital.com.ar\\\/#\\\/schema\\\/person\\\/1a4992532ed62965c968031b49195c81\",\"name\":\"Diario del Sur Digital\",\"image\":{\"@type\":\"ImageObject\",\"inLanguage\":\"es\",\"@id\":\"https:\\\/\\\/secure.gravatar.com\\\/avatar\\\/f0c7c47fc7146d19828273b9b8eda651c9c7ab583767e6338d3d3bee825adf76?s=96&d=mm&r=g\",\"url\":\"https:\\\/\\\/secure.gravatar.com\\\/avatar\\\/f0c7c47fc7146d19828273b9b8eda651c9c7ab583767e6338d3d3bee825adf76?s=96&d=mm&r=g\",\"contentUrl\":\"https:\\\/\\\/secure.gravatar.com\\\/avatar\\\/f0c7c47fc7146d19828273b9b8eda651c9c7ab583767e6338d3d3bee825adf76?s=96&d=mm&r=g\",\"caption\":\"Diario del Sur Digital\"},\"url\":\"https:\\\/\\\/diariodelsurdigital.com.ar\\\/?author=4\"}]}<\/script>\n<!-- \/ Yoast SEO plugin. -->","yoast_head_json":{"title":"Los alquileres aumentaron un 262,8% en 2024 frente a una inflaci\u00f3n del 117,8% - Diario del Sur","robots":{"index":"index","follow":"follow","max-snippet":"max-snippet:-1","max-image-preview":"max-image-preview:large","max-video-preview":"max-video-preview:-1"},"canonical":"https:\/\/diariodelsurdigital.com.ar\/?p=589","og_locale":"es_ES","og_type":"article","og_title":"Los alquileres aumentaron un 262,8% en 2024 frente a una inflaci\u00f3n del 117,8% - Diario del Sur","og_description":"A un a\u00f1o de la derogaci\u00f3n de la ley de alquileres, desde la Federaci\u00f3n de Inquilinos Nacional se\u00f1alaron que los precios para alquilar en Argentina crecieron un 262,8% en 2024, m\u00e1s del doble que la inflaci\u00f3n, que alcanz\u00f3 el 117,8%, seg\u00fan el Indec. El titular de la asociaci\u00f3n de inquilinos, Gervasio Mu\u00f1oz, alert\u00f3 sobre este [&hellip;]","og_url":"https:\/\/diariodelsurdigital.com.ar\/?p=589","og_site_name":"Diario del Sur","article_published_time":"2025-01-15T17:12:09+00:00","article_modified_time":"2025-01-15T17:12:10+00:00","og_image":[{"width":992,"height":542,"url":"https:\/\/diariodelsurdigital.com.ar\/wp-content\/uploads\/2025\/01\/md-2025-01-15T140942.367.webp","type":"image\/webp"}],"author":"Diario del Sur Digital","twitter_card":"summary_large_image","twitter_misc":{"Escrito por":"Diario del Sur Digital","Tiempo de lectura":"2 minutos"},"schema":{"@context":"https:\/\/schema.org","@graph":[{"@type":"Article","@id":"https:\/\/diariodelsurdigital.com.ar\/?p=589#article","isPartOf":{"@id":"https:\/\/diariodelsurdigital.com.ar\/?p=589"},"author":{"name":"Diario del Sur Digital","@id":"https:\/\/diariodelsurdigital.com.ar\/#\/schema\/person\/1a4992532ed62965c968031b49195c81"},"headline":"Los alquileres aumentaron un 262,8% en 2024 frente a una inflaci\u00f3n del 117,8%","datePublished":"2025-01-15T17:12:09+00:00","dateModified":"2025-01-15T17:12:10+00:00","mainEntityOfPage":{"@id":"https:\/\/diariodelsurdigital.com.ar\/?p=589"},"wordCount":264,"commentCount":0,"image":{"@id":"https:\/\/diariodelsurdigital.com.ar\/?p=589#primaryimage"},"thumbnailUrl":"https:\/\/diariodelsurdigital.com.ar\/wp-content\/uploads\/2025\/01\/md-2025-01-15T140942.367.webp","articleSection":["Inter\u00e9s General","Nacionales"],"inLanguage":"es","potentialAction":[{"@type":"CommentAction","name":"Comment","target":["https:\/\/diariodelsurdigital.com.ar\/?p=589#respond"]}]},{"@type":"WebPage","@id":"https:\/\/diariodelsurdigital.com.ar\/?p=589","url":"https:\/\/diariodelsurdigital.com.ar\/?p=589","name":"Los alquileres aumentaron un 262,8% en 2024 frente a una inflaci\u00f3n del 117,8% - Diario del Sur","isPartOf":{"@id":"https:\/\/diariodelsurdigital.com.ar\/#website"},"primaryImageOfPage":{"@id":"https:\/\/diariodelsurdigital.com.ar\/?p=589#primaryimage"},"image":{"@id":"https:\/\/diariodelsurdigital.com.ar\/?p=589#primaryimage"},"thumbnailUrl":"https:\/\/diariodelsurdigital.com.ar\/wp-content\/uploads\/2025\/01\/md-2025-01-15T140942.367.webp","datePublished":"2025-01-15T17:12:09+00:00","dateModified":"2025-01-15T17:12:10+00:00","author":{"@id":"https:\/\/diariodelsurdigital.com.ar\/#\/schema\/person\/1a4992532ed62965c968031b49195c81"},"breadcrumb":{"@id":"https:\/\/diariodelsurdigital.com.ar\/?p=589#breadcrumb"},"inLanguage":"es","potentialAction":[{"@type":"ReadAction","target":["https:\/\/diariodelsurdigital.com.ar\/?p=589"]}]},{"@type":"ImageObject","inLanguage":"es","@id":"https:\/\/diariodelsurdigital.com.ar\/?p=589#primaryimage","url":"https:\/\/diariodelsurdigital.com.ar\/wp-content\/uploads\/2025\/01\/md-2025-01-15T140942.367.webp","contentUrl":"https:\/\/diariodelsurdigital.com.ar\/wp-content\/uploads\/2025\/01\/md-2025-01-15T140942.367.webp","width":992,"height":542},{"@type":"BreadcrumbList","@id":"https:\/\/diariodelsurdigital.com.ar\/?p=589#breadcrumb","itemListElement":[{"@type":"ListItem","position":1,"name":"Portada","item":"https:\/\/diariodelsurdigital.com.ar\/"},{"@type":"ListItem","position":2,"name":"Los alquileres aumentaron un 262,8% en 2024 frente a una inflaci\u00f3n del 117,8%"}]},{"@type":"WebSite","@id":"https:\/\/diariodelsurdigital.com.ar\/#website","url":"https:\/\/diariodelsurdigital.com.ar\/","name":"Diario del Sur","description":"Digital","potentialAction":[{"@type":"SearchAction","target":{"@type":"EntryPoint","urlTemplate":"https:\/\/diariodelsurdigital.com.ar\/?s={search_term_string}"},"query-input":{"@type":"PropertyValueSpecification","valueRequired":true,"valueName":"search_term_string"}}],"inLanguage":"es"},{"@type":"Person","@id":"https:\/\/diariodelsurdigital.com.ar\/#\/schema\/person\/1a4992532ed62965c968031b49195c81","name":"Diario del Sur Digital","image":{"@type":"ImageObject","inLanguage":"es","@id":"https:\/\/secure.gravatar.com\/avatar\/f0c7c47fc7146d19828273b9b8eda651c9c7ab583767e6338d3d3bee825adf76?s=96&d=mm&r=g","url":"https:\/\/secure.gravatar.com\/avatar\/f0c7c47fc7146d19828273b9b8eda651c9c7ab583767e6338d3d3bee825adf76?s=96&d=mm&r=g","contentUrl":"https:\/\/secure.gravatar.com\/avatar\/f0c7c47fc7146d19828273b9b8eda651c9c7ab583767e6338d3d3bee825adf76?s=96&d=mm&r=g","caption":"Diario del Sur Digital"},"url":"https:\/\/diariodelsurdigital.com.ar\/?author=4"}]}},"_links":{"self":[{"href":"https:\/\/diariodelsurdigital.com.ar\/index.php?rest_route=\/wp\/v2\/posts\/589","targetHints":{"allow":["GET"]}}],"collection":[{"href":"https:\/\/diariodelsurdigital.com.ar\/index.php?rest_route=\/wp\/v2\/posts"}],"about":[{"href":"https:\/\/diariodelsurdigital.com.ar\/index.php?rest_route=\/wp\/v2\/types\/post"}],"author":[{"embeddable":true,"href":"https:\/\/diariodelsurdigital.com.ar\/index.php?rest_route=\/wp\/v2\/users\/4"}],"replies":[{"embeddable":true,"href":"https:\/\/diariodelsurdigital.com.ar\/index.php?rest_route=%2Fwp%2Fv2%2Fcomments&post=589"}],"version-history":[{"count":1,"href":"https:\/\/diariodelsurdigital.com.ar\/index.php?rest_route=\/wp\/v2\/posts\/589\/revisions"}],"predecessor-version":[{"id":591,"href":"https:\/\/diariodelsurdigital.com.ar\/index.php?rest_route=\/wp\/v2\/posts\/589\/revisions\/591"}],"wp:featuredmedia":[{"embeddable":true,"href":"https:\/\/diariodelsurdigital.com.ar\/index.php?rest_route=\/wp\/v2\/media\/590"}],"wp:attachment":[{"href":"https:\/\/diariodelsurdigital.com.ar\/index.php?rest_route=%2Fwp%2Fv2%2Fmedia&parent=589"}],"wp:term":[{"taxonomy":"category","embeddable":true,"href":"https:\/\/diariodelsurdigital.com.ar\/index.php?rest_route=%2Fwp%2Fv2%2Fcategories&post=589"},{"taxonomy":"post_tag","embeddable":true,"href":"https:\/\/diariodelsurdigital.com.ar\/index.php?rest_route=%2Fwp%2Fv2%2Ftags&post=589"}],"curies":[{"name":"wp","href":"https:\/\/api.w.org\/{rel}","templated":true}]}}