{"id":5891,"date":"2025-11-25T09:42:39","date_gmt":"2025-11-25T12:42:39","guid":{"rendered":"https:\/\/diariodelsurdigital.com.ar\/?p=5891"},"modified":"2025-11-25T09:42:40","modified_gmt":"2025-11-25T12:42:40","slug":"entre-rios-consolida-sus-politicas-publicas-de-preservacion-de-la-biodiversidad","status":"publish","type":"post","link":"https:\/\/diariodelsurdigital.com.ar\/?p=5891","title":{"rendered":"Entre R\u00edos consolida sus pol\u00edticas p\u00fablicas de preservaci\u00f3n de la biodiversidad"},"content":{"rendered":"\n<p>El Primer Encuentro de \u00c1reas Naturales Protegidas de Entre R\u00edos se concret\u00f3 en Villaguay con la participaci\u00f3n de un centenar de representantes. La iniciativa consolid\u00f3 v\u00ednculos institucionales a trav\u00e9s del intercambio de experiencias para construir estrategias comunes para la preservaci\u00f3n de la biodiversidad con un desarrollo sostenible.<\/p>\n\n\n\n<p>La apertura estuvo a cargo del director de \u00c1reas Naturales Protegidas, Pablo Ace\u00f1olaza; la secretaria de Turismo, Deportes y Ambiente de Villaguay, Cecilia Revoredo; y la directora de Control de Gesti\u00f3n de la Secretar\u00eda de Turismo de Entre R\u00edos, Paula Dur\u00e1n. Se hizo presente en el transcurso de la jornada el intendente de Villaguay, Adri\u00e1n Fuertes.<\/p>\n\n\n\n<p>La jornada se organiz\u00f3 en torno a tres ejes tem\u00e1ticos: conservaci\u00f3n, producci\u00f3n sustentable y turismo y educaci\u00f3n ambiental. Una de las presentaciones fue del \u00c1rea Natural Protegida \u00abLa Aurora del Palmar\u00bb, a cargo de Eugenia Peragallo y Ariel Batista, quienes expusieron los or\u00edgenes del \u00e1rea, el valor ecol\u00f3gico de la palmera yatay y sus ambientes asociados, as\u00ed como las experiencias de producci\u00f3n vinculadas al aprovechamiento del fruto y el desarrollo del turismo de naturaleza, pionero en la provincia.<\/p>\n\n\n\n<p>Las y los participantes trabajaron en mesas de discusi\u00f3n, cuyo contenido ser\u00e1 sistematizado para la elaboraci\u00f3n de un documento orientado a fortalecer los lineamientos rectores del Sistema Provincial de \u00c1reas Naturales Protegidas, con criterios participativos y colaborativos.<\/p>\n\n\n\n<p>Como cierre, se realiz\u00f3 una visita guiada al \u00c1rea Natural Protegida \u00abLa Chinita\u00bb, recientemente incorporada al sistema provincial, a cargo del guardaparque Paul Zaragoza. Esta reserva comprende m\u00e1s de 15 hect\u00e1reas destinadas a la conservaci\u00f3n de la flora y fauna caracter\u00edsticas de la regi\u00f3n.<\/p>\n","protected":false},"excerpt":{"rendered":"<p>El Primer Encuentro de \u00c1reas Naturales Protegidas de Entre R\u00edos se concret\u00f3 en Villaguay con la participaci\u00f3n de un centenar de representantes. La iniciativa consolid\u00f3 v\u00ednculos institucionales a trav\u00e9s del intercambio de experiencias para construir estrategias comunes para la preservaci\u00f3n de la biodiversidad con un desarrollo sostenible. La apertura estuvo a cargo del director de [&hellip;]<\/p>\n","protected":false},"author":4,"featured_media":5892,"comment_status":"open","ping_status":"open","sticky":false,"template":"","format":"standard","meta":{"footnotes":""},"categories":[19,17],"tags":[],"class_list":{"0":"post-5891","1":"post","2":"type-post","3":"status-publish","4":"format-standard","5":"has-post-thumbnail","7":"category-interes-general","8":"category-provinciales"},"yoast_head":"<!-- This site is optimized with the Yoast SEO plugin v27.4 - https:\/\/yoast.com\/product\/yoast-seo-wordpress\/ -->\n<title>Entre R\u00edos consolida sus pol\u00edticas p\u00fablicas de preservaci\u00f3n de la biodiversidad - Diario del Sur<\/title>\n<meta name=\"robots\" content=\"index, follow, max-snippet:-1, max-image-preview:large, max-video-preview:-1\" \/>\n<link rel=\"canonical\" href=\"https:\/\/diariodelsurdigital.com.ar\/?p=5891\" \/>\n<meta property=\"og:locale\" content=\"es_ES\" \/>\n<meta property=\"og:type\" content=\"article\" \/>\n<meta property=\"og:title\" content=\"Entre R\u00edos consolida sus pol\u00edticas p\u00fablicas de preservaci\u00f3n de la biodiversidad - Diario del Sur\" \/>\n<meta property=\"og:description\" content=\"El Primer Encuentro de \u00c1reas Naturales Protegidas de Entre R\u00edos se concret\u00f3 en Villaguay con la participaci\u00f3n de un centenar de representantes. La iniciativa consolid\u00f3 v\u00ednculos institucionales a trav\u00e9s del intercambio de experiencias para construir estrategias comunes para la preservaci\u00f3n de la biodiversidad con un desarrollo sostenible. La apertura estuvo a cargo del director de [&hellip;]\" \/>\n<meta property=\"og:url\" content=\"https:\/\/diariodelsurdigital.com.ar\/?p=5891\" \/>\n<meta property=\"og:site_name\" content=\"Diario del Sur\" \/>\n<meta property=\"article:published_time\" content=\"2025-11-25T12:42:39+00:00\" \/>\n<meta property=\"article:modified_time\" content=\"2025-11-25T12:42:40+00:00\" \/>\n<meta property=\"og:image\" content=\"https:\/\/diariodelsurdigital.com.ar\/wp-content\/uploads\/2025\/11\/md-2-1.webp\" \/>\n\t<meta property=\"og:image:width\" content=\"992\" \/>\n\t<meta property=\"og:image:height\" content=\"660\" \/>\n\t<meta property=\"og:image:type\" content=\"image\/webp\" \/>\n<meta name=\"author\" content=\"Diario del Sur Digital\" \/>\n<meta name=\"twitter:card\" content=\"summary_large_image\" \/>\n<meta name=\"twitter:label1\" content=\"Escrito por\" \/>\n\t<meta name=\"twitter:data1\" content=\"Diario del Sur Digital\" \/>\n\t<meta name=\"twitter:label2\" content=\"Tiempo de lectura\" \/>\n\t<meta name=\"twitter:data2\" content=\"2 minutos\" \/>\n<script type=\"application\/ld+json\" class=\"yoast-schema-graph\">{\"@context\":\"https:\\\/\\\/schema.org\",\"@graph\":[{\"@type\":\"Article\",\"@id\":\"https:\\\/\\\/diariodelsurdigital.com.ar\\\/?p=5891#article\",\"isPartOf\":{\"@id\":\"https:\\\/\\\/diariodelsurdigital.com.ar\\\/?p=5891\"},\"author\":{\"name\":\"Diario del Sur Digital\",\"@id\":\"https:\\\/\\\/diariodelsurdigital.com.ar\\\/#\\\/schema\\\/person\\\/1a4992532ed62965c968031b49195c81\"},\"headline\":\"Entre R\u00edos consolida sus pol\u00edticas p\u00fablicas de preservaci\u00f3n de la biodiversidad\",\"datePublished\":\"2025-11-25T12:42:39+00:00\",\"dateModified\":\"2025-11-25T12:42:40+00:00\",\"mainEntityOfPage\":{\"@id\":\"https:\\\/\\\/diariodelsurdigital.com.ar\\\/?p=5891\"},\"wordCount\":301,\"commentCount\":0,\"image\":{\"@id\":\"https:\\\/\\\/diariodelsurdigital.com.ar\\\/?p=5891#primaryimage\"},\"thumbnailUrl\":\"https:\\\/\\\/diariodelsurdigital.com.ar\\\/wp-content\\\/uploads\\\/2025\\\/11\\\/md-2-1.webp\",\"articleSection\":[\"Inter\u00e9s General\",\"Provinciales\"],\"inLanguage\":\"es\",\"potentialAction\":[{\"@type\":\"CommentAction\",\"name\":\"Comment\",\"target\":[\"https:\\\/\\\/diariodelsurdigital.com.ar\\\/?p=5891#respond\"]}]},{\"@type\":\"WebPage\",\"@id\":\"https:\\\/\\\/diariodelsurdigital.com.ar\\\/?p=5891\",\"url\":\"https:\\\/\\\/diariodelsurdigital.com.ar\\\/?p=5891\",\"name\":\"Entre R\u00edos consolida sus pol\u00edticas p\u00fablicas de preservaci\u00f3n de la biodiversidad - Diario del Sur\",\"isPartOf\":{\"@id\":\"https:\\\/\\\/diariodelsurdigital.com.ar\\\/#website\"},\"primaryImageOfPage\":{\"@id\":\"https:\\\/\\\/diariodelsurdigital.com.ar\\\/?p=5891#primaryimage\"},\"image\":{\"@id\":\"https:\\\/\\\/diariodelsurdigital.com.ar\\\/?p=5891#primaryimage\"},\"thumbnailUrl\":\"https:\\\/\\\/diariodelsurdigital.com.ar\\\/wp-content\\\/uploads\\\/2025\\\/11\\\/md-2-1.webp\",\"datePublished\":\"2025-11-25T12:42:39+00:00\",\"dateModified\":\"2025-11-25T12:42:40+00:00\",\"author\":{\"@id\":\"https:\\\/\\\/diariodelsurdigital.com.ar\\\/#\\\/schema\\\/person\\\/1a4992532ed62965c968031b49195c81\"},\"breadcrumb\":{\"@id\":\"https:\\\/\\\/diariodelsurdigital.com.ar\\\/?p=5891#breadcrumb\"},\"inLanguage\":\"es\",\"potentialAction\":[{\"@type\":\"ReadAction\",\"target\":[\"https:\\\/\\\/diariodelsurdigital.com.ar\\\/?p=5891\"]}]},{\"@type\":\"ImageObject\",\"inLanguage\":\"es\",\"@id\":\"https:\\\/\\\/diariodelsurdigital.com.ar\\\/?p=5891#primaryimage\",\"url\":\"https:\\\/\\\/diariodelsurdigital.com.ar\\\/wp-content\\\/uploads\\\/2025\\\/11\\\/md-2-1.webp\",\"contentUrl\":\"https:\\\/\\\/diariodelsurdigital.com.ar\\\/wp-content\\\/uploads\\\/2025\\\/11\\\/md-2-1.webp\",\"width\":992,\"height\":660},{\"@type\":\"BreadcrumbList\",\"@id\":\"https:\\\/\\\/diariodelsurdigital.com.ar\\\/?p=5891#breadcrumb\",\"itemListElement\":[{\"@type\":\"ListItem\",\"position\":1,\"name\":\"Portada\",\"item\":\"https:\\\/\\\/diariodelsurdigital.com.ar\\\/\"},{\"@type\":\"ListItem\",\"position\":2,\"name\":\"Entre R\u00edos consolida sus pol\u00edticas p\u00fablicas de preservaci\u00f3n de la biodiversidad\"}]},{\"@type\":\"WebSite\",\"@id\":\"https:\\\/\\\/diariodelsurdigital.com.ar\\\/#website\",\"url\":\"https:\\\/\\\/diariodelsurdigital.com.ar\\\/\",\"name\":\"Diario del Sur\",\"description\":\"Digital\",\"potentialAction\":[{\"@type\":\"SearchAction\",\"target\":{\"@type\":\"EntryPoint\",\"urlTemplate\":\"https:\\\/\\\/diariodelsurdigital.com.ar\\\/?s={search_term_string}\"},\"query-input\":{\"@type\":\"PropertyValueSpecification\",\"valueRequired\":true,\"valueName\":\"search_term_string\"}}],\"inLanguage\":\"es\"},{\"@type\":\"Person\",\"@id\":\"https:\\\/\\\/diariodelsurdigital.com.ar\\\/#\\\/schema\\\/person\\\/1a4992532ed62965c968031b49195c81\",\"name\":\"Diario del Sur Digital\",\"image\":{\"@type\":\"ImageObject\",\"inLanguage\":\"es\",\"@id\":\"https:\\\/\\\/secure.gravatar.com\\\/avatar\\\/f0c7c47fc7146d19828273b9b8eda651c9c7ab583767e6338d3d3bee825adf76?s=96&d=mm&r=g\",\"url\":\"https:\\\/\\\/secure.gravatar.com\\\/avatar\\\/f0c7c47fc7146d19828273b9b8eda651c9c7ab583767e6338d3d3bee825adf76?s=96&d=mm&r=g\",\"contentUrl\":\"https:\\\/\\\/secure.gravatar.com\\\/avatar\\\/f0c7c47fc7146d19828273b9b8eda651c9c7ab583767e6338d3d3bee825adf76?s=96&d=mm&r=g\",\"caption\":\"Diario del Sur Digital\"},\"url\":\"https:\\\/\\\/diariodelsurdigital.com.ar\\\/?author=4\"}]}<\/script>\n<!-- \/ Yoast SEO plugin. -->","yoast_head_json":{"title":"Entre R\u00edos consolida sus pol\u00edticas p\u00fablicas de preservaci\u00f3n de la biodiversidad - Diario del Sur","robots":{"index":"index","follow":"follow","max-snippet":"max-snippet:-1","max-image-preview":"max-image-preview:large","max-video-preview":"max-video-preview:-1"},"canonical":"https:\/\/diariodelsurdigital.com.ar\/?p=5891","og_locale":"es_ES","og_type":"article","og_title":"Entre R\u00edos consolida sus pol\u00edticas p\u00fablicas de preservaci\u00f3n de la biodiversidad - Diario del Sur","og_description":"El Primer Encuentro de \u00c1reas Naturales Protegidas de Entre R\u00edos se concret\u00f3 en Villaguay con la participaci\u00f3n de un centenar de representantes. La iniciativa consolid\u00f3 v\u00ednculos institucionales a trav\u00e9s del intercambio de experiencias para construir estrategias comunes para la preservaci\u00f3n de la biodiversidad con un desarrollo sostenible. La apertura estuvo a cargo del director de [&hellip;]","og_url":"https:\/\/diariodelsurdigital.com.ar\/?p=5891","og_site_name":"Diario del Sur","article_published_time":"2025-11-25T12:42:39+00:00","article_modified_time":"2025-11-25T12:42:40+00:00","og_image":[{"width":992,"height":660,"url":"https:\/\/diariodelsurdigital.com.ar\/wp-content\/uploads\/2025\/11\/md-2-1.webp","type":"image\/webp"}],"author":"Diario del Sur Digital","twitter_card":"summary_large_image","twitter_misc":{"Escrito por":"Diario del Sur Digital","Tiempo de lectura":"2 minutos"},"schema":{"@context":"https:\/\/schema.org","@graph":[{"@type":"Article","@id":"https:\/\/diariodelsurdigital.com.ar\/?p=5891#article","isPartOf":{"@id":"https:\/\/diariodelsurdigital.com.ar\/?p=5891"},"author":{"name":"Diario del Sur Digital","@id":"https:\/\/diariodelsurdigital.com.ar\/#\/schema\/person\/1a4992532ed62965c968031b49195c81"},"headline":"Entre R\u00edos consolida sus pol\u00edticas p\u00fablicas de preservaci\u00f3n de la biodiversidad","datePublished":"2025-11-25T12:42:39+00:00","dateModified":"2025-11-25T12:42:40+00:00","mainEntityOfPage":{"@id":"https:\/\/diariodelsurdigital.com.ar\/?p=5891"},"wordCount":301,"commentCount":0,"image":{"@id":"https:\/\/diariodelsurdigital.com.ar\/?p=5891#primaryimage"},"thumbnailUrl":"https:\/\/diariodelsurdigital.com.ar\/wp-content\/uploads\/2025\/11\/md-2-1.webp","articleSection":["Inter\u00e9s General","Provinciales"],"inLanguage":"es","potentialAction":[{"@type":"CommentAction","name":"Comment","target":["https:\/\/diariodelsurdigital.com.ar\/?p=5891#respond"]}]},{"@type":"WebPage","@id":"https:\/\/diariodelsurdigital.com.ar\/?p=5891","url":"https:\/\/diariodelsurdigital.com.ar\/?p=5891","name":"Entre R\u00edos consolida sus pol\u00edticas p\u00fablicas de preservaci\u00f3n de la biodiversidad - Diario del Sur","isPartOf":{"@id":"https:\/\/diariodelsurdigital.com.ar\/#website"},"primaryImageOfPage":{"@id":"https:\/\/diariodelsurdigital.com.ar\/?p=5891#primaryimage"},"image":{"@id":"https:\/\/diariodelsurdigital.com.ar\/?p=5891#primaryimage"},"thumbnailUrl":"https:\/\/diariodelsurdigital.com.ar\/wp-content\/uploads\/2025\/11\/md-2-1.webp","datePublished":"2025-11-25T12:42:39+00:00","dateModified":"2025-11-25T12:42:40+00:00","author":{"@id":"https:\/\/diariodelsurdigital.com.ar\/#\/schema\/person\/1a4992532ed62965c968031b49195c81"},"breadcrumb":{"@id":"https:\/\/diariodelsurdigital.com.ar\/?p=5891#breadcrumb"},"inLanguage":"es","potentialAction":[{"@type":"ReadAction","target":["https:\/\/diariodelsurdigital.com.ar\/?p=5891"]}]},{"@type":"ImageObject","inLanguage":"es","@id":"https:\/\/diariodelsurdigital.com.ar\/?p=5891#primaryimage","url":"https:\/\/diariodelsurdigital.com.ar\/wp-content\/uploads\/2025\/11\/md-2-1.webp","contentUrl":"https:\/\/diariodelsurdigital.com.ar\/wp-content\/uploads\/2025\/11\/md-2-1.webp","width":992,"height":660},{"@type":"BreadcrumbList","@id":"https:\/\/diariodelsurdigital.com.ar\/?p=5891#breadcrumb","itemListElement":[{"@type":"ListItem","position":1,"name":"Portada","item":"https:\/\/diariodelsurdigital.com.ar\/"},{"@type":"ListItem","position":2,"name":"Entre R\u00edos consolida sus pol\u00edticas p\u00fablicas de preservaci\u00f3n de la biodiversidad"}]},{"@type":"WebSite","@id":"https:\/\/diariodelsurdigital.com.ar\/#website","url":"https:\/\/diariodelsurdigital.com.ar\/","name":"Diario del Sur","description":"Digital","potentialAction":[{"@type":"SearchAction","target":{"@type":"EntryPoint","urlTemplate":"https:\/\/diariodelsurdigital.com.ar\/?s={search_term_string}"},"query-input":{"@type":"PropertyValueSpecification","valueRequired":true,"valueName":"search_term_string"}}],"inLanguage":"es"},{"@type":"Person","@id":"https:\/\/diariodelsurdigital.com.ar\/#\/schema\/person\/1a4992532ed62965c968031b49195c81","name":"Diario del Sur Digital","image":{"@type":"ImageObject","inLanguage":"es","@id":"https:\/\/secure.gravatar.com\/avatar\/f0c7c47fc7146d19828273b9b8eda651c9c7ab583767e6338d3d3bee825adf76?s=96&d=mm&r=g","url":"https:\/\/secure.gravatar.com\/avatar\/f0c7c47fc7146d19828273b9b8eda651c9c7ab583767e6338d3d3bee825adf76?s=96&d=mm&r=g","contentUrl":"https:\/\/secure.gravatar.com\/avatar\/f0c7c47fc7146d19828273b9b8eda651c9c7ab583767e6338d3d3bee825adf76?s=96&d=mm&r=g","caption":"Diario del Sur Digital"},"url":"https:\/\/diariodelsurdigital.com.ar\/?author=4"}]}},"_links":{"self":[{"href":"https:\/\/diariodelsurdigital.com.ar\/index.php?rest_route=\/wp\/v2\/posts\/5891","targetHints":{"allow":["GET"]}}],"collection":[{"href":"https:\/\/diariodelsurdigital.com.ar\/index.php?rest_route=\/wp\/v2\/posts"}],"about":[{"href":"https:\/\/diariodelsurdigital.com.ar\/index.php?rest_route=\/wp\/v2\/types\/post"}],"author":[{"embeddable":true,"href":"https:\/\/diariodelsurdigital.com.ar\/index.php?rest_route=\/wp\/v2\/users\/4"}],"replies":[{"embeddable":true,"href":"https:\/\/diariodelsurdigital.com.ar\/index.php?rest_route=%2Fwp%2Fv2%2Fcomments&post=5891"}],"version-history":[{"count":1,"href":"https:\/\/diariodelsurdigital.com.ar\/index.php?rest_route=\/wp\/v2\/posts\/5891\/revisions"}],"predecessor-version":[{"id":5893,"href":"https:\/\/diariodelsurdigital.com.ar\/index.php?rest_route=\/wp\/v2\/posts\/5891\/revisions\/5893"}],"wp:featuredmedia":[{"embeddable":true,"href":"https:\/\/diariodelsurdigital.com.ar\/index.php?rest_route=\/wp\/v2\/media\/5892"}],"wp:attachment":[{"href":"https:\/\/diariodelsurdigital.com.ar\/index.php?rest_route=%2Fwp%2Fv2%2Fmedia&parent=5891"}],"wp:term":[{"taxonomy":"category","embeddable":true,"href":"https:\/\/diariodelsurdigital.com.ar\/index.php?rest_route=%2Fwp%2Fv2%2Fcategories&post=5891"},{"taxonomy":"post_tag","embeddable":true,"href":"https:\/\/diariodelsurdigital.com.ar\/index.php?rest_route=%2Fwp%2Fv2%2Ftags&post=5891"}],"curies":[{"name":"wp","href":"https:\/\/api.w.org\/{rel}","templated":true}]}}