{"id":5898,"date":"2025-11-25T12:24:45","date_gmt":"2025-11-25T15:24:45","guid":{"rendered":"https:\/\/diariodelsurdigital.com.ar\/?p=5898"},"modified":"2025-11-25T12:36:51","modified_gmt":"2025-11-25T15:36:51","slug":"de-sanciones-e-irresponsabilidades-los-numeros-no-mienten","status":"publish","type":"post","link":"https:\/\/diariodelsurdigital.com.ar\/?p=5898","title":{"rendered":"De sanciones e irresponsabilidades: Los n\u00fameros no mienten"},"content":{"rendered":"\n<p><strong>Por Almafuerte (Especial para Diario del SUR Digital)<\/strong><\/p>\n\n\n\n<p>Ante una noticia reciente y como continuidad de la denuncia hecha en escasos medios, Diario Junio por ejemplo, respecto a la irrupci\u00f3n de un&nbsp;<em>entrerrianoriundo<\/em>&nbsp;aunque bien&nbsp;<em>\u201caporte\u00f1ao\u201d&nbsp;<\/em>intentando apropiarse con billetera gorda y flaca militancia de la campa\u00f1a del Pjoficialista y encabezando junto al Beto\u201d Bahl la hist\u00f3rica derrota del 26\/10\/25, obligan a pensar que los n\u00fameros no mienten.<strong>&nbsp;Datos contundentes: en Paran\u00e1 el Pj con el Frente Renovador, el PTP y otros, con el candidato al senado en 1\u00ba lugar Bahl, -ex candidato a Gobernador y ex intendente de Paran\u00e1-&nbsp;&nbsp;perdi\u00f3 contra LLA: 53,72% a 35,11%. Michel en Diputados sac\u00f3 el 31,85% y LLA el 54,71%. En su territorio&nbsp;Gualeguaych\u00fa<\/strong>,&nbsp;Michel perdi\u00f3 en&nbsp;<strong>Diputados LLA: 54,90 %&nbsp;a 33,44 %.&nbsp;<\/strong>A\u00fan a la espera de la necesaria autocr\u00edtica y un criterioso paso al costado de los responsables, aparecen los coletazos de la incapacidad dirigencial reiterada y el oportunismo rentado.<\/p>\n\n\n\n<p>El Consejo Provincial del Partido Justicialista, presidido por Jos\u00e9 C\u00e1ceres y que desde las sombras es manejado por Rosario Romero, Lauritto y Michel, tiene un nuevo pedido de sanciones para los afiliados que fueron candidatos por fuera de la estructura oficial en las elecciones del 26 de octubre. Se suma al del PJ de Paran\u00e1, contra los postulantes de tres espacios\u00a0<strong>Ahora 503; Partido Socialista; y Uni\u00f3n Popular<\/strong>\u00a0solicitando que el Consejo y el Tribunal de Disciplina tomen<strong> \u201ccartas en el asunto\u201d<\/strong> para sancionar \u201cde manera urgente\u201d a quienes participaron \u201cintegrando directa o indirectamente las listas que compitieron por fuera de la alianza Fuerza Entre R\u00edos\u201d. Encabeza las firmas el intendente de Aldea San Antonio, Mauro D\u00edaz Chaves; seguido por el ex colaborador de Gaillard, tanto en la gesti\u00f3n en Cultura como en el trabajo en Diputados,\u00a0Federico Prieto, de Concordia. Tambi\u00e9n firman\u00a0Melisa Albornoz (referente del grupo de Victoria Donda, extitular de la delegaci\u00f3n local del INADI antes de su cierre); Eric Bravo, M\u00f3nica C\u00e1ceres, Alejandro Arnaiz de Diamante;\u00a0Marcela Schlotthauer, Gustavo Abel Etchegoyen, Gerardo Ferreyra y Daiana Fritzler, de Aldea San Antonio; Sof\u00eda Ghiglione de Gualeguaych\u00fa;\u00a0Juli\u00e1n R\u00edos, Pablo Mart\u00edn G\u00f3mez y Sof\u00eda Citelli, de Paran\u00e1; y Eliana Zanini de San Jos\u00e9.\u00a0\u00a0<\/p>\n\n\n\n<p>Ahora bien&nbsp;\u00bfes&nbsp;correcto se\u00f1alar como \u00fanicos responsables a quienes dejados fuera de toda participaci\u00f3n: suspendidas las paso, negada la compulsa interna, con una estructura quebrada econ\u00f3micamente y desfinanciada por la p\u00e9rdida del gobierno provincial? Esta situaci\u00f3n&nbsp;&nbsp;fue reconocida el 31 de Mayo de 2025 por la \u201c<strong>Junta Electoral: por dificultad financiera y operativa\u00bb peligra la interna del PJ\u201d.&nbsp;<\/strong>El comunicado de una agrupaci\u00f3n&nbsp;<strong>PAR exigiendo \u201ctransparencia, legalidad y participaci\u00f3n real\u201d en las internas del PJ del&nbsp;30 de Mayo de 2025<\/strong>&nbsp;(ver Nota completa al final) planteaba dudas.&nbsp;<strong>El Peronismo Amplio Renovador (PAR)<\/strong>&nbsp;present\u00f3 entonces una carta formal al Consejo Provincial del PJ de Entre R\u00edos, con copia a la Junta Electoral y a la mesa directiva del Congreso Provincial, manifestando&nbsp;<strong>\u201cprofunda preocupaci\u00f3n por las condiciones del proceso electoral interno en marcha\u201d<\/strong>&nbsp;amenazando con judicializar el proceso.&nbsp; El equipo legal de PAR, integrado por los abogados Le\u00f3n Albornoz, Roque Mary Dalpr\u00e1, Guillermo Mart\u00ednez y Gast\u00f3n Villanova, reclamaba&nbsp;<strong>\u201ccon firmeza medidas urgentes que garanticen la transparencia, la legalidad y la legitimidad del acto eleccionario\u201d.<\/strong>&nbsp;<strong>\u201cDesde PAR creemos que la democracia partidaria no puede ser una fachada ni una concesi\u00f3n: debe ser una pr\u00e1ctica viva, robusta y respetuosa de los derechos de los afiliados y del pueblo peronista\u201d,&nbsp;<\/strong>advirtiendo<strong>&nbsp;\u201cHoy, lamentablemente, advertimos un intento sistem\u00e1tico de manipulaci\u00f3n del proceso interno por parte de la conducci\u00f3n actual del partido, que sigue operando como si el PJ fuese un coto privado en lugar de una herramienta transformadora al servicio del pueblo\u201d.<\/strong><\/p>\n\n\n\n<p>Incumplidos los reclamos e imposibilitados la entonces la aplicaci\u00f3n de la m\u00e1xima<strong> \u201cel que gana conduce y el que pierde acompa\u00f1a\u201d<\/strong> los responsables principales habr\u00edan de buscarse en los r<strong>esultados en los 17 departamentos de la provincia.&nbsp;<\/strong>La Libertad Avanza obtuvo un triunfo en 14 de los 17 departamentos en la categor\u00eda Senadores (perdi\u00f3 en Feliciano, Federal e Islas) y en 14 de los 17 en Diputados (derrotado en Feliciano, Federal e Islas).&nbsp;<strong>Diamante fue el distrito en el que mayor porcentaje de votos sac\u00f3 LLA 62%. Seguido en ese rubro por Victoria<\/strong>&nbsp;Senadores&nbsp;<strong>LLA: 53,36%<\/strong>&nbsp;vs&nbsp;<strong>Fuerza ER: 28,35%<\/strong>&nbsp;Diputados<strong>&nbsp;LLA: 55,48% FuerzaER: 28,68%&nbsp;Gualeguay<\/strong>&nbsp;<strong>Senadores LLA: 55,82 %&nbsp;Fuerza Entre R\u00edos: 27,91 % Diputados LLA: 54,78 %&nbsp;Fuerza Entre R\u00edos: 26,61 % y Paran\u00e1 Senadores LLA: 53,72% Fuerza Entre R\u00edos: 35,11% Diputados LLA: 54,71% Fuerza Entre R\u00edos: 31,85% (Victoria, C.d.U, y Paran\u00e1 con el agravante de tener el poder municipal y representantes en Dip. y Sen.)<\/strong><\/p>\n\n\n\n<p><strong>Datos contundentes: en Paran\u00e1 el Pjoficialista con el candidato al senado en 1\u00ba lugar Bahl, ex candidato a Gobernador y ex intendente de Paran\u00e1 perdi\u00f3 contra LLA 53,72% a 35,11%. Michel en Diputados sac\u00f3 el 31,85% y LLA el 54,71%. En su hogar de origen&nbsp;Gualeguaych\u00fa,<\/strong>&nbsp;Michel perdi\u00f3 en&nbsp;<strong>Diputados LLA: 54,90 %&nbsp;a 33,44 %.&nbsp;<\/strong>Y en la comparaci\u00f3n el distrito&nbsp;<strong>Concordia<\/strong>&nbsp;Senadores: Fuerza Entre R\u00edos:&nbsp;<strong>39,82 %<\/strong>&nbsp;LLA 47,05 % Diputados&nbsp;<strong>Fuerza Entre R\u00edos:&nbsp;&nbsp;38,69&nbsp;<\/strong>%&nbsp;<strong>LLA&nbsp;&nbsp;48,46 % A\u00fan en la derrota generalizada dio la mejor pelea.<\/strong><\/p>\n\n\n\n<p>Corresponde preguntar, \u00bfSe hicieron todos los esfuerzos para evitar la confrontaci\u00f3n interna?<strong>&nbsp;<\/strong>La presentaci\u00f3n de tres&nbsp;espacios con referentes peronistas y aliados&nbsp;<strong>Partido Socialista, Ahora 503 y Uni\u00f3n Popular&nbsp;<\/strong>demostrar\u00edan que no fue as\u00ed.<\/p>\n\n\n\n<p>Recordando un viejo refr\u00e1n popular<strong> \u201cno mande a espiar a los que mueven la ligustrina\u201d <\/strong>este es el panorama general que el movimiento de la ligustrina, les impide ver a los responsables principales la realidad del fin del ciclo de la <strong>partidocracia liberal<\/strong>, donde las representaciones pol\u00edticas mayoritarias del siglo 20 y desde el inicio del 21 (UCR Y PJ) han dejado, un sistema de democracia restringida, an\u00e9mica y an\u00f3mica. Esto dicho porque verdad porque en la lista presentada la semana pasada encabezada por el intendente de Aldea San Antonio pidiendo sanciones y expulsiones solo se encontr\u00f3 <strong>15 de los firmantes<\/strong> y como veremos seguidamente los n\u00fameros no mienten.&nbsp;Firmantes 5 (cinco) por Aldea San Antonio 1(una) x Gualeguaych\u00fa total 6 (seis),&nbsp;le sigue la representaci\u00f3n capitalina Paran\u00e1 4 (cuatro) y ah\u00ed nom\u00e1s Diamante ciudad 3 (tres) y finalmente con&nbsp;1 (uno) Concordia y 1 (uno)&nbsp;San Jos\u00e9<strong>.<\/strong><\/p>\n\n\n\n<p><strong>Vamos por partes: \u00a1los n\u00fameros no mienten!<\/strong>&nbsp;<strong>Resultados. Aldea San Antonio La Libertad Avanza:<\/strong><strong>&nbsp;67,13%&nbsp;<u>Fuerza Entre R\u00edos:<\/u><u>&nbsp;25,02%<\/u>&nbsp;(<u>La peor elecci\u00f3n territorio x territorio.)<\/u><\/strong>&nbsp;<strong>Gualeguaych\u00fa<\/strong>&nbsp;<strong>Senadores<\/strong>&nbsp;<strong>La Libertad Avanza: 55,18% Fuerza Entre R\u00edos: 32,29%. Diputados La Libertad Avanza 54,90 %&nbsp;Fuerza Entre R\u00edos: 33,44 %&nbsp;<u>(Una de las peores elecciones Departamentales y 6 seis firmas)<\/u>&nbsp;<\/strong>Le sigue el Departamento&nbsp;<strong>DIAMANTE<\/strong><strong>&nbsp;Senadores LaLibertadAvanza: 61,84% Fuerza Entre R\u00edos: 30,61%<\/strong>&nbsp;<strong>Diputados<\/strong>&nbsp;<strong>LaLibertadAvanza:62, 62%<\/strong>&nbsp;<strong><u>Fuerza Entre R\u00edos: 29,45%<\/u><\/strong>&nbsp;y&nbsp;<strong>agrava su situaci\u00f3n<\/strong>&nbsp;<strong>en la<\/strong>&nbsp;<strong>Ciudad de Diamante Senadores&nbsp;<u>LA LIBERTAD AVANZA 16.937 votos 61,84 %<\/u><\/strong>&nbsp;<strong>FUERZA ENTRE R\u00cdOS 8.384 votos 30,61 %<\/strong>&nbsp;<strong>Diputados LA LIBERTAD AVANZA 16.022 votos 62,62 % FUERZA ENTRE R\u00cdOS 7.535 votos 29,45 %. La peor elecci\u00f3n de una capital Departamental<\/strong>3 (tres firmantes).&nbsp;&nbsp;Por usar un t\u00e9rmino deportivo les hicieron creer que jugaban en primera, en verdad tienen los primeros lugares del descenso.<\/p>\n\n\n\n<p>Finalmente siguiendo con los n\u00fameros un ejercicio de suma y resta simple SUMAR&nbsp;&nbsp;PJ oficialista y aliados&nbsp;<strong><u>Fuerza Entre R\u00edos<\/u>&nbsp;&nbsp;<\/strong>Senadores (Bahl): 273.753Diputados (Michel): 245.69&nbsp;&nbsp;<strong><u>Ahora 503<\/u>&nbsp;<\/strong>Senadores (Gaillard): 27.988Diputados (Rubattino): 25.473&nbsp;<strong><u>Partido Socialista<\/u>&nbsp;<\/strong>Senadores (Maya): 24.459Diputados (Guzm\u00e1n): 26.148&nbsp;<strong><u>Uni\u00f3n Popular Federal<\/u><\/strong>&nbsp;Senadores (Mart\u00ednez Garbino): 13.964 Diputados (Farach): 12.645&nbsp;rondar\u00eda los 350.000 votos. Pero la resta por sanciones, expulsiones, y arrastre negativo por la derrota sumarian m\u00e1s de <strong>150.000 en contra <\/strong>y sumatorios al adversario. Completando el final del ciclo para la herramienta electoral en cuesti\u00f3n. <strong>Quienes no se animaron a expulsar a Kueider, a M\u00fcller, ex presidente del CGE -y algunos m\u00e1s- descargaran este casi adolescente enojo esperando retribuci\u00f3n del \u201cflaco aporte\u00f1au de billetera gorda\u201d, cumpliendo con los intereses del macrimileismo? Es la pregunta que queda flotando como la resaca en la costa despu\u00e9s de la inundaci\u00f3n.<\/strong>&nbsp;&nbsp;&nbsp;<\/p>\n\n\n\n<p><\/p>\n","protected":false},"excerpt":{"rendered":"<p>Por Almafuerte (Especial para Diario del SUR Digital) Ante una noticia reciente y como continuidad de la denuncia hecha en escasos medios, Diario Junio por ejemplo, respecto a la irrupci\u00f3n de un&nbsp;entrerrianoriundo&nbsp;aunque bien&nbsp;\u201caporte\u00f1ao\u201d&nbsp;intentando apropiarse con billetera gorda y flaca militancia de la campa\u00f1a del Pjoficialista y encabezando junto al Beto\u201d Bahl la hist\u00f3rica derrota del [&hellip;]<\/p>\n","protected":false},"author":2,"featured_media":5899,"comment_status":"open","ping_status":"open","sticky":false,"template":"","format":"standard","meta":{"footnotes":""},"categories":[22,17],"tags":[],"class_list":{"0":"post-5898","1":"post","2":"type-post","3":"status-publish","4":"format-standard","5":"has-post-thumbnail","7":"category-politica","8":"category-provinciales"},"yoast_head":"<!-- This site is optimized with the Yoast SEO plugin v27.4 - https:\/\/yoast.com\/product\/yoast-seo-wordpress\/ -->\n<title>De sanciones e irresponsabilidades: Los n\u00fameros no mienten - Diario del Sur<\/title>\n<meta name=\"robots\" content=\"index, follow, max-snippet:-1, max-image-preview:large, max-video-preview:-1\" \/>\n<link rel=\"canonical\" href=\"https:\/\/diariodelsurdigital.com.ar\/?p=5898\" \/>\n<meta property=\"og:locale\" content=\"es_ES\" \/>\n<meta property=\"og:type\" content=\"article\" \/>\n<meta property=\"og:title\" content=\"De sanciones e irresponsabilidades: Los n\u00fameros no mienten - Diario del Sur\" \/>\n<meta property=\"og:description\" content=\"Por Almafuerte (Especial para Diario del SUR Digital) Ante una noticia reciente y como continuidad de la denuncia hecha en escasos medios, Diario Junio por ejemplo, respecto a la irrupci\u00f3n de un&nbsp;entrerrianoriundo&nbsp;aunque bien&nbsp;\u201caporte\u00f1ao\u201d&nbsp;intentando apropiarse con billetera gorda y flaca militancia de la campa\u00f1a del Pjoficialista y encabezando junto al Beto\u201d Bahl la hist\u00f3rica derrota del [&hellip;]\" \/>\n<meta property=\"og:url\" content=\"https:\/\/diariodelsurdigital.com.ar\/?p=5898\" \/>\n<meta property=\"og:site_name\" content=\"Diario del Sur\" \/>\n<meta property=\"article:published_time\" content=\"2025-11-25T15:24:45+00:00\" \/>\n<meta property=\"article:modified_time\" content=\"2025-11-25T15:36:51+00:00\" \/>\n<meta property=\"og:image\" content=\"https:\/\/diariodelsurdigital.com.ar\/wp-content\/uploads\/2025\/11\/bahl-y-michel_0.jpg\" \/>\n\t<meta property=\"og:image:width\" content=\"514\" \/>\n\t<meta property=\"og:image:height\" content=\"348\" \/>\n\t<meta property=\"og:image:type\" content=\"image\/jpeg\" \/>\n<meta name=\"author\" content=\"Diario del Sur Digital\" \/>\n<meta name=\"twitter:card\" content=\"summary_large_image\" \/>\n<meta name=\"twitter:label1\" content=\"Escrito por\" \/>\n\t<meta name=\"twitter:data1\" content=\"Diario del Sur Digital\" \/>\n\t<meta name=\"twitter:label2\" content=\"Tiempo de lectura\" \/>\n\t<meta name=\"twitter:data2\" content=\"7 minutos\" \/>\n<script type=\"application\/ld+json\" class=\"yoast-schema-graph\">{\"@context\":\"https:\\\/\\\/schema.org\",\"@graph\":[{\"@type\":\"Article\",\"@id\":\"https:\\\/\\\/diariodelsurdigital.com.ar\\\/?p=5898#article\",\"isPartOf\":{\"@id\":\"https:\\\/\\\/diariodelsurdigital.com.ar\\\/?p=5898\"},\"author\":{\"name\":\"Diario del Sur Digital\",\"@id\":\"https:\\\/\\\/diariodelsurdigital.com.ar\\\/#\\\/schema\\\/person\\\/6136a32571657f7dba980b88b04c5465\"},\"headline\":\"De sanciones e irresponsabilidades: Los n\u00fameros no mienten\",\"datePublished\":\"2025-11-25T15:24:45+00:00\",\"dateModified\":\"2025-11-25T15:36:51+00:00\",\"mainEntityOfPage\":{\"@id\":\"https:\\\/\\\/diariodelsurdigital.com.ar\\\/?p=5898\"},\"wordCount\":1431,\"commentCount\":0,\"image\":{\"@id\":\"https:\\\/\\\/diariodelsurdigital.com.ar\\\/?p=5898#primaryimage\"},\"thumbnailUrl\":\"https:\\\/\\\/diariodelsurdigital.com.ar\\\/wp-content\\\/uploads\\\/2025\\\/11\\\/bahl-y-michel_0.jpg\",\"articleSection\":[\"Pol\u00edtica\",\"Provinciales\"],\"inLanguage\":\"es\",\"potentialAction\":[{\"@type\":\"CommentAction\",\"name\":\"Comment\",\"target\":[\"https:\\\/\\\/diariodelsurdigital.com.ar\\\/?p=5898#respond\"]}]},{\"@type\":\"WebPage\",\"@id\":\"https:\\\/\\\/diariodelsurdigital.com.ar\\\/?p=5898\",\"url\":\"https:\\\/\\\/diariodelsurdigital.com.ar\\\/?p=5898\",\"name\":\"De sanciones e irresponsabilidades: Los n\u00fameros no mienten - Diario del Sur\",\"isPartOf\":{\"@id\":\"https:\\\/\\\/diariodelsurdigital.com.ar\\\/#website\"},\"primaryImageOfPage\":{\"@id\":\"https:\\\/\\\/diariodelsurdigital.com.ar\\\/?p=5898#primaryimage\"},\"image\":{\"@id\":\"https:\\\/\\\/diariodelsurdigital.com.ar\\\/?p=5898#primaryimage\"},\"thumbnailUrl\":\"https:\\\/\\\/diariodelsurdigital.com.ar\\\/wp-content\\\/uploads\\\/2025\\\/11\\\/bahl-y-michel_0.jpg\",\"datePublished\":\"2025-11-25T15:24:45+00:00\",\"dateModified\":\"2025-11-25T15:36:51+00:00\",\"author\":{\"@id\":\"https:\\\/\\\/diariodelsurdigital.com.ar\\\/#\\\/schema\\\/person\\\/6136a32571657f7dba980b88b04c5465\"},\"breadcrumb\":{\"@id\":\"https:\\\/\\\/diariodelsurdigital.com.ar\\\/?p=5898#breadcrumb\"},\"inLanguage\":\"es\",\"potentialAction\":[{\"@type\":\"ReadAction\",\"target\":[\"https:\\\/\\\/diariodelsurdigital.com.ar\\\/?p=5898\"]}]},{\"@type\":\"ImageObject\",\"inLanguage\":\"es\",\"@id\":\"https:\\\/\\\/diariodelsurdigital.com.ar\\\/?p=5898#primaryimage\",\"url\":\"https:\\\/\\\/diariodelsurdigital.com.ar\\\/wp-content\\\/uploads\\\/2025\\\/11\\\/bahl-y-michel_0.jpg\",\"contentUrl\":\"https:\\\/\\\/diariodelsurdigital.com.ar\\\/wp-content\\\/uploads\\\/2025\\\/11\\\/bahl-y-michel_0.jpg\",\"width\":514,\"height\":348},{\"@type\":\"BreadcrumbList\",\"@id\":\"https:\\\/\\\/diariodelsurdigital.com.ar\\\/?p=5898#breadcrumb\",\"itemListElement\":[{\"@type\":\"ListItem\",\"position\":1,\"name\":\"Portada\",\"item\":\"https:\\\/\\\/diariodelsurdigital.com.ar\\\/\"},{\"@type\":\"ListItem\",\"position\":2,\"name\":\"De sanciones e irresponsabilidades: Los n\u00fameros no mienten\"}]},{\"@type\":\"WebSite\",\"@id\":\"https:\\\/\\\/diariodelsurdigital.com.ar\\\/#website\",\"url\":\"https:\\\/\\\/diariodelsurdigital.com.ar\\\/\",\"name\":\"Diario del Sur\",\"description\":\"Digital\",\"potentialAction\":[{\"@type\":\"SearchAction\",\"target\":{\"@type\":\"EntryPoint\",\"urlTemplate\":\"https:\\\/\\\/diariodelsurdigital.com.ar\\\/?s={search_term_string}\"},\"query-input\":{\"@type\":\"PropertyValueSpecification\",\"valueRequired\":true,\"valueName\":\"search_term_string\"}}],\"inLanguage\":\"es\"},{\"@type\":\"Person\",\"@id\":\"https:\\\/\\\/diariodelsurdigital.com.ar\\\/#\\\/schema\\\/person\\\/6136a32571657f7dba980b88b04c5465\",\"name\":\"Diario del Sur Digital\",\"image\":{\"@type\":\"ImageObject\",\"inLanguage\":\"es\",\"@id\":\"https:\\\/\\\/secure.gravatar.com\\\/avatar\\\/4c29ceac98541dd42460b2474aaa5dd37594d6ce6cb3cf2c101d09b48ee287ba?s=96&d=mm&r=g\",\"url\":\"https:\\\/\\\/secure.gravatar.com\\\/avatar\\\/4c29ceac98541dd42460b2474aaa5dd37594d6ce6cb3cf2c101d09b48ee287ba?s=96&d=mm&r=g\",\"contentUrl\":\"https:\\\/\\\/secure.gravatar.com\\\/avatar\\\/4c29ceac98541dd42460b2474aaa5dd37594d6ce6cb3cf2c101d09b48ee287ba?s=96&d=mm&r=g\",\"caption\":\"Diario del Sur Digital\"},\"url\":\"https:\\\/\\\/diariodelsurdigital.com.ar\\\/?author=2\"}]}<\/script>\n<!-- \/ Yoast SEO plugin. -->","yoast_head_json":{"title":"De sanciones e irresponsabilidades: Los n\u00fameros no mienten - Diario del Sur","robots":{"index":"index","follow":"follow","max-snippet":"max-snippet:-1","max-image-preview":"max-image-preview:large","max-video-preview":"max-video-preview:-1"},"canonical":"https:\/\/diariodelsurdigital.com.ar\/?p=5898","og_locale":"es_ES","og_type":"article","og_title":"De sanciones e irresponsabilidades: Los n\u00fameros no mienten - Diario del Sur","og_description":"Por Almafuerte (Especial para Diario del SUR Digital) Ante una noticia reciente y como continuidad de la denuncia hecha en escasos medios, Diario Junio por ejemplo, respecto a la irrupci\u00f3n de un&nbsp;entrerrianoriundo&nbsp;aunque bien&nbsp;\u201caporte\u00f1ao\u201d&nbsp;intentando apropiarse con billetera gorda y flaca militancia de la campa\u00f1a del Pjoficialista y encabezando junto al Beto\u201d Bahl la hist\u00f3rica derrota del [&hellip;]","og_url":"https:\/\/diariodelsurdigital.com.ar\/?p=5898","og_site_name":"Diario del Sur","article_published_time":"2025-11-25T15:24:45+00:00","article_modified_time":"2025-11-25T15:36:51+00:00","og_image":[{"width":514,"height":348,"url":"https:\/\/diariodelsurdigital.com.ar\/wp-content\/uploads\/2025\/11\/bahl-y-michel_0.jpg","type":"image\/jpeg"}],"author":"Diario del Sur Digital","twitter_card":"summary_large_image","twitter_misc":{"Escrito por":"Diario del Sur Digital","Tiempo de lectura":"7 minutos"},"schema":{"@context":"https:\/\/schema.org","@graph":[{"@type":"Article","@id":"https:\/\/diariodelsurdigital.com.ar\/?p=5898#article","isPartOf":{"@id":"https:\/\/diariodelsurdigital.com.ar\/?p=5898"},"author":{"name":"Diario del Sur Digital","@id":"https:\/\/diariodelsurdigital.com.ar\/#\/schema\/person\/6136a32571657f7dba980b88b04c5465"},"headline":"De sanciones e irresponsabilidades: Los n\u00fameros no mienten","datePublished":"2025-11-25T15:24:45+00:00","dateModified":"2025-11-25T15:36:51+00:00","mainEntityOfPage":{"@id":"https:\/\/diariodelsurdigital.com.ar\/?p=5898"},"wordCount":1431,"commentCount":0,"image":{"@id":"https:\/\/diariodelsurdigital.com.ar\/?p=5898#primaryimage"},"thumbnailUrl":"https:\/\/diariodelsurdigital.com.ar\/wp-content\/uploads\/2025\/11\/bahl-y-michel_0.jpg","articleSection":["Pol\u00edtica","Provinciales"],"inLanguage":"es","potentialAction":[{"@type":"CommentAction","name":"Comment","target":["https:\/\/diariodelsurdigital.com.ar\/?p=5898#respond"]}]},{"@type":"WebPage","@id":"https:\/\/diariodelsurdigital.com.ar\/?p=5898","url":"https:\/\/diariodelsurdigital.com.ar\/?p=5898","name":"De sanciones e irresponsabilidades: Los n\u00fameros no mienten - Diario del Sur","isPartOf":{"@id":"https:\/\/diariodelsurdigital.com.ar\/#website"},"primaryImageOfPage":{"@id":"https:\/\/diariodelsurdigital.com.ar\/?p=5898#primaryimage"},"image":{"@id":"https:\/\/diariodelsurdigital.com.ar\/?p=5898#primaryimage"},"thumbnailUrl":"https:\/\/diariodelsurdigital.com.ar\/wp-content\/uploads\/2025\/11\/bahl-y-michel_0.jpg","datePublished":"2025-11-25T15:24:45+00:00","dateModified":"2025-11-25T15:36:51+00:00","author":{"@id":"https:\/\/diariodelsurdigital.com.ar\/#\/schema\/person\/6136a32571657f7dba980b88b04c5465"},"breadcrumb":{"@id":"https:\/\/diariodelsurdigital.com.ar\/?p=5898#breadcrumb"},"inLanguage":"es","potentialAction":[{"@type":"ReadAction","target":["https:\/\/diariodelsurdigital.com.ar\/?p=5898"]}]},{"@type":"ImageObject","inLanguage":"es","@id":"https:\/\/diariodelsurdigital.com.ar\/?p=5898#primaryimage","url":"https:\/\/diariodelsurdigital.com.ar\/wp-content\/uploads\/2025\/11\/bahl-y-michel_0.jpg","contentUrl":"https:\/\/diariodelsurdigital.com.ar\/wp-content\/uploads\/2025\/11\/bahl-y-michel_0.jpg","width":514,"height":348},{"@type":"BreadcrumbList","@id":"https:\/\/diariodelsurdigital.com.ar\/?p=5898#breadcrumb","itemListElement":[{"@type":"ListItem","position":1,"name":"Portada","item":"https:\/\/diariodelsurdigital.com.ar\/"},{"@type":"ListItem","position":2,"name":"De sanciones e irresponsabilidades: Los n\u00fameros no mienten"}]},{"@type":"WebSite","@id":"https:\/\/diariodelsurdigital.com.ar\/#website","url":"https:\/\/diariodelsurdigital.com.ar\/","name":"Diario del Sur","description":"Digital","potentialAction":[{"@type":"SearchAction","target":{"@type":"EntryPoint","urlTemplate":"https:\/\/diariodelsurdigital.com.ar\/?s={search_term_string}"},"query-input":{"@type":"PropertyValueSpecification","valueRequired":true,"valueName":"search_term_string"}}],"inLanguage":"es"},{"@type":"Person","@id":"https:\/\/diariodelsurdigital.com.ar\/#\/schema\/person\/6136a32571657f7dba980b88b04c5465","name":"Diario del Sur Digital","image":{"@type":"ImageObject","inLanguage":"es","@id":"https:\/\/secure.gravatar.com\/avatar\/4c29ceac98541dd42460b2474aaa5dd37594d6ce6cb3cf2c101d09b48ee287ba?s=96&d=mm&r=g","url":"https:\/\/secure.gravatar.com\/avatar\/4c29ceac98541dd42460b2474aaa5dd37594d6ce6cb3cf2c101d09b48ee287ba?s=96&d=mm&r=g","contentUrl":"https:\/\/secure.gravatar.com\/avatar\/4c29ceac98541dd42460b2474aaa5dd37594d6ce6cb3cf2c101d09b48ee287ba?s=96&d=mm&r=g","caption":"Diario del Sur Digital"},"url":"https:\/\/diariodelsurdigital.com.ar\/?author=2"}]}},"_links":{"self":[{"href":"https:\/\/diariodelsurdigital.com.ar\/index.php?rest_route=\/wp\/v2\/posts\/5898","targetHints":{"allow":["GET"]}}],"collection":[{"href":"https:\/\/diariodelsurdigital.com.ar\/index.php?rest_route=\/wp\/v2\/posts"}],"about":[{"href":"https:\/\/diariodelsurdigital.com.ar\/index.php?rest_route=\/wp\/v2\/types\/post"}],"author":[{"embeddable":true,"href":"https:\/\/diariodelsurdigital.com.ar\/index.php?rest_route=\/wp\/v2\/users\/2"}],"replies":[{"embeddable":true,"href":"https:\/\/diariodelsurdigital.com.ar\/index.php?rest_route=%2Fwp%2Fv2%2Fcomments&post=5898"}],"version-history":[{"count":2,"href":"https:\/\/diariodelsurdigital.com.ar\/index.php?rest_route=\/wp\/v2\/posts\/5898\/revisions"}],"predecessor-version":[{"id":5901,"href":"https:\/\/diariodelsurdigital.com.ar\/index.php?rest_route=\/wp\/v2\/posts\/5898\/revisions\/5901"}],"wp:featuredmedia":[{"embeddable":true,"href":"https:\/\/diariodelsurdigital.com.ar\/index.php?rest_route=\/wp\/v2\/media\/5899"}],"wp:attachment":[{"href":"https:\/\/diariodelsurdigital.com.ar\/index.php?rest_route=%2Fwp%2Fv2%2Fmedia&parent=5898"}],"wp:term":[{"taxonomy":"category","embeddable":true,"href":"https:\/\/diariodelsurdigital.com.ar\/index.php?rest_route=%2Fwp%2Fv2%2Fcategories&post=5898"},{"taxonomy":"post_tag","embeddable":true,"href":"https:\/\/diariodelsurdigital.com.ar\/index.php?rest_route=%2Fwp%2Fv2%2Ftags&post=5898"}],"curies":[{"name":"wp","href":"https:\/\/api.w.org\/{rel}","templated":true}]}}