{"id":5902,"date":"2025-11-25T21:27:39","date_gmt":"2025-11-26T00:27:39","guid":{"rendered":"https:\/\/diariodelsurdigital.com.ar\/?p=5902"},"modified":"2025-11-25T22:01:54","modified_gmt":"2025-11-26T01:01:54","slug":"deberiamos-tratar-la-expulsion-de-kueider-y-el-aporte-en-plata-que-hizo-michel-para-que-gane-milei-confiaron-consejeros-del-partido-justicialista-de-entre-rios","status":"publish","type":"post","link":"https:\/\/diariodelsurdigital.com.ar\/?p=5902","title":{"rendered":"\u201cDeber\u00edamos tratar la expulsi\u00f3n de Kueider y el aporte en plata que hizo Michel para que gane Milei\u201d, confiaron consejeros del Partido Justicialista de Entre R\u00edos"},"content":{"rendered":"\n<p><\/p>\n\n\n\n<p>Un nuevo episodio podr\u00eda comenzar esta semana si se tratan lo que apenas un grupo de 15 referentes del pejotismo con el intendente de Aldea San Antonio, D\u00edaz Chaves a la cabeza, solicitaron al Consejo Provincial del Partido Justicialista para castigar a los d\u00edscolos. Las solicitudes var\u00edan seg\u00fan las responsabilidades que tuvieron algunos dirigentes de competir por fuera de las estructuras partidarias.<\/p>\n\n\n\n<p>Se afirma que la actitud de estos afiliados \u201cconstituy\u00f3 una acci\u00f3n deliberada que perjudic\u00f3 al peronismo entrerriano, debilit\u00f3 su unidad y favoreci\u00f3 a fuerzas pol\u00edticas ajenas a nuestra doctrina\u201d. Se agrega que esta conducta \u201cconstituye una grave violaci\u00f3n a la disciplina partidaria, en los t\u00e9rminos de la Carta Org\u00e1nica, que obliga a todo afiliado a mantener la disciplina y acatar las resoluciones partidarias. Y se\u00f1alan que los art\u00edculos 19 y 20 de la carta org\u00e1nica partidaria facultan al tribunal a dar respuestas al planteo, contemplando la posibilidad de \u201cla expulsi\u00f3n cuando se contradigan los principios fundamentales del Movimiento Justicialista\u201d.<\/p>\n\n\n\n<p>Se habla de suspensiones y hasta expulsiones. Los nombres en danza son desde Daniel Rossi, H\u00e9ctor Maya, Gustavo Guzm\u00e1n, pasando por Carolina Gaillard, Paola Rubatino y otros referentes del peronismo.<\/p>\n\n\n\n<p><strong>Con la misma vara<\/strong><\/p>\n\n\n\n<p>Varios de los miembros de la conducci\u00f3n del Partido Justicialista de Entre R\u00edos indicaron a <strong>Diario del SUR Digital<\/strong>, que el tratamiento de suspensiones y expulsiones abrir\u00eda una verdadera caja de Pandora. Que por ahora no ser\u00eda conveniente. \u201cEs que con ese criterio tendr\u00edamos que tratar, primero de todo, la inconducta del afiliado y ex senador Edgardo Kueider al votar la Ley Bases y dar as\u00ed a la desenfrenada serie de medidas implementadas por el gobierno de Milei\u201d, sentenciaron.<\/p>\n\n\n\n<p>Otro de los casos a tratarse, \u201ctambi\u00e9n ser\u00eda la inconducta partidaria de la ex diputada, \u00a0Mayda Cresto, qui\u00e9n en el a\u00f1o 2017 vot\u00f3 en contra de los intereses de los jubilados que fueron duramente reprimidos durante el gobierno de Mauricio Macri\u201d, recordaron. \u201cA pesar de lo que hizo, est\u00e1 c\u00f3modamente sentada en el Consejo Provincial del PJ, sin siquiera sonrojarse\u201d, acotaron.<\/p>\n\n\n\n<p>Un caso especial y que no deja dudas al respecto, es lo que denunci\u00f3 la diputada nacional Marcela Pagano sobre el diputado electo, Guillermo Michel.<\/p>\n\n\n\n<p>Pagano revel\u00f3 que Michel, habr\u00eda sido financista de la campa\u00f1a presidencial de Javier Milei, mientras se desempe\u00f1aba como funcionario de alto rango en la Aduana durante el gobierno de Alberto Fern\u00e1ndez. \u201cLos bolsos iban y ven\u00edan\u201d, hab\u00eda asegurado Pagano.<\/p>\n\n\n\n<p>\u201cTambi\u00e9n se tendr\u00eda de sancionar a Mart\u00edn M\u00fcller, el exfuncionario de&nbsp;<strong>Bordet<\/strong>&nbsp;en Educaci\u00f3n que se incorpor\u00f3 al gobierno libertario en la misma \u00e1rea y hasta ahora no le hicieron ni un llamado de atenci\u00f3n\u201d, espetaron algunos de los consejeros del PJ Entre R\u00edos.<\/p>\n","protected":false},"excerpt":{"rendered":"<p>Un nuevo episodio podr\u00eda comenzar esta semana si se tratan lo que apenas un grupo de 15 referentes del pejotismo con el intendente de Aldea San Antonio, D\u00edaz Chaves a la cabeza, solicitaron al Consejo Provincial del Partido Justicialista para castigar a los d\u00edscolos. Las solicitudes var\u00edan seg\u00fan las responsabilidades que tuvieron algunos dirigentes de [&hellip;]<\/p>\n","protected":false},"author":2,"featured_media":5903,"comment_status":"open","ping_status":"open","sticky":false,"template":"","format":"standard","meta":{"footnotes":""},"categories":[22,17],"tags":[],"class_list":{"0":"post-5902","1":"post","2":"type-post","3":"status-publish","4":"format-standard","5":"has-post-thumbnail","7":"category-politica","8":"category-provinciales"},"yoast_head":"<!-- This site is optimized with the Yoast SEO plugin v27.4 - https:\/\/yoast.com\/product\/yoast-seo-wordpress\/ -->\n<title>\u201cDeber\u00edamos tratar la expulsi\u00f3n de Kueider y el aporte en plata que hizo Michel para que gane Milei\u201d, confiaron consejeros del Partido Justicialista de Entre R\u00edos - Diario del Sur<\/title>\n<meta name=\"robots\" content=\"index, follow, max-snippet:-1, max-image-preview:large, max-video-preview:-1\" \/>\n<link rel=\"canonical\" href=\"https:\/\/diariodelsurdigital.com.ar\/?p=5902\" \/>\n<meta property=\"og:locale\" content=\"es_ES\" \/>\n<meta property=\"og:type\" content=\"article\" \/>\n<meta property=\"og:title\" content=\"\u201cDeber\u00edamos tratar la expulsi\u00f3n de Kueider y el aporte en plata que hizo Michel para que gane Milei\u201d, confiaron consejeros del Partido Justicialista de Entre R\u00edos - Diario del Sur\" \/>\n<meta property=\"og:description\" content=\"Un nuevo episodio podr\u00eda comenzar esta semana si se tratan lo que apenas un grupo de 15 referentes del pejotismo con el intendente de Aldea San Antonio, D\u00edaz Chaves a la cabeza, solicitaron al Consejo Provincial del Partido Justicialista para castigar a los d\u00edscolos. Las solicitudes var\u00edan seg\u00fan las responsabilidades que tuvieron algunos dirigentes de [&hellip;]\" \/>\n<meta property=\"og:url\" content=\"https:\/\/diariodelsurdigital.com.ar\/?p=5902\" \/>\n<meta property=\"og:site_name\" content=\"Diario del Sur\" \/>\n<meta property=\"article:published_time\" content=\"2025-11-26T00:27:39+00:00\" \/>\n<meta property=\"article:modified_time\" content=\"2025-11-26T01:01:54+00:00\" \/>\n<meta property=\"og:image\" content=\"https:\/\/diariodelsurdigital.com.ar\/wp-content\/uploads\/2025\/11\/l_1718234014.jpg\" \/>\n\t<meta property=\"og:image:width\" content=\"526\" \/>\n\t<meta property=\"og:image:height\" content=\"275\" \/>\n\t<meta property=\"og:image:type\" content=\"image\/jpeg\" \/>\n<meta name=\"author\" content=\"Diario del Sur Digital\" \/>\n<meta name=\"twitter:card\" content=\"summary_large_image\" \/>\n<meta name=\"twitter:label1\" content=\"Escrito por\" \/>\n\t<meta name=\"twitter:data1\" content=\"Diario del Sur Digital\" \/>\n\t<meta name=\"twitter:label2\" content=\"Tiempo de lectura\" \/>\n\t<meta name=\"twitter:data2\" content=\"3 minutos\" \/>\n<script type=\"application\/ld+json\" class=\"yoast-schema-graph\">{\"@context\":\"https:\\\/\\\/schema.org\",\"@graph\":[{\"@type\":\"Article\",\"@id\":\"https:\\\/\\\/diariodelsurdigital.com.ar\\\/?p=5902#article\",\"isPartOf\":{\"@id\":\"https:\\\/\\\/diariodelsurdigital.com.ar\\\/?p=5902\"},\"author\":{\"name\":\"Diario del Sur Digital\",\"@id\":\"https:\\\/\\\/diariodelsurdigital.com.ar\\\/#\\\/schema\\\/person\\\/6136a32571657f7dba980b88b04c5465\"},\"headline\":\"\u201cDeber\u00edamos tratar la expulsi\u00f3n de Kueider y el aporte en plata que hizo Michel para que gane Milei\u201d, confiaron consejeros del Partido Justicialista de Entre R\u00edos\",\"datePublished\":\"2025-11-26T00:27:39+00:00\",\"dateModified\":\"2025-11-26T01:01:54+00:00\",\"mainEntityOfPage\":{\"@id\":\"https:\\\/\\\/diariodelsurdigital.com.ar\\\/?p=5902\"},\"wordCount\":509,\"commentCount\":0,\"image\":{\"@id\":\"https:\\\/\\\/diariodelsurdigital.com.ar\\\/?p=5902#primaryimage\"},\"thumbnailUrl\":\"https:\\\/\\\/diariodelsurdigital.com.ar\\\/wp-content\\\/uploads\\\/2025\\\/11\\\/l_1718234014.jpg\",\"articleSection\":[\"Pol\u00edtica\",\"Provinciales\"],\"inLanguage\":\"es\",\"potentialAction\":[{\"@type\":\"CommentAction\",\"name\":\"Comment\",\"target\":[\"https:\\\/\\\/diariodelsurdigital.com.ar\\\/?p=5902#respond\"]}]},{\"@type\":\"WebPage\",\"@id\":\"https:\\\/\\\/diariodelsurdigital.com.ar\\\/?p=5902\",\"url\":\"https:\\\/\\\/diariodelsurdigital.com.ar\\\/?p=5902\",\"name\":\"\u201cDeber\u00edamos tratar la expulsi\u00f3n de Kueider y el aporte en plata que hizo Michel para que gane Milei\u201d, confiaron consejeros del Partido Justicialista de Entre R\u00edos - Diario del Sur\",\"isPartOf\":{\"@id\":\"https:\\\/\\\/diariodelsurdigital.com.ar\\\/#website\"},\"primaryImageOfPage\":{\"@id\":\"https:\\\/\\\/diariodelsurdigital.com.ar\\\/?p=5902#primaryimage\"},\"image\":{\"@id\":\"https:\\\/\\\/diariodelsurdigital.com.ar\\\/?p=5902#primaryimage\"},\"thumbnailUrl\":\"https:\\\/\\\/diariodelsurdigital.com.ar\\\/wp-content\\\/uploads\\\/2025\\\/11\\\/l_1718234014.jpg\",\"datePublished\":\"2025-11-26T00:27:39+00:00\",\"dateModified\":\"2025-11-26T01:01:54+00:00\",\"author\":{\"@id\":\"https:\\\/\\\/diariodelsurdigital.com.ar\\\/#\\\/schema\\\/person\\\/6136a32571657f7dba980b88b04c5465\"},\"breadcrumb\":{\"@id\":\"https:\\\/\\\/diariodelsurdigital.com.ar\\\/?p=5902#breadcrumb\"},\"inLanguage\":\"es\",\"potentialAction\":[{\"@type\":\"ReadAction\",\"target\":[\"https:\\\/\\\/diariodelsurdigital.com.ar\\\/?p=5902\"]}]},{\"@type\":\"ImageObject\",\"inLanguage\":\"es\",\"@id\":\"https:\\\/\\\/diariodelsurdigital.com.ar\\\/?p=5902#primaryimage\",\"url\":\"https:\\\/\\\/diariodelsurdigital.com.ar\\\/wp-content\\\/uploads\\\/2025\\\/11\\\/l_1718234014.jpg\",\"contentUrl\":\"https:\\\/\\\/diariodelsurdigital.com.ar\\\/wp-content\\\/uploads\\\/2025\\\/11\\\/l_1718234014.jpg\",\"width\":526,\"height\":275},{\"@type\":\"BreadcrumbList\",\"@id\":\"https:\\\/\\\/diariodelsurdigital.com.ar\\\/?p=5902#breadcrumb\",\"itemListElement\":[{\"@type\":\"ListItem\",\"position\":1,\"name\":\"Portada\",\"item\":\"https:\\\/\\\/diariodelsurdigital.com.ar\\\/\"},{\"@type\":\"ListItem\",\"position\":2,\"name\":\"\u201cDeber\u00edamos tratar la expulsi\u00f3n de Kueider y el aporte en plata que hizo Michel para que gane Milei\u201d, confiaron consejeros del Partido Justicialista de Entre R\u00edos\"}]},{\"@type\":\"WebSite\",\"@id\":\"https:\\\/\\\/diariodelsurdigital.com.ar\\\/#website\",\"url\":\"https:\\\/\\\/diariodelsurdigital.com.ar\\\/\",\"name\":\"Diario del Sur\",\"description\":\"Digital\",\"potentialAction\":[{\"@type\":\"SearchAction\",\"target\":{\"@type\":\"EntryPoint\",\"urlTemplate\":\"https:\\\/\\\/diariodelsurdigital.com.ar\\\/?s={search_term_string}\"},\"query-input\":{\"@type\":\"PropertyValueSpecification\",\"valueRequired\":true,\"valueName\":\"search_term_string\"}}],\"inLanguage\":\"es\"},{\"@type\":\"Person\",\"@id\":\"https:\\\/\\\/diariodelsurdigital.com.ar\\\/#\\\/schema\\\/person\\\/6136a32571657f7dba980b88b04c5465\",\"name\":\"Diario del Sur Digital\",\"image\":{\"@type\":\"ImageObject\",\"inLanguage\":\"es\",\"@id\":\"https:\\\/\\\/secure.gravatar.com\\\/avatar\\\/4c29ceac98541dd42460b2474aaa5dd37594d6ce6cb3cf2c101d09b48ee287ba?s=96&d=mm&r=g\",\"url\":\"https:\\\/\\\/secure.gravatar.com\\\/avatar\\\/4c29ceac98541dd42460b2474aaa5dd37594d6ce6cb3cf2c101d09b48ee287ba?s=96&d=mm&r=g\",\"contentUrl\":\"https:\\\/\\\/secure.gravatar.com\\\/avatar\\\/4c29ceac98541dd42460b2474aaa5dd37594d6ce6cb3cf2c101d09b48ee287ba?s=96&d=mm&r=g\",\"caption\":\"Diario del Sur Digital\"},\"url\":\"https:\\\/\\\/diariodelsurdigital.com.ar\\\/?author=2\"}]}<\/script>\n<!-- \/ Yoast SEO plugin. -->","yoast_head_json":{"title":"\u201cDeber\u00edamos tratar la expulsi\u00f3n de Kueider y el aporte en plata que hizo Michel para que gane Milei\u201d, confiaron consejeros del Partido Justicialista de Entre R\u00edos - Diario del Sur","robots":{"index":"index","follow":"follow","max-snippet":"max-snippet:-1","max-image-preview":"max-image-preview:large","max-video-preview":"max-video-preview:-1"},"canonical":"https:\/\/diariodelsurdigital.com.ar\/?p=5902","og_locale":"es_ES","og_type":"article","og_title":"\u201cDeber\u00edamos tratar la expulsi\u00f3n de Kueider y el aporte en plata que hizo Michel para que gane Milei\u201d, confiaron consejeros del Partido Justicialista de Entre R\u00edos - Diario del Sur","og_description":"Un nuevo episodio podr\u00eda comenzar esta semana si se tratan lo que apenas un grupo de 15 referentes del pejotismo con el intendente de Aldea San Antonio, D\u00edaz Chaves a la cabeza, solicitaron al Consejo Provincial del Partido Justicialista para castigar a los d\u00edscolos. Las solicitudes var\u00edan seg\u00fan las responsabilidades que tuvieron algunos dirigentes de [&hellip;]","og_url":"https:\/\/diariodelsurdigital.com.ar\/?p=5902","og_site_name":"Diario del Sur","article_published_time":"2025-11-26T00:27:39+00:00","article_modified_time":"2025-11-26T01:01:54+00:00","og_image":[{"width":526,"height":275,"url":"https:\/\/diariodelsurdigital.com.ar\/wp-content\/uploads\/2025\/11\/l_1718234014.jpg","type":"image\/jpeg"}],"author":"Diario del Sur Digital","twitter_card":"summary_large_image","twitter_misc":{"Escrito por":"Diario del Sur Digital","Tiempo de lectura":"3 minutos"},"schema":{"@context":"https:\/\/schema.org","@graph":[{"@type":"Article","@id":"https:\/\/diariodelsurdigital.com.ar\/?p=5902#article","isPartOf":{"@id":"https:\/\/diariodelsurdigital.com.ar\/?p=5902"},"author":{"name":"Diario del Sur Digital","@id":"https:\/\/diariodelsurdigital.com.ar\/#\/schema\/person\/6136a32571657f7dba980b88b04c5465"},"headline":"\u201cDeber\u00edamos tratar la expulsi\u00f3n de Kueider y el aporte en plata que hizo Michel para que gane Milei\u201d, confiaron consejeros del Partido Justicialista de Entre R\u00edos","datePublished":"2025-11-26T00:27:39+00:00","dateModified":"2025-11-26T01:01:54+00:00","mainEntityOfPage":{"@id":"https:\/\/diariodelsurdigital.com.ar\/?p=5902"},"wordCount":509,"commentCount":0,"image":{"@id":"https:\/\/diariodelsurdigital.com.ar\/?p=5902#primaryimage"},"thumbnailUrl":"https:\/\/diariodelsurdigital.com.ar\/wp-content\/uploads\/2025\/11\/l_1718234014.jpg","articleSection":["Pol\u00edtica","Provinciales"],"inLanguage":"es","potentialAction":[{"@type":"CommentAction","name":"Comment","target":["https:\/\/diariodelsurdigital.com.ar\/?p=5902#respond"]}]},{"@type":"WebPage","@id":"https:\/\/diariodelsurdigital.com.ar\/?p=5902","url":"https:\/\/diariodelsurdigital.com.ar\/?p=5902","name":"\u201cDeber\u00edamos tratar la expulsi\u00f3n de Kueider y el aporte en plata que hizo Michel para que gane Milei\u201d, confiaron consejeros del Partido Justicialista de Entre R\u00edos - Diario del Sur","isPartOf":{"@id":"https:\/\/diariodelsurdigital.com.ar\/#website"},"primaryImageOfPage":{"@id":"https:\/\/diariodelsurdigital.com.ar\/?p=5902#primaryimage"},"image":{"@id":"https:\/\/diariodelsurdigital.com.ar\/?p=5902#primaryimage"},"thumbnailUrl":"https:\/\/diariodelsurdigital.com.ar\/wp-content\/uploads\/2025\/11\/l_1718234014.jpg","datePublished":"2025-11-26T00:27:39+00:00","dateModified":"2025-11-26T01:01:54+00:00","author":{"@id":"https:\/\/diariodelsurdigital.com.ar\/#\/schema\/person\/6136a32571657f7dba980b88b04c5465"},"breadcrumb":{"@id":"https:\/\/diariodelsurdigital.com.ar\/?p=5902#breadcrumb"},"inLanguage":"es","potentialAction":[{"@type":"ReadAction","target":["https:\/\/diariodelsurdigital.com.ar\/?p=5902"]}]},{"@type":"ImageObject","inLanguage":"es","@id":"https:\/\/diariodelsurdigital.com.ar\/?p=5902#primaryimage","url":"https:\/\/diariodelsurdigital.com.ar\/wp-content\/uploads\/2025\/11\/l_1718234014.jpg","contentUrl":"https:\/\/diariodelsurdigital.com.ar\/wp-content\/uploads\/2025\/11\/l_1718234014.jpg","width":526,"height":275},{"@type":"BreadcrumbList","@id":"https:\/\/diariodelsurdigital.com.ar\/?p=5902#breadcrumb","itemListElement":[{"@type":"ListItem","position":1,"name":"Portada","item":"https:\/\/diariodelsurdigital.com.ar\/"},{"@type":"ListItem","position":2,"name":"\u201cDeber\u00edamos tratar la expulsi\u00f3n de Kueider y el aporte en plata que hizo Michel para que gane Milei\u201d, confiaron consejeros del Partido Justicialista de Entre R\u00edos"}]},{"@type":"WebSite","@id":"https:\/\/diariodelsurdigital.com.ar\/#website","url":"https:\/\/diariodelsurdigital.com.ar\/","name":"Diario del Sur","description":"Digital","potentialAction":[{"@type":"SearchAction","target":{"@type":"EntryPoint","urlTemplate":"https:\/\/diariodelsurdigital.com.ar\/?s={search_term_string}"},"query-input":{"@type":"PropertyValueSpecification","valueRequired":true,"valueName":"search_term_string"}}],"inLanguage":"es"},{"@type":"Person","@id":"https:\/\/diariodelsurdigital.com.ar\/#\/schema\/person\/6136a32571657f7dba980b88b04c5465","name":"Diario del Sur Digital","image":{"@type":"ImageObject","inLanguage":"es","@id":"https:\/\/secure.gravatar.com\/avatar\/4c29ceac98541dd42460b2474aaa5dd37594d6ce6cb3cf2c101d09b48ee287ba?s=96&d=mm&r=g","url":"https:\/\/secure.gravatar.com\/avatar\/4c29ceac98541dd42460b2474aaa5dd37594d6ce6cb3cf2c101d09b48ee287ba?s=96&d=mm&r=g","contentUrl":"https:\/\/secure.gravatar.com\/avatar\/4c29ceac98541dd42460b2474aaa5dd37594d6ce6cb3cf2c101d09b48ee287ba?s=96&d=mm&r=g","caption":"Diario del Sur Digital"},"url":"https:\/\/diariodelsurdigital.com.ar\/?author=2"}]}},"_links":{"self":[{"href":"https:\/\/diariodelsurdigital.com.ar\/index.php?rest_route=\/wp\/v2\/posts\/5902","targetHints":{"allow":["GET"]}}],"collection":[{"href":"https:\/\/diariodelsurdigital.com.ar\/index.php?rest_route=\/wp\/v2\/posts"}],"about":[{"href":"https:\/\/diariodelsurdigital.com.ar\/index.php?rest_route=\/wp\/v2\/types\/post"}],"author":[{"embeddable":true,"href":"https:\/\/diariodelsurdigital.com.ar\/index.php?rest_route=\/wp\/v2\/users\/2"}],"replies":[{"embeddable":true,"href":"https:\/\/diariodelsurdigital.com.ar\/index.php?rest_route=%2Fwp%2Fv2%2Fcomments&post=5902"}],"version-history":[{"count":2,"href":"https:\/\/diariodelsurdigital.com.ar\/index.php?rest_route=\/wp\/v2\/posts\/5902\/revisions"}],"predecessor-version":[{"id":5905,"href":"https:\/\/diariodelsurdigital.com.ar\/index.php?rest_route=\/wp\/v2\/posts\/5902\/revisions\/5905"}],"wp:featuredmedia":[{"embeddable":true,"href":"https:\/\/diariodelsurdigital.com.ar\/index.php?rest_route=\/wp\/v2\/media\/5903"}],"wp:attachment":[{"href":"https:\/\/diariodelsurdigital.com.ar\/index.php?rest_route=%2Fwp%2Fv2%2Fmedia&parent=5902"}],"wp:term":[{"taxonomy":"category","embeddable":true,"href":"https:\/\/diariodelsurdigital.com.ar\/index.php?rest_route=%2Fwp%2Fv2%2Fcategories&post=5902"},{"taxonomy":"post_tag","embeddable":true,"href":"https:\/\/diariodelsurdigital.com.ar\/index.php?rest_route=%2Fwp%2Fv2%2Ftags&post=5902"}],"curies":[{"name":"wp","href":"https:\/\/api.w.org\/{rel}","templated":true}]}}