{"id":5910,"date":"2025-11-26T09:29:23","date_gmt":"2025-11-26T12:29:23","guid":{"rendered":"https:\/\/diariodelsurdigital.com.ar\/?p=5910"},"modified":"2025-11-26T09:29:24","modified_gmt":"2025-11-26T12:29:24","slug":"milei-recibio-al-canciller-israeli-y-confirmo-que-viajara-a-jerusalen-para-inaugurar-la-nueva-embajada","status":"publish","type":"post","link":"https:\/\/diariodelsurdigital.com.ar\/?p=5910","title":{"rendered":"Milei recibi\u00f3 al canciller israel\u00ed y confirm\u00f3 que viajar\u00e1 a Jerusal\u00e9n para inaugurar la nueva embajada"},"content":{"rendered":"\n<p>El Presidente se reuni\u00f3 con Gideon Sa\u2019ar, que lleg\u00f3 al pa\u00eds con una delegaci\u00f3n econ\u00f3mica y una agenda centrada en la relaci\u00f3n bilateral.<\/p>\n\n\n\n<p>Adem\u00e1s, Milei confirm\u00f3 este mediod\u00eda que viajar\u00e1 el a\u00f1o pr\u00f3ximo a Jerusal\u00e9n para inaugurar la embajada argentina en Israel. Lo anunci\u00f3 en la Casa Rosada durante la reuni\u00f3n que mantuvo con el canciller de Israel, Gideon Sa\u2019ar, que lleg\u00f3 al pa\u00eds con una delegaci\u00f3n de empresarios para reforzar los v\u00ednculos bilaterales.<\/p>\n\n\n\n<p>Seg\u00fan la agenda bilateral, en febrero viajar\u00e1 el canciller argentino Pablo Quirno a Israel, y para abril o mayo se organizar\u00e1 la visita de Milei. \u201cVamos a tener al presidente Milei en abril o mayo para abrir la embajada en Jerusal\u00e9n\u201d, ratific\u00f3 Sa\u2019ar en el Foro Econ\u00f3mico Argentino Israel\u00ed, en el Palacio Libertad, junto al canciller argentino.<\/p>\n\n\n\n<p>A mediados de septiembre, Milei hab\u00eda confirmado en Paraguay que 2026 la Argentina abrir\u00e1 su embajada en Israel, en la ciudad de Jerusal\u00e9n, pese a la guerra en Gaza y tal como lo hab\u00eda anunciado de junio en el Parlamento de Israel.<\/p>\n\n\n\n<p>El Presidente destac\u00f3 su decisi\u00f3n al plantear que \u201cno son muchos los pa\u00edses que se plantan del lado del bien\u201d. De esta manera reivindic\u00f3 su postura de afianzar la alianza con su par israel\u00ed, Benjam\u00edn Netanyahu, en pleno conflicto b\u00e9lico en Medio Oriente.<\/p>\n\n\n\n<p>Milei dijo que se sent\u00eda \u201corgulloso\u201d de anunciar la mudanza de la sede diplom\u00e1tica nacional desde Tel Aviv a Jerusal\u00e9n Oeste en 2026. \u201cEsta administraci\u00f3n, y muy especialmente este presidente, afirma el derecho de Israel a la leg\u00edtima defensa y nuestra vocaci\u00f3n es honrar la amistad hist\u00f3rica que caracteriza a nuestros pa\u00edses y profundizar los lazos culturales, diplom\u00e1ticos, estrat\u00e9gicos y comerciales que nos unen\u201d.<\/p>\n\n\n\n<p>Reuni\u00f3n bilateral<\/p>\n\n\n\n<p>El encuentro del Presidente con el canciller israel\u00ed comenz\u00f3 en privado y luego se ampli\u00f3 a la participaci\u00f3n de Quirno y de los embajadores Axel Wahnish y Eyal Sela. Al inicio, Sa\u2019ar recit\u00f3 la bendici\u00f3n \u201cSheejeianu\u201d por la elecci\u00f3n de Milei mientras el Presidente se coloc\u00f3 una kip\u00e1, y record\u00f3 la historia de su padre, nacido en la Argentina, y de su abuelo inmigrante.<\/p>\n\n\n\n<p>Milei le mostr\u00f3 la mezuz\u00e1 ubicada en la entrada de su despacho y su sidur personal. Fue entonces cuando afirm\u00f3: \u201cLa embajada de la Argentina en Jerusal\u00e9n ser\u00e1 inaugurada el a\u00f1o que viene con mi presencia\u201d, sobre una visita prevista para el pr\u00f3ximo oto\u00f1o.<\/p>\n\n\n\n<p>Sa\u2019ar felicit\u00f3 a Milei por los avances econ\u00f3micos que, seg\u00fan dijo, logr\u00f3 su gobierno. Tambi\u00e9n plante\u00f3 declarar a la Guardia Revolucionaria de Ir\u00e1n como organizaci\u00f3n terrorista, uno de los temas que formaron parte de la agenda del encuentro.<\/p>\n\n\n\n<p>El canciller israel\u00ed describi\u00f3 la eliminaci\u00f3n del jefe militar de Hezbollah, la situaci\u00f3n en el L\u00edbano y advirti\u00f3 sobre los intentos de esa organizaci\u00f3n por rearmarse. Adem\u00e1s, record\u00f3 los atentados contra la Embajada de Israel y la AMIA.<\/p>\n\n\n\n<p>Actividades oficiales y agenda en Buenos Aires<\/p>\n\n\n\n<p>Sa\u2019ar lleg\u00f3 este martes a Buenos Aires y abri\u00f3 su agenda con el tradicional homenaje al Libertador General Jos\u00e9 de San Mart\u00edn.<\/p>\n\n\n\n<p>Durante su visita en la Argentina, tambi\u00e9n mantendr\u00e1 encuentros con el presidente de la C\u00e1mara de Diputados, Mart\u00edn Menem; los ministros salientes de Seguridad y Defensa, Patricia Bullrich y Luis Petri, y con los diputados Fernando Iglesias y Sabrina Ajmechet. Cerrar\u00e1 su visita con un discurso en el Teatro Col\u00f3n por el 90\u00ba aniversario de la DAIA. <\/p>\n","protected":false},"excerpt":{"rendered":"<p>El Presidente se reuni\u00f3 con Gideon Sa\u2019ar, que lleg\u00f3 al pa\u00eds con una delegaci\u00f3n econ\u00f3mica y una agenda centrada en la relaci\u00f3n bilateral. Adem\u00e1s, Milei confirm\u00f3 este mediod\u00eda que viajar\u00e1 el a\u00f1o pr\u00f3ximo a Jerusal\u00e9n para inaugurar la embajada argentina en Israel. Lo anunci\u00f3 en la Casa Rosada durante la reuni\u00f3n que mantuvo con el [&hellip;]<\/p>\n","protected":false},"author":4,"featured_media":5911,"comment_status":"open","ping_status":"open","sticky":false,"template":"","format":"standard","meta":{"footnotes":""},"categories":[20,22],"tags":[],"class_list":{"0":"post-5910","1":"post","2":"type-post","3":"status-publish","4":"format-standard","5":"has-post-thumbnail","7":"category-internacionales","8":"category-politica"},"yoast_head":"<!-- This site is optimized with the Yoast SEO plugin v27.4 - https:\/\/yoast.com\/product\/yoast-seo-wordpress\/ -->\n<title>Milei recibi\u00f3 al canciller israel\u00ed y confirm\u00f3 que viajar\u00e1 a Jerusal\u00e9n para inaugurar la nueva embajada - Diario del Sur<\/title>\n<meta name=\"robots\" content=\"index, follow, max-snippet:-1, max-image-preview:large, max-video-preview:-1\" \/>\n<link rel=\"canonical\" href=\"https:\/\/diariodelsurdigital.com.ar\/?p=5910\" \/>\n<meta property=\"og:locale\" content=\"es_ES\" \/>\n<meta property=\"og:type\" content=\"article\" \/>\n<meta property=\"og:title\" content=\"Milei recibi\u00f3 al canciller israel\u00ed y confirm\u00f3 que viajar\u00e1 a Jerusal\u00e9n para inaugurar la nueva embajada - Diario del Sur\" \/>\n<meta property=\"og:description\" content=\"El Presidente se reuni\u00f3 con Gideon Sa\u2019ar, que lleg\u00f3 al pa\u00eds con una delegaci\u00f3n econ\u00f3mica y una agenda centrada en la relaci\u00f3n bilateral. Adem\u00e1s, Milei confirm\u00f3 este mediod\u00eda que viajar\u00e1 el a\u00f1o pr\u00f3ximo a Jerusal\u00e9n para inaugurar la embajada argentina en Israel. Lo anunci\u00f3 en la Casa Rosada durante la reuni\u00f3n que mantuvo con el [&hellip;]\" \/>\n<meta property=\"og:url\" content=\"https:\/\/diariodelsurdigital.com.ar\/?p=5910\" \/>\n<meta property=\"og:site_name\" content=\"Diario del Sur\" \/>\n<meta property=\"article:published_time\" content=\"2025-11-26T12:29:23+00:00\" \/>\n<meta property=\"article:modified_time\" content=\"2025-11-26T12:29:24+00:00\" \/>\n<meta property=\"og:image\" content=\"https:\/\/diariodelsurdigital.com.ar\/wp-content\/uploads\/2025\/11\/md-6-1.webp\" \/>\n\t<meta property=\"og:image:width\" content=\"992\" \/>\n\t<meta property=\"og:image:height\" content=\"661\" \/>\n\t<meta property=\"og:image:type\" content=\"image\/webp\" \/>\n<meta name=\"author\" content=\"Diario del Sur Digital\" \/>\n<meta name=\"twitter:card\" content=\"summary_large_image\" \/>\n<meta name=\"twitter:label1\" content=\"Escrito por\" \/>\n\t<meta name=\"twitter:data1\" content=\"Diario del Sur Digital\" \/>\n\t<meta name=\"twitter:label2\" content=\"Tiempo de lectura\" \/>\n\t<meta name=\"twitter:data2\" content=\"3 minutos\" \/>\n<script type=\"application\/ld+json\" class=\"yoast-schema-graph\">{\"@context\":\"https:\\\/\\\/schema.org\",\"@graph\":[{\"@type\":\"Article\",\"@id\":\"https:\\\/\\\/diariodelsurdigital.com.ar\\\/?p=5910#article\",\"isPartOf\":{\"@id\":\"https:\\\/\\\/diariodelsurdigital.com.ar\\\/?p=5910\"},\"author\":{\"name\":\"Diario del Sur Digital\",\"@id\":\"https:\\\/\\\/diariodelsurdigital.com.ar\\\/#\\\/schema\\\/person\\\/1a4992532ed62965c968031b49195c81\"},\"headline\":\"Milei recibi\u00f3 al canciller israel\u00ed y confirm\u00f3 que viajar\u00e1 a Jerusal\u00e9n para inaugurar la nueva embajada\",\"datePublished\":\"2025-11-26T12:29:23+00:00\",\"dateModified\":\"2025-11-26T12:29:24+00:00\",\"mainEntityOfPage\":{\"@id\":\"https:\\\/\\\/diariodelsurdigital.com.ar\\\/?p=5910\"},\"wordCount\":628,\"commentCount\":0,\"image\":{\"@id\":\"https:\\\/\\\/diariodelsurdigital.com.ar\\\/?p=5910#primaryimage\"},\"thumbnailUrl\":\"https:\\\/\\\/diariodelsurdigital.com.ar\\\/wp-content\\\/uploads\\\/2025\\\/11\\\/md-6-1.webp\",\"articleSection\":[\"Internacionales\",\"Pol\u00edtica\"],\"inLanguage\":\"es\",\"potentialAction\":[{\"@type\":\"CommentAction\",\"name\":\"Comment\",\"target\":[\"https:\\\/\\\/diariodelsurdigital.com.ar\\\/?p=5910#respond\"]}]},{\"@type\":\"WebPage\",\"@id\":\"https:\\\/\\\/diariodelsurdigital.com.ar\\\/?p=5910\",\"url\":\"https:\\\/\\\/diariodelsurdigital.com.ar\\\/?p=5910\",\"name\":\"Milei recibi\u00f3 al canciller israel\u00ed y confirm\u00f3 que viajar\u00e1 a Jerusal\u00e9n para inaugurar la nueva embajada - Diario del Sur\",\"isPartOf\":{\"@id\":\"https:\\\/\\\/diariodelsurdigital.com.ar\\\/#website\"},\"primaryImageOfPage\":{\"@id\":\"https:\\\/\\\/diariodelsurdigital.com.ar\\\/?p=5910#primaryimage\"},\"image\":{\"@id\":\"https:\\\/\\\/diariodelsurdigital.com.ar\\\/?p=5910#primaryimage\"},\"thumbnailUrl\":\"https:\\\/\\\/diariodelsurdigital.com.ar\\\/wp-content\\\/uploads\\\/2025\\\/11\\\/md-6-1.webp\",\"datePublished\":\"2025-11-26T12:29:23+00:00\",\"dateModified\":\"2025-11-26T12:29:24+00:00\",\"author\":{\"@id\":\"https:\\\/\\\/diariodelsurdigital.com.ar\\\/#\\\/schema\\\/person\\\/1a4992532ed62965c968031b49195c81\"},\"breadcrumb\":{\"@id\":\"https:\\\/\\\/diariodelsurdigital.com.ar\\\/?p=5910#breadcrumb\"},\"inLanguage\":\"es\",\"potentialAction\":[{\"@type\":\"ReadAction\",\"target\":[\"https:\\\/\\\/diariodelsurdigital.com.ar\\\/?p=5910\"]}]},{\"@type\":\"ImageObject\",\"inLanguage\":\"es\",\"@id\":\"https:\\\/\\\/diariodelsurdigital.com.ar\\\/?p=5910#primaryimage\",\"url\":\"https:\\\/\\\/diariodelsurdigital.com.ar\\\/wp-content\\\/uploads\\\/2025\\\/11\\\/md-6-1.webp\",\"contentUrl\":\"https:\\\/\\\/diariodelsurdigital.com.ar\\\/wp-content\\\/uploads\\\/2025\\\/11\\\/md-6-1.webp\",\"width\":992,\"height\":661},{\"@type\":\"BreadcrumbList\",\"@id\":\"https:\\\/\\\/diariodelsurdigital.com.ar\\\/?p=5910#breadcrumb\",\"itemListElement\":[{\"@type\":\"ListItem\",\"position\":1,\"name\":\"Portada\",\"item\":\"https:\\\/\\\/diariodelsurdigital.com.ar\\\/\"},{\"@type\":\"ListItem\",\"position\":2,\"name\":\"Milei recibi\u00f3 al canciller israel\u00ed y confirm\u00f3 que viajar\u00e1 a Jerusal\u00e9n para inaugurar la nueva embajada\"}]},{\"@type\":\"WebSite\",\"@id\":\"https:\\\/\\\/diariodelsurdigital.com.ar\\\/#website\",\"url\":\"https:\\\/\\\/diariodelsurdigital.com.ar\\\/\",\"name\":\"Diario del Sur\",\"description\":\"Digital\",\"potentialAction\":[{\"@type\":\"SearchAction\",\"target\":{\"@type\":\"EntryPoint\",\"urlTemplate\":\"https:\\\/\\\/diariodelsurdigital.com.ar\\\/?s={search_term_string}\"},\"query-input\":{\"@type\":\"PropertyValueSpecification\",\"valueRequired\":true,\"valueName\":\"search_term_string\"}}],\"inLanguage\":\"es\"},{\"@type\":\"Person\",\"@id\":\"https:\\\/\\\/diariodelsurdigital.com.ar\\\/#\\\/schema\\\/person\\\/1a4992532ed62965c968031b49195c81\",\"name\":\"Diario del Sur Digital\",\"image\":{\"@type\":\"ImageObject\",\"inLanguage\":\"es\",\"@id\":\"https:\\\/\\\/secure.gravatar.com\\\/avatar\\\/f0c7c47fc7146d19828273b9b8eda651c9c7ab583767e6338d3d3bee825adf76?s=96&d=mm&r=g\",\"url\":\"https:\\\/\\\/secure.gravatar.com\\\/avatar\\\/f0c7c47fc7146d19828273b9b8eda651c9c7ab583767e6338d3d3bee825adf76?s=96&d=mm&r=g\",\"contentUrl\":\"https:\\\/\\\/secure.gravatar.com\\\/avatar\\\/f0c7c47fc7146d19828273b9b8eda651c9c7ab583767e6338d3d3bee825adf76?s=96&d=mm&r=g\",\"caption\":\"Diario del Sur Digital\"},\"url\":\"https:\\\/\\\/diariodelsurdigital.com.ar\\\/?author=4\"}]}<\/script>\n<!-- \/ Yoast SEO plugin. -->","yoast_head_json":{"title":"Milei recibi\u00f3 al canciller israel\u00ed y confirm\u00f3 que viajar\u00e1 a Jerusal\u00e9n para inaugurar la nueva embajada - Diario del Sur","robots":{"index":"index","follow":"follow","max-snippet":"max-snippet:-1","max-image-preview":"max-image-preview:large","max-video-preview":"max-video-preview:-1"},"canonical":"https:\/\/diariodelsurdigital.com.ar\/?p=5910","og_locale":"es_ES","og_type":"article","og_title":"Milei recibi\u00f3 al canciller israel\u00ed y confirm\u00f3 que viajar\u00e1 a Jerusal\u00e9n para inaugurar la nueva embajada - Diario del Sur","og_description":"El Presidente se reuni\u00f3 con Gideon Sa\u2019ar, que lleg\u00f3 al pa\u00eds con una delegaci\u00f3n econ\u00f3mica y una agenda centrada en la relaci\u00f3n bilateral. Adem\u00e1s, Milei confirm\u00f3 este mediod\u00eda que viajar\u00e1 el a\u00f1o pr\u00f3ximo a Jerusal\u00e9n para inaugurar la embajada argentina en Israel. Lo anunci\u00f3 en la Casa Rosada durante la reuni\u00f3n que mantuvo con el [&hellip;]","og_url":"https:\/\/diariodelsurdigital.com.ar\/?p=5910","og_site_name":"Diario del Sur","article_published_time":"2025-11-26T12:29:23+00:00","article_modified_time":"2025-11-26T12:29:24+00:00","og_image":[{"width":992,"height":661,"url":"https:\/\/diariodelsurdigital.com.ar\/wp-content\/uploads\/2025\/11\/md-6-1.webp","type":"image\/webp"}],"author":"Diario del Sur Digital","twitter_card":"summary_large_image","twitter_misc":{"Escrito por":"Diario del Sur Digital","Tiempo de lectura":"3 minutos"},"schema":{"@context":"https:\/\/schema.org","@graph":[{"@type":"Article","@id":"https:\/\/diariodelsurdigital.com.ar\/?p=5910#article","isPartOf":{"@id":"https:\/\/diariodelsurdigital.com.ar\/?p=5910"},"author":{"name":"Diario del Sur Digital","@id":"https:\/\/diariodelsurdigital.com.ar\/#\/schema\/person\/1a4992532ed62965c968031b49195c81"},"headline":"Milei recibi\u00f3 al canciller israel\u00ed y confirm\u00f3 que viajar\u00e1 a Jerusal\u00e9n para inaugurar la nueva embajada","datePublished":"2025-11-26T12:29:23+00:00","dateModified":"2025-11-26T12:29:24+00:00","mainEntityOfPage":{"@id":"https:\/\/diariodelsurdigital.com.ar\/?p=5910"},"wordCount":628,"commentCount":0,"image":{"@id":"https:\/\/diariodelsurdigital.com.ar\/?p=5910#primaryimage"},"thumbnailUrl":"https:\/\/diariodelsurdigital.com.ar\/wp-content\/uploads\/2025\/11\/md-6-1.webp","articleSection":["Internacionales","Pol\u00edtica"],"inLanguage":"es","potentialAction":[{"@type":"CommentAction","name":"Comment","target":["https:\/\/diariodelsurdigital.com.ar\/?p=5910#respond"]}]},{"@type":"WebPage","@id":"https:\/\/diariodelsurdigital.com.ar\/?p=5910","url":"https:\/\/diariodelsurdigital.com.ar\/?p=5910","name":"Milei recibi\u00f3 al canciller israel\u00ed y confirm\u00f3 que viajar\u00e1 a Jerusal\u00e9n para inaugurar la nueva embajada - Diario del Sur","isPartOf":{"@id":"https:\/\/diariodelsurdigital.com.ar\/#website"},"primaryImageOfPage":{"@id":"https:\/\/diariodelsurdigital.com.ar\/?p=5910#primaryimage"},"image":{"@id":"https:\/\/diariodelsurdigital.com.ar\/?p=5910#primaryimage"},"thumbnailUrl":"https:\/\/diariodelsurdigital.com.ar\/wp-content\/uploads\/2025\/11\/md-6-1.webp","datePublished":"2025-11-26T12:29:23+00:00","dateModified":"2025-11-26T12:29:24+00:00","author":{"@id":"https:\/\/diariodelsurdigital.com.ar\/#\/schema\/person\/1a4992532ed62965c968031b49195c81"},"breadcrumb":{"@id":"https:\/\/diariodelsurdigital.com.ar\/?p=5910#breadcrumb"},"inLanguage":"es","potentialAction":[{"@type":"ReadAction","target":["https:\/\/diariodelsurdigital.com.ar\/?p=5910"]}]},{"@type":"ImageObject","inLanguage":"es","@id":"https:\/\/diariodelsurdigital.com.ar\/?p=5910#primaryimage","url":"https:\/\/diariodelsurdigital.com.ar\/wp-content\/uploads\/2025\/11\/md-6-1.webp","contentUrl":"https:\/\/diariodelsurdigital.com.ar\/wp-content\/uploads\/2025\/11\/md-6-1.webp","width":992,"height":661},{"@type":"BreadcrumbList","@id":"https:\/\/diariodelsurdigital.com.ar\/?p=5910#breadcrumb","itemListElement":[{"@type":"ListItem","position":1,"name":"Portada","item":"https:\/\/diariodelsurdigital.com.ar\/"},{"@type":"ListItem","position":2,"name":"Milei recibi\u00f3 al canciller israel\u00ed y confirm\u00f3 que viajar\u00e1 a Jerusal\u00e9n para inaugurar la nueva embajada"}]},{"@type":"WebSite","@id":"https:\/\/diariodelsurdigital.com.ar\/#website","url":"https:\/\/diariodelsurdigital.com.ar\/","name":"Diario del Sur","description":"Digital","potentialAction":[{"@type":"SearchAction","target":{"@type":"EntryPoint","urlTemplate":"https:\/\/diariodelsurdigital.com.ar\/?s={search_term_string}"},"query-input":{"@type":"PropertyValueSpecification","valueRequired":true,"valueName":"search_term_string"}}],"inLanguage":"es"},{"@type":"Person","@id":"https:\/\/diariodelsurdigital.com.ar\/#\/schema\/person\/1a4992532ed62965c968031b49195c81","name":"Diario del Sur Digital","image":{"@type":"ImageObject","inLanguage":"es","@id":"https:\/\/secure.gravatar.com\/avatar\/f0c7c47fc7146d19828273b9b8eda651c9c7ab583767e6338d3d3bee825adf76?s=96&d=mm&r=g","url":"https:\/\/secure.gravatar.com\/avatar\/f0c7c47fc7146d19828273b9b8eda651c9c7ab583767e6338d3d3bee825adf76?s=96&d=mm&r=g","contentUrl":"https:\/\/secure.gravatar.com\/avatar\/f0c7c47fc7146d19828273b9b8eda651c9c7ab583767e6338d3d3bee825adf76?s=96&d=mm&r=g","caption":"Diario del Sur Digital"},"url":"https:\/\/diariodelsurdigital.com.ar\/?author=4"}]}},"_links":{"self":[{"href":"https:\/\/diariodelsurdigital.com.ar\/index.php?rest_route=\/wp\/v2\/posts\/5910","targetHints":{"allow":["GET"]}}],"collection":[{"href":"https:\/\/diariodelsurdigital.com.ar\/index.php?rest_route=\/wp\/v2\/posts"}],"about":[{"href":"https:\/\/diariodelsurdigital.com.ar\/index.php?rest_route=\/wp\/v2\/types\/post"}],"author":[{"embeddable":true,"href":"https:\/\/diariodelsurdigital.com.ar\/index.php?rest_route=\/wp\/v2\/users\/4"}],"replies":[{"embeddable":true,"href":"https:\/\/diariodelsurdigital.com.ar\/index.php?rest_route=%2Fwp%2Fv2%2Fcomments&post=5910"}],"version-history":[{"count":1,"href":"https:\/\/diariodelsurdigital.com.ar\/index.php?rest_route=\/wp\/v2\/posts\/5910\/revisions"}],"predecessor-version":[{"id":5912,"href":"https:\/\/diariodelsurdigital.com.ar\/index.php?rest_route=\/wp\/v2\/posts\/5910\/revisions\/5912"}],"wp:featuredmedia":[{"embeddable":true,"href":"https:\/\/diariodelsurdigital.com.ar\/index.php?rest_route=\/wp\/v2\/media\/5911"}],"wp:attachment":[{"href":"https:\/\/diariodelsurdigital.com.ar\/index.php?rest_route=%2Fwp%2Fv2%2Fmedia&parent=5910"}],"wp:term":[{"taxonomy":"category","embeddable":true,"href":"https:\/\/diariodelsurdigital.com.ar\/index.php?rest_route=%2Fwp%2Fv2%2Fcategories&post=5910"},{"taxonomy":"post_tag","embeddable":true,"href":"https:\/\/diariodelsurdigital.com.ar\/index.php?rest_route=%2Fwp%2Fv2%2Ftags&post=5910"}],"curies":[{"name":"wp","href":"https:\/\/api.w.org\/{rel}","templated":true}]}}