{"id":5913,"date":"2025-11-26T09:32:24","date_gmt":"2025-11-26T12:32:24","guid":{"rendered":"https:\/\/diariodelsurdigital.com.ar\/?p=5913"},"modified":"2025-11-26T09:32:25","modified_gmt":"2025-11-26T12:32:25","slug":"consejo-del-salario-organizaciones-marchan-pidiendo-un-ingreso-minimo-equivalente-a-la-canasta-basica-total","status":"publish","type":"post","link":"https:\/\/diariodelsurdigital.com.ar\/?p=5913","title":{"rendered":"Consejo del Salario: Organizaciones marchan pidiendo un ingreso m\u00ednimo equivalente a la Canasta B\u00e1sica Total"},"content":{"rendered":"\n<p>Organizaciones sociales, sindicales y piqueteras marchar\u00e1n este mi\u00e9rcoles frente a la Secretar\u00eda de Trabajo para exigir que el salario m\u00ednimo iguale la Canasta B\u00e1sica Total, en medio de un fuerte deterioro del poder adquisitivo y un diciembre que se anticipa marcado por la conflictividad social. Convocan a marchar la Uni\u00f3n de Trabajadores de la Econom\u00eda Popular (UTEP), las dos CTA, Territorios en Lucha y el Frente Barrial.<\/p>\n\n\n\n<p>En un clima de creciente conflictividad social, organizaciones gremiales, piqueteras y movimientos de la econom\u00eda popular volver\u00e1n a movilizarse este mi\u00e9rcoles 26 de noviembre a las 11 horas frente a la Secretar\u00eda de Trabajo de la Naci\u00f3n. La protesta, convocada por la Uni\u00f3n de Trabajadores de la Econom\u00eda Popular (UTEP), las dos CTA, Territorios en Lucha y el Frente Barrial, coincide con la reuni\u00f3n oficial destinada a actualizar el Salario M\u00ednimo, Vital y M\u00f3vil (SMVyM), prevista en la Resoluci\u00f3n 6\/2025.<\/p>\n\n\n\n<p>La principal demanda es que el salario m\u00ednimo alcance el valor de la Canasta B\u00e1sica Total (CBT), estimada por el INDEC en m\u00e1s de 1.200.000 pesos para una familia tipo. Con un SMVyM congelado en 322.200 pesos desde agosto (y que perdi\u00f3 cerca de un 25% de poder adquisitivo desde la asunci\u00f3n de Javier Milei), las organizaciones aseguran que \u201clos trabajadores populares no pueden vivir con dignidad\u201d con los valores actuales.<\/p>\n\n\n\n<p>La convocatoria del Gobierno se da en medio de un escenario marcado por la ca\u00edda del poder adquisitivo y fuertes reclamos para recomponer ingresos. Las dos CTA enviaron una carta documento al secretario de Trabajo, Julio Cordero, reclamando una \u201ccanasta b\u00e1sica objetiva\u201d que funcione como referencia para definir el salario m\u00ednimo. Tambi\u00e9n recordaron que el Poder Ejecutivo est\u00e1 obligado por ley a convocar al Consejo del SMVyM de manera peri\u00f3dica.<\/p>\n\n\n\n<p>Adem\u00e1s de la actualizaci\u00f3n del salario b\u00e1sico, seg\u00fan precis\u00f3 infogremiales.com.ar, las organizaciones exigen un bono de fin de a\u00f1o, la actualizaci\u00f3n de programas sociales y el reconocimiento efectivo del trabajo socio-comunitario.<\/p>\n\n\n\n<p>Esteban \u201cGringo\u201d Castro, dirigente del Frente Patri\u00f3tico por la Justicia Social y referente de la econom\u00eda popular, respald\u00f3 el reclamo de las centrales sindicales, pero advirti\u00f3 que no se puede \u201colvidar a los excluidos\u201d cuyo Salario Social Complementario permanece congelado en 78.000 pesos. \u201cNuestro sector es el m\u00e1s golpeado, porque lo que alguna vez fue el Salario Social Complementario est\u00e1 totalmente pulverizado\u201d, lament\u00f3.<\/p>\n\n\n\n<p>La marcha del mi\u00e9rcoles se enmarca en una escalada de protestas que comenz\u00f3 el 19 de noviembre y que, seg\u00fan adelantaron los movimientos convocantes, se extender\u00e1 durante todo diciembre. La UTEP, junto a organizaciones como el Movimiento Evita y Barrios de Pie, insiste en que \u201cnuestro trabajo vale\u201d y en que el salario m\u00ednimo debe permitir sostener una familia.<\/p>\n\n\n\n<p>Johana Duarte, secretaria gremial de la UTEP, alert\u00f3 sobre un \u201cdeterioro extremo del tejido social\u201d y vincul\u00f3 la situaci\u00f3n a las pol\u00edticas del gobierno nacional. Tambi\u00e9n anticip\u00f3 un mes de diciembre \u201ccon mucho conflicto en todo el pa\u00eds\u201d, con asambleas y nuevas movilizaciones.<\/p>\n\n\n\n<p>En paralelo, la CTA Aut\u00f3noma presentar\u00e1 dos documentos t\u00e9cnicos como contrapropuesta a la reforma laboral impulsada por el Gobierno, con \u00e9nfasis en la ampliaci\u00f3n de derechos y la protecci\u00f3n social. La movilizaci\u00f3n ser\u00e1 un espacio clave para visibilizar estas demandas.<\/p>\n\n\n\n<p>Las organizaciones convocantes aseguran que la protesta del mi\u00e9rcoles es solo un eslab\u00f3n m\u00e1s en una cadena de acciones que continuar\u00e1 en las pr\u00f3ximas semanas. Desde la Casa Rosada reconocen que el fin de a\u00f1o estar\u00e1 atravesado por una alta conflictividad social.<\/p>\n","protected":false},"excerpt":{"rendered":"<p>Organizaciones sociales, sindicales y piqueteras marchar\u00e1n este mi\u00e9rcoles frente a la Secretar\u00eda de Trabajo para exigir que el salario m\u00ednimo iguale la Canasta B\u00e1sica Total, en medio de un fuerte deterioro del poder adquisitivo y un diciembre que se anticipa marcado por la conflictividad social. Convocan a marchar la Uni\u00f3n de Trabajadores de la Econom\u00eda [&hellip;]<\/p>\n","protected":false},"author":4,"featured_media":5914,"comment_status":"open","ping_status":"open","sticky":false,"template":"","format":"standard","meta":{"footnotes":""},"categories":[19,18],"tags":[],"class_list":{"0":"post-5913","1":"post","2":"type-post","3":"status-publish","4":"format-standard","5":"has-post-thumbnail","7":"category-interes-general","8":"category-nacionales"},"yoast_head":"<!-- This site is optimized with the Yoast SEO plugin v27.4 - https:\/\/yoast.com\/product\/yoast-seo-wordpress\/ -->\n<title>Consejo del Salario: Organizaciones marchan pidiendo un ingreso m\u00ednimo equivalente a la Canasta B\u00e1sica Total - Diario del Sur<\/title>\n<meta name=\"robots\" content=\"index, follow, max-snippet:-1, max-image-preview:large, max-video-preview:-1\" \/>\n<link rel=\"canonical\" href=\"https:\/\/diariodelsurdigital.com.ar\/?p=5913\" \/>\n<meta property=\"og:locale\" content=\"es_ES\" \/>\n<meta property=\"og:type\" content=\"article\" \/>\n<meta property=\"og:title\" content=\"Consejo del Salario: Organizaciones marchan pidiendo un ingreso m\u00ednimo equivalente a la Canasta B\u00e1sica Total - Diario del Sur\" \/>\n<meta property=\"og:description\" content=\"Organizaciones sociales, sindicales y piqueteras marchar\u00e1n este mi\u00e9rcoles frente a la Secretar\u00eda de Trabajo para exigir que el salario m\u00ednimo iguale la Canasta B\u00e1sica Total, en medio de un fuerte deterioro del poder adquisitivo y un diciembre que se anticipa marcado por la conflictividad social. Convocan a marchar la Uni\u00f3n de Trabajadores de la Econom\u00eda [&hellip;]\" \/>\n<meta property=\"og:url\" content=\"https:\/\/diariodelsurdigital.com.ar\/?p=5913\" \/>\n<meta property=\"og:site_name\" content=\"Diario del Sur\" \/>\n<meta property=\"article:published_time\" content=\"2025-11-26T12:32:24+00:00\" \/>\n<meta property=\"article:modified_time\" content=\"2025-11-26T12:32:25+00:00\" \/>\n<meta property=\"og:image\" content=\"https:\/\/diariodelsurdigital.com.ar\/wp-content\/uploads\/2025\/11\/md-7-1.webp\" \/>\n\t<meta property=\"og:image:width\" content=\"992\" \/>\n\t<meta property=\"og:image:height\" content=\"558\" \/>\n\t<meta property=\"og:image:type\" content=\"image\/webp\" \/>\n<meta name=\"author\" content=\"Diario del Sur Digital\" \/>\n<meta name=\"twitter:card\" content=\"summary_large_image\" \/>\n<meta name=\"twitter:label1\" content=\"Escrito por\" \/>\n\t<meta name=\"twitter:data1\" content=\"Diario del Sur Digital\" \/>\n\t<meta name=\"twitter:label2\" content=\"Tiempo de lectura\" \/>\n\t<meta name=\"twitter:data2\" content=\"3 minutos\" \/>\n<script type=\"application\/ld+json\" class=\"yoast-schema-graph\">{\"@context\":\"https:\\\/\\\/schema.org\",\"@graph\":[{\"@type\":\"Article\",\"@id\":\"https:\\\/\\\/diariodelsurdigital.com.ar\\\/?p=5913#article\",\"isPartOf\":{\"@id\":\"https:\\\/\\\/diariodelsurdigital.com.ar\\\/?p=5913\"},\"author\":{\"name\":\"Diario del Sur Digital\",\"@id\":\"https:\\\/\\\/diariodelsurdigital.com.ar\\\/#\\\/schema\\\/person\\\/1a4992532ed62965c968031b49195c81\"},\"headline\":\"Consejo del Salario: Organizaciones marchan pidiendo un ingreso m\u00ednimo equivalente a la Canasta B\u00e1sica Total\",\"datePublished\":\"2025-11-26T12:32:24+00:00\",\"dateModified\":\"2025-11-26T12:32:25+00:00\",\"mainEntityOfPage\":{\"@id\":\"https:\\\/\\\/diariodelsurdigital.com.ar\\\/?p=5913\"},\"wordCount\":630,\"commentCount\":0,\"image\":{\"@id\":\"https:\\\/\\\/diariodelsurdigital.com.ar\\\/?p=5913#primaryimage\"},\"thumbnailUrl\":\"https:\\\/\\\/diariodelsurdigital.com.ar\\\/wp-content\\\/uploads\\\/2025\\\/11\\\/md-7-1.webp\",\"articleSection\":[\"Inter\u00e9s General\",\"Nacionales\"],\"inLanguage\":\"es\",\"potentialAction\":[{\"@type\":\"CommentAction\",\"name\":\"Comment\",\"target\":[\"https:\\\/\\\/diariodelsurdigital.com.ar\\\/?p=5913#respond\"]}]},{\"@type\":\"WebPage\",\"@id\":\"https:\\\/\\\/diariodelsurdigital.com.ar\\\/?p=5913\",\"url\":\"https:\\\/\\\/diariodelsurdigital.com.ar\\\/?p=5913\",\"name\":\"Consejo del Salario: Organizaciones marchan pidiendo un ingreso m\u00ednimo equivalente a la Canasta B\u00e1sica Total - Diario del Sur\",\"isPartOf\":{\"@id\":\"https:\\\/\\\/diariodelsurdigital.com.ar\\\/#website\"},\"primaryImageOfPage\":{\"@id\":\"https:\\\/\\\/diariodelsurdigital.com.ar\\\/?p=5913#primaryimage\"},\"image\":{\"@id\":\"https:\\\/\\\/diariodelsurdigital.com.ar\\\/?p=5913#primaryimage\"},\"thumbnailUrl\":\"https:\\\/\\\/diariodelsurdigital.com.ar\\\/wp-content\\\/uploads\\\/2025\\\/11\\\/md-7-1.webp\",\"datePublished\":\"2025-11-26T12:32:24+00:00\",\"dateModified\":\"2025-11-26T12:32:25+00:00\",\"author\":{\"@id\":\"https:\\\/\\\/diariodelsurdigital.com.ar\\\/#\\\/schema\\\/person\\\/1a4992532ed62965c968031b49195c81\"},\"breadcrumb\":{\"@id\":\"https:\\\/\\\/diariodelsurdigital.com.ar\\\/?p=5913#breadcrumb\"},\"inLanguage\":\"es\",\"potentialAction\":[{\"@type\":\"ReadAction\",\"target\":[\"https:\\\/\\\/diariodelsurdigital.com.ar\\\/?p=5913\"]}]},{\"@type\":\"ImageObject\",\"inLanguage\":\"es\",\"@id\":\"https:\\\/\\\/diariodelsurdigital.com.ar\\\/?p=5913#primaryimage\",\"url\":\"https:\\\/\\\/diariodelsurdigital.com.ar\\\/wp-content\\\/uploads\\\/2025\\\/11\\\/md-7-1.webp\",\"contentUrl\":\"https:\\\/\\\/diariodelsurdigital.com.ar\\\/wp-content\\\/uploads\\\/2025\\\/11\\\/md-7-1.webp\",\"width\":992,\"height\":558},{\"@type\":\"BreadcrumbList\",\"@id\":\"https:\\\/\\\/diariodelsurdigital.com.ar\\\/?p=5913#breadcrumb\",\"itemListElement\":[{\"@type\":\"ListItem\",\"position\":1,\"name\":\"Portada\",\"item\":\"https:\\\/\\\/diariodelsurdigital.com.ar\\\/\"},{\"@type\":\"ListItem\",\"position\":2,\"name\":\"Consejo del Salario: Organizaciones marchan pidiendo un ingreso m\u00ednimo equivalente a la Canasta B\u00e1sica Total\"}]},{\"@type\":\"WebSite\",\"@id\":\"https:\\\/\\\/diariodelsurdigital.com.ar\\\/#website\",\"url\":\"https:\\\/\\\/diariodelsurdigital.com.ar\\\/\",\"name\":\"Diario del Sur\",\"description\":\"Digital\",\"potentialAction\":[{\"@type\":\"SearchAction\",\"target\":{\"@type\":\"EntryPoint\",\"urlTemplate\":\"https:\\\/\\\/diariodelsurdigital.com.ar\\\/?s={search_term_string}\"},\"query-input\":{\"@type\":\"PropertyValueSpecification\",\"valueRequired\":true,\"valueName\":\"search_term_string\"}}],\"inLanguage\":\"es\"},{\"@type\":\"Person\",\"@id\":\"https:\\\/\\\/diariodelsurdigital.com.ar\\\/#\\\/schema\\\/person\\\/1a4992532ed62965c968031b49195c81\",\"name\":\"Diario del Sur Digital\",\"image\":{\"@type\":\"ImageObject\",\"inLanguage\":\"es\",\"@id\":\"https:\\\/\\\/secure.gravatar.com\\\/avatar\\\/f0c7c47fc7146d19828273b9b8eda651c9c7ab583767e6338d3d3bee825adf76?s=96&d=mm&r=g\",\"url\":\"https:\\\/\\\/secure.gravatar.com\\\/avatar\\\/f0c7c47fc7146d19828273b9b8eda651c9c7ab583767e6338d3d3bee825adf76?s=96&d=mm&r=g\",\"contentUrl\":\"https:\\\/\\\/secure.gravatar.com\\\/avatar\\\/f0c7c47fc7146d19828273b9b8eda651c9c7ab583767e6338d3d3bee825adf76?s=96&d=mm&r=g\",\"caption\":\"Diario del Sur Digital\"},\"url\":\"https:\\\/\\\/diariodelsurdigital.com.ar\\\/?author=4\"}]}<\/script>\n<!-- \/ Yoast SEO plugin. -->","yoast_head_json":{"title":"Consejo del Salario: Organizaciones marchan pidiendo un ingreso m\u00ednimo equivalente a la Canasta B\u00e1sica Total - Diario del Sur","robots":{"index":"index","follow":"follow","max-snippet":"max-snippet:-1","max-image-preview":"max-image-preview:large","max-video-preview":"max-video-preview:-1"},"canonical":"https:\/\/diariodelsurdigital.com.ar\/?p=5913","og_locale":"es_ES","og_type":"article","og_title":"Consejo del Salario: Organizaciones marchan pidiendo un ingreso m\u00ednimo equivalente a la Canasta B\u00e1sica Total - Diario del Sur","og_description":"Organizaciones sociales, sindicales y piqueteras marchar\u00e1n este mi\u00e9rcoles frente a la Secretar\u00eda de Trabajo para exigir que el salario m\u00ednimo iguale la Canasta B\u00e1sica Total, en medio de un fuerte deterioro del poder adquisitivo y un diciembre que se anticipa marcado por la conflictividad social. Convocan a marchar la Uni\u00f3n de Trabajadores de la Econom\u00eda [&hellip;]","og_url":"https:\/\/diariodelsurdigital.com.ar\/?p=5913","og_site_name":"Diario del Sur","article_published_time":"2025-11-26T12:32:24+00:00","article_modified_time":"2025-11-26T12:32:25+00:00","og_image":[{"width":992,"height":558,"url":"https:\/\/diariodelsurdigital.com.ar\/wp-content\/uploads\/2025\/11\/md-7-1.webp","type":"image\/webp"}],"author":"Diario del Sur Digital","twitter_card":"summary_large_image","twitter_misc":{"Escrito por":"Diario del Sur Digital","Tiempo de lectura":"3 minutos"},"schema":{"@context":"https:\/\/schema.org","@graph":[{"@type":"Article","@id":"https:\/\/diariodelsurdigital.com.ar\/?p=5913#article","isPartOf":{"@id":"https:\/\/diariodelsurdigital.com.ar\/?p=5913"},"author":{"name":"Diario del Sur Digital","@id":"https:\/\/diariodelsurdigital.com.ar\/#\/schema\/person\/1a4992532ed62965c968031b49195c81"},"headline":"Consejo del Salario: Organizaciones marchan pidiendo un ingreso m\u00ednimo equivalente a la Canasta B\u00e1sica Total","datePublished":"2025-11-26T12:32:24+00:00","dateModified":"2025-11-26T12:32:25+00:00","mainEntityOfPage":{"@id":"https:\/\/diariodelsurdigital.com.ar\/?p=5913"},"wordCount":630,"commentCount":0,"image":{"@id":"https:\/\/diariodelsurdigital.com.ar\/?p=5913#primaryimage"},"thumbnailUrl":"https:\/\/diariodelsurdigital.com.ar\/wp-content\/uploads\/2025\/11\/md-7-1.webp","articleSection":["Inter\u00e9s General","Nacionales"],"inLanguage":"es","potentialAction":[{"@type":"CommentAction","name":"Comment","target":["https:\/\/diariodelsurdigital.com.ar\/?p=5913#respond"]}]},{"@type":"WebPage","@id":"https:\/\/diariodelsurdigital.com.ar\/?p=5913","url":"https:\/\/diariodelsurdigital.com.ar\/?p=5913","name":"Consejo del Salario: Organizaciones marchan pidiendo un ingreso m\u00ednimo equivalente a la Canasta B\u00e1sica Total - Diario del Sur","isPartOf":{"@id":"https:\/\/diariodelsurdigital.com.ar\/#website"},"primaryImageOfPage":{"@id":"https:\/\/diariodelsurdigital.com.ar\/?p=5913#primaryimage"},"image":{"@id":"https:\/\/diariodelsurdigital.com.ar\/?p=5913#primaryimage"},"thumbnailUrl":"https:\/\/diariodelsurdigital.com.ar\/wp-content\/uploads\/2025\/11\/md-7-1.webp","datePublished":"2025-11-26T12:32:24+00:00","dateModified":"2025-11-26T12:32:25+00:00","author":{"@id":"https:\/\/diariodelsurdigital.com.ar\/#\/schema\/person\/1a4992532ed62965c968031b49195c81"},"breadcrumb":{"@id":"https:\/\/diariodelsurdigital.com.ar\/?p=5913#breadcrumb"},"inLanguage":"es","potentialAction":[{"@type":"ReadAction","target":["https:\/\/diariodelsurdigital.com.ar\/?p=5913"]}]},{"@type":"ImageObject","inLanguage":"es","@id":"https:\/\/diariodelsurdigital.com.ar\/?p=5913#primaryimage","url":"https:\/\/diariodelsurdigital.com.ar\/wp-content\/uploads\/2025\/11\/md-7-1.webp","contentUrl":"https:\/\/diariodelsurdigital.com.ar\/wp-content\/uploads\/2025\/11\/md-7-1.webp","width":992,"height":558},{"@type":"BreadcrumbList","@id":"https:\/\/diariodelsurdigital.com.ar\/?p=5913#breadcrumb","itemListElement":[{"@type":"ListItem","position":1,"name":"Portada","item":"https:\/\/diariodelsurdigital.com.ar\/"},{"@type":"ListItem","position":2,"name":"Consejo del Salario: Organizaciones marchan pidiendo un ingreso m\u00ednimo equivalente a la Canasta B\u00e1sica Total"}]},{"@type":"WebSite","@id":"https:\/\/diariodelsurdigital.com.ar\/#website","url":"https:\/\/diariodelsurdigital.com.ar\/","name":"Diario del Sur","description":"Digital","potentialAction":[{"@type":"SearchAction","target":{"@type":"EntryPoint","urlTemplate":"https:\/\/diariodelsurdigital.com.ar\/?s={search_term_string}"},"query-input":{"@type":"PropertyValueSpecification","valueRequired":true,"valueName":"search_term_string"}}],"inLanguage":"es"},{"@type":"Person","@id":"https:\/\/diariodelsurdigital.com.ar\/#\/schema\/person\/1a4992532ed62965c968031b49195c81","name":"Diario del Sur Digital","image":{"@type":"ImageObject","inLanguage":"es","@id":"https:\/\/secure.gravatar.com\/avatar\/f0c7c47fc7146d19828273b9b8eda651c9c7ab583767e6338d3d3bee825adf76?s=96&d=mm&r=g","url":"https:\/\/secure.gravatar.com\/avatar\/f0c7c47fc7146d19828273b9b8eda651c9c7ab583767e6338d3d3bee825adf76?s=96&d=mm&r=g","contentUrl":"https:\/\/secure.gravatar.com\/avatar\/f0c7c47fc7146d19828273b9b8eda651c9c7ab583767e6338d3d3bee825adf76?s=96&d=mm&r=g","caption":"Diario del Sur Digital"},"url":"https:\/\/diariodelsurdigital.com.ar\/?author=4"}]}},"_links":{"self":[{"href":"https:\/\/diariodelsurdigital.com.ar\/index.php?rest_route=\/wp\/v2\/posts\/5913","targetHints":{"allow":["GET"]}}],"collection":[{"href":"https:\/\/diariodelsurdigital.com.ar\/index.php?rest_route=\/wp\/v2\/posts"}],"about":[{"href":"https:\/\/diariodelsurdigital.com.ar\/index.php?rest_route=\/wp\/v2\/types\/post"}],"author":[{"embeddable":true,"href":"https:\/\/diariodelsurdigital.com.ar\/index.php?rest_route=\/wp\/v2\/users\/4"}],"replies":[{"embeddable":true,"href":"https:\/\/diariodelsurdigital.com.ar\/index.php?rest_route=%2Fwp%2Fv2%2Fcomments&post=5913"}],"version-history":[{"count":1,"href":"https:\/\/diariodelsurdigital.com.ar\/index.php?rest_route=\/wp\/v2\/posts\/5913\/revisions"}],"predecessor-version":[{"id":5915,"href":"https:\/\/diariodelsurdigital.com.ar\/index.php?rest_route=\/wp\/v2\/posts\/5913\/revisions\/5915"}],"wp:featuredmedia":[{"embeddable":true,"href":"https:\/\/diariodelsurdigital.com.ar\/index.php?rest_route=\/wp\/v2\/media\/5914"}],"wp:attachment":[{"href":"https:\/\/diariodelsurdigital.com.ar\/index.php?rest_route=%2Fwp%2Fv2%2Fmedia&parent=5913"}],"wp:term":[{"taxonomy":"category","embeddable":true,"href":"https:\/\/diariodelsurdigital.com.ar\/index.php?rest_route=%2Fwp%2Fv2%2Fcategories&post=5913"},{"taxonomy":"post_tag","embeddable":true,"href":"https:\/\/diariodelsurdigital.com.ar\/index.php?rest_route=%2Fwp%2Fv2%2Ftags&post=5913"}],"curies":[{"name":"wp","href":"https:\/\/api.w.org\/{rel}","templated":true}]}}