{"id":5916,"date":"2025-11-26T09:36:46","date_gmt":"2025-11-26T12:36:46","guid":{"rendered":"https:\/\/diariodelsurdigital.com.ar\/?p=5916"},"modified":"2025-11-26T09:36:48","modified_gmt":"2025-11-26T12:36:48","slug":"desde-entre-rios-organizaciones-feministas-exigieron-la-declaracion-de-la-emergencia-en-violencia-de-genero-y-denunciaron-nuevas-formas-de-violencia-estatal","status":"publish","type":"post","link":"https:\/\/diariodelsurdigital.com.ar\/?p=5916","title":{"rendered":"Desde Entre R\u00edos, organizaciones feministas exigieron la declaraci\u00f3n de la emergencia en violencia de g\u00e9nero y denunciaron nuevas formas de violencia estatal"},"content":{"rendered":"\n<p>En el marco del D\u00eda Internacional de la Eliminaci\u00f3n de la Violencia contra las Mujeres, organizaciones feministas, sociales y de disidencias de Paran\u00e1 realizaron este 25 de noviembre una masiva jornada de reflexi\u00f3n y protesta en la Plaza 1\u00b0 de Mayo. Durante el acto, alertaron sobre el recrudecimiento de las violencias machistas, el desmantelamiento de pol\u00edticas p\u00fablicas y el impacto del ajuste en la vida de mujeres, lesbianas, travestis, trans, personas no binarias e infancias.<\/p>\n\n\n\n<p><br>El origen de la fecha surge tras el asesinato de las hermanas Mirabal a manos de la dictadura de Rafael Trujillo en Rep\u00fablica Dominicana en 1960, la declaraci\u00f3n del 25 de noviembre como d\u00eda de lucha por parte de organizaciones feministas latinoamericanas en 1981 y su reconocimiento oficial por Naciones Unidas en 1999. \u201cEn 2025, nuestros cuerpos siguen siendo descartados y expuestos a m\u00faltiples violencias. Hemos logrado mucho, s\u00ed, pero la violencia patriarcal siempre encuentra nuevos disfraces\u201d, expresaron desde la Asamblea Feminista de Paran\u00e1.<\/p>\n\n\n\n<p>Las oradoras se\u00f1alaron que, en el contexto actual, la violencia adopta nuevas modalidades vinculadas a los discursos de odio, la persecuci\u00f3n pol\u00edtica y el deterioro de las condiciones de vida. \u201cLa libertad que pregonan hoy es usada para enga\u00f1ar, confundir, adoctrinar, hambrear, enfermar, humillar y hasta matar\u201d, afirmaron.<\/p>\n\n\n\n<p>Tambi\u00e9n cuestionaron al gobierno nacional por considerar como \u201cenemigo\u201d al feminismo y a los movimientos de identidades disidentes. \u201cEl ataque econ\u00f3mico, discursivo y concreto est\u00e1 dirigido a todo lo que construye cuidado, independencia y comunidad\u201d, denunciaron. En ese sentido, destacaron la circulaci\u00f3n de la pel\u00edcula Bel\u00e9n que \u2014afirmaron\u2014 expone la violencia institucional como forma de gobierno.<\/p>\n\n\n\n<p>Durante las intervenciones se mencion\u00f3 el incremento de cr\u00edmenes por razones de g\u00e9nero: m\u00e1s de 200 femicidios y travesticidios en lo que va de 2025, y un asesinato por d\u00eda durante noviembre. \u201cLa violencia tambi\u00e9n es una decisi\u00f3n pol\u00edtica\u201d, plantearon, enumerando pr\u00e1cticas de ajuste que consideran violentas: recorte de fondos para comedores, despidos masivos, desfinanciamiento de la salud p\u00fablica, reducci\u00f3n de presupuestos en discapacidad, represi\u00f3n a la protesta y entrega de recursos estrat\u00e9gicos.<\/p>\n\n\n\n<p><br>Preocupaci\u00f3n por las pol\u00edticas p\u00fablicas y la ESI<\/p>\n\n\n\n<p>Las organizaciones alertaron sobre el \u201cdesmantelamiento\u201d de programas y redes de atenci\u00f3n como la l\u00ednea 144, la falta de presupuesto para pol\u00edticas de g\u00e9nero y la ausencia de dispositivos de protecci\u00f3n para v\u00edctimas, como hogares de tr\u00e1nsito y patrocinios jur\u00eddicos especializados.<\/p>\n\n\n\n<p>Tambi\u00e9n denunciaron retrocesos en la implementaci\u00f3n de la Educaci\u00f3n Sexual Integral (ESI), se\u00f1alando que su debilitamiento incrementa las vulnerabilidades, especialmente en infancias y adolescencias. \u201cLas redes sociales se han convertido en nuevos territorios de agresi\u00f3n y persecuci\u00f3n, y la falta de ESI agrava esos escenarios\u201d, remarcaron.<\/p>\n\n\n\n<p>Uno de los puntos destacados de la ronda de debate fue el reconocimiento a las trabajadoras y trabajadores del Hospital Garrahan, que lograron un incremento salarial del 61%. \u201cNos mostraron que la unidad en la diversidad y los planes de lucha radicalizados son herramientas reales frente a este gobierno\u201d, expresaron.<\/p>\n\n\n\n<p>Sin embargo, advirtieron que persisten persecuciones y sumarios contra dirigentes sindicales, especialmente mujeres.<\/p>\n\n\n\n<p>De cara al fin de a\u00f1o, anticiparon un escenario de conflictividad: \u201cSabemos que quieren avanzar con una reforma laboral esclavista y profundamente patriarcal. Tenemos que organizarnos desde el feminismo, desde nuestros trabajos y desde los sindicatos\u201d.<\/p>\n\n\n\n<p>Las organizaciones exigieron la declaraci\u00f3n de la emergencia nacional en violencia de g\u00e9nero y reclamaron: presupuesto para pol\u00edticas de prevenci\u00f3n y atenci\u00f3n; profesionales capacitados y patrocinio jur\u00eddico gratuito; casas refugio y programas de vivienda para v\u00edctimas; acceso a tierra, techo y trabajo; autonom\u00eda econ\u00f3mica para prevenir violencias; freno al ajuste, a la pobreza creciente y a la precarizaci\u00f3n laboral.<\/p>\n\n\n\n<p>\u201cEl ajuste tiene nuestras caras y nuestras vidas. No hay posibilidad de prevenir violencias sin autonom\u00eda econ\u00f3mica\u201d, sostuvieron.<\/p>\n\n\n\n<p>La jornada concluy\u00f3 con un llamado a la unidad feminista y a la movilizaci\u00f3n sostenida. \u201cVivas y libres nos queremos. Ni una menos. Paren de matarnos. Emergencia en violencia de g\u00e9nero ya. La deuda es con nosotras, no con el FMI\u201d.<\/p>\n","protected":false},"excerpt":{"rendered":"<p>En el marco del D\u00eda Internacional de la Eliminaci\u00f3n de la Violencia contra las Mujeres, organizaciones feministas, sociales y de disidencias de Paran\u00e1 realizaron este 25 de noviembre una masiva jornada de reflexi\u00f3n y protesta en la Plaza 1\u00b0 de Mayo. Durante el acto, alertaron sobre el recrudecimiento de las violencias machistas, el desmantelamiento de [&hellip;]<\/p>\n","protected":false},"author":4,"featured_media":5917,"comment_status":"open","ping_status":"open","sticky":false,"template":"","format":"standard","meta":{"footnotes":""},"categories":[19,17],"tags":[],"class_list":{"0":"post-5916","1":"post","2":"type-post","3":"status-publish","4":"format-standard","5":"has-post-thumbnail","7":"category-interes-general","8":"category-provinciales"},"yoast_head":"<!-- This site is optimized with the Yoast SEO plugin v27.4 - https:\/\/yoast.com\/product\/yoast-seo-wordpress\/ -->\n<title>Desde Entre R\u00edos, organizaciones feministas exigieron la declaraci\u00f3n de la emergencia en violencia de g\u00e9nero y denunciaron nuevas formas de violencia estatal - Diario del Sur<\/title>\n<meta name=\"robots\" content=\"index, follow, max-snippet:-1, max-image-preview:large, max-video-preview:-1\" \/>\n<link rel=\"canonical\" href=\"https:\/\/diariodelsurdigital.com.ar\/?p=5916\" \/>\n<meta property=\"og:locale\" content=\"es_ES\" \/>\n<meta property=\"og:type\" content=\"article\" \/>\n<meta property=\"og:title\" content=\"Desde Entre R\u00edos, organizaciones feministas exigieron la declaraci\u00f3n de la emergencia en violencia de g\u00e9nero y denunciaron nuevas formas de violencia estatal - Diario del Sur\" \/>\n<meta property=\"og:description\" content=\"En el marco del D\u00eda Internacional de la Eliminaci\u00f3n de la Violencia contra las Mujeres, organizaciones feministas, sociales y de disidencias de Paran\u00e1 realizaron este 25 de noviembre una masiva jornada de reflexi\u00f3n y protesta en la Plaza 1\u00b0 de Mayo. Durante el acto, alertaron sobre el recrudecimiento de las violencias machistas, el desmantelamiento de [&hellip;]\" \/>\n<meta property=\"og:url\" content=\"https:\/\/diariodelsurdigital.com.ar\/?p=5916\" \/>\n<meta property=\"og:site_name\" content=\"Diario del Sur\" \/>\n<meta property=\"article:published_time\" content=\"2025-11-26T12:36:46+00:00\" \/>\n<meta property=\"article:modified_time\" content=\"2025-11-26T12:36:48+00:00\" \/>\n<meta property=\"og:image\" content=\"https:\/\/diariodelsurdigital.com.ar\/wp-content\/uploads\/2025\/11\/md-8-1.webp\" \/>\n\t<meta property=\"og:image:width\" content=\"992\" \/>\n\t<meta property=\"og:image:height\" content=\"446\" \/>\n\t<meta property=\"og:image:type\" content=\"image\/webp\" \/>\n<meta name=\"author\" content=\"Diario del Sur Digital\" \/>\n<meta name=\"twitter:card\" content=\"summary_large_image\" \/>\n<meta name=\"twitter:label1\" content=\"Escrito por\" \/>\n\t<meta name=\"twitter:data1\" content=\"Diario del Sur Digital\" \/>\n\t<meta name=\"twitter:label2\" content=\"Tiempo de lectura\" \/>\n\t<meta name=\"twitter:data2\" content=\"4 minutos\" \/>\n<script type=\"application\/ld+json\" class=\"yoast-schema-graph\">{\"@context\":\"https:\\\/\\\/schema.org\",\"@graph\":[{\"@type\":\"Article\",\"@id\":\"https:\\\/\\\/diariodelsurdigital.com.ar\\\/?p=5916#article\",\"isPartOf\":{\"@id\":\"https:\\\/\\\/diariodelsurdigital.com.ar\\\/?p=5916\"},\"author\":{\"name\":\"Diario del Sur Digital\",\"@id\":\"https:\\\/\\\/diariodelsurdigital.com.ar\\\/#\\\/schema\\\/person\\\/1a4992532ed62965c968031b49195c81\"},\"headline\":\"Desde Entre R\u00edos, organizaciones feministas exigieron la declaraci\u00f3n de la emergencia en violencia de g\u00e9nero y denunciaron nuevas formas de violencia estatal\",\"datePublished\":\"2025-11-26T12:36:46+00:00\",\"dateModified\":\"2025-11-26T12:36:48+00:00\",\"mainEntityOfPage\":{\"@id\":\"https:\\\/\\\/diariodelsurdigital.com.ar\\\/?p=5916\"},\"wordCount\":724,\"commentCount\":0,\"image\":{\"@id\":\"https:\\\/\\\/diariodelsurdigital.com.ar\\\/?p=5916#primaryimage\"},\"thumbnailUrl\":\"https:\\\/\\\/diariodelsurdigital.com.ar\\\/wp-content\\\/uploads\\\/2025\\\/11\\\/md-8-1.webp\",\"articleSection\":[\"Inter\u00e9s General\",\"Provinciales\"],\"inLanguage\":\"es\",\"potentialAction\":[{\"@type\":\"CommentAction\",\"name\":\"Comment\",\"target\":[\"https:\\\/\\\/diariodelsurdigital.com.ar\\\/?p=5916#respond\"]}]},{\"@type\":\"WebPage\",\"@id\":\"https:\\\/\\\/diariodelsurdigital.com.ar\\\/?p=5916\",\"url\":\"https:\\\/\\\/diariodelsurdigital.com.ar\\\/?p=5916\",\"name\":\"Desde Entre R\u00edos, organizaciones feministas exigieron la declaraci\u00f3n de la emergencia en violencia de g\u00e9nero y denunciaron nuevas formas de violencia estatal - Diario del Sur\",\"isPartOf\":{\"@id\":\"https:\\\/\\\/diariodelsurdigital.com.ar\\\/#website\"},\"primaryImageOfPage\":{\"@id\":\"https:\\\/\\\/diariodelsurdigital.com.ar\\\/?p=5916#primaryimage\"},\"image\":{\"@id\":\"https:\\\/\\\/diariodelsurdigital.com.ar\\\/?p=5916#primaryimage\"},\"thumbnailUrl\":\"https:\\\/\\\/diariodelsurdigital.com.ar\\\/wp-content\\\/uploads\\\/2025\\\/11\\\/md-8-1.webp\",\"datePublished\":\"2025-11-26T12:36:46+00:00\",\"dateModified\":\"2025-11-26T12:36:48+00:00\",\"author\":{\"@id\":\"https:\\\/\\\/diariodelsurdigital.com.ar\\\/#\\\/schema\\\/person\\\/1a4992532ed62965c968031b49195c81\"},\"breadcrumb\":{\"@id\":\"https:\\\/\\\/diariodelsurdigital.com.ar\\\/?p=5916#breadcrumb\"},\"inLanguage\":\"es\",\"potentialAction\":[{\"@type\":\"ReadAction\",\"target\":[\"https:\\\/\\\/diariodelsurdigital.com.ar\\\/?p=5916\"]}]},{\"@type\":\"ImageObject\",\"inLanguage\":\"es\",\"@id\":\"https:\\\/\\\/diariodelsurdigital.com.ar\\\/?p=5916#primaryimage\",\"url\":\"https:\\\/\\\/diariodelsurdigital.com.ar\\\/wp-content\\\/uploads\\\/2025\\\/11\\\/md-8-1.webp\",\"contentUrl\":\"https:\\\/\\\/diariodelsurdigital.com.ar\\\/wp-content\\\/uploads\\\/2025\\\/11\\\/md-8-1.webp\",\"width\":992,\"height\":446},{\"@type\":\"BreadcrumbList\",\"@id\":\"https:\\\/\\\/diariodelsurdigital.com.ar\\\/?p=5916#breadcrumb\",\"itemListElement\":[{\"@type\":\"ListItem\",\"position\":1,\"name\":\"Portada\",\"item\":\"https:\\\/\\\/diariodelsurdigital.com.ar\\\/\"},{\"@type\":\"ListItem\",\"position\":2,\"name\":\"Desde Entre R\u00edos, organizaciones feministas exigieron la declaraci\u00f3n de la emergencia en violencia de g\u00e9nero y denunciaron nuevas formas de violencia estatal\"}]},{\"@type\":\"WebSite\",\"@id\":\"https:\\\/\\\/diariodelsurdigital.com.ar\\\/#website\",\"url\":\"https:\\\/\\\/diariodelsurdigital.com.ar\\\/\",\"name\":\"Diario del Sur\",\"description\":\"Digital\",\"potentialAction\":[{\"@type\":\"SearchAction\",\"target\":{\"@type\":\"EntryPoint\",\"urlTemplate\":\"https:\\\/\\\/diariodelsurdigital.com.ar\\\/?s={search_term_string}\"},\"query-input\":{\"@type\":\"PropertyValueSpecification\",\"valueRequired\":true,\"valueName\":\"search_term_string\"}}],\"inLanguage\":\"es\"},{\"@type\":\"Person\",\"@id\":\"https:\\\/\\\/diariodelsurdigital.com.ar\\\/#\\\/schema\\\/person\\\/1a4992532ed62965c968031b49195c81\",\"name\":\"Diario del Sur Digital\",\"image\":{\"@type\":\"ImageObject\",\"inLanguage\":\"es\",\"@id\":\"https:\\\/\\\/secure.gravatar.com\\\/avatar\\\/f0c7c47fc7146d19828273b9b8eda651c9c7ab583767e6338d3d3bee825adf76?s=96&d=mm&r=g\",\"url\":\"https:\\\/\\\/secure.gravatar.com\\\/avatar\\\/f0c7c47fc7146d19828273b9b8eda651c9c7ab583767e6338d3d3bee825adf76?s=96&d=mm&r=g\",\"contentUrl\":\"https:\\\/\\\/secure.gravatar.com\\\/avatar\\\/f0c7c47fc7146d19828273b9b8eda651c9c7ab583767e6338d3d3bee825adf76?s=96&d=mm&r=g\",\"caption\":\"Diario del Sur Digital\"},\"url\":\"https:\\\/\\\/diariodelsurdigital.com.ar\\\/?author=4\"}]}<\/script>\n<!-- \/ Yoast SEO plugin. -->","yoast_head_json":{"title":"Desde Entre R\u00edos, organizaciones feministas exigieron la declaraci\u00f3n de la emergencia en violencia de g\u00e9nero y denunciaron nuevas formas de violencia estatal - Diario del Sur","robots":{"index":"index","follow":"follow","max-snippet":"max-snippet:-1","max-image-preview":"max-image-preview:large","max-video-preview":"max-video-preview:-1"},"canonical":"https:\/\/diariodelsurdigital.com.ar\/?p=5916","og_locale":"es_ES","og_type":"article","og_title":"Desde Entre R\u00edos, organizaciones feministas exigieron la declaraci\u00f3n de la emergencia en violencia de g\u00e9nero y denunciaron nuevas formas de violencia estatal - Diario del Sur","og_description":"En el marco del D\u00eda Internacional de la Eliminaci\u00f3n de la Violencia contra las Mujeres, organizaciones feministas, sociales y de disidencias de Paran\u00e1 realizaron este 25 de noviembre una masiva jornada de reflexi\u00f3n y protesta en la Plaza 1\u00b0 de Mayo. Durante el acto, alertaron sobre el recrudecimiento de las violencias machistas, el desmantelamiento de [&hellip;]","og_url":"https:\/\/diariodelsurdigital.com.ar\/?p=5916","og_site_name":"Diario del Sur","article_published_time":"2025-11-26T12:36:46+00:00","article_modified_time":"2025-11-26T12:36:48+00:00","og_image":[{"width":992,"height":446,"url":"https:\/\/diariodelsurdigital.com.ar\/wp-content\/uploads\/2025\/11\/md-8-1.webp","type":"image\/webp"}],"author":"Diario del Sur Digital","twitter_card":"summary_large_image","twitter_misc":{"Escrito por":"Diario del Sur Digital","Tiempo de lectura":"4 minutos"},"schema":{"@context":"https:\/\/schema.org","@graph":[{"@type":"Article","@id":"https:\/\/diariodelsurdigital.com.ar\/?p=5916#article","isPartOf":{"@id":"https:\/\/diariodelsurdigital.com.ar\/?p=5916"},"author":{"name":"Diario del Sur Digital","@id":"https:\/\/diariodelsurdigital.com.ar\/#\/schema\/person\/1a4992532ed62965c968031b49195c81"},"headline":"Desde Entre R\u00edos, organizaciones feministas exigieron la declaraci\u00f3n de la emergencia en violencia de g\u00e9nero y denunciaron nuevas formas de violencia estatal","datePublished":"2025-11-26T12:36:46+00:00","dateModified":"2025-11-26T12:36:48+00:00","mainEntityOfPage":{"@id":"https:\/\/diariodelsurdigital.com.ar\/?p=5916"},"wordCount":724,"commentCount":0,"image":{"@id":"https:\/\/diariodelsurdigital.com.ar\/?p=5916#primaryimage"},"thumbnailUrl":"https:\/\/diariodelsurdigital.com.ar\/wp-content\/uploads\/2025\/11\/md-8-1.webp","articleSection":["Inter\u00e9s General","Provinciales"],"inLanguage":"es","potentialAction":[{"@type":"CommentAction","name":"Comment","target":["https:\/\/diariodelsurdigital.com.ar\/?p=5916#respond"]}]},{"@type":"WebPage","@id":"https:\/\/diariodelsurdigital.com.ar\/?p=5916","url":"https:\/\/diariodelsurdigital.com.ar\/?p=5916","name":"Desde Entre R\u00edos, organizaciones feministas exigieron la declaraci\u00f3n de la emergencia en violencia de g\u00e9nero y denunciaron nuevas formas de violencia estatal - Diario del Sur","isPartOf":{"@id":"https:\/\/diariodelsurdigital.com.ar\/#website"},"primaryImageOfPage":{"@id":"https:\/\/diariodelsurdigital.com.ar\/?p=5916#primaryimage"},"image":{"@id":"https:\/\/diariodelsurdigital.com.ar\/?p=5916#primaryimage"},"thumbnailUrl":"https:\/\/diariodelsurdigital.com.ar\/wp-content\/uploads\/2025\/11\/md-8-1.webp","datePublished":"2025-11-26T12:36:46+00:00","dateModified":"2025-11-26T12:36:48+00:00","author":{"@id":"https:\/\/diariodelsurdigital.com.ar\/#\/schema\/person\/1a4992532ed62965c968031b49195c81"},"breadcrumb":{"@id":"https:\/\/diariodelsurdigital.com.ar\/?p=5916#breadcrumb"},"inLanguage":"es","potentialAction":[{"@type":"ReadAction","target":["https:\/\/diariodelsurdigital.com.ar\/?p=5916"]}]},{"@type":"ImageObject","inLanguage":"es","@id":"https:\/\/diariodelsurdigital.com.ar\/?p=5916#primaryimage","url":"https:\/\/diariodelsurdigital.com.ar\/wp-content\/uploads\/2025\/11\/md-8-1.webp","contentUrl":"https:\/\/diariodelsurdigital.com.ar\/wp-content\/uploads\/2025\/11\/md-8-1.webp","width":992,"height":446},{"@type":"BreadcrumbList","@id":"https:\/\/diariodelsurdigital.com.ar\/?p=5916#breadcrumb","itemListElement":[{"@type":"ListItem","position":1,"name":"Portada","item":"https:\/\/diariodelsurdigital.com.ar\/"},{"@type":"ListItem","position":2,"name":"Desde Entre R\u00edos, organizaciones feministas exigieron la declaraci\u00f3n de la emergencia en violencia de g\u00e9nero y denunciaron nuevas formas de violencia estatal"}]},{"@type":"WebSite","@id":"https:\/\/diariodelsurdigital.com.ar\/#website","url":"https:\/\/diariodelsurdigital.com.ar\/","name":"Diario del Sur","description":"Digital","potentialAction":[{"@type":"SearchAction","target":{"@type":"EntryPoint","urlTemplate":"https:\/\/diariodelsurdigital.com.ar\/?s={search_term_string}"},"query-input":{"@type":"PropertyValueSpecification","valueRequired":true,"valueName":"search_term_string"}}],"inLanguage":"es"},{"@type":"Person","@id":"https:\/\/diariodelsurdigital.com.ar\/#\/schema\/person\/1a4992532ed62965c968031b49195c81","name":"Diario del Sur Digital","image":{"@type":"ImageObject","inLanguage":"es","@id":"https:\/\/secure.gravatar.com\/avatar\/f0c7c47fc7146d19828273b9b8eda651c9c7ab583767e6338d3d3bee825adf76?s=96&d=mm&r=g","url":"https:\/\/secure.gravatar.com\/avatar\/f0c7c47fc7146d19828273b9b8eda651c9c7ab583767e6338d3d3bee825adf76?s=96&d=mm&r=g","contentUrl":"https:\/\/secure.gravatar.com\/avatar\/f0c7c47fc7146d19828273b9b8eda651c9c7ab583767e6338d3d3bee825adf76?s=96&d=mm&r=g","caption":"Diario del Sur Digital"},"url":"https:\/\/diariodelsurdigital.com.ar\/?author=4"}]}},"_links":{"self":[{"href":"https:\/\/diariodelsurdigital.com.ar\/index.php?rest_route=\/wp\/v2\/posts\/5916","targetHints":{"allow":["GET"]}}],"collection":[{"href":"https:\/\/diariodelsurdigital.com.ar\/index.php?rest_route=\/wp\/v2\/posts"}],"about":[{"href":"https:\/\/diariodelsurdigital.com.ar\/index.php?rest_route=\/wp\/v2\/types\/post"}],"author":[{"embeddable":true,"href":"https:\/\/diariodelsurdigital.com.ar\/index.php?rest_route=\/wp\/v2\/users\/4"}],"replies":[{"embeddable":true,"href":"https:\/\/diariodelsurdigital.com.ar\/index.php?rest_route=%2Fwp%2Fv2%2Fcomments&post=5916"}],"version-history":[{"count":1,"href":"https:\/\/diariodelsurdigital.com.ar\/index.php?rest_route=\/wp\/v2\/posts\/5916\/revisions"}],"predecessor-version":[{"id":5918,"href":"https:\/\/diariodelsurdigital.com.ar\/index.php?rest_route=\/wp\/v2\/posts\/5916\/revisions\/5918"}],"wp:featuredmedia":[{"embeddable":true,"href":"https:\/\/diariodelsurdigital.com.ar\/index.php?rest_route=\/wp\/v2\/media\/5917"}],"wp:attachment":[{"href":"https:\/\/diariodelsurdigital.com.ar\/index.php?rest_route=%2Fwp%2Fv2%2Fmedia&parent=5916"}],"wp:term":[{"taxonomy":"category","embeddable":true,"href":"https:\/\/diariodelsurdigital.com.ar\/index.php?rest_route=%2Fwp%2Fv2%2Fcategories&post=5916"},{"taxonomy":"post_tag","embeddable":true,"href":"https:\/\/diariodelsurdigital.com.ar\/index.php?rest_route=%2Fwp%2Fv2%2Ftags&post=5916"}],"curies":[{"name":"wp","href":"https:\/\/api.w.org\/{rel}","templated":true}]}}