{"id":5919,"date":"2025-11-26T17:48:27","date_gmt":"2025-11-26T20:48:27","guid":{"rendered":"https:\/\/diariodelsurdigital.com.ar\/?p=5919"},"modified":"2025-11-26T17:48:28","modified_gmt":"2025-11-26T20:48:28","slug":"gaillard-denuncia-intento-de-disciplinamiento-por-parte-del-pj-con-sanciones-y-expulsiones-en-la-reunion-del-consejo-provincial","status":"publish","type":"post","link":"https:\/\/diariodelsurdigital.com.ar\/?p=5919","title":{"rendered":"Gaillard denuncia intento de disciplinamiento por parte del PJ con sanciones y expulsiones en la reuni\u00f3n del consejo provincial"},"content":{"rendered":"\n<p><\/p>\n\n\n\n<p>La diputada nacional Carolina Gaillard expres\u00f3 su rechazo a las sanciones que sectores del Partido Justicialista de Entre R\u00edos buscan imponer a partir de este jueves por la tarde en una reuni\u00f3n convocada por el Consejo Provincial. Se\u00f1al\u00f3 que<strong> la iniciativa \u201ccarece de fundamento pol\u00edtico y jur\u00eddico\u201d y que pretende responsabilizar a quienes denunciaron la falta de democracia interna que caracteriza hoy al partido. \u201cNo voy a callarme para convalidar injusticias\u201d, afirm\u00f3.<\/strong><\/p>\n\n\n\n<p>Mediante una misiva ingresada al Consejo Provincial del Partido JUsticialista, Gaillard remarc\u00f3 que<strong> nunca hubo un cronograma de internas, que la Junta Electoral se conform\u00f3 sin equilibrio ni transparencia y que la supuesta falta de avales fue apenas una excusa para evitar la competencia.<\/strong> Asegur\u00f3 que las derrotas de 2023 y 2025 no tienen relaci\u00f3n con quienes compitieron por fuera, sino <strong>con una conducci\u00f3n que \u201ccerr\u00f3 el partido, bloque\u00f3 la participaci\u00f3n y renunci\u00f3 a enfrentar con claridad los modelos de Milei y Frigerio\u201d.<\/strong><\/p>\n\n\n\n<p>Tambi\u00e9n cuestion\u00f3 a quienes<strong> impulsan sanciones mientras guardaron silencio ante hechos mucho m\u00e1s graves. Record\u00f3 que dilataron la expulsi\u00f3n del senador Edgardo Kueider tras acompa\u00f1ar la Ley Bases y que incluso hubo dirigentes que le pidieron que la votara.<\/strong> \u201cHablan de lealtad quienes avalaron una norma regresiva y contraria a los intereses de nuestro pueblo\u201d, se\u00f1al\u00f3. Exigi\u00f3 adem\u00e1s <strong>que se investigue a quienes facilitaron la Ley Bases o fueron denunciados por colaborar pol\u00edtica o econ\u00f3micamente con el ascenso de Javier Milei.<\/strong><\/p>\n\n\n\n<p><strong>Gaillard advirti\u00f3 que el PJ entrerriano qued\u00f3 reh\u00e9n de una minor\u00eda que busca disciplinar voces y cerrar el debate.<\/strong><br>Cuestion\u00f3 las trayectorias \u201czigzagueantes\u201d o directamente ajenas al peronismo de algunos dirigentes que hoy se erigen como guardianes de la doctrina, mientras el partido pierde cohesi\u00f3n y capacidad de representar a la sociedad entrerriana.<\/p>\n\n\n\n<p>Respecto de su recorrido, sintetiz\u00f3 <strong>su labor al frente de Comisiones clave y su defensa de la soberan\u00eda econ\u00f3mica, la cultura, las universidades, Aerol\u00edneas Argentinas y los derechos de los jubilados. \u201cMi coherencia es p\u00fablica y conocida. Nunca fui tibia\u201d, afirm\u00f3.<\/strong><\/p>\n\n\n\n<p>Gaillard llam\u00f3 a<strong> convocar de manera urgente a una mesa amplia de unidad con todos los sectores que participaron en la elecci\u00f3n del 26 de octubre, de cara a reconstruir una propuesta s\u00f3lida para 2027. \u201cLos partidos no tienen due\u00f1os ni ceos. Son herramientas del pueblo, no espacios administrados seg\u00fan conveniencias coyunturales\u201d, expres\u00f3.<\/strong><\/p>\n\n\n\n<p>La diputada cerr\u00f3 con una definici\u00f3n clara:<strong> \u201cEl peronismo ser\u00e1 transformador o no ser\u00e1 nada. Nuestra responsabilidad es volver a ponerlo a la altura de su historia, abrir debates y defender a los trabajadores, no perseguir a quienes pensamos distinto. Callarme hubiera sido convalidar, y yo no convalido injusticias\u201d.<\/strong><\/p>\n\n\n\n<p><strong>FACS\u00cdMIL DE LA NOTA INGRESADA AL CONSEJO PROVINCIAL DEL PARTIDO JUSTICIALISTA DE ENTRE R\u00cdOS:<\/strong><\/p>\n\n\n\n<p><strong>EXPRESO POSICI\u00d3N SOBRE LA SITUACI\u00d3N DEL PARTIDO JUSTICIALISTA DE ENTRE RIOS<\/strong><\/p>\n\n\n\n<p>Se\u00f1or Presidente del Consejo Provincial<\/p>\n\n\n\n<p>Partido Justicialista de Entre R\u00edos<\/p>\n\n\n\n<p>S__________\/_________D<\/p>\n\n\n\n<p>De mi mayor consideraci\u00f3n:<\/p>\n\n\n\n<p>Por medio de la presente, y habiendo tomado conocimiento \u2014en primer lugar, a trav\u00e9s de distintos medios de comunicaci\u00f3n, y posteriormente mediante la notificaci\u00f3n del temario de reuni\u00f3n fechado el 27 de noviembre del corriente a\u00f1o\u2014 de que en el mismo se incluye, como punto del orden del d\u00eda, la <em>evaluaci\u00f3n de solicitudes de sanciones promovidas por afiliados,<\/em> vengo a realizar la siguiente presentaci\u00f3n a fin de expresar mi posici\u00f3n en car\u00e1cter de afiliada al Partido Justicialista de la Provincia de Entre R\u00edos.,<\/p>\n\n\n\n<p>A lo largo de toda mi trayectoria pol\u00edtica he defendido con convicci\u00f3n los principios doctrinarios y los valores hist\u00f3ricos del peronismo. Por eso me resulta imprescindible aclarar ante este Consejo Provincial que las acciones promovidas contra mi persona no solo carecen de fundamento pol\u00edtico y jur\u00eddico, sino que adem\u00e1s responden a una lectura sesgada y oportunista del proceso electoral reciente, donde se pretende responsabilizar a quienes denunciamos, con honestidad y coherencia, la falta de democracia interna, la ausencia de debate real y el cierre sistem\u00e1tico de los canales de participaci\u00f3n en nuestro partido.<\/p>\n\n\n\n<p>Lamentablemente, el tener que optar por esta v\u00eda, en lugar de haber sido convocada a un debate sincero y claro, de cara a la sociedad y a la militancia de la provincia de Entre R\u00edos, no hace m\u00e1s que evidenciar la absurda precariedad de las estructuras partidarias. Estructuras que, lejos de honrar el legado hist\u00f3rico del peronismo, se han ocupado \u00fanicamente de buscar culpables en vez de trabajar seriamente por una aut\u00e9ntica unidad del campo popular.<\/p>\n\n\n\n<p>Mi decisi\u00f3n de competir en la \u00faltima elecci\u00f3n por fuera de la estructura partidaria no fue un acto de ruptura, sino una respuesta frente a una conducci\u00f3n cerrada que eligi\u00f3 evitar las internas, negar la diversidad interna del peronismo y bloquear cualquier instancia de discusi\u00f3n abierta.<\/p>\n\n\n\n<p>Es por ello que considero indispensable dejar establecidas ciertas cuestiones que constituyeron el antecedente directo de decisiones arbitrarias que minaron por completo el debate interno y el funcionamiento democr\u00e1tico del partido:<\/p>\n\n\n\n<ol style=\"list-style-type:lower-alpha\" class=\"wp-block-list\">\n<li><strong>El Consejo Provincial jam\u00e1s debati\u00f3 un cronograma de internas<\/strong>, pese a mis reiterados planteos y a la obligaci\u00f3n pol\u00edtica de garantizar reglas claras de participaci\u00f3n.<\/li>\n\n\n\n<li><strong>La Junta Electoral no fue conformada con criterios de equilibrio, transparencia ni representaci\u00f3n plural<\/strong>, circunstancia que se\u00f1al\u00e9 oportunamente y que jam\u00e1s fue atendida.<\/li>\n\n\n\n<li><strong>La supuesta \u201cfalta de avales\u201d utilizada para justificar la suspensi\u00f3n de las internas fue una excusa<\/strong>, siendo de p\u00fablico conocimiento que la verdadera raz\u00f3n fue la falta de fondos y la decisi\u00f3n pol\u00edtica de evitar la competencia.<\/li>\n\n\n\n<li><strong>La lista \u00fanica resultante excluy\u00f3 sectores completos del peronismo<\/strong>, dejando en evidencia la ausencia total de voluntad integradora y el cierre deliberado del partido a la diversidad de voces que lo componen.<\/li>\n<\/ol>\n\n\n\n<p><strong>La deslealtad de los supuestos \u201cleales\u201d<\/strong><\/p>\n\n\n\n<p>El peronismo, como movimiento nacional y popular, ha conocido a lo largo de su historia la deslealtad de ciertos dirigentes que, lejos de representar la doctrina y la voluntad de los militantes, han elegido resguardar intereses individuales y acceder a cargos de privilegio, aun cuando ello implicara ir en contra de los principios fundamentales del movimiento.<\/p>\n\n\n\n<p>En ese contexto, no puedo dejar de mencionar que quienes hoy impulsan sanciones y expulsiones contra nosotros <strong>son los mismos que dilataron la expulsi\u00f3n del senador Kueider<\/strong> luego de su voto afirmativo a la Ley Bases. Y lo hicieron porque previamente hab\u00edan promovido \u2014como es de p\u00fablico conocimiento\u2014 una reuni\u00f3n virtual para solicitarle que acompa\u00f1ara dicha norma regresiva.<\/p>\n\n\n\n<p>Por tal motivo,<strong> exijo la misma rigurosidad para abrir procesos internos contra quienes impulsaron, promovieron o facilitaron la Ley Bases, lesiva para los intereses del pueblo argentino y contraria a toda tradici\u00f3n justicialista.<\/strong><\/p>\n\n\n\n<p>Del mismo modo, <strong>corresponde iniciar investigaciones internas respecto de quienes han sido denunciados por contribuir pol\u00edtica o econ\u00f3micamente al ascenso de candidatos opositores, incluso del actual presidente Javier Milei<a id=\"_ftnref1\" href=\"#_ftn1\">[1]<\/a>. Esa conducta, de ser cierta, ser\u00eda absolutamente incompatible con la lealtad partidaria y con la responsabilidad doctrinaria que exige nuestro movimiento.<\/strong><\/p>\n\n\n\n<p><strong>Es momento de terminar con la hipocres\u00eda.<\/strong><\/p>\n\n\n\n<p>Las sucesivas derrotas electorales \u20142023 y 2025\u2014 no se explican por quienes decidimos competir por fuera ante el cierre total de la vida interna del partido, sino por la falta de conducci\u00f3n, la ausencia de debate y la renuncia a confrontar los modelos neoliberales de Frigerio y Milei con la fuerza y la claridad que exige la historia del peronismo entrerriano.<\/p>\n\n\n\n<p>Mi trayectoria p\u00fablica ha sido coherente e intachable a lo largo de mi mandato como diputada nacional. He tenido el honor de presidir las Comisiones de Salud, de Legislaci\u00f3n Penal de la Honorable C\u00e1mara de Diputados de la Naci\u00f3n, impulsando desde ese rol la sanci\u00f3n de leyes importantes como la Ley de Cannabis Medicinal y C\u00e1\u00f1amo Industrial y la nueva ley de VIH, Hepatitis Virales y Tuberculosis.<\/p>\n\n\n\n<p><strong>Tambi\u00e9n tuve el honor y la enorme responsabilidad de presidir la Comisi\u00f3n de Juicio Pol\u00edtico de la C\u00e1mara de Diputados de la Naci\u00f3n, a trav\u00e9s de la cual llevamos adelante la conducci\u00f3n de un proceso constitucional hist\u00f3rico, para determinar responsabilidades de los jueces de la Corte Suprema, en virtud de las denuncias por mal desempe\u00f1o promovidas por legisladores y la sociedad civil. Esa experiencia reafirm\u00f3 mi convicci\u00f3n de que no hay construcci\u00f3n pol\u00edtica sin coraje, sin transparencia y sin verdad.<\/strong><\/p>\n\n\n\n<p>Con la misma convicci\u00f3n ejerc\u00ed mi cargo de diputada nacional denunciando la paralizaci\u00f3n de la Comisi\u00f3n Bicameral de Tr\u00e1mite Legislativo que trata los decretos de necesidad y urgencia, ante el dictado arbitrario e inconstitucional del DNU 70\/2023 que fue el antecedente de la Ley Bases, y por el cual se produjo un grave da\u00f1o a las econom\u00edas regionales, al bolsillo de los trabajadores, haciendo la vida m\u00e1s dif\u00edcil para cada familia entrerriana.&nbsp; En ese sentido hemos sido f\u00e9rreos defensores de nuestra soberan\u00eda econ\u00f3mica, cultural, cient\u00edfica, por lo cual hemos rechazado la privatizaci\u00f3n de Aerol\u00edneas Argentinas, del Banco de la Naci\u00f3n Argentina, la desaparici\u00f3n del Instituto Nacional del Teatro, nos hemos opuesto al desfinanciamiento de las Universidades, del Hospital Garraham y a la quita de mejora de jubilaciones de nuestros abuelos y abuelas. Y por supuesto hemos seguido abrazando y defendiendo las banderas de memoria, verdad y justicia.<\/p>\n\n\n\n<p>En este mundo del rev\u00e9s, quienes nos animamos a enfrentar al poder real y denunciar las mafias judiciales somos perseguidos y disciplinados, mientras que quienes garantizan privilegios y bloquean debates son premiados. Aspiro sinceramente a que eso cambie.<\/p>\n\n\n\n<p>Desde mi humilde lugar de militante, por la fuerza de mis convicciones, voy a seguir militando, participando, diciendo lo que pienso, cuestionando lo que creo que est\u00e1 mal y aportando a construir un peronismo moderno, democr\u00e1tico, federal, que incluya minor\u00edas y disidencias, que defienda la producci\u00f3n y el trabajo, pero tambi\u00e9n el ambiente y la soberan\u00eda sobre los recursos naturales.<\/p>\n\n\n\n<p><strong>El recorrido de los impulsores de sanciones<\/strong><\/p>\n\n\n\n<p>Lo parad\u00f3jico de esta delicada situaci\u00f3n es que quienes hoy se arrogan la autoridad moral para definir qu\u00e9 es o qu\u00e9 no es el peronismo parecen olvidar su propio, y zigzagueante recorrido pol\u00edtico.<\/p>\n\n\n\n<p><strong>En el caso de la intendenta de Paran\u00e1 sus or\u00edgenes provienen del Partido Intransigente y, lejos de cualquier tradici\u00f3n justicialista, pretendi\u00f3 ser en el a\u00f1o 1999 la vicegobernadora del caudillo radical Sergio Montiel (ganando la interna acompa\u00f1ando a Sergio Montiel, pero por acuerdos no logr\u00f3 mantenerse en dicha postulaci\u00f3n).<\/strong><\/p>\n\n\n\n<p>\u00a0Posteriormente en el a\u00f1o 2011 integra el Frente Entrerriano Federal que compite en las elecciones con la lista del Partido Justicialista.<\/p>\n\n\n\n<p><strong>En el caso de Guillermo Michel, pese a su afiliaci\u00f3n formal al Partido Justicialista, es actualmente un activo referente de otro partido pol\u00edtico, el Frente Renovador \u2014integrando incluso la Junta Promotora Entre R\u00edos\u2014, bajo la conducci\u00f3n de Sergio Massa y Malena Galmarini, conforme surge de la informaci\u00f3n publicada en la propia p\u00e1gina oficial del Frente Renovador.<\/strong><\/p>\n\n\n\n<p><strong>Corresponde hacer notar esta irregular situaci\u00f3n: dirigentes con trayectorias ajenas o fluctuantes intentan ahora erigirse en guardianes de la pureza doctrinaria del movimiento.<\/strong><\/p>\n\n\n\n<p><strong>El partido justicialista, lamentablemente, ha quedado de reh\u00e9n de un peque\u00f1o grupo que intenta llevar el debate a un lugar estrecho y sesgado, m\u00e1s orientado a disciplinar voces que a construir unidad.<\/strong> Son los mismos que hoy impulsan sanciones internas y alimentan operaciones judiciales, justo en un momento en el que el peronismo deber\u00eda estar concentrado en ampliar la mesa de discusi\u00f3n pol\u00edtica, integrando a todos los candidatos peronistas que participaron en las distintas listas, con el objetivo de recuperar cohesi\u00f3n, reafirmar sus convicciones hist\u00f3ricas y ofrecer una alternativa seria de cara al 2027.<\/p>\n\n\n\n<p>Mientras nuestra sociedad demanda certezas, serenidad y unidad, estos sectores prefieren discutir expulsiones antes que proyectos superadores del continuo estado de crisis. Pretenden fijar un camino \u00fanico, deso\u00edr miradas diversas y condicionar a quienes no coinciden con su visi\u00f3n de coyuntura. El peronismo naci\u00f3 del pluralismo y la amplitud de sus bases, no de la uniformidad impuesta por una minor\u00eda elitista.<\/p>\n\n\n\n<p>Hoy m\u00e1s que nunca necesitamos reencontrar los valores que hicieron grande al movimiento: la defensa de los trabajadores, la justicia social, la organizaci\u00f3n comunitaria y el federalismo real.<\/p>\n\n\n\n<p>Es tiempo de recuperar perspectiva, reconstruir unidad y volver a pensar un futuro com\u00fan con responsabilidad y vocaci\u00f3n de grandeza.<\/p>\n\n\n\n<p><strong>Por eso digo con absoluta claridad<\/strong>: no voy a aceptar sanciones de un \u00f3rgano que ha renunciado a debatir, a conducir y a defender al pueblo entrerriano.<\/p>\n\n\n\n<p><strong>Callarme hubiera sido convalidar.<\/strong><\/p>\n\n\n\n<p>A modo de reflexi\u00f3n final, eleg\u00ed representar a cientos de militantes y entrerrianos que no se sent\u00edan contenidos por la lista oficial. Si eso es un pecado, lo juzgar\u00e1 la historia. Nunca fui tibia, ni lo ser\u00e9, nunca especul\u00e9 ni voy a especular, no voy a agachar la cabeza cuando no estoy de acuerdo con decisiones. Conmigo no cuenten para eso. El peronismo ser\u00e1 transformador o no ser\u00e1 nada y nuestra obligaci\u00f3n es alzar la voz, no callarnos y convalidar.<\/p>\n\n\n\n<p>Callarme hubiera sido convalidar. Y yo no convalido injusticias.<\/p>\n\n\n\n<p><strong>Reflexi\u00f3n final por la unidad<\/strong><\/p>\n\n\n\n<p><strong>En tiempos de proscripci\u00f3n de la compa\u00f1era Cristina Fern\u00e1ndez de Kirchner<\/strong>, m\u00e1xima l\u00edder del Partido Justicialista a nivel nacional, quien ha sido proscripta por un sistema judicial corrupto y c\u00f3mplice, alineado con los sectores concentrados de la econom\u00eda, entendemos que se vuelve indispensable asumir acciones de responsabilidad pol\u00edtica. Este contexto nos exige mayor apertura, debate y participaci\u00f3n por parte de quienes circunstancialmente ocupan cargos electivos o partidarios. <strong>No es momento de cerrarse ni de restringir voces:<\/strong> es tiempo de fortalecer la representaci\u00f3n, de cuidar la unidad y de honrar la historia del movimiento nacional justicialista frente a la ofensiva de poderes f\u00e1cticos que buscan disciplinarlo bajo determinadas l\u00f3gicas.<\/p>\n\n\n\n<p>Por ello en lugar de estar ocup\u00e1ndose en evaluar sanciones se deber\u00eda estar convocando de manera urgente y prioritaria a una mesa de unidad pol\u00edtica con todos los sectores que participaron de la elecci\u00f3n del 26 de octubre pasado, de cara a construir una propuesta superadora que fortalezca al peronismo y lo constituya como alternativa y herramienta para volver a gobernar la provincia de Entre R\u00edos y el pa\u00eds en el a\u00f1o 2027.<\/p>\n\n\n\n<p><strong>Los partidos pol\u00edticos no tienen due\u00f1os ni ceos<\/strong>. Sin lugar a duda no le pertenecen a ning\u00fan dirigente en particular, ni a quienes ocupan circunstancialmente un cargo, ni a los que pretenden imponer una visi\u00f3n sectaria por encima de la voluntad colectiva. Los partidos son herramientas democr\u00e1ticas al servicio del pueblo y de un proyecto hist\u00f3rico, no patrimonios personales administrados seg\u00fan la conveniencia coyuntural.<\/p>\n\n\n\n<hr class=\"wp-block-separator has-alpha-channel-opacity\"\/>\n\n\n\n<p><a href=\"#_ftnref1\" id=\"_ftn1\">[1]<\/a> <a href=\"https:\/\/diariodelsurdigital.com.ar\/?p=5050\">https:\/\/diariodelsurdigital.com.ar\/?p=5050<\/a><\/p>\n","protected":false},"excerpt":{"rendered":"<p>La diputada nacional Carolina Gaillard expres\u00f3 su rechazo a las sanciones que sectores del Partido Justicialista de Entre R\u00edos buscan imponer a partir de este jueves por la tarde en una reuni\u00f3n convocada por el Consejo Provincial. Se\u00f1al\u00f3 que la iniciativa \u201ccarece de fundamento pol\u00edtico y jur\u00eddico\u201d y que pretende responsabilizar a quienes denunciaron la [&hellip;]<\/p>\n","protected":false},"author":2,"featured_media":5920,"comment_status":"open","ping_status":"open","sticky":false,"template":"","format":"standard","meta":{"footnotes":""},"categories":[22,17],"tags":[],"class_list":{"0":"post-5919","1":"post","2":"type-post","3":"status-publish","4":"format-standard","5":"has-post-thumbnail","7":"category-politica","8":"category-provinciales"},"yoast_head":"<!-- This site is optimized with the Yoast SEO plugin v27.4 - https:\/\/yoast.com\/product\/yoast-seo-wordpress\/ -->\n<title>Gaillard denuncia intento de disciplinamiento por parte del PJ con sanciones y expulsiones en la reuni\u00f3n del consejo provincial - Diario del Sur<\/title>\n<meta name=\"robots\" content=\"index, follow, max-snippet:-1, max-image-preview:large, max-video-preview:-1\" \/>\n<link rel=\"canonical\" href=\"https:\/\/diariodelsurdigital.com.ar\/?p=5919\" \/>\n<meta property=\"og:locale\" content=\"es_ES\" \/>\n<meta property=\"og:type\" content=\"article\" \/>\n<meta property=\"og:title\" content=\"Gaillard denuncia intento de disciplinamiento por parte del PJ con sanciones y expulsiones en la reuni\u00f3n del consejo provincial - Diario del Sur\" \/>\n<meta property=\"og:description\" content=\"La diputada nacional Carolina Gaillard expres\u00f3 su rechazo a las sanciones que sectores del Partido Justicialista de Entre R\u00edos buscan imponer a partir de este jueves por la tarde en una reuni\u00f3n convocada por el Consejo Provincial. Se\u00f1al\u00f3 que la iniciativa \u201ccarece de fundamento pol\u00edtico y jur\u00eddico\u201d y que pretende responsabilizar a quienes denunciaron la [&hellip;]\" \/>\n<meta property=\"og:url\" content=\"https:\/\/diariodelsurdigital.com.ar\/?p=5919\" \/>\n<meta property=\"og:site_name\" content=\"Diario del Sur\" \/>\n<meta property=\"article:published_time\" content=\"2025-11-26T20:48:27+00:00\" \/>\n<meta property=\"article:modified_time\" content=\"2025-11-26T20:48:28+00:00\" \/>\n<meta property=\"og:image\" content=\"https:\/\/diariodelsurdigital.com.ar\/wp-content\/uploads\/2025\/11\/J-tVa8GZ_400x400.jpg\" \/>\n\t<meta property=\"og:image:width\" content=\"466\" \/>\n\t<meta property=\"og:image:height\" content=\"307\" \/>\n\t<meta property=\"og:image:type\" content=\"image\/jpeg\" \/>\n<meta name=\"author\" content=\"Diario del Sur Digital\" \/>\n<meta name=\"twitter:card\" content=\"summary_large_image\" \/>\n<meta name=\"twitter:label1\" content=\"Escrito por\" \/>\n\t<meta name=\"twitter:data1\" content=\"Diario del Sur Digital\" \/>\n\t<meta name=\"twitter:label2\" content=\"Tiempo de lectura\" \/>\n\t<meta name=\"twitter:data2\" content=\"11 minutos\" \/>\n<script type=\"application\/ld+json\" class=\"yoast-schema-graph\">{\"@context\":\"https:\\\/\\\/schema.org\",\"@graph\":[{\"@type\":\"Article\",\"@id\":\"https:\\\/\\\/diariodelsurdigital.com.ar\\\/?p=5919#article\",\"isPartOf\":{\"@id\":\"https:\\\/\\\/diariodelsurdigital.com.ar\\\/?p=5919\"},\"author\":{\"name\":\"Diario del Sur Digital\",\"@id\":\"https:\\\/\\\/diariodelsurdigital.com.ar\\\/#\\\/schema\\\/person\\\/6136a32571657f7dba980b88b04c5465\"},\"headline\":\"Gaillard denuncia intento de disciplinamiento por parte del PJ con sanciones y expulsiones en la reuni\u00f3n del consejo provincial\",\"datePublished\":\"2025-11-26T20:48:27+00:00\",\"dateModified\":\"2025-11-26T20:48:28+00:00\",\"mainEntityOfPage\":{\"@id\":\"https:\\\/\\\/diariodelsurdigital.com.ar\\\/?p=5919\"},\"wordCount\":2545,\"commentCount\":0,\"image\":{\"@id\":\"https:\\\/\\\/diariodelsurdigital.com.ar\\\/?p=5919#primaryimage\"},\"thumbnailUrl\":\"https:\\\/\\\/diariodelsurdigital.com.ar\\\/wp-content\\\/uploads\\\/2025\\\/11\\\/J-tVa8GZ_400x400.jpg\",\"articleSection\":[\"Pol\u00edtica\",\"Provinciales\"],\"inLanguage\":\"es\",\"potentialAction\":[{\"@type\":\"CommentAction\",\"name\":\"Comment\",\"target\":[\"https:\\\/\\\/diariodelsurdigital.com.ar\\\/?p=5919#respond\"]}]},{\"@type\":\"WebPage\",\"@id\":\"https:\\\/\\\/diariodelsurdigital.com.ar\\\/?p=5919\",\"url\":\"https:\\\/\\\/diariodelsurdigital.com.ar\\\/?p=5919\",\"name\":\"Gaillard denuncia intento de disciplinamiento por parte del PJ con sanciones y expulsiones en la reuni\u00f3n del consejo provincial - Diario del Sur\",\"isPartOf\":{\"@id\":\"https:\\\/\\\/diariodelsurdigital.com.ar\\\/#website\"},\"primaryImageOfPage\":{\"@id\":\"https:\\\/\\\/diariodelsurdigital.com.ar\\\/?p=5919#primaryimage\"},\"image\":{\"@id\":\"https:\\\/\\\/diariodelsurdigital.com.ar\\\/?p=5919#primaryimage\"},\"thumbnailUrl\":\"https:\\\/\\\/diariodelsurdigital.com.ar\\\/wp-content\\\/uploads\\\/2025\\\/11\\\/J-tVa8GZ_400x400.jpg\",\"datePublished\":\"2025-11-26T20:48:27+00:00\",\"dateModified\":\"2025-11-26T20:48:28+00:00\",\"author\":{\"@id\":\"https:\\\/\\\/diariodelsurdigital.com.ar\\\/#\\\/schema\\\/person\\\/6136a32571657f7dba980b88b04c5465\"},\"breadcrumb\":{\"@id\":\"https:\\\/\\\/diariodelsurdigital.com.ar\\\/?p=5919#breadcrumb\"},\"inLanguage\":\"es\",\"potentialAction\":[{\"@type\":\"ReadAction\",\"target\":[\"https:\\\/\\\/diariodelsurdigital.com.ar\\\/?p=5919\"]}]},{\"@type\":\"ImageObject\",\"inLanguage\":\"es\",\"@id\":\"https:\\\/\\\/diariodelsurdigital.com.ar\\\/?p=5919#primaryimage\",\"url\":\"https:\\\/\\\/diariodelsurdigital.com.ar\\\/wp-content\\\/uploads\\\/2025\\\/11\\\/J-tVa8GZ_400x400.jpg\",\"contentUrl\":\"https:\\\/\\\/diariodelsurdigital.com.ar\\\/wp-content\\\/uploads\\\/2025\\\/11\\\/J-tVa8GZ_400x400.jpg\",\"width\":466,\"height\":307},{\"@type\":\"BreadcrumbList\",\"@id\":\"https:\\\/\\\/diariodelsurdigital.com.ar\\\/?p=5919#breadcrumb\",\"itemListElement\":[{\"@type\":\"ListItem\",\"position\":1,\"name\":\"Portada\",\"item\":\"https:\\\/\\\/diariodelsurdigital.com.ar\\\/\"},{\"@type\":\"ListItem\",\"position\":2,\"name\":\"Gaillard denuncia intento de disciplinamiento por parte del PJ con sanciones y expulsiones en la reuni\u00f3n del consejo provincial\"}]},{\"@type\":\"WebSite\",\"@id\":\"https:\\\/\\\/diariodelsurdigital.com.ar\\\/#website\",\"url\":\"https:\\\/\\\/diariodelsurdigital.com.ar\\\/\",\"name\":\"Diario del Sur\",\"description\":\"Digital\",\"potentialAction\":[{\"@type\":\"SearchAction\",\"target\":{\"@type\":\"EntryPoint\",\"urlTemplate\":\"https:\\\/\\\/diariodelsurdigital.com.ar\\\/?s={search_term_string}\"},\"query-input\":{\"@type\":\"PropertyValueSpecification\",\"valueRequired\":true,\"valueName\":\"search_term_string\"}}],\"inLanguage\":\"es\"},{\"@type\":\"Person\",\"@id\":\"https:\\\/\\\/diariodelsurdigital.com.ar\\\/#\\\/schema\\\/person\\\/6136a32571657f7dba980b88b04c5465\",\"name\":\"Diario del Sur Digital\",\"image\":{\"@type\":\"ImageObject\",\"inLanguage\":\"es\",\"@id\":\"https:\\\/\\\/secure.gravatar.com\\\/avatar\\\/4c29ceac98541dd42460b2474aaa5dd37594d6ce6cb3cf2c101d09b48ee287ba?s=96&d=mm&r=g\",\"url\":\"https:\\\/\\\/secure.gravatar.com\\\/avatar\\\/4c29ceac98541dd42460b2474aaa5dd37594d6ce6cb3cf2c101d09b48ee287ba?s=96&d=mm&r=g\",\"contentUrl\":\"https:\\\/\\\/secure.gravatar.com\\\/avatar\\\/4c29ceac98541dd42460b2474aaa5dd37594d6ce6cb3cf2c101d09b48ee287ba?s=96&d=mm&r=g\",\"caption\":\"Diario del Sur Digital\"},\"url\":\"https:\\\/\\\/diariodelsurdigital.com.ar\\\/?author=2\"}]}<\/script>\n<!-- \/ Yoast SEO plugin. -->","yoast_head_json":{"title":"Gaillard denuncia intento de disciplinamiento por parte del PJ con sanciones y expulsiones en la reuni\u00f3n del consejo provincial - Diario del Sur","robots":{"index":"index","follow":"follow","max-snippet":"max-snippet:-1","max-image-preview":"max-image-preview:large","max-video-preview":"max-video-preview:-1"},"canonical":"https:\/\/diariodelsurdigital.com.ar\/?p=5919","og_locale":"es_ES","og_type":"article","og_title":"Gaillard denuncia intento de disciplinamiento por parte del PJ con sanciones y expulsiones en la reuni\u00f3n del consejo provincial - Diario del Sur","og_description":"La diputada nacional Carolina Gaillard expres\u00f3 su rechazo a las sanciones que sectores del Partido Justicialista de Entre R\u00edos buscan imponer a partir de este jueves por la tarde en una reuni\u00f3n convocada por el Consejo Provincial. Se\u00f1al\u00f3 que la iniciativa \u201ccarece de fundamento pol\u00edtico y jur\u00eddico\u201d y que pretende responsabilizar a quienes denunciaron la [&hellip;]","og_url":"https:\/\/diariodelsurdigital.com.ar\/?p=5919","og_site_name":"Diario del Sur","article_published_time":"2025-11-26T20:48:27+00:00","article_modified_time":"2025-11-26T20:48:28+00:00","og_image":[{"width":466,"height":307,"url":"https:\/\/diariodelsurdigital.com.ar\/wp-content\/uploads\/2025\/11\/J-tVa8GZ_400x400.jpg","type":"image\/jpeg"}],"author":"Diario del Sur Digital","twitter_card":"summary_large_image","twitter_misc":{"Escrito por":"Diario del Sur Digital","Tiempo de lectura":"11 minutos"},"schema":{"@context":"https:\/\/schema.org","@graph":[{"@type":"Article","@id":"https:\/\/diariodelsurdigital.com.ar\/?p=5919#article","isPartOf":{"@id":"https:\/\/diariodelsurdigital.com.ar\/?p=5919"},"author":{"name":"Diario del Sur Digital","@id":"https:\/\/diariodelsurdigital.com.ar\/#\/schema\/person\/6136a32571657f7dba980b88b04c5465"},"headline":"Gaillard denuncia intento de disciplinamiento por parte del PJ con sanciones y expulsiones en la reuni\u00f3n del consejo provincial","datePublished":"2025-11-26T20:48:27+00:00","dateModified":"2025-11-26T20:48:28+00:00","mainEntityOfPage":{"@id":"https:\/\/diariodelsurdigital.com.ar\/?p=5919"},"wordCount":2545,"commentCount":0,"image":{"@id":"https:\/\/diariodelsurdigital.com.ar\/?p=5919#primaryimage"},"thumbnailUrl":"https:\/\/diariodelsurdigital.com.ar\/wp-content\/uploads\/2025\/11\/J-tVa8GZ_400x400.jpg","articleSection":["Pol\u00edtica","Provinciales"],"inLanguage":"es","potentialAction":[{"@type":"CommentAction","name":"Comment","target":["https:\/\/diariodelsurdigital.com.ar\/?p=5919#respond"]}]},{"@type":"WebPage","@id":"https:\/\/diariodelsurdigital.com.ar\/?p=5919","url":"https:\/\/diariodelsurdigital.com.ar\/?p=5919","name":"Gaillard denuncia intento de disciplinamiento por parte del PJ con sanciones y expulsiones en la reuni\u00f3n del consejo provincial - Diario del Sur","isPartOf":{"@id":"https:\/\/diariodelsurdigital.com.ar\/#website"},"primaryImageOfPage":{"@id":"https:\/\/diariodelsurdigital.com.ar\/?p=5919#primaryimage"},"image":{"@id":"https:\/\/diariodelsurdigital.com.ar\/?p=5919#primaryimage"},"thumbnailUrl":"https:\/\/diariodelsurdigital.com.ar\/wp-content\/uploads\/2025\/11\/J-tVa8GZ_400x400.jpg","datePublished":"2025-11-26T20:48:27+00:00","dateModified":"2025-11-26T20:48:28+00:00","author":{"@id":"https:\/\/diariodelsurdigital.com.ar\/#\/schema\/person\/6136a32571657f7dba980b88b04c5465"},"breadcrumb":{"@id":"https:\/\/diariodelsurdigital.com.ar\/?p=5919#breadcrumb"},"inLanguage":"es","potentialAction":[{"@type":"ReadAction","target":["https:\/\/diariodelsurdigital.com.ar\/?p=5919"]}]},{"@type":"ImageObject","inLanguage":"es","@id":"https:\/\/diariodelsurdigital.com.ar\/?p=5919#primaryimage","url":"https:\/\/diariodelsurdigital.com.ar\/wp-content\/uploads\/2025\/11\/J-tVa8GZ_400x400.jpg","contentUrl":"https:\/\/diariodelsurdigital.com.ar\/wp-content\/uploads\/2025\/11\/J-tVa8GZ_400x400.jpg","width":466,"height":307},{"@type":"BreadcrumbList","@id":"https:\/\/diariodelsurdigital.com.ar\/?p=5919#breadcrumb","itemListElement":[{"@type":"ListItem","position":1,"name":"Portada","item":"https:\/\/diariodelsurdigital.com.ar\/"},{"@type":"ListItem","position":2,"name":"Gaillard denuncia intento de disciplinamiento por parte del PJ con sanciones y expulsiones en la reuni\u00f3n del consejo provincial"}]},{"@type":"WebSite","@id":"https:\/\/diariodelsurdigital.com.ar\/#website","url":"https:\/\/diariodelsurdigital.com.ar\/","name":"Diario del Sur","description":"Digital","potentialAction":[{"@type":"SearchAction","target":{"@type":"EntryPoint","urlTemplate":"https:\/\/diariodelsurdigital.com.ar\/?s={search_term_string}"},"query-input":{"@type":"PropertyValueSpecification","valueRequired":true,"valueName":"search_term_string"}}],"inLanguage":"es"},{"@type":"Person","@id":"https:\/\/diariodelsurdigital.com.ar\/#\/schema\/person\/6136a32571657f7dba980b88b04c5465","name":"Diario del Sur Digital","image":{"@type":"ImageObject","inLanguage":"es","@id":"https:\/\/secure.gravatar.com\/avatar\/4c29ceac98541dd42460b2474aaa5dd37594d6ce6cb3cf2c101d09b48ee287ba?s=96&d=mm&r=g","url":"https:\/\/secure.gravatar.com\/avatar\/4c29ceac98541dd42460b2474aaa5dd37594d6ce6cb3cf2c101d09b48ee287ba?s=96&d=mm&r=g","contentUrl":"https:\/\/secure.gravatar.com\/avatar\/4c29ceac98541dd42460b2474aaa5dd37594d6ce6cb3cf2c101d09b48ee287ba?s=96&d=mm&r=g","caption":"Diario del Sur Digital"},"url":"https:\/\/diariodelsurdigital.com.ar\/?author=2"}]}},"_links":{"self":[{"href":"https:\/\/diariodelsurdigital.com.ar\/index.php?rest_route=\/wp\/v2\/posts\/5919","targetHints":{"allow":["GET"]}}],"collection":[{"href":"https:\/\/diariodelsurdigital.com.ar\/index.php?rest_route=\/wp\/v2\/posts"}],"about":[{"href":"https:\/\/diariodelsurdigital.com.ar\/index.php?rest_route=\/wp\/v2\/types\/post"}],"author":[{"embeddable":true,"href":"https:\/\/diariodelsurdigital.com.ar\/index.php?rest_route=\/wp\/v2\/users\/2"}],"replies":[{"embeddable":true,"href":"https:\/\/diariodelsurdigital.com.ar\/index.php?rest_route=%2Fwp%2Fv2%2Fcomments&post=5919"}],"version-history":[{"count":1,"href":"https:\/\/diariodelsurdigital.com.ar\/index.php?rest_route=\/wp\/v2\/posts\/5919\/revisions"}],"predecessor-version":[{"id":5921,"href":"https:\/\/diariodelsurdigital.com.ar\/index.php?rest_route=\/wp\/v2\/posts\/5919\/revisions\/5921"}],"wp:featuredmedia":[{"embeddable":true,"href":"https:\/\/diariodelsurdigital.com.ar\/index.php?rest_route=\/wp\/v2\/media\/5920"}],"wp:attachment":[{"href":"https:\/\/diariodelsurdigital.com.ar\/index.php?rest_route=%2Fwp%2Fv2%2Fmedia&parent=5919"}],"wp:term":[{"taxonomy":"category","embeddable":true,"href":"https:\/\/diariodelsurdigital.com.ar\/index.php?rest_route=%2Fwp%2Fv2%2Fcategories&post=5919"},{"taxonomy":"post_tag","embeddable":true,"href":"https:\/\/diariodelsurdigital.com.ar\/index.php?rest_route=%2Fwp%2Fv2%2Ftags&post=5919"}],"curies":[{"name":"wp","href":"https:\/\/api.w.org\/{rel}","templated":true}]}}