{"id":5922,"date":"2025-11-26T21:13:12","date_gmt":"2025-11-27T00:13:12","guid":{"rendered":"https:\/\/diariodelsurdigital.com.ar\/?p=5922"},"modified":"2025-11-26T21:13:13","modified_gmt":"2025-11-27T00:13:13","slug":"requiem-para-un-veterano-de-malvinas","status":"publish","type":"post","link":"https:\/\/diariodelsurdigital.com.ar\/?p=5922","title":{"rendered":"Requiem para un veterano de Malvinas"},"content":{"rendered":"\n<p><strong>Por el Prof. Jorge Rolando Fern\u00e1ndez &#8211; (Ex rector de la Escuela Secundaria N\u00b05 \u201cSalto Grande\u201d)<\/strong><\/p>\n\n\n\n<p><strong>Recuerdos de una feliz experiencia<\/strong><\/p>\n\n\n\n<p>La partida definitiva de alguien suele provocar en los que quedamos un diverso abanico de sentimientos; nos pone en situaciones en las que buscamos nuestra mejor actitud y nuestras mejores palabras para acompa\u00f1ar a sus seres queridos m\u00e1s cercanos y que son, en realidad, los que m\u00e1s lo sienten.<\/p>\n\n\n\n<p>Contamos tambi\u00e9n con la posibilidad de quedarnos con lo mejor de ellos, de recordar aquello que fue original en nuestros v\u00ednculos, de evocar todo lo que se puso en juego para llevar adelante la apasionante tarea de vivir y de relacionarnos. Parece extra\u00f1o, pero no lo es: cuando alguien parte en medio de los mejores recuerdos las despedidas tienen otro car\u00e1cter y las amistades se renuevan. La raz\u00f3n humana no encuentra explicaciones a ciertos misterios.<\/p>\n\n\n\n<p>El reciente fallecimiento de Francisco Feherenbacher me motiv\u00f3 a traer a mi memoria aquellos d\u00edas del oto\u00f1o del a\u00f1o 2011 en los que sali\u00f3 de un anonimato que llevaba casi treinta a\u00f1os. Hab\u00eda participado de la Guerra por Malvinas en 1982 como maquinista del destructor de la Armada \u201cComodoro Py\u201d pero eran pocos los vecinos de La Criolla y de la colonia San Bonifacio que supieran esos datos precisos.<\/p>\n\n\n\n<p>Algunos miembros del Centro de Veteranos de Guerra de Malvinas de Concordia se hab\u00edan acercado a la Escuela Secundaria N\u00b0 5 \u201cSalto Grande\u201d para planificar actividades con el fin de continuar rescatando la memoria y narrar a los j\u00f3venes, en primera persona, acerca de aquel conflicto b\u00e9lico. Y fue en esa ocasi\u00f3n que Roxana Laner -vecina de Francisco que en aquel momento ten\u00eda a su cargo la concesi\u00f3n del kiosco de la Escuela- le expuso con mucha seguridad al veterano de Malvinas Mart\u00edn Albornoz acerca de Francisco Feherenbacher.<\/p>\n\n\n\n<figure class=\"wp-block-image size-full\"><img loading=\"lazy\" decoding=\"async\" width=\"432\" height=\"384\" src=\"https:\/\/diariodelsurdigital.com.ar\/wp-content\/uploads\/2025\/11\/Imagen-de-WhatsApp-2025-11-26-a-las-07.22.34_3522a127.jpg\" alt=\"\" class=\"wp-image-5923\" srcset=\"https:\/\/diariodelsurdigital.com.ar\/wp-content\/uploads\/2025\/11\/Imagen-de-WhatsApp-2025-11-26-a-las-07.22.34_3522a127.jpg 432w, https:\/\/diariodelsurdigital.com.ar\/wp-content\/uploads\/2025\/11\/Imagen-de-WhatsApp-2025-11-26-a-las-07.22.34_3522a127-300x267.jpg 300w\" sizes=\"auto, (max-width: 432px) 100vw, 432px\" \/><\/figure>\n\n\n\n<p>Pero deb\u00edamos contar con datos claros para ratificar con certeza que Francisco, el vecino de San Bonifacio que viv\u00eda en una quinta, tambi\u00e9n era veterano de guerra. Roxana realiz\u00f3 un entusiasta recorrido por varios lugares de La Criolla y volvi\u00f3 a la Escuela con datos de oro anotados en un peque\u00f1o papel: n\u00famero de documento y apellido de Francisco correctamente escrito. Los ingresamos en la p\u00e1gina del Ministerio de Defensa que nos hab\u00eda indicado Mart\u00edn y la gran verdad vio la luz: Francisco Feherenbacher tambi\u00e9n hab\u00eda participado del conflicto. Este hallazgo ocurri\u00f3 en la direcci\u00f3n de la Escuela y est\u00e1bamos presentes Mart\u00edn Albornoz, Roxana Laner y yo.<\/p>\n\n\n\n<p>A partir de esto se desarroll\u00f3 una historia m\u00e1s conocida: los veteranos de Malvinas localizaron a su antiguo compa\u00f1ero en la quinta de San Bonifacio lo que signific\u00f3 que Francisco comenzara a gozar de los beneficios que le correspond\u00edan y tambi\u00e9n del reconocimiento de sus aportes a la Patria. Estos hechos causaron un importante impacto en medios de comunicaci\u00f3n locales y nacionales.<\/p>\n\n\n\n<p>Francisco visit\u00f3 la Escuela en algunas ocasiones. Recuerdo especialmente cuando celebramos nuestro XXV aniversario: se sent\u00f3 en los primeros lugares junto a sus compa\u00f1eros veteranos y se lo ve\u00eda feliz. Posteriormente, a una de las aulas se le impuso su nombre.<\/p>\n\n\n\n<figure class=\"wp-block-image size-full\"><img loading=\"lazy\" decoding=\"async\" width=\"425\" height=\"255\" src=\"https:\/\/diariodelsurdigital.com.ar\/wp-content\/uploads\/2025\/11\/Escuela-No-5-Salto-Grande1.jpg\" alt=\"\" class=\"wp-image-5925\" srcset=\"https:\/\/diariodelsurdigital.com.ar\/wp-content\/uploads\/2025\/11\/Escuela-No-5-Salto-Grande1.jpg 425w, https:\/\/diariodelsurdigital.com.ar\/wp-content\/uploads\/2025\/11\/Escuela-No-5-Salto-Grande1-300x180.jpg 300w\" sizes=\"auto, (max-width: 425px) 100vw, 425px\" \/><\/figure>\n\n\n\n<p>Qu\u00e9 significativo puede resultar la colaboraci\u00f3n entre instituciones cuando hay fines nobles. La recuperaci\u00f3n de la dignidad de Francisco y el reconocimiento a su empe\u00f1o profesional por la Patria as\u00ed lo demuestran.<\/p>\n\n\n\n<p>Vaya tambi\u00e9n mi evocaci\u00f3n especial de lo hecho por Roxana Laner: su decidida valent\u00eda hizo posible que Francisco Feherenbacher tenga un lugar especial en la memoria de todos nosotros.<\/p>\n\n\n\n<p><\/p>\n","protected":false},"excerpt":{"rendered":"<p>Por el Prof. Jorge Rolando Fern\u00e1ndez &#8211; (Ex rector de la Escuela Secundaria N\u00b05 \u201cSalto Grande\u201d) Recuerdos de una feliz experiencia La partida definitiva de alguien suele provocar en los que quedamos un diverso abanico de sentimientos; nos pone en situaciones en las que buscamos nuestra mejor actitud y nuestras mejores palabras para acompa\u00f1ar a [&hellip;]<\/p>\n","protected":false},"author":2,"featured_media":5924,"comment_status":"open","ping_status":"open","sticky":false,"template":"","format":"standard","meta":{"footnotes":""},"categories":[19,16],"tags":[],"class_list":{"0":"post-5922","1":"post","2":"type-post","3":"status-publish","4":"format-standard","5":"has-post-thumbnail","7":"category-interes-general","8":"category-locales"},"yoast_head":"<!-- This site is optimized with the Yoast SEO plugin v27.4 - https:\/\/yoast.com\/product\/yoast-seo-wordpress\/ -->\n<title>Requiem para un veterano de Malvinas - Diario del Sur<\/title>\n<meta name=\"robots\" content=\"index, follow, max-snippet:-1, max-image-preview:large, max-video-preview:-1\" \/>\n<link rel=\"canonical\" href=\"https:\/\/diariodelsurdigital.com.ar\/?p=5922\" \/>\n<meta property=\"og:locale\" content=\"es_ES\" \/>\n<meta property=\"og:type\" content=\"article\" \/>\n<meta property=\"og:title\" content=\"Requiem para un veterano de Malvinas - Diario del Sur\" \/>\n<meta property=\"og:description\" content=\"Por el Prof. Jorge Rolando Fern\u00e1ndez &#8211; (Ex rector de la Escuela Secundaria N\u00b05 \u201cSalto Grande\u201d) Recuerdos de una feliz experiencia La partida definitiva de alguien suele provocar en los que quedamos un diverso abanico de sentimientos; nos pone en situaciones en las que buscamos nuestra mejor actitud y nuestras mejores palabras para acompa\u00f1ar a [&hellip;]\" \/>\n<meta property=\"og:url\" content=\"https:\/\/diariodelsurdigital.com.ar\/?p=5922\" \/>\n<meta property=\"og:site_name\" content=\"Diario del Sur\" \/>\n<meta property=\"article:published_time\" content=\"2025-11-27T00:13:12+00:00\" \/>\n<meta property=\"article:modified_time\" content=\"2025-11-27T00:13:13+00:00\" \/>\n<meta property=\"og:image\" content=\"https:\/\/diariodelsurdigital.com.ar\/wp-content\/uploads\/2025\/11\/Imagen-de-WhatsApp-2025-11-26-a-las-07.22.34_7db9d34f.jpg\" \/>\n\t<meta property=\"og:image:width\" content=\"491\" \/>\n\t<meta property=\"og:image:height\" content=\"332\" \/>\n\t<meta property=\"og:image:type\" content=\"image\/jpeg\" \/>\n<meta name=\"author\" content=\"Diario del Sur Digital\" \/>\n<meta name=\"twitter:card\" content=\"summary_large_image\" \/>\n<meta name=\"twitter:label1\" content=\"Escrito por\" \/>\n\t<meta name=\"twitter:data1\" content=\"Diario del Sur Digital\" \/>\n\t<meta name=\"twitter:label2\" content=\"Tiempo de lectura\" \/>\n\t<meta name=\"twitter:data2\" content=\"4 minutos\" \/>\n<script type=\"application\/ld+json\" class=\"yoast-schema-graph\">{\"@context\":\"https:\\\/\\\/schema.org\",\"@graph\":[{\"@type\":\"Article\",\"@id\":\"https:\\\/\\\/diariodelsurdigital.com.ar\\\/?p=5922#article\",\"isPartOf\":{\"@id\":\"https:\\\/\\\/diariodelsurdigital.com.ar\\\/?p=5922\"},\"author\":{\"name\":\"Diario del Sur Digital\",\"@id\":\"https:\\\/\\\/diariodelsurdigital.com.ar\\\/#\\\/schema\\\/person\\\/6136a32571657f7dba980b88b04c5465\"},\"headline\":\"Requiem para un veterano de Malvinas\",\"datePublished\":\"2025-11-27T00:13:12+00:00\",\"dateModified\":\"2025-11-27T00:13:13+00:00\",\"mainEntityOfPage\":{\"@id\":\"https:\\\/\\\/diariodelsurdigital.com.ar\\\/?p=5922\"},\"wordCount\":623,\"commentCount\":0,\"image\":{\"@id\":\"https:\\\/\\\/diariodelsurdigital.com.ar\\\/?p=5922#primaryimage\"},\"thumbnailUrl\":\"https:\\\/\\\/diariodelsurdigital.com.ar\\\/wp-content\\\/uploads\\\/2025\\\/11\\\/Imagen-de-WhatsApp-2025-11-26-a-las-07.22.34_7db9d34f.jpg\",\"articleSection\":[\"Inter\u00e9s General\",\"Locales\"],\"inLanguage\":\"es\",\"potentialAction\":[{\"@type\":\"CommentAction\",\"name\":\"Comment\",\"target\":[\"https:\\\/\\\/diariodelsurdigital.com.ar\\\/?p=5922#respond\"]}]},{\"@type\":\"WebPage\",\"@id\":\"https:\\\/\\\/diariodelsurdigital.com.ar\\\/?p=5922\",\"url\":\"https:\\\/\\\/diariodelsurdigital.com.ar\\\/?p=5922\",\"name\":\"Requiem para un veterano de Malvinas - Diario del Sur\",\"isPartOf\":{\"@id\":\"https:\\\/\\\/diariodelsurdigital.com.ar\\\/#website\"},\"primaryImageOfPage\":{\"@id\":\"https:\\\/\\\/diariodelsurdigital.com.ar\\\/?p=5922#primaryimage\"},\"image\":{\"@id\":\"https:\\\/\\\/diariodelsurdigital.com.ar\\\/?p=5922#primaryimage\"},\"thumbnailUrl\":\"https:\\\/\\\/diariodelsurdigital.com.ar\\\/wp-content\\\/uploads\\\/2025\\\/11\\\/Imagen-de-WhatsApp-2025-11-26-a-las-07.22.34_7db9d34f.jpg\",\"datePublished\":\"2025-11-27T00:13:12+00:00\",\"dateModified\":\"2025-11-27T00:13:13+00:00\",\"author\":{\"@id\":\"https:\\\/\\\/diariodelsurdigital.com.ar\\\/#\\\/schema\\\/person\\\/6136a32571657f7dba980b88b04c5465\"},\"breadcrumb\":{\"@id\":\"https:\\\/\\\/diariodelsurdigital.com.ar\\\/?p=5922#breadcrumb\"},\"inLanguage\":\"es\",\"potentialAction\":[{\"@type\":\"ReadAction\",\"target\":[\"https:\\\/\\\/diariodelsurdigital.com.ar\\\/?p=5922\"]}]},{\"@type\":\"ImageObject\",\"inLanguage\":\"es\",\"@id\":\"https:\\\/\\\/diariodelsurdigital.com.ar\\\/?p=5922#primaryimage\",\"url\":\"https:\\\/\\\/diariodelsurdigital.com.ar\\\/wp-content\\\/uploads\\\/2025\\\/11\\\/Imagen-de-WhatsApp-2025-11-26-a-las-07.22.34_7db9d34f.jpg\",\"contentUrl\":\"https:\\\/\\\/diariodelsurdigital.com.ar\\\/wp-content\\\/uploads\\\/2025\\\/11\\\/Imagen-de-WhatsApp-2025-11-26-a-las-07.22.34_7db9d34f.jpg\",\"width\":491,\"height\":332},{\"@type\":\"BreadcrumbList\",\"@id\":\"https:\\\/\\\/diariodelsurdigital.com.ar\\\/?p=5922#breadcrumb\",\"itemListElement\":[{\"@type\":\"ListItem\",\"position\":1,\"name\":\"Portada\",\"item\":\"https:\\\/\\\/diariodelsurdigital.com.ar\\\/\"},{\"@type\":\"ListItem\",\"position\":2,\"name\":\"Requiem para un veterano de Malvinas\"}]},{\"@type\":\"WebSite\",\"@id\":\"https:\\\/\\\/diariodelsurdigital.com.ar\\\/#website\",\"url\":\"https:\\\/\\\/diariodelsurdigital.com.ar\\\/\",\"name\":\"Diario del Sur\",\"description\":\"Digital\",\"potentialAction\":[{\"@type\":\"SearchAction\",\"target\":{\"@type\":\"EntryPoint\",\"urlTemplate\":\"https:\\\/\\\/diariodelsurdigital.com.ar\\\/?s={search_term_string}\"},\"query-input\":{\"@type\":\"PropertyValueSpecification\",\"valueRequired\":true,\"valueName\":\"search_term_string\"}}],\"inLanguage\":\"es\"},{\"@type\":\"Person\",\"@id\":\"https:\\\/\\\/diariodelsurdigital.com.ar\\\/#\\\/schema\\\/person\\\/6136a32571657f7dba980b88b04c5465\",\"name\":\"Diario del Sur Digital\",\"image\":{\"@type\":\"ImageObject\",\"inLanguage\":\"es\",\"@id\":\"https:\\\/\\\/secure.gravatar.com\\\/avatar\\\/4c29ceac98541dd42460b2474aaa5dd37594d6ce6cb3cf2c101d09b48ee287ba?s=96&d=mm&r=g\",\"url\":\"https:\\\/\\\/secure.gravatar.com\\\/avatar\\\/4c29ceac98541dd42460b2474aaa5dd37594d6ce6cb3cf2c101d09b48ee287ba?s=96&d=mm&r=g\",\"contentUrl\":\"https:\\\/\\\/secure.gravatar.com\\\/avatar\\\/4c29ceac98541dd42460b2474aaa5dd37594d6ce6cb3cf2c101d09b48ee287ba?s=96&d=mm&r=g\",\"caption\":\"Diario del Sur Digital\"},\"url\":\"https:\\\/\\\/diariodelsurdigital.com.ar\\\/?author=2\"}]}<\/script>\n<!-- \/ Yoast SEO plugin. -->","yoast_head_json":{"title":"Requiem para un veterano de Malvinas - Diario del Sur","robots":{"index":"index","follow":"follow","max-snippet":"max-snippet:-1","max-image-preview":"max-image-preview:large","max-video-preview":"max-video-preview:-1"},"canonical":"https:\/\/diariodelsurdigital.com.ar\/?p=5922","og_locale":"es_ES","og_type":"article","og_title":"Requiem para un veterano de Malvinas - Diario del Sur","og_description":"Por el Prof. Jorge Rolando Fern\u00e1ndez &#8211; (Ex rector de la Escuela Secundaria N\u00b05 \u201cSalto Grande\u201d) Recuerdos de una feliz experiencia La partida definitiva de alguien suele provocar en los que quedamos un diverso abanico de sentimientos; nos pone en situaciones en las que buscamos nuestra mejor actitud y nuestras mejores palabras para acompa\u00f1ar a [&hellip;]","og_url":"https:\/\/diariodelsurdigital.com.ar\/?p=5922","og_site_name":"Diario del Sur","article_published_time":"2025-11-27T00:13:12+00:00","article_modified_time":"2025-11-27T00:13:13+00:00","og_image":[{"width":491,"height":332,"url":"https:\/\/diariodelsurdigital.com.ar\/wp-content\/uploads\/2025\/11\/Imagen-de-WhatsApp-2025-11-26-a-las-07.22.34_7db9d34f.jpg","type":"image\/jpeg"}],"author":"Diario del Sur Digital","twitter_card":"summary_large_image","twitter_misc":{"Escrito por":"Diario del Sur Digital","Tiempo de lectura":"4 minutos"},"schema":{"@context":"https:\/\/schema.org","@graph":[{"@type":"Article","@id":"https:\/\/diariodelsurdigital.com.ar\/?p=5922#article","isPartOf":{"@id":"https:\/\/diariodelsurdigital.com.ar\/?p=5922"},"author":{"name":"Diario del Sur Digital","@id":"https:\/\/diariodelsurdigital.com.ar\/#\/schema\/person\/6136a32571657f7dba980b88b04c5465"},"headline":"Requiem para un veterano de Malvinas","datePublished":"2025-11-27T00:13:12+00:00","dateModified":"2025-11-27T00:13:13+00:00","mainEntityOfPage":{"@id":"https:\/\/diariodelsurdigital.com.ar\/?p=5922"},"wordCount":623,"commentCount":0,"image":{"@id":"https:\/\/diariodelsurdigital.com.ar\/?p=5922#primaryimage"},"thumbnailUrl":"https:\/\/diariodelsurdigital.com.ar\/wp-content\/uploads\/2025\/11\/Imagen-de-WhatsApp-2025-11-26-a-las-07.22.34_7db9d34f.jpg","articleSection":["Inter\u00e9s General","Locales"],"inLanguage":"es","potentialAction":[{"@type":"CommentAction","name":"Comment","target":["https:\/\/diariodelsurdigital.com.ar\/?p=5922#respond"]}]},{"@type":"WebPage","@id":"https:\/\/diariodelsurdigital.com.ar\/?p=5922","url":"https:\/\/diariodelsurdigital.com.ar\/?p=5922","name":"Requiem para un veterano de Malvinas - Diario del Sur","isPartOf":{"@id":"https:\/\/diariodelsurdigital.com.ar\/#website"},"primaryImageOfPage":{"@id":"https:\/\/diariodelsurdigital.com.ar\/?p=5922#primaryimage"},"image":{"@id":"https:\/\/diariodelsurdigital.com.ar\/?p=5922#primaryimage"},"thumbnailUrl":"https:\/\/diariodelsurdigital.com.ar\/wp-content\/uploads\/2025\/11\/Imagen-de-WhatsApp-2025-11-26-a-las-07.22.34_7db9d34f.jpg","datePublished":"2025-11-27T00:13:12+00:00","dateModified":"2025-11-27T00:13:13+00:00","author":{"@id":"https:\/\/diariodelsurdigital.com.ar\/#\/schema\/person\/6136a32571657f7dba980b88b04c5465"},"breadcrumb":{"@id":"https:\/\/diariodelsurdigital.com.ar\/?p=5922#breadcrumb"},"inLanguage":"es","potentialAction":[{"@type":"ReadAction","target":["https:\/\/diariodelsurdigital.com.ar\/?p=5922"]}]},{"@type":"ImageObject","inLanguage":"es","@id":"https:\/\/diariodelsurdigital.com.ar\/?p=5922#primaryimage","url":"https:\/\/diariodelsurdigital.com.ar\/wp-content\/uploads\/2025\/11\/Imagen-de-WhatsApp-2025-11-26-a-las-07.22.34_7db9d34f.jpg","contentUrl":"https:\/\/diariodelsurdigital.com.ar\/wp-content\/uploads\/2025\/11\/Imagen-de-WhatsApp-2025-11-26-a-las-07.22.34_7db9d34f.jpg","width":491,"height":332},{"@type":"BreadcrumbList","@id":"https:\/\/diariodelsurdigital.com.ar\/?p=5922#breadcrumb","itemListElement":[{"@type":"ListItem","position":1,"name":"Portada","item":"https:\/\/diariodelsurdigital.com.ar\/"},{"@type":"ListItem","position":2,"name":"Requiem para un veterano de Malvinas"}]},{"@type":"WebSite","@id":"https:\/\/diariodelsurdigital.com.ar\/#website","url":"https:\/\/diariodelsurdigital.com.ar\/","name":"Diario del Sur","description":"Digital","potentialAction":[{"@type":"SearchAction","target":{"@type":"EntryPoint","urlTemplate":"https:\/\/diariodelsurdigital.com.ar\/?s={search_term_string}"},"query-input":{"@type":"PropertyValueSpecification","valueRequired":true,"valueName":"search_term_string"}}],"inLanguage":"es"},{"@type":"Person","@id":"https:\/\/diariodelsurdigital.com.ar\/#\/schema\/person\/6136a32571657f7dba980b88b04c5465","name":"Diario del Sur Digital","image":{"@type":"ImageObject","inLanguage":"es","@id":"https:\/\/secure.gravatar.com\/avatar\/4c29ceac98541dd42460b2474aaa5dd37594d6ce6cb3cf2c101d09b48ee287ba?s=96&d=mm&r=g","url":"https:\/\/secure.gravatar.com\/avatar\/4c29ceac98541dd42460b2474aaa5dd37594d6ce6cb3cf2c101d09b48ee287ba?s=96&d=mm&r=g","contentUrl":"https:\/\/secure.gravatar.com\/avatar\/4c29ceac98541dd42460b2474aaa5dd37594d6ce6cb3cf2c101d09b48ee287ba?s=96&d=mm&r=g","caption":"Diario del Sur Digital"},"url":"https:\/\/diariodelsurdigital.com.ar\/?author=2"}]}},"_links":{"self":[{"href":"https:\/\/diariodelsurdigital.com.ar\/index.php?rest_route=\/wp\/v2\/posts\/5922","targetHints":{"allow":["GET"]}}],"collection":[{"href":"https:\/\/diariodelsurdigital.com.ar\/index.php?rest_route=\/wp\/v2\/posts"}],"about":[{"href":"https:\/\/diariodelsurdigital.com.ar\/index.php?rest_route=\/wp\/v2\/types\/post"}],"author":[{"embeddable":true,"href":"https:\/\/diariodelsurdigital.com.ar\/index.php?rest_route=\/wp\/v2\/users\/2"}],"replies":[{"embeddable":true,"href":"https:\/\/diariodelsurdigital.com.ar\/index.php?rest_route=%2Fwp%2Fv2%2Fcomments&post=5922"}],"version-history":[{"count":1,"href":"https:\/\/diariodelsurdigital.com.ar\/index.php?rest_route=\/wp\/v2\/posts\/5922\/revisions"}],"predecessor-version":[{"id":5926,"href":"https:\/\/diariodelsurdigital.com.ar\/index.php?rest_route=\/wp\/v2\/posts\/5922\/revisions\/5926"}],"wp:featuredmedia":[{"embeddable":true,"href":"https:\/\/diariodelsurdigital.com.ar\/index.php?rest_route=\/wp\/v2\/media\/5924"}],"wp:attachment":[{"href":"https:\/\/diariodelsurdigital.com.ar\/index.php?rest_route=%2Fwp%2Fv2%2Fmedia&parent=5922"}],"wp:term":[{"taxonomy":"category","embeddable":true,"href":"https:\/\/diariodelsurdigital.com.ar\/index.php?rest_route=%2Fwp%2Fv2%2Fcategories&post=5922"},{"taxonomy":"post_tag","embeddable":true,"href":"https:\/\/diariodelsurdigital.com.ar\/index.php?rest_route=%2Fwp%2Fv2%2Ftags&post=5922"}],"curies":[{"name":"wp","href":"https:\/\/api.w.org\/{rel}","templated":true}]}}