{"id":5931,"date":"2025-11-27T09:59:54","date_gmt":"2025-11-27T12:59:54","guid":{"rendered":"https:\/\/diariodelsurdigital.com.ar\/?p=5931"},"modified":"2025-11-27T09:59:55","modified_gmt":"2025-11-27T12:59:55","slug":"martin-vizcarra-expresidente-de-peru-condenado-a-14-anos-de-prision","status":"publish","type":"post","link":"https:\/\/diariodelsurdigital.com.ar\/?p=5931","title":{"rendered":"Mart\u00edn Vizcarra, expresidente de Per\u00fa, condenado a 14 a\u00f1os de prisi\u00f3n"},"content":{"rendered":"\n<p>El exmandatario fue sentenciado a 14 a\u00f1os de prisi\u00f3n por cohecho pasivo, tras recibir m\u00e1s de 2,3 millones de soles (moneda peruana) en sobornos durante su gesti\u00f3n como gobernador de Moquegua. Lo ordenaron este mi\u00e9rcoles. Tambi\u00e9n fue inhabilitado por nueve a\u00f1os para ejercer cargos p\u00fablicos.<\/p>\n\n\n\n<p>Un tribunal de Per\u00fa conden\u00f3 este mi\u00e9rcoles a 14 a\u00f1os de prisi\u00f3n al expresidente Mart\u00edn Vizcarra por un caso de corrupci\u00f3n cuando era gobernador de la regi\u00f3n Moquegua, en el sur del pa\u00eds.<\/p>\n\n\n\n<p>Adem\u00e1s, Vizcarra fue inhabilitado por nueve a\u00f1os para ejercer cargos p\u00fablicos. El exmandatario ser\u00e1 enviado a un penal porque la condena es efectiva y de ejecuci\u00f3n inmediata.<\/p>\n\n\n\n<p>La corte concluy\u00f3 que Vizcarra recibi\u00f3 pagos ilegales de empresas a cambio de adjudicarles contratos para un proyecto de irrigaci\u00f3n y la construcci\u00f3n de un hospital, dos de las obras m\u00e1s importantes ejecutadas durante su gesti\u00f3n como gobernador (2011-2014).<\/p>\n\n\n\n<p>Vizcarra estaba acusado de haber recibido unos U$S 611.000 en sobornos de empresas constructoras. Si bien la Fiscal\u00eda hab\u00eda pedido 15 a\u00f1os de c\u00e1rcel, la sala consider\u00f3 como un atenuante que el expresidente no tenga antecedentes.<\/p>\n\n\n\n<p>Minutos despu\u00e9s de escuchar la sentencia, y a\u00fan en la sala judicial, Vizcarra, que hizo de la lucha contra la corrupci\u00f3n su bandera, comparti\u00f3 un mensaje en su cuenta de X en el que afirm\u00f3 que fue sentenciado \u00abpor enfrentar al pacto mafioso\u00bb que domina el Congreso, un conjunto de fuerzas conservadoras que lo destituyeron en 2020 al aparecer estos indicios pasados de corrupci\u00f3n, pero que el exgobernante adujo a una venganza por haber cerrado en 2019 el Congreso cuando obstru\u00edan sus reformas.<\/p>\n\n\n\n<p>\u00abNo es justicia, es venganza. Pero no me van a doblegar. La respuesta est\u00e1 en las urnas. Mi hermano Mario Vizcarra continuar\u00e1 esta lucha por ustedes. El Per\u00fa es primero y nadie podr\u00e1 silenciarlo\u00bb, agreg\u00f3 el exmandatario, que pidi\u00f3 votar por su hermano, quien lo reemplazar\u00e1 como candidato presidencial en las elecciones de 2026.<\/p>\n\n\n\n<p>Vizcarra, que gobern\u00f3 con niveles r\u00e9cord de popularidad, sali\u00f3 del tribunal escoltado por agentes de la Polic\u00eda Nacional de Per\u00fa, que lo entregaron al Instituto Nacional Penitenciario (Inpe) para su ingreso en c\u00e1rcel. El pol\u00edtico ir\u00e1 a prisi\u00f3n al mismo tiempo que tres otros expresidentes peruanos: Pedro Castillo (2021-2022), Ollanta Humala (2011-2016) y Alejandro Toledo (2001-2006).<\/p>\n","protected":false},"excerpt":{"rendered":"<p>El exmandatario fue sentenciado a 14 a\u00f1os de prisi\u00f3n por cohecho pasivo, tras recibir m\u00e1s de 2,3 millones de soles (moneda peruana) en sobornos durante su gesti\u00f3n como gobernador de Moquegua. Lo ordenaron este mi\u00e9rcoles. Tambi\u00e9n fue inhabilitado por nueve a\u00f1os para ejercer cargos p\u00fablicos. Un tribunal de Per\u00fa conden\u00f3 este mi\u00e9rcoles a 14 a\u00f1os [&hellip;]<\/p>\n","protected":false},"author":4,"featured_media":5932,"comment_status":"open","ping_status":"open","sticky":false,"template":"","format":"standard","meta":{"footnotes":""},"categories":[20],"tags":[],"class_list":{"0":"post-5931","1":"post","2":"type-post","3":"status-publish","4":"format-standard","5":"has-post-thumbnail","7":"category-internacionales"},"yoast_head":"<!-- This site is optimized with the Yoast SEO plugin v27.4 - https:\/\/yoast.com\/product\/yoast-seo-wordpress\/ -->\n<title>Mart\u00edn Vizcarra, expresidente de Per\u00fa, condenado a 14 a\u00f1os de prisi\u00f3n - Diario del Sur<\/title>\n<meta name=\"robots\" content=\"index, follow, max-snippet:-1, max-image-preview:large, max-video-preview:-1\" \/>\n<link rel=\"canonical\" href=\"https:\/\/diariodelsurdigital.com.ar\/?p=5931\" \/>\n<meta property=\"og:locale\" content=\"es_ES\" \/>\n<meta property=\"og:type\" content=\"article\" \/>\n<meta property=\"og:title\" content=\"Mart\u00edn Vizcarra, expresidente de Per\u00fa, condenado a 14 a\u00f1os de prisi\u00f3n - Diario del Sur\" \/>\n<meta property=\"og:description\" content=\"El exmandatario fue sentenciado a 14 a\u00f1os de prisi\u00f3n por cohecho pasivo, tras recibir m\u00e1s de 2,3 millones de soles (moneda peruana) en sobornos durante su gesti\u00f3n como gobernador de Moquegua. Lo ordenaron este mi\u00e9rcoles. Tambi\u00e9n fue inhabilitado por nueve a\u00f1os para ejercer cargos p\u00fablicos. Un tribunal de Per\u00fa conden\u00f3 este mi\u00e9rcoles a 14 a\u00f1os [&hellip;]\" \/>\n<meta property=\"og:url\" content=\"https:\/\/diariodelsurdigital.com.ar\/?p=5931\" \/>\n<meta property=\"og:site_name\" content=\"Diario del Sur\" \/>\n<meta property=\"article:published_time\" content=\"2025-11-27T12:59:54+00:00\" \/>\n<meta property=\"article:modified_time\" content=\"2025-11-27T12:59:55+00:00\" \/>\n<meta property=\"og:image\" content=\"https:\/\/diariodelsurdigital.com.ar\/wp-content\/uploads\/2025\/11\/md-10-1.webp\" \/>\n\t<meta property=\"og:image:width\" content=\"992\" \/>\n\t<meta property=\"og:image:height\" content=\"610\" \/>\n\t<meta property=\"og:image:type\" content=\"image\/webp\" \/>\n<meta name=\"author\" content=\"Diario del Sur Digital\" \/>\n<meta name=\"twitter:card\" content=\"summary_large_image\" \/>\n<meta name=\"twitter:label1\" content=\"Escrito por\" \/>\n\t<meta name=\"twitter:data1\" content=\"Diario del Sur Digital\" \/>\n\t<meta name=\"twitter:label2\" content=\"Tiempo de lectura\" \/>\n\t<meta name=\"twitter:data2\" content=\"2 minutos\" \/>\n<script type=\"application\/ld+json\" class=\"yoast-schema-graph\">{\"@context\":\"https:\\\/\\\/schema.org\",\"@graph\":[{\"@type\":\"Article\",\"@id\":\"https:\\\/\\\/diariodelsurdigital.com.ar\\\/?p=5931#article\",\"isPartOf\":{\"@id\":\"https:\\\/\\\/diariodelsurdigital.com.ar\\\/?p=5931\"},\"author\":{\"name\":\"Diario del Sur Digital\",\"@id\":\"https:\\\/\\\/diariodelsurdigital.com.ar\\\/#\\\/schema\\\/person\\\/1a4992532ed62965c968031b49195c81\"},\"headline\":\"Mart\u00edn Vizcarra, expresidente de Per\u00fa, condenado a 14 a\u00f1os de prisi\u00f3n\",\"datePublished\":\"2025-11-27T12:59:54+00:00\",\"dateModified\":\"2025-11-27T12:59:55+00:00\",\"mainEntityOfPage\":{\"@id\":\"https:\\\/\\\/diariodelsurdigital.com.ar\\\/?p=5931\"},\"wordCount\":416,\"commentCount\":0,\"image\":{\"@id\":\"https:\\\/\\\/diariodelsurdigital.com.ar\\\/?p=5931#primaryimage\"},\"thumbnailUrl\":\"https:\\\/\\\/diariodelsurdigital.com.ar\\\/wp-content\\\/uploads\\\/2025\\\/11\\\/md-10-1.webp\",\"articleSection\":[\"Internacionales\"],\"inLanguage\":\"es\",\"potentialAction\":[{\"@type\":\"CommentAction\",\"name\":\"Comment\",\"target\":[\"https:\\\/\\\/diariodelsurdigital.com.ar\\\/?p=5931#respond\"]}]},{\"@type\":\"WebPage\",\"@id\":\"https:\\\/\\\/diariodelsurdigital.com.ar\\\/?p=5931\",\"url\":\"https:\\\/\\\/diariodelsurdigital.com.ar\\\/?p=5931\",\"name\":\"Mart\u00edn Vizcarra, expresidente de Per\u00fa, condenado a 14 a\u00f1os de prisi\u00f3n - Diario del Sur\",\"isPartOf\":{\"@id\":\"https:\\\/\\\/diariodelsurdigital.com.ar\\\/#website\"},\"primaryImageOfPage\":{\"@id\":\"https:\\\/\\\/diariodelsurdigital.com.ar\\\/?p=5931#primaryimage\"},\"image\":{\"@id\":\"https:\\\/\\\/diariodelsurdigital.com.ar\\\/?p=5931#primaryimage\"},\"thumbnailUrl\":\"https:\\\/\\\/diariodelsurdigital.com.ar\\\/wp-content\\\/uploads\\\/2025\\\/11\\\/md-10-1.webp\",\"datePublished\":\"2025-11-27T12:59:54+00:00\",\"dateModified\":\"2025-11-27T12:59:55+00:00\",\"author\":{\"@id\":\"https:\\\/\\\/diariodelsurdigital.com.ar\\\/#\\\/schema\\\/person\\\/1a4992532ed62965c968031b49195c81\"},\"breadcrumb\":{\"@id\":\"https:\\\/\\\/diariodelsurdigital.com.ar\\\/?p=5931#breadcrumb\"},\"inLanguage\":\"es\",\"potentialAction\":[{\"@type\":\"ReadAction\",\"target\":[\"https:\\\/\\\/diariodelsurdigital.com.ar\\\/?p=5931\"]}]},{\"@type\":\"ImageObject\",\"inLanguage\":\"es\",\"@id\":\"https:\\\/\\\/diariodelsurdigital.com.ar\\\/?p=5931#primaryimage\",\"url\":\"https:\\\/\\\/diariodelsurdigital.com.ar\\\/wp-content\\\/uploads\\\/2025\\\/11\\\/md-10-1.webp\",\"contentUrl\":\"https:\\\/\\\/diariodelsurdigital.com.ar\\\/wp-content\\\/uploads\\\/2025\\\/11\\\/md-10-1.webp\",\"width\":992,\"height\":610},{\"@type\":\"BreadcrumbList\",\"@id\":\"https:\\\/\\\/diariodelsurdigital.com.ar\\\/?p=5931#breadcrumb\",\"itemListElement\":[{\"@type\":\"ListItem\",\"position\":1,\"name\":\"Portada\",\"item\":\"https:\\\/\\\/diariodelsurdigital.com.ar\\\/\"},{\"@type\":\"ListItem\",\"position\":2,\"name\":\"Mart\u00edn Vizcarra, expresidente de Per\u00fa, condenado a 14 a\u00f1os de prisi\u00f3n\"}]},{\"@type\":\"WebSite\",\"@id\":\"https:\\\/\\\/diariodelsurdigital.com.ar\\\/#website\",\"url\":\"https:\\\/\\\/diariodelsurdigital.com.ar\\\/\",\"name\":\"Diario del Sur\",\"description\":\"Digital\",\"potentialAction\":[{\"@type\":\"SearchAction\",\"target\":{\"@type\":\"EntryPoint\",\"urlTemplate\":\"https:\\\/\\\/diariodelsurdigital.com.ar\\\/?s={search_term_string}\"},\"query-input\":{\"@type\":\"PropertyValueSpecification\",\"valueRequired\":true,\"valueName\":\"search_term_string\"}}],\"inLanguage\":\"es\"},{\"@type\":\"Person\",\"@id\":\"https:\\\/\\\/diariodelsurdigital.com.ar\\\/#\\\/schema\\\/person\\\/1a4992532ed62965c968031b49195c81\",\"name\":\"Diario del Sur Digital\",\"image\":{\"@type\":\"ImageObject\",\"inLanguage\":\"es\",\"@id\":\"https:\\\/\\\/secure.gravatar.com\\\/avatar\\\/f0c7c47fc7146d19828273b9b8eda651c9c7ab583767e6338d3d3bee825adf76?s=96&d=mm&r=g\",\"url\":\"https:\\\/\\\/secure.gravatar.com\\\/avatar\\\/f0c7c47fc7146d19828273b9b8eda651c9c7ab583767e6338d3d3bee825adf76?s=96&d=mm&r=g\",\"contentUrl\":\"https:\\\/\\\/secure.gravatar.com\\\/avatar\\\/f0c7c47fc7146d19828273b9b8eda651c9c7ab583767e6338d3d3bee825adf76?s=96&d=mm&r=g\",\"caption\":\"Diario del Sur Digital\"},\"url\":\"https:\\\/\\\/diariodelsurdigital.com.ar\\\/?author=4\"}]}<\/script>\n<!-- \/ Yoast SEO plugin. -->","yoast_head_json":{"title":"Mart\u00edn Vizcarra, expresidente de Per\u00fa, condenado a 14 a\u00f1os de prisi\u00f3n - Diario del Sur","robots":{"index":"index","follow":"follow","max-snippet":"max-snippet:-1","max-image-preview":"max-image-preview:large","max-video-preview":"max-video-preview:-1"},"canonical":"https:\/\/diariodelsurdigital.com.ar\/?p=5931","og_locale":"es_ES","og_type":"article","og_title":"Mart\u00edn Vizcarra, expresidente de Per\u00fa, condenado a 14 a\u00f1os de prisi\u00f3n - Diario del Sur","og_description":"El exmandatario fue sentenciado a 14 a\u00f1os de prisi\u00f3n por cohecho pasivo, tras recibir m\u00e1s de 2,3 millones de soles (moneda peruana) en sobornos durante su gesti\u00f3n como gobernador de Moquegua. Lo ordenaron este mi\u00e9rcoles. Tambi\u00e9n fue inhabilitado por nueve a\u00f1os para ejercer cargos p\u00fablicos. Un tribunal de Per\u00fa conden\u00f3 este mi\u00e9rcoles a 14 a\u00f1os [&hellip;]","og_url":"https:\/\/diariodelsurdigital.com.ar\/?p=5931","og_site_name":"Diario del Sur","article_published_time":"2025-11-27T12:59:54+00:00","article_modified_time":"2025-11-27T12:59:55+00:00","og_image":[{"width":992,"height":610,"url":"https:\/\/diariodelsurdigital.com.ar\/wp-content\/uploads\/2025\/11\/md-10-1.webp","type":"image\/webp"}],"author":"Diario del Sur Digital","twitter_card":"summary_large_image","twitter_misc":{"Escrito por":"Diario del Sur Digital","Tiempo de lectura":"2 minutos"},"schema":{"@context":"https:\/\/schema.org","@graph":[{"@type":"Article","@id":"https:\/\/diariodelsurdigital.com.ar\/?p=5931#article","isPartOf":{"@id":"https:\/\/diariodelsurdigital.com.ar\/?p=5931"},"author":{"name":"Diario del Sur Digital","@id":"https:\/\/diariodelsurdigital.com.ar\/#\/schema\/person\/1a4992532ed62965c968031b49195c81"},"headline":"Mart\u00edn Vizcarra, expresidente de Per\u00fa, condenado a 14 a\u00f1os de prisi\u00f3n","datePublished":"2025-11-27T12:59:54+00:00","dateModified":"2025-11-27T12:59:55+00:00","mainEntityOfPage":{"@id":"https:\/\/diariodelsurdigital.com.ar\/?p=5931"},"wordCount":416,"commentCount":0,"image":{"@id":"https:\/\/diariodelsurdigital.com.ar\/?p=5931#primaryimage"},"thumbnailUrl":"https:\/\/diariodelsurdigital.com.ar\/wp-content\/uploads\/2025\/11\/md-10-1.webp","articleSection":["Internacionales"],"inLanguage":"es","potentialAction":[{"@type":"CommentAction","name":"Comment","target":["https:\/\/diariodelsurdigital.com.ar\/?p=5931#respond"]}]},{"@type":"WebPage","@id":"https:\/\/diariodelsurdigital.com.ar\/?p=5931","url":"https:\/\/diariodelsurdigital.com.ar\/?p=5931","name":"Mart\u00edn Vizcarra, expresidente de Per\u00fa, condenado a 14 a\u00f1os de prisi\u00f3n - Diario del Sur","isPartOf":{"@id":"https:\/\/diariodelsurdigital.com.ar\/#website"},"primaryImageOfPage":{"@id":"https:\/\/diariodelsurdigital.com.ar\/?p=5931#primaryimage"},"image":{"@id":"https:\/\/diariodelsurdigital.com.ar\/?p=5931#primaryimage"},"thumbnailUrl":"https:\/\/diariodelsurdigital.com.ar\/wp-content\/uploads\/2025\/11\/md-10-1.webp","datePublished":"2025-11-27T12:59:54+00:00","dateModified":"2025-11-27T12:59:55+00:00","author":{"@id":"https:\/\/diariodelsurdigital.com.ar\/#\/schema\/person\/1a4992532ed62965c968031b49195c81"},"breadcrumb":{"@id":"https:\/\/diariodelsurdigital.com.ar\/?p=5931#breadcrumb"},"inLanguage":"es","potentialAction":[{"@type":"ReadAction","target":["https:\/\/diariodelsurdigital.com.ar\/?p=5931"]}]},{"@type":"ImageObject","inLanguage":"es","@id":"https:\/\/diariodelsurdigital.com.ar\/?p=5931#primaryimage","url":"https:\/\/diariodelsurdigital.com.ar\/wp-content\/uploads\/2025\/11\/md-10-1.webp","contentUrl":"https:\/\/diariodelsurdigital.com.ar\/wp-content\/uploads\/2025\/11\/md-10-1.webp","width":992,"height":610},{"@type":"BreadcrumbList","@id":"https:\/\/diariodelsurdigital.com.ar\/?p=5931#breadcrumb","itemListElement":[{"@type":"ListItem","position":1,"name":"Portada","item":"https:\/\/diariodelsurdigital.com.ar\/"},{"@type":"ListItem","position":2,"name":"Mart\u00edn Vizcarra, expresidente de Per\u00fa, condenado a 14 a\u00f1os de prisi\u00f3n"}]},{"@type":"WebSite","@id":"https:\/\/diariodelsurdigital.com.ar\/#website","url":"https:\/\/diariodelsurdigital.com.ar\/","name":"Diario del Sur","description":"Digital","potentialAction":[{"@type":"SearchAction","target":{"@type":"EntryPoint","urlTemplate":"https:\/\/diariodelsurdigital.com.ar\/?s={search_term_string}"},"query-input":{"@type":"PropertyValueSpecification","valueRequired":true,"valueName":"search_term_string"}}],"inLanguage":"es"},{"@type":"Person","@id":"https:\/\/diariodelsurdigital.com.ar\/#\/schema\/person\/1a4992532ed62965c968031b49195c81","name":"Diario del Sur Digital","image":{"@type":"ImageObject","inLanguage":"es","@id":"https:\/\/secure.gravatar.com\/avatar\/f0c7c47fc7146d19828273b9b8eda651c9c7ab583767e6338d3d3bee825adf76?s=96&d=mm&r=g","url":"https:\/\/secure.gravatar.com\/avatar\/f0c7c47fc7146d19828273b9b8eda651c9c7ab583767e6338d3d3bee825adf76?s=96&d=mm&r=g","contentUrl":"https:\/\/secure.gravatar.com\/avatar\/f0c7c47fc7146d19828273b9b8eda651c9c7ab583767e6338d3d3bee825adf76?s=96&d=mm&r=g","caption":"Diario del Sur Digital"},"url":"https:\/\/diariodelsurdigital.com.ar\/?author=4"}]}},"_links":{"self":[{"href":"https:\/\/diariodelsurdigital.com.ar\/index.php?rest_route=\/wp\/v2\/posts\/5931","targetHints":{"allow":["GET"]}}],"collection":[{"href":"https:\/\/diariodelsurdigital.com.ar\/index.php?rest_route=\/wp\/v2\/posts"}],"about":[{"href":"https:\/\/diariodelsurdigital.com.ar\/index.php?rest_route=\/wp\/v2\/types\/post"}],"author":[{"embeddable":true,"href":"https:\/\/diariodelsurdigital.com.ar\/index.php?rest_route=\/wp\/v2\/users\/4"}],"replies":[{"embeddable":true,"href":"https:\/\/diariodelsurdigital.com.ar\/index.php?rest_route=%2Fwp%2Fv2%2Fcomments&post=5931"}],"version-history":[{"count":1,"href":"https:\/\/diariodelsurdigital.com.ar\/index.php?rest_route=\/wp\/v2\/posts\/5931\/revisions"}],"predecessor-version":[{"id":5933,"href":"https:\/\/diariodelsurdigital.com.ar\/index.php?rest_route=\/wp\/v2\/posts\/5931\/revisions\/5933"}],"wp:featuredmedia":[{"embeddable":true,"href":"https:\/\/diariodelsurdigital.com.ar\/index.php?rest_route=\/wp\/v2\/media\/5932"}],"wp:attachment":[{"href":"https:\/\/diariodelsurdigital.com.ar\/index.php?rest_route=%2Fwp%2Fv2%2Fmedia&parent=5931"}],"wp:term":[{"taxonomy":"category","embeddable":true,"href":"https:\/\/diariodelsurdigital.com.ar\/index.php?rest_route=%2Fwp%2Fv2%2Fcategories&post=5931"},{"taxonomy":"post_tag","embeddable":true,"href":"https:\/\/diariodelsurdigital.com.ar\/index.php?rest_route=%2Fwp%2Fv2%2Ftags&post=5931"}],"curies":[{"name":"wp","href":"https:\/\/api.w.org\/{rel}","templated":true}]}}