{"id":5937,"date":"2025-11-27T10:08:08","date_gmt":"2025-11-27T13:08:08","guid":{"rendered":"https:\/\/diariodelsurdigital.com.ar\/?p=5937"},"modified":"2025-11-27T10:08:09","modified_gmt":"2025-11-27T13:08:09","slug":"las-ventas-en-supermercados-a-nivel-nacional-cayeron-por-sexto-mes-consecutivo-en-septiembre","status":"publish","type":"post","link":"https:\/\/diariodelsurdigital.com.ar\/?p=5937","title":{"rendered":"Las ventas en supermercados a nivel nacional cayeron por sexto mes consecutivo en septiembre"},"content":{"rendered":"\n<p>El consumo sigue sin mostrar se\u00f1ales de recuperaci\u00f3n en la segunda mitad del a\u00f1o tras retroceder 0,2% desestacionalizado a nivel intermensual y registrar seis ca\u00eddas consecutivas a septiembre. En tanto, las ventas mayoristas se contrajeron un 5,2% y extienden su racha negativa.<\/p>\n\n\n\n<p>Este mi\u00e9rcoles, el Indec dio a conocer su \u00faltimo informe del sector, donde se constata una ca\u00edda de 0,8% interanual frente al mismo per\u00edodo de 2024, pese a que el \u00edndice de ventas presenta una variaci\u00f3n acumulada creciente de 2,7% entre enero y septiembre.<\/p>\n\n\n\n<p>A precios corrientes, las ventas totalizaron $1.962.363,0 millones, lo que representa un incremento de 23,8% respecto al mismo mes de 2024. Los grupos de art\u00edculos que presentaron los aumentos m\u00e1s significativos en su variaci\u00f3n interanual fueron los de \u00abIndumentaria, calzado y textiles para el hogar\u00bb, con 53,4%; \u00abCarnes\u00bb, con 45,2%; \u00abAlimentos preparados y rotiser\u00eda\u00bb, con 35,2%; y \u00abOtros\u00bb, con 34,8%.<\/p>\n\n\n\n<p>En el desglose por medios de pago, el 16,2% de las ventas se hizo en efectivo, el 26,4% mediante tarjetas de d\u00e9bito, el 44,1% con tarjetas de cr\u00e9dito, y el 13,3% a trav\u00e9s de otros medios de pago.<\/p>\n\n\n\n<p>Las ventas mayoristas tuvieron la peor baja de 2025<br>Por su parte, las ventas a nivel mayorista cayeron 5,2% en t\u00e9rminos mensuales en septiembre y anotaron la peor baja en lo que va de 2025 y el punto m\u00e1s bajo desde diciembre del a\u00f1o pasado.<\/p>\n\n\n\n<p>A nivel intermensual, el retroceso es incluso mayor y ya alcanza el 13,1%, mientras que el acumulado enero-septiembre de 2025 registra una variaci\u00f3n negativa 7,4%.<\/p>\n\n\n\n<p>Medidas a precios corrientes, las ventas totales sumaron $287.852,7 millones, es decir, un incremento de 7,9% respecto al mismo mes del a\u00f1o anterior. Los grupos de art\u00edculos con los aumentos m\u00e1s significativos contra el mismo per\u00edodo del a\u00f1o anterior fueron: \u00abCarnes\u00bb, con 29,9%; \u00abPanader\u00eda\u00bb, con 15,6%, \u00abBebidas\u00bb, con 13,3%; y \u00abAlmac\u00e9n\u00bb, con 12,4%. <\/p>\n","protected":false},"excerpt":{"rendered":"<p>El consumo sigue sin mostrar se\u00f1ales de recuperaci\u00f3n en la segunda mitad del a\u00f1o tras retroceder 0,2% desestacionalizado a nivel intermensual y registrar seis ca\u00eddas consecutivas a septiembre. En tanto, las ventas mayoristas se contrajeron un 5,2% y extienden su racha negativa. Este mi\u00e9rcoles, el Indec dio a conocer su \u00faltimo informe del sector, donde [&hellip;]<\/p>\n","protected":false},"author":4,"featured_media":5938,"comment_status":"open","ping_status":"open","sticky":false,"template":"","format":"standard","meta":{"footnotes":""},"categories":[19,18],"tags":[],"class_list":{"0":"post-5937","1":"post","2":"type-post","3":"status-publish","4":"format-standard","5":"has-post-thumbnail","7":"category-interes-general","8":"category-nacionales"},"yoast_head":"<!-- This site is optimized with the Yoast SEO plugin v27.4 - https:\/\/yoast.com\/product\/yoast-seo-wordpress\/ -->\n<title>Las ventas en supermercados a nivel nacional cayeron por sexto mes consecutivo en septiembre - Diario del Sur<\/title>\n<meta name=\"robots\" content=\"index, follow, max-snippet:-1, max-image-preview:large, max-video-preview:-1\" \/>\n<link rel=\"canonical\" href=\"https:\/\/diariodelsurdigital.com.ar\/?p=5937\" \/>\n<meta property=\"og:locale\" content=\"es_ES\" \/>\n<meta property=\"og:type\" content=\"article\" \/>\n<meta property=\"og:title\" content=\"Las ventas en supermercados a nivel nacional cayeron por sexto mes consecutivo en septiembre - Diario del Sur\" \/>\n<meta property=\"og:description\" content=\"El consumo sigue sin mostrar se\u00f1ales de recuperaci\u00f3n en la segunda mitad del a\u00f1o tras retroceder 0,2% desestacionalizado a nivel intermensual y registrar seis ca\u00eddas consecutivas a septiembre. En tanto, las ventas mayoristas se contrajeron un 5,2% y extienden su racha negativa. Este mi\u00e9rcoles, el Indec dio a conocer su \u00faltimo informe del sector, donde [&hellip;]\" \/>\n<meta property=\"og:url\" content=\"https:\/\/diariodelsurdigital.com.ar\/?p=5937\" \/>\n<meta property=\"og:site_name\" content=\"Diario del Sur\" \/>\n<meta property=\"article:published_time\" content=\"2025-11-27T13:08:08+00:00\" \/>\n<meta property=\"article:modified_time\" content=\"2025-11-27T13:08:09+00:00\" \/>\n<meta property=\"og:image\" content=\"https:\/\/diariodelsurdigital.com.ar\/wp-content\/uploads\/2025\/11\/md-12-2.webp\" \/>\n\t<meta property=\"og:image:width\" content=\"992\" \/>\n\t<meta property=\"og:image:height\" content=\"633\" \/>\n\t<meta property=\"og:image:type\" content=\"image\/webp\" \/>\n<meta name=\"author\" content=\"Diario del Sur Digital\" \/>\n<meta name=\"twitter:card\" content=\"summary_large_image\" \/>\n<meta name=\"twitter:label1\" content=\"Escrito por\" \/>\n\t<meta name=\"twitter:data1\" content=\"Diario del Sur Digital\" \/>\n\t<meta name=\"twitter:label2\" content=\"Tiempo de lectura\" \/>\n\t<meta name=\"twitter:data2\" content=\"2 minutos\" \/>\n<script type=\"application\/ld+json\" class=\"yoast-schema-graph\">{\"@context\":\"https:\\\/\\\/schema.org\",\"@graph\":[{\"@type\":\"Article\",\"@id\":\"https:\\\/\\\/diariodelsurdigital.com.ar\\\/?p=5937#article\",\"isPartOf\":{\"@id\":\"https:\\\/\\\/diariodelsurdigital.com.ar\\\/?p=5937\"},\"author\":{\"name\":\"Diario del Sur Digital\",\"@id\":\"https:\\\/\\\/diariodelsurdigital.com.ar\\\/#\\\/schema\\\/person\\\/1a4992532ed62965c968031b49195c81\"},\"headline\":\"Las ventas en supermercados a nivel nacional cayeron por sexto mes consecutivo en septiembre\",\"datePublished\":\"2025-11-27T13:08:08+00:00\",\"dateModified\":\"2025-11-27T13:08:09+00:00\",\"mainEntityOfPage\":{\"@id\":\"https:\\\/\\\/diariodelsurdigital.com.ar\\\/?p=5937\"},\"wordCount\":319,\"commentCount\":0,\"image\":{\"@id\":\"https:\\\/\\\/diariodelsurdigital.com.ar\\\/?p=5937#primaryimage\"},\"thumbnailUrl\":\"https:\\\/\\\/diariodelsurdigital.com.ar\\\/wp-content\\\/uploads\\\/2025\\\/11\\\/md-12-2.webp\",\"articleSection\":[\"Inter\u00e9s General\",\"Nacionales\"],\"inLanguage\":\"es\",\"potentialAction\":[{\"@type\":\"CommentAction\",\"name\":\"Comment\",\"target\":[\"https:\\\/\\\/diariodelsurdigital.com.ar\\\/?p=5937#respond\"]}]},{\"@type\":\"WebPage\",\"@id\":\"https:\\\/\\\/diariodelsurdigital.com.ar\\\/?p=5937\",\"url\":\"https:\\\/\\\/diariodelsurdigital.com.ar\\\/?p=5937\",\"name\":\"Las ventas en supermercados a nivel nacional cayeron por sexto mes consecutivo en septiembre - Diario del Sur\",\"isPartOf\":{\"@id\":\"https:\\\/\\\/diariodelsurdigital.com.ar\\\/#website\"},\"primaryImageOfPage\":{\"@id\":\"https:\\\/\\\/diariodelsurdigital.com.ar\\\/?p=5937#primaryimage\"},\"image\":{\"@id\":\"https:\\\/\\\/diariodelsurdigital.com.ar\\\/?p=5937#primaryimage\"},\"thumbnailUrl\":\"https:\\\/\\\/diariodelsurdigital.com.ar\\\/wp-content\\\/uploads\\\/2025\\\/11\\\/md-12-2.webp\",\"datePublished\":\"2025-11-27T13:08:08+00:00\",\"dateModified\":\"2025-11-27T13:08:09+00:00\",\"author\":{\"@id\":\"https:\\\/\\\/diariodelsurdigital.com.ar\\\/#\\\/schema\\\/person\\\/1a4992532ed62965c968031b49195c81\"},\"breadcrumb\":{\"@id\":\"https:\\\/\\\/diariodelsurdigital.com.ar\\\/?p=5937#breadcrumb\"},\"inLanguage\":\"es\",\"potentialAction\":[{\"@type\":\"ReadAction\",\"target\":[\"https:\\\/\\\/diariodelsurdigital.com.ar\\\/?p=5937\"]}]},{\"@type\":\"ImageObject\",\"inLanguage\":\"es\",\"@id\":\"https:\\\/\\\/diariodelsurdigital.com.ar\\\/?p=5937#primaryimage\",\"url\":\"https:\\\/\\\/diariodelsurdigital.com.ar\\\/wp-content\\\/uploads\\\/2025\\\/11\\\/md-12-2.webp\",\"contentUrl\":\"https:\\\/\\\/diariodelsurdigital.com.ar\\\/wp-content\\\/uploads\\\/2025\\\/11\\\/md-12-2.webp\",\"width\":992,\"height\":633},{\"@type\":\"BreadcrumbList\",\"@id\":\"https:\\\/\\\/diariodelsurdigital.com.ar\\\/?p=5937#breadcrumb\",\"itemListElement\":[{\"@type\":\"ListItem\",\"position\":1,\"name\":\"Portada\",\"item\":\"https:\\\/\\\/diariodelsurdigital.com.ar\\\/\"},{\"@type\":\"ListItem\",\"position\":2,\"name\":\"Las ventas en supermercados a nivel nacional cayeron por sexto mes consecutivo en septiembre\"}]},{\"@type\":\"WebSite\",\"@id\":\"https:\\\/\\\/diariodelsurdigital.com.ar\\\/#website\",\"url\":\"https:\\\/\\\/diariodelsurdigital.com.ar\\\/\",\"name\":\"Diario del Sur\",\"description\":\"Digital\",\"potentialAction\":[{\"@type\":\"SearchAction\",\"target\":{\"@type\":\"EntryPoint\",\"urlTemplate\":\"https:\\\/\\\/diariodelsurdigital.com.ar\\\/?s={search_term_string}\"},\"query-input\":{\"@type\":\"PropertyValueSpecification\",\"valueRequired\":true,\"valueName\":\"search_term_string\"}}],\"inLanguage\":\"es\"},{\"@type\":\"Person\",\"@id\":\"https:\\\/\\\/diariodelsurdigital.com.ar\\\/#\\\/schema\\\/person\\\/1a4992532ed62965c968031b49195c81\",\"name\":\"Diario del Sur Digital\",\"image\":{\"@type\":\"ImageObject\",\"inLanguage\":\"es\",\"@id\":\"https:\\\/\\\/secure.gravatar.com\\\/avatar\\\/f0c7c47fc7146d19828273b9b8eda651c9c7ab583767e6338d3d3bee825adf76?s=96&d=mm&r=g\",\"url\":\"https:\\\/\\\/secure.gravatar.com\\\/avatar\\\/f0c7c47fc7146d19828273b9b8eda651c9c7ab583767e6338d3d3bee825adf76?s=96&d=mm&r=g\",\"contentUrl\":\"https:\\\/\\\/secure.gravatar.com\\\/avatar\\\/f0c7c47fc7146d19828273b9b8eda651c9c7ab583767e6338d3d3bee825adf76?s=96&d=mm&r=g\",\"caption\":\"Diario del Sur Digital\"},\"url\":\"https:\\\/\\\/diariodelsurdigital.com.ar\\\/?author=4\"}]}<\/script>\n<!-- \/ Yoast SEO plugin. -->","yoast_head_json":{"title":"Las ventas en supermercados a nivel nacional cayeron por sexto mes consecutivo en septiembre - Diario del Sur","robots":{"index":"index","follow":"follow","max-snippet":"max-snippet:-1","max-image-preview":"max-image-preview:large","max-video-preview":"max-video-preview:-1"},"canonical":"https:\/\/diariodelsurdigital.com.ar\/?p=5937","og_locale":"es_ES","og_type":"article","og_title":"Las ventas en supermercados a nivel nacional cayeron por sexto mes consecutivo en septiembre - Diario del Sur","og_description":"El consumo sigue sin mostrar se\u00f1ales de recuperaci\u00f3n en la segunda mitad del a\u00f1o tras retroceder 0,2% desestacionalizado a nivel intermensual y registrar seis ca\u00eddas consecutivas a septiembre. En tanto, las ventas mayoristas se contrajeron un 5,2% y extienden su racha negativa. Este mi\u00e9rcoles, el Indec dio a conocer su \u00faltimo informe del sector, donde [&hellip;]","og_url":"https:\/\/diariodelsurdigital.com.ar\/?p=5937","og_site_name":"Diario del Sur","article_published_time":"2025-11-27T13:08:08+00:00","article_modified_time":"2025-11-27T13:08:09+00:00","og_image":[{"width":992,"height":633,"url":"https:\/\/diariodelsurdigital.com.ar\/wp-content\/uploads\/2025\/11\/md-12-2.webp","type":"image\/webp"}],"author":"Diario del Sur Digital","twitter_card":"summary_large_image","twitter_misc":{"Escrito por":"Diario del Sur Digital","Tiempo de lectura":"2 minutos"},"schema":{"@context":"https:\/\/schema.org","@graph":[{"@type":"Article","@id":"https:\/\/diariodelsurdigital.com.ar\/?p=5937#article","isPartOf":{"@id":"https:\/\/diariodelsurdigital.com.ar\/?p=5937"},"author":{"name":"Diario del Sur Digital","@id":"https:\/\/diariodelsurdigital.com.ar\/#\/schema\/person\/1a4992532ed62965c968031b49195c81"},"headline":"Las ventas en supermercados a nivel nacional cayeron por sexto mes consecutivo en septiembre","datePublished":"2025-11-27T13:08:08+00:00","dateModified":"2025-11-27T13:08:09+00:00","mainEntityOfPage":{"@id":"https:\/\/diariodelsurdigital.com.ar\/?p=5937"},"wordCount":319,"commentCount":0,"image":{"@id":"https:\/\/diariodelsurdigital.com.ar\/?p=5937#primaryimage"},"thumbnailUrl":"https:\/\/diariodelsurdigital.com.ar\/wp-content\/uploads\/2025\/11\/md-12-2.webp","articleSection":["Inter\u00e9s General","Nacionales"],"inLanguage":"es","potentialAction":[{"@type":"CommentAction","name":"Comment","target":["https:\/\/diariodelsurdigital.com.ar\/?p=5937#respond"]}]},{"@type":"WebPage","@id":"https:\/\/diariodelsurdigital.com.ar\/?p=5937","url":"https:\/\/diariodelsurdigital.com.ar\/?p=5937","name":"Las ventas en supermercados a nivel nacional cayeron por sexto mes consecutivo en septiembre - Diario del Sur","isPartOf":{"@id":"https:\/\/diariodelsurdigital.com.ar\/#website"},"primaryImageOfPage":{"@id":"https:\/\/diariodelsurdigital.com.ar\/?p=5937#primaryimage"},"image":{"@id":"https:\/\/diariodelsurdigital.com.ar\/?p=5937#primaryimage"},"thumbnailUrl":"https:\/\/diariodelsurdigital.com.ar\/wp-content\/uploads\/2025\/11\/md-12-2.webp","datePublished":"2025-11-27T13:08:08+00:00","dateModified":"2025-11-27T13:08:09+00:00","author":{"@id":"https:\/\/diariodelsurdigital.com.ar\/#\/schema\/person\/1a4992532ed62965c968031b49195c81"},"breadcrumb":{"@id":"https:\/\/diariodelsurdigital.com.ar\/?p=5937#breadcrumb"},"inLanguage":"es","potentialAction":[{"@type":"ReadAction","target":["https:\/\/diariodelsurdigital.com.ar\/?p=5937"]}]},{"@type":"ImageObject","inLanguage":"es","@id":"https:\/\/diariodelsurdigital.com.ar\/?p=5937#primaryimage","url":"https:\/\/diariodelsurdigital.com.ar\/wp-content\/uploads\/2025\/11\/md-12-2.webp","contentUrl":"https:\/\/diariodelsurdigital.com.ar\/wp-content\/uploads\/2025\/11\/md-12-2.webp","width":992,"height":633},{"@type":"BreadcrumbList","@id":"https:\/\/diariodelsurdigital.com.ar\/?p=5937#breadcrumb","itemListElement":[{"@type":"ListItem","position":1,"name":"Portada","item":"https:\/\/diariodelsurdigital.com.ar\/"},{"@type":"ListItem","position":2,"name":"Las ventas en supermercados a nivel nacional cayeron por sexto mes consecutivo en septiembre"}]},{"@type":"WebSite","@id":"https:\/\/diariodelsurdigital.com.ar\/#website","url":"https:\/\/diariodelsurdigital.com.ar\/","name":"Diario del Sur","description":"Digital","potentialAction":[{"@type":"SearchAction","target":{"@type":"EntryPoint","urlTemplate":"https:\/\/diariodelsurdigital.com.ar\/?s={search_term_string}"},"query-input":{"@type":"PropertyValueSpecification","valueRequired":true,"valueName":"search_term_string"}}],"inLanguage":"es"},{"@type":"Person","@id":"https:\/\/diariodelsurdigital.com.ar\/#\/schema\/person\/1a4992532ed62965c968031b49195c81","name":"Diario del Sur Digital","image":{"@type":"ImageObject","inLanguage":"es","@id":"https:\/\/secure.gravatar.com\/avatar\/f0c7c47fc7146d19828273b9b8eda651c9c7ab583767e6338d3d3bee825adf76?s=96&d=mm&r=g","url":"https:\/\/secure.gravatar.com\/avatar\/f0c7c47fc7146d19828273b9b8eda651c9c7ab583767e6338d3d3bee825adf76?s=96&d=mm&r=g","contentUrl":"https:\/\/secure.gravatar.com\/avatar\/f0c7c47fc7146d19828273b9b8eda651c9c7ab583767e6338d3d3bee825adf76?s=96&d=mm&r=g","caption":"Diario del Sur Digital"},"url":"https:\/\/diariodelsurdigital.com.ar\/?author=4"}]}},"_links":{"self":[{"href":"https:\/\/diariodelsurdigital.com.ar\/index.php?rest_route=\/wp\/v2\/posts\/5937","targetHints":{"allow":["GET"]}}],"collection":[{"href":"https:\/\/diariodelsurdigital.com.ar\/index.php?rest_route=\/wp\/v2\/posts"}],"about":[{"href":"https:\/\/diariodelsurdigital.com.ar\/index.php?rest_route=\/wp\/v2\/types\/post"}],"author":[{"embeddable":true,"href":"https:\/\/diariodelsurdigital.com.ar\/index.php?rest_route=\/wp\/v2\/users\/4"}],"replies":[{"embeddable":true,"href":"https:\/\/diariodelsurdigital.com.ar\/index.php?rest_route=%2Fwp%2Fv2%2Fcomments&post=5937"}],"version-history":[{"count":1,"href":"https:\/\/diariodelsurdigital.com.ar\/index.php?rest_route=\/wp\/v2\/posts\/5937\/revisions"}],"predecessor-version":[{"id":5939,"href":"https:\/\/diariodelsurdigital.com.ar\/index.php?rest_route=\/wp\/v2\/posts\/5937\/revisions\/5939"}],"wp:featuredmedia":[{"embeddable":true,"href":"https:\/\/diariodelsurdigital.com.ar\/index.php?rest_route=\/wp\/v2\/media\/5938"}],"wp:attachment":[{"href":"https:\/\/diariodelsurdigital.com.ar\/index.php?rest_route=%2Fwp%2Fv2%2Fmedia&parent=5937"}],"wp:term":[{"taxonomy":"category","embeddable":true,"href":"https:\/\/diariodelsurdigital.com.ar\/index.php?rest_route=%2Fwp%2Fv2%2Fcategories&post=5937"},{"taxonomy":"post_tag","embeddable":true,"href":"https:\/\/diariodelsurdigital.com.ar\/index.php?rest_route=%2Fwp%2Fv2%2Ftags&post=5937"}],"curies":[{"name":"wp","href":"https:\/\/api.w.org\/{rel}","templated":true}]}}