{"id":594,"date":"2025-01-15T14:31:30","date_gmt":"2025-01-15T17:31:30","guid":{"rendered":"https:\/\/diariodelsurdigital.com.ar\/?p=594"},"modified":"2025-01-15T14:31:31","modified_gmt":"2025-01-15T17:31:31","slug":"el-gobierno-oficializo-por-decreto-la-licitacion-para-privatizar-las-rutas-14-12-y-la-a-015","status":"publish","type":"post","link":"https:\/\/diariodelsurdigital.com.ar\/?p=594","title":{"rendered":"El Gobierno oficializ\u00f3 por decreto la licitaci\u00f3n para privatizar las rutas 14, 12 y la A-015"},"content":{"rendered":"\n<p>Los tramos que ser\u00e1n otorgados en Concesi\u00f3n de Obra P\u00fablica por peaje son los pertenecientes al Corredor Vial 18, actualmente a cargo de Caminos del R\u00edo Uruguay, compuestos por las rutas 12 (desde Z\u00e1rate a Ceibas y desde Ceibas hasta Gualeguay), 14 (desde Ceibas hasta Paso de los Libres), 135 (de Col\u00f3n a General Artigas), A-015 (de Concordia a Represa Salto Grande), 117 (de Paso de los Libres a Agust\u00edn P. Justo y de Agust\u00edn P. Justo al l\u00edmite internacional entre Argentina y Brasil), y la 174 (de Rosario a Victoria).<\/p>\n\n\n\n<p>El Gobierno<strong>&nbsp;public\u00f3 el llamado a licitaci\u00f3n de los tramos de rutas nacionales comprendidos en el Corredor Vial 18<\/strong>, para delegar en el sector privado el mantenimiento y la conservaci\u00f3n de los mismos \u201ccon el fin de reducir el gasto p\u00fablico\u201d.<\/p>\n\n\n\n<p>El puntapi\u00e9 para el comienzo del proceso de privatizaci\u00f3n de senderos de jurisdicci\u00f3n nacional hab\u00eda sido anticipado por el Ejecutivo en los \u00faltimos d\u00edas y&nbsp;<a href=\"https:\/\/www.boletinoficial.gob.ar\/detalleAviso\/primera\/319585\/20250115\" target=\"_blank\" rel=\"noreferrer noopener\">fue oficializado este mi\u00e9rcoles mediante el Decreto 28\/2025 publicado en el Bolet\u00edn Oficial<\/a>.<\/p>\n\n\n\n<p>En la normativa se precis\u00f3 que la iniciativa fue impulsada partiendo de la idea de&nbsp;\u201cmantener un criterio sistematizado y unificado con relaci\u00f3n a la concesi\u00f3n por peaje de los tramos y rutas que integran la Red Vial Nacional\u201d.&nbsp;<\/p>\n\n\n\n<p>Al respecto, se estim\u00f3 conveniente que&nbsp;\u201cel Ministerio de Econom\u00eda, a trav\u00e9s de la Secretar\u00eda de Transporte, lleve a cabo, entre otras tareas,&nbsp;<strong>el llamado a Licitaci\u00f3n P\u00fablica Nacional e Internacional,<\/strong>&nbsp;la aprobaci\u00f3n de los pliegos de bases y condiciones generales, particulares y de especificaciones t\u00e9cnicas, el texto del contrato y dem\u00e1s documentaci\u00f3n necesaria para la realizaci\u00f3n del proceso licitatorio y, oportunamente, el dictado del acto administrativo de adjudicaci\u00f3n\u201d.<\/p>\n\n\n\n<p>Al argumentar la decisi\u00f3n, se expuso que<strong>&nbsp;\u201ccon el fin de reducir el gasto p\u00fablico<\/strong>&nbsp;<strong>resulta conveniente delegar en el sector privado la conservaci\u00f3n y el mantenimiento<\/strong>&nbsp;de tramos de rutas nacionales cuya gesti\u00f3n se encuentra actualmente a cargo de la Direcci\u00f3n Nacional de Vialidad\u201d.<\/p>\n\n\n\n<p>Adem\u00e1s, en el texto oficial se aclar\u00f3 que la medida permite&nbsp;\u201cgarantizar la construcci\u00f3n, explotaci\u00f3n, administraci\u00f3n, reparaci\u00f3n, ampliaci\u00f3n, conservaci\u00f3n, mantenimiento y prestaci\u00f3n de servicios al usuario de todos los Tramos de la Red Vial Nacional detallados\u201d&nbsp;junto con&nbsp;\u201cla realizaci\u00f3n de nuevas explotaciones complementarias o colaterales que permitan obtener ingresos adicionales\u201d.&nbsp;<\/p>\n\n\n\n<p>Los tramos que ser\u00e1n otorgados en Concesi\u00f3n de Obra P\u00fablica por peaje, bajo el r\u00e9gimen de la Ley N\u00ba 17.520, son los pertenecientes al Corredor Vial 18, actualmente a cargo de Caminos del R\u00edo Uruguay, compuestos por las rutas 12 (desde Z\u00e1rate a Ceibas y desde Ceibas hasta Gualeguay), 14 (desde Ceibas hasta Paso de los Libres), 135 (de Col\u00f3n a General Artigas), A-015 (de Concordia a Represa Salto Grande), 117 (de Paso de los Libres a Agust\u00edn P. Justo y de Agust\u00edn P. Justo al l\u00edmite internacional entre Argentina y Brasil), y la 174 (de Rosario a Victoria).<\/p>\n\n\n\n<p>En relaci\u00f3n a las rutas seleccionadas para comenzar el proceso de privatizaci\u00f3n de la red vial nacional, el documento oficial record\u00f3 que&nbsp;\u201cel corredor vial 18 es de suma importancia,&nbsp;<strong>no solo para la regi\u00f3n del Litoral argentino sino para todo el Mercosur<\/strong>, al conectar tres de las cuatro naciones miembros de ese organismo intergubernamental por v\u00eda terrestre, adem\u00e1s de incluir en su traza la conexi\u00f3n a la Represa Binacional Salto Grande\u201d.<\/p>\n\n\n\n<h2 class=\"wp-block-heading\">El comunicado de Vialidad Nacional<\/h2>\n\n\n\n<p><em>El Gobierno Nacional oficializ\u00f3 hoy, a trav\u00e9s del&nbsp;<\/em><a href=\"https:\/\/www.boletinoficial.gob.ar\/detalleAviso\/primera\/319585\/20250115\" target=\"_blank\" rel=\"noreferrer noopener\"><em>Decreto 28\/2025<\/em><\/a><em>&nbsp;publicado en el Bolet\u00edn Oficial, el inicio de la primera etapa del proceso licitatorio de la Red Federal de Concesiones. Esta fase contempla la licitaci\u00f3n del Corredor Vial 18, que incluye principalmente las rutas nacionales 12 y 14, el Puente Rosario-Victoria, y recorre las provincias de Buenos Aires, Entre R\u00edos, Santa Fe y Corrientes. Todos estos Tramos y Rutas forman parte del nuevo sistema de concesiones por peaje para la operaci\u00f3n y mantenimiento de la denominada Red Federal de Concesiones.<\/em><\/p>\n\n\n\n<p><em>Este proceso ser\u00e1 posible gracias a que se generaron las condiciones econ\u00f3micas \u00f3ptimas donde capitales privados puedan invertir en la operaci\u00f3n y mantenimiento de estas trazas nacionales. El objetivo primordial de esta apertura al capital privado es reducir los gastos que esto genera al Tesoro nacional, que se calculan en aproximadamente&nbsp;<\/em><em><strong>6.100 millones de d\u00f3lares<\/strong><\/em><em>, en promedio, proyectados entre 15 y 20 a\u00f1os.<\/em><\/p>\n\n\n\n<p><em>El nuevo sistema no contar\u00e1 con&nbsp;<\/em><em><strong>ning\u00fan subsidio&nbsp;<\/strong><\/em><em>por parte del sector p\u00fablico, que hasta el momento realizaba aportes para sostener un esquema de concesi\u00f3n deficitario y que no brindaba beneficios reales para los usuarios.<\/em><\/p>\n\n\n\n<p><em>Asimismo, Vialidad Nacional, organismo descentralizado actuante en el \u00e1mbito de la Secretar\u00eda de Transporte, ser\u00e1 la autoridad encargada de supervisar y controlar los contratos de concesi\u00f3n actuales y futuros, asegurando su cumplimiento en beneficio de los usuarios y el desarrollo de la infraestructura vial.<\/em><\/p>\n\n\n\n<p><em>La Red Federal de Concesiones abarca un total de 9.145 kil\u00f3metros distribuidos en trece tramos que representan el 20 % de la red vial nacional, pero concentran el 80 % del tr\u00e1nsito.<\/em><\/p>\n\n\n\n<p><em>El sistema ofrece ventajas para los usuarios por sobre las concesiones actuales, contemplando&nbsp;<\/em><em><strong>tarifas tope m\u00e1ximas<\/strong><\/em><em>&nbsp;que podr\u00e1n ofertarse. Cabe destacar que las tarifas vigentes al momento de la oferta no podr\u00e1n modificarse hasta que la empresa asegure las \u00f3ptimas condiciones de circulaci\u00f3n en las trazas, contemplando par\u00e1metros como: bache cero, calce de banquinas, se\u00f1alizaci\u00f3n horizontal y vertical e iluminaci\u00f3n.&nbsp;<\/em><\/p>\n\n\n\n<p><em>A su vez, Vialidad Nacional realizar\u00e1 un exhaustivo&nbsp;<\/em><em><strong>control por resultados de las calzadas&nbsp;<\/strong><\/em><em>lo que permitir\u00e1 contar informaci\u00f3n constante y completa sobre el estado de las superficies de rodamiento para asegurar la circulaci\u00f3n segura y confortable en todas las trazas.&nbsp;<\/em><\/p>\n\n\n\n<p><em>En esta iniciativa, el Ministerio de Econom\u00eda, a trav\u00e9s de la Secretar\u00eda de Transporte, tendr\u00e1 las siguientes facultades y responsabilidades:<\/em><\/p>\n\n\n\n<ul class=\"wp-block-list\">\n<li><em>Modificar la conformaci\u00f3n de los Tramos de la Red Vial Nacional descriptos.<\/em><\/li>\n\n\n\n<li><em>Efectuar la convocatoria a Licitaci\u00f3n P\u00fablica Nacional e Internacional.\u00a0<\/em><\/li>\n\n\n\n<li><em>Dictar el acto administrativo de adjudicaci\u00f3n y suscribir los contratos respectivos.<\/em><\/li>\n\n\n\n<li><em>Aprobar los pliegos de bases y condiciones generales, particulares y de especificaciones t\u00e9cnicas, el texto del contrato y toda aquella documentaci\u00f3n necesaria para llevar a cabo el proceso licitatorio.<\/em><\/li>\n\n\n\n<li><em>Organizar la Comisi\u00f3n de Concesiones y establecer las pautas de su funcionamiento.<\/em><\/li>\n\n\n\n<li><em>Calificar a los oferentes y resolver las impugnaciones a las calificaciones.<\/em><\/li>\n<\/ul>\n\n\n\n<p><em>Reforzamos el compromiso del Gobierno Nacional con el desarrollo de un sistema vial moderno, seguro y eficiente, promoviendo la integraci\u00f3n territorial y el crecimiento econ\u00f3mico del pa\u00eds.<\/em><\/p>\n\n\n\n<p><em>Toda la informaci\u00f3n relativa al proceso de concesiones est\u00e1 disponible y actualizada en el&nbsp;<\/em><a href=\"https:\/\/www.argentina.gob.ar\/transporte\/vialidad-nacional\/red-federal-de-concesiones\" target=\"_blank\" rel=\"noreferrer noopener\"><em>sitio web de Vialidad Nacional<\/em><\/a><em>, con el objetivo de que toda la ciudadan\u00eda y las empresas interesadas puedan acceder con facilidad.<\/em><\/p>\n","protected":false},"excerpt":{"rendered":"<p>Los tramos que ser\u00e1n otorgados en Concesi\u00f3n de Obra P\u00fablica por peaje son los pertenecientes al Corredor Vial 18, actualmente a cargo de Caminos del R\u00edo Uruguay, compuestos por las rutas 12 (desde Z\u00e1rate a Ceibas y desde Ceibas hasta Gualeguay), 14 (desde Ceibas hasta Paso de los Libres), 135 (de Col\u00f3n a General Artigas), [&hellip;]<\/p>\n","protected":false},"author":4,"featured_media":595,"comment_status":"open","ping_status":"open","sticky":false,"template":"","format":"standard","meta":{"footnotes":""},"categories":[16],"tags":[],"class_list":{"0":"post-594","1":"post","2":"type-post","3":"status-publish","4":"format-standard","5":"has-post-thumbnail","7":"category-locales"},"yoast_head":"<!-- This site is optimized with the Yoast SEO plugin v27.4 - https:\/\/yoast.com\/product\/yoast-seo-wordpress\/ -->\n<title>El Gobierno oficializ\u00f3 por decreto la licitaci\u00f3n para privatizar las rutas 14, 12 y la A-015 - Diario del Sur<\/title>\n<meta name=\"robots\" content=\"index, follow, max-snippet:-1, max-image-preview:large, max-video-preview:-1\" \/>\n<link rel=\"canonical\" href=\"https:\/\/diariodelsurdigital.com.ar\/?p=594\" \/>\n<meta property=\"og:locale\" content=\"es_ES\" \/>\n<meta property=\"og:type\" content=\"article\" \/>\n<meta property=\"og:title\" content=\"El Gobierno oficializ\u00f3 por decreto la licitaci\u00f3n para privatizar las rutas 14, 12 y la A-015 - Diario del Sur\" \/>\n<meta property=\"og:description\" content=\"Los tramos que ser\u00e1n otorgados en Concesi\u00f3n de Obra P\u00fablica por peaje son los pertenecientes al Corredor Vial 18, actualmente a cargo de Caminos del R\u00edo Uruguay, compuestos por las rutas 12 (desde Z\u00e1rate a Ceibas y desde Ceibas hasta Gualeguay), 14 (desde Ceibas hasta Paso de los Libres), 135 (de Col\u00f3n a General Artigas), [&hellip;]\" \/>\n<meta property=\"og:url\" content=\"https:\/\/diariodelsurdigital.com.ar\/?p=594\" \/>\n<meta property=\"og:site_name\" content=\"Diario del Sur\" \/>\n<meta property=\"article:published_time\" content=\"2025-01-15T17:31:30+00:00\" \/>\n<meta property=\"article:modified_time\" content=\"2025-01-15T17:31:31+00:00\" \/>\n<meta property=\"og:image\" content=\"https:\/\/diariodelsurdigital.com.ar\/wp-content\/uploads\/2025\/01\/d25681ac-5db1-4bbc-9661-3aa934742007_16-9-discover-aspect-ratio_default_0.webp\" \/>\n\t<meta property=\"og:image:width\" content=\"1200\" \/>\n\t<meta property=\"og:image:height\" content=\"675\" \/>\n\t<meta property=\"og:image:type\" content=\"image\/webp\" \/>\n<meta name=\"author\" content=\"Diario del Sur Digital\" \/>\n<meta name=\"twitter:card\" content=\"summary_large_image\" \/>\n<meta name=\"twitter:label1\" content=\"Escrito por\" \/>\n\t<meta name=\"twitter:data1\" content=\"Diario del Sur Digital\" \/>\n\t<meta name=\"twitter:label2\" content=\"Tiempo de lectura\" \/>\n\t<meta name=\"twitter:data2\" content=\"6 minutos\" \/>\n<script type=\"application\/ld+json\" class=\"yoast-schema-graph\">{\"@context\":\"https:\\\/\\\/schema.org\",\"@graph\":[{\"@type\":\"Article\",\"@id\":\"https:\\\/\\\/diariodelsurdigital.com.ar\\\/?p=594#article\",\"isPartOf\":{\"@id\":\"https:\\\/\\\/diariodelsurdigital.com.ar\\\/?p=594\"},\"author\":{\"name\":\"Diario del Sur Digital\",\"@id\":\"https:\\\/\\\/diariodelsurdigital.com.ar\\\/#\\\/schema\\\/person\\\/1a4992532ed62965c968031b49195c81\"},\"headline\":\"El Gobierno oficializ\u00f3 por decreto la licitaci\u00f3n para privatizar las rutas 14, 12 y la A-015\",\"datePublished\":\"2025-01-15T17:31:30+00:00\",\"dateModified\":\"2025-01-15T17:31:31+00:00\",\"mainEntityOfPage\":{\"@id\":\"https:\\\/\\\/diariodelsurdigital.com.ar\\\/?p=594\"},\"wordCount\":1198,\"commentCount\":0,\"image\":{\"@id\":\"https:\\\/\\\/diariodelsurdigital.com.ar\\\/?p=594#primaryimage\"},\"thumbnailUrl\":\"https:\\\/\\\/diariodelsurdigital.com.ar\\\/wp-content\\\/uploads\\\/2025\\\/01\\\/d25681ac-5db1-4bbc-9661-3aa934742007_16-9-discover-aspect-ratio_default_0.webp\",\"articleSection\":[\"Locales\"],\"inLanguage\":\"es\",\"potentialAction\":[{\"@type\":\"CommentAction\",\"name\":\"Comment\",\"target\":[\"https:\\\/\\\/diariodelsurdigital.com.ar\\\/?p=594#respond\"]}]},{\"@type\":\"WebPage\",\"@id\":\"https:\\\/\\\/diariodelsurdigital.com.ar\\\/?p=594\",\"url\":\"https:\\\/\\\/diariodelsurdigital.com.ar\\\/?p=594\",\"name\":\"El Gobierno oficializ\u00f3 por decreto la licitaci\u00f3n para privatizar las rutas 14, 12 y la A-015 - Diario del Sur\",\"isPartOf\":{\"@id\":\"https:\\\/\\\/diariodelsurdigital.com.ar\\\/#website\"},\"primaryImageOfPage\":{\"@id\":\"https:\\\/\\\/diariodelsurdigital.com.ar\\\/?p=594#primaryimage\"},\"image\":{\"@id\":\"https:\\\/\\\/diariodelsurdigital.com.ar\\\/?p=594#primaryimage\"},\"thumbnailUrl\":\"https:\\\/\\\/diariodelsurdigital.com.ar\\\/wp-content\\\/uploads\\\/2025\\\/01\\\/d25681ac-5db1-4bbc-9661-3aa934742007_16-9-discover-aspect-ratio_default_0.webp\",\"datePublished\":\"2025-01-15T17:31:30+00:00\",\"dateModified\":\"2025-01-15T17:31:31+00:00\",\"author\":{\"@id\":\"https:\\\/\\\/diariodelsurdigital.com.ar\\\/#\\\/schema\\\/person\\\/1a4992532ed62965c968031b49195c81\"},\"breadcrumb\":{\"@id\":\"https:\\\/\\\/diariodelsurdigital.com.ar\\\/?p=594#breadcrumb\"},\"inLanguage\":\"es\",\"potentialAction\":[{\"@type\":\"ReadAction\",\"target\":[\"https:\\\/\\\/diariodelsurdigital.com.ar\\\/?p=594\"]}]},{\"@type\":\"ImageObject\",\"inLanguage\":\"es\",\"@id\":\"https:\\\/\\\/diariodelsurdigital.com.ar\\\/?p=594#primaryimage\",\"url\":\"https:\\\/\\\/diariodelsurdigital.com.ar\\\/wp-content\\\/uploads\\\/2025\\\/01\\\/d25681ac-5db1-4bbc-9661-3aa934742007_16-9-discover-aspect-ratio_default_0.webp\",\"contentUrl\":\"https:\\\/\\\/diariodelsurdigital.com.ar\\\/wp-content\\\/uploads\\\/2025\\\/01\\\/d25681ac-5db1-4bbc-9661-3aa934742007_16-9-discover-aspect-ratio_default_0.webp\",\"width\":1200,\"height\":675},{\"@type\":\"BreadcrumbList\",\"@id\":\"https:\\\/\\\/diariodelsurdigital.com.ar\\\/?p=594#breadcrumb\",\"itemListElement\":[{\"@type\":\"ListItem\",\"position\":1,\"name\":\"Portada\",\"item\":\"https:\\\/\\\/diariodelsurdigital.com.ar\\\/\"},{\"@type\":\"ListItem\",\"position\":2,\"name\":\"El Gobierno oficializ\u00f3 por decreto la licitaci\u00f3n para privatizar las rutas 14, 12 y la A-015\"}]},{\"@type\":\"WebSite\",\"@id\":\"https:\\\/\\\/diariodelsurdigital.com.ar\\\/#website\",\"url\":\"https:\\\/\\\/diariodelsurdigital.com.ar\\\/\",\"name\":\"Diario del Sur\",\"description\":\"Digital\",\"potentialAction\":[{\"@type\":\"SearchAction\",\"target\":{\"@type\":\"EntryPoint\",\"urlTemplate\":\"https:\\\/\\\/diariodelsurdigital.com.ar\\\/?s={search_term_string}\"},\"query-input\":{\"@type\":\"PropertyValueSpecification\",\"valueRequired\":true,\"valueName\":\"search_term_string\"}}],\"inLanguage\":\"es\"},{\"@type\":\"Person\",\"@id\":\"https:\\\/\\\/diariodelsurdigital.com.ar\\\/#\\\/schema\\\/person\\\/1a4992532ed62965c968031b49195c81\",\"name\":\"Diario del Sur Digital\",\"image\":{\"@type\":\"ImageObject\",\"inLanguage\":\"es\",\"@id\":\"https:\\\/\\\/secure.gravatar.com\\\/avatar\\\/f0c7c47fc7146d19828273b9b8eda651c9c7ab583767e6338d3d3bee825adf76?s=96&d=mm&r=g\",\"url\":\"https:\\\/\\\/secure.gravatar.com\\\/avatar\\\/f0c7c47fc7146d19828273b9b8eda651c9c7ab583767e6338d3d3bee825adf76?s=96&d=mm&r=g\",\"contentUrl\":\"https:\\\/\\\/secure.gravatar.com\\\/avatar\\\/f0c7c47fc7146d19828273b9b8eda651c9c7ab583767e6338d3d3bee825adf76?s=96&d=mm&r=g\",\"caption\":\"Diario del Sur Digital\"},\"url\":\"https:\\\/\\\/diariodelsurdigital.com.ar\\\/?author=4\"}]}<\/script>\n<!-- \/ Yoast SEO plugin. -->","yoast_head_json":{"title":"El Gobierno oficializ\u00f3 por decreto la licitaci\u00f3n para privatizar las rutas 14, 12 y la A-015 - Diario del Sur","robots":{"index":"index","follow":"follow","max-snippet":"max-snippet:-1","max-image-preview":"max-image-preview:large","max-video-preview":"max-video-preview:-1"},"canonical":"https:\/\/diariodelsurdigital.com.ar\/?p=594","og_locale":"es_ES","og_type":"article","og_title":"El Gobierno oficializ\u00f3 por decreto la licitaci\u00f3n para privatizar las rutas 14, 12 y la A-015 - Diario del Sur","og_description":"Los tramos que ser\u00e1n otorgados en Concesi\u00f3n de Obra P\u00fablica por peaje son los pertenecientes al Corredor Vial 18, actualmente a cargo de Caminos del R\u00edo Uruguay, compuestos por las rutas 12 (desde Z\u00e1rate a Ceibas y desde Ceibas hasta Gualeguay), 14 (desde Ceibas hasta Paso de los Libres), 135 (de Col\u00f3n a General Artigas), [&hellip;]","og_url":"https:\/\/diariodelsurdigital.com.ar\/?p=594","og_site_name":"Diario del Sur","article_published_time":"2025-01-15T17:31:30+00:00","article_modified_time":"2025-01-15T17:31:31+00:00","og_image":[{"width":1200,"height":675,"url":"https:\/\/diariodelsurdigital.com.ar\/wp-content\/uploads\/2025\/01\/d25681ac-5db1-4bbc-9661-3aa934742007_16-9-discover-aspect-ratio_default_0.webp","type":"image\/webp"}],"author":"Diario del Sur Digital","twitter_card":"summary_large_image","twitter_misc":{"Escrito por":"Diario del Sur Digital","Tiempo de lectura":"6 minutos"},"schema":{"@context":"https:\/\/schema.org","@graph":[{"@type":"Article","@id":"https:\/\/diariodelsurdigital.com.ar\/?p=594#article","isPartOf":{"@id":"https:\/\/diariodelsurdigital.com.ar\/?p=594"},"author":{"name":"Diario del Sur Digital","@id":"https:\/\/diariodelsurdigital.com.ar\/#\/schema\/person\/1a4992532ed62965c968031b49195c81"},"headline":"El Gobierno oficializ\u00f3 por decreto la licitaci\u00f3n para privatizar las rutas 14, 12 y la A-015","datePublished":"2025-01-15T17:31:30+00:00","dateModified":"2025-01-15T17:31:31+00:00","mainEntityOfPage":{"@id":"https:\/\/diariodelsurdigital.com.ar\/?p=594"},"wordCount":1198,"commentCount":0,"image":{"@id":"https:\/\/diariodelsurdigital.com.ar\/?p=594#primaryimage"},"thumbnailUrl":"https:\/\/diariodelsurdigital.com.ar\/wp-content\/uploads\/2025\/01\/d25681ac-5db1-4bbc-9661-3aa934742007_16-9-discover-aspect-ratio_default_0.webp","articleSection":["Locales"],"inLanguage":"es","potentialAction":[{"@type":"CommentAction","name":"Comment","target":["https:\/\/diariodelsurdigital.com.ar\/?p=594#respond"]}]},{"@type":"WebPage","@id":"https:\/\/diariodelsurdigital.com.ar\/?p=594","url":"https:\/\/diariodelsurdigital.com.ar\/?p=594","name":"El Gobierno oficializ\u00f3 por decreto la licitaci\u00f3n para privatizar las rutas 14, 12 y la A-015 - Diario del Sur","isPartOf":{"@id":"https:\/\/diariodelsurdigital.com.ar\/#website"},"primaryImageOfPage":{"@id":"https:\/\/diariodelsurdigital.com.ar\/?p=594#primaryimage"},"image":{"@id":"https:\/\/diariodelsurdigital.com.ar\/?p=594#primaryimage"},"thumbnailUrl":"https:\/\/diariodelsurdigital.com.ar\/wp-content\/uploads\/2025\/01\/d25681ac-5db1-4bbc-9661-3aa934742007_16-9-discover-aspect-ratio_default_0.webp","datePublished":"2025-01-15T17:31:30+00:00","dateModified":"2025-01-15T17:31:31+00:00","author":{"@id":"https:\/\/diariodelsurdigital.com.ar\/#\/schema\/person\/1a4992532ed62965c968031b49195c81"},"breadcrumb":{"@id":"https:\/\/diariodelsurdigital.com.ar\/?p=594#breadcrumb"},"inLanguage":"es","potentialAction":[{"@type":"ReadAction","target":["https:\/\/diariodelsurdigital.com.ar\/?p=594"]}]},{"@type":"ImageObject","inLanguage":"es","@id":"https:\/\/diariodelsurdigital.com.ar\/?p=594#primaryimage","url":"https:\/\/diariodelsurdigital.com.ar\/wp-content\/uploads\/2025\/01\/d25681ac-5db1-4bbc-9661-3aa934742007_16-9-discover-aspect-ratio_default_0.webp","contentUrl":"https:\/\/diariodelsurdigital.com.ar\/wp-content\/uploads\/2025\/01\/d25681ac-5db1-4bbc-9661-3aa934742007_16-9-discover-aspect-ratio_default_0.webp","width":1200,"height":675},{"@type":"BreadcrumbList","@id":"https:\/\/diariodelsurdigital.com.ar\/?p=594#breadcrumb","itemListElement":[{"@type":"ListItem","position":1,"name":"Portada","item":"https:\/\/diariodelsurdigital.com.ar\/"},{"@type":"ListItem","position":2,"name":"El Gobierno oficializ\u00f3 por decreto la licitaci\u00f3n para privatizar las rutas 14, 12 y la A-015"}]},{"@type":"WebSite","@id":"https:\/\/diariodelsurdigital.com.ar\/#website","url":"https:\/\/diariodelsurdigital.com.ar\/","name":"Diario del Sur","description":"Digital","potentialAction":[{"@type":"SearchAction","target":{"@type":"EntryPoint","urlTemplate":"https:\/\/diariodelsurdigital.com.ar\/?s={search_term_string}"},"query-input":{"@type":"PropertyValueSpecification","valueRequired":true,"valueName":"search_term_string"}}],"inLanguage":"es"},{"@type":"Person","@id":"https:\/\/diariodelsurdigital.com.ar\/#\/schema\/person\/1a4992532ed62965c968031b49195c81","name":"Diario del Sur Digital","image":{"@type":"ImageObject","inLanguage":"es","@id":"https:\/\/secure.gravatar.com\/avatar\/f0c7c47fc7146d19828273b9b8eda651c9c7ab583767e6338d3d3bee825adf76?s=96&d=mm&r=g","url":"https:\/\/secure.gravatar.com\/avatar\/f0c7c47fc7146d19828273b9b8eda651c9c7ab583767e6338d3d3bee825adf76?s=96&d=mm&r=g","contentUrl":"https:\/\/secure.gravatar.com\/avatar\/f0c7c47fc7146d19828273b9b8eda651c9c7ab583767e6338d3d3bee825adf76?s=96&d=mm&r=g","caption":"Diario del Sur Digital"},"url":"https:\/\/diariodelsurdigital.com.ar\/?author=4"}]}},"_links":{"self":[{"href":"https:\/\/diariodelsurdigital.com.ar\/index.php?rest_route=\/wp\/v2\/posts\/594","targetHints":{"allow":["GET"]}}],"collection":[{"href":"https:\/\/diariodelsurdigital.com.ar\/index.php?rest_route=\/wp\/v2\/posts"}],"about":[{"href":"https:\/\/diariodelsurdigital.com.ar\/index.php?rest_route=\/wp\/v2\/types\/post"}],"author":[{"embeddable":true,"href":"https:\/\/diariodelsurdigital.com.ar\/index.php?rest_route=\/wp\/v2\/users\/4"}],"replies":[{"embeddable":true,"href":"https:\/\/diariodelsurdigital.com.ar\/index.php?rest_route=%2Fwp%2Fv2%2Fcomments&post=594"}],"version-history":[{"count":1,"href":"https:\/\/diariodelsurdigital.com.ar\/index.php?rest_route=\/wp\/v2\/posts\/594\/revisions"}],"predecessor-version":[{"id":596,"href":"https:\/\/diariodelsurdigital.com.ar\/index.php?rest_route=\/wp\/v2\/posts\/594\/revisions\/596"}],"wp:featuredmedia":[{"embeddable":true,"href":"https:\/\/diariodelsurdigital.com.ar\/index.php?rest_route=\/wp\/v2\/media\/595"}],"wp:attachment":[{"href":"https:\/\/diariodelsurdigital.com.ar\/index.php?rest_route=%2Fwp%2Fv2%2Fmedia&parent=594"}],"wp:term":[{"taxonomy":"category","embeddable":true,"href":"https:\/\/diariodelsurdigital.com.ar\/index.php?rest_route=%2Fwp%2Fv2%2Fcategories&post=594"},{"taxonomy":"post_tag","embeddable":true,"href":"https:\/\/diariodelsurdigital.com.ar\/index.php?rest_route=%2Fwp%2Fv2%2Ftags&post=594"}],"curies":[{"name":"wp","href":"https:\/\/api.w.org\/{rel}","templated":true}]}}