{"id":5946,"date":"2025-11-27T21:00:25","date_gmt":"2025-11-28T00:00:25","guid":{"rendered":"https:\/\/diariodelsurdigital.com.ar\/?p=5946"},"modified":"2025-11-27T21:00:26","modified_gmt":"2025-11-28T00:00:26","slug":"el-ex-diputado-jourdan-propone-un-glasnost-para-el-pj-en-entre-rios","status":"publish","type":"post","link":"https:\/\/diariodelsurdigital.com.ar\/?p=5946","title":{"rendered":"El ex diputado Jourd\u00e1n propone un \u00abGLASNOST\u00bb para el PJ en Entre R\u00edos"},"content":{"rendered":"\n<h4 class=\"wp-block-heading\">Para el ex intendente de San Jos\u00e9, \u00abEl estado de descomposici\u00f3n del PJER en sus diferentes formas, nos propone un futuro cada vez m\u00e1s oscuro. La dirigencia responsable de la conducci\u00f3n del Estado Provincial entre 2007 y 2023, se han refugiado en el Poder Legislativo (Provincia y Naci\u00f3n) v\u00eda ocupaci\u00f3n \u00abmanu militari\u00bb del PJER. Han buscado fueros\u00bb.<br>La solapada demanda de actores pol\u00edticos, judiciales y medi\u00e1tico de que \u00abhay m\u00e1s parrilla para muchos m\u00e1s peronistas o kirchneristas\u00bb nos pone en alerta.<\/h4>\n\n\n\n<p><br><strong>NO SOMOS TODOS LO MISMO<\/strong><br>Muchos viejos o j\u00f3venes dirigentes se preguntan: \u00bf\u00bfporqu\u00e9 debemos pagar las culpas de la corrupci\u00f3n de la causa Securitas 2023?? \u00bf\u00bfQu\u00e9 tenemos que ver con el vaciamiento de DPV 2008 al 2023?? \u00bf\u00bfQu\u00e9 culpa tiene un Intendente joven de lo que se denuncia y causas Aduana 2023?? \u00bf\u00bfQu\u00e9 debe hacer un concejal de cualquier ciudad con la <strong>CAUSA CONTRATOS<\/strong> truchos, donde se robaron millones de d\u00f3lares para engrosar patrimonios particulares entre 2011\/23?? y as\u00ed podr\u00eda seguir con m\u00e1s y m\u00e1s causas en tr\u00e1mites y otras por venir seg\u00fan se hace correr como fuerte rumor.<\/p>\n\n\n\n<p><br><strong><em>QU\u00c9 HACER PARA RECOBRAR LA CREDIBILIDAD DEL P<\/em><\/strong><em><strong>ARTIDO JUSTICIALISTA DE ENTRE R\u00cdOS <\/strong><\/em><\/p>\n\n\n\n<p>Mi propuesta es simple: que el<strong> PARTIDO JUSTICIALISTA DE ENTRE R\u00cdOS, <\/strong>designe una tr\u00edada de <strong>Abogados Peronistas<\/strong> con poder suficiente para constituirse como<strong> QUERELLANTES PARTICULARES por el PARTIDO JUSTICIALISTA EN TODAS Y CADA UNA DE LAS CAUSAS DONDE ESTEN IMPLICADOS GOBERNADORES, VICE, MINISTROS Y RESPONSABLES PROVINCIALES O NACIONALES DE ORGANISMOS AUTARQUICOS O AUT\u00d3NOMOS.<\/strong><\/p>\n\n\n\n<p><br><strong>ROL DEL PJ ENTRE R\u00cdO<\/strong>S<br>Si el Partido no genera su propio <strong>\u00abglasnost\u00bb<\/strong> seguir\u00e1 hundido en falta de legitimidad, en pedidos de expulsi\u00f3n que a nadie le importa (fueron 4 listas peronistas) y en aplicar el \u00abperon\u00f3metro\u00bb por parte de dirigentes sin autoridad pol\u00edtica ni moral.<br>Si el <strong>PARTIDO JUSTICIALISTA DE ENTRE R\u00cdOS<\/strong> no produce su propia \u00ablimpieza\u00bb y b\u00fasqueda de legitimidad via elecci\u00f3n directas de los diferentes estamentos pol\u00edticos e institucionales, ser\u00e1 muy dif\u00edcil o imposible, recuperar la confianza de los entrerrianos.<\/p>\n\n\n\n<p><strong>Glasnost<\/strong><\/p>\n\n\n\n<p>La glasnost fue una pol\u00edtica de apertura y transparencia introducida por Mija\u00edl Gorbachov en la Uni\u00f3n Sovi\u00e9tica entre 1985 y 1991, que permiti\u00f3<strong> la libertad de expresi\u00f3n y cr\u00edtica al gobierno<\/strong>. Su objetivo era generar un debate interno y fomentar el apoyo a otras reformas, como la perestroika.<\/p>\n\n\n\n<ul class=\"wp-block-list\">\n<li><strong>Caracter\u00edsticas principales<\/strong><\/li>\n\n\n\n<li><\/li>\n\n\n\n<li><strong>Transparencia y apertura:<\/strong>\u00a0La glasnost se tradujo como \u00abtransparencia\u00bb, \u00abapertura\u00bb o \u00abfranqueza\u00bb.<\/li>\n\n\n\n<li><strong>Libertad de expresi\u00f3n:<\/strong>\u00a0Permiti\u00f3 a los ciudadanos expresar libremente sus opiniones y criticar al poder pol\u00edtico y al sistema sovi\u00e9tico.<\/li>\n\n\n\n<li><strong>Libertad de informaci\u00f3n:<\/strong>\u00a0Se relaj\u00f3 el control sobre los medios de comunicaci\u00f3n, que comenzaron a publicar cr\u00edticas y a revelar problemas sociales y econ\u00f3micos que el gobierno hab\u00eda ocultado.<\/li>\n<\/ul>\n\n\n\n<p><br><strong>Dr. Eduardo Jourdan &#8211; Abogado &#8211; Ex Apoderado PJER &#8211; Ex Intendente San Jos\u00e9 &#8211; Ex Diputado Provincial PJ<\/strong><\/p>\n","protected":false},"excerpt":{"rendered":"<p>Para el ex intendente de San Jos\u00e9, \u00abEl estado de descomposici\u00f3n del PJER en sus diferentes formas, nos propone un futuro cada vez m\u00e1s oscuro. La dirigencia responsable de la conducci\u00f3n del Estado Provincial entre 2007 y 2023, se han refugiado en el Poder Legislativo (Provincia y Naci\u00f3n) v\u00eda ocupaci\u00f3n \u00abmanu militari\u00bb del PJER. Han [&hellip;]<\/p>\n","protected":false},"author":2,"featured_media":5947,"comment_status":"open","ping_status":"open","sticky":false,"template":"","format":"standard","meta":{"footnotes":""},"categories":[22,17],"tags":[],"class_list":{"0":"post-5946","1":"post","2":"type-post","3":"status-publish","4":"format-standard","5":"has-post-thumbnail","7":"category-politica","8":"category-provinciales"},"yoast_head":"<!-- This site is optimized with the Yoast SEO plugin v27.4 - https:\/\/yoast.com\/product\/yoast-seo-wordpress\/ -->\n<title>El ex diputado Jourd\u00e1n propone un \u00abGLASNOST\u00bb para el PJ en Entre R\u00edos - Diario del Sur<\/title>\n<meta name=\"robots\" content=\"index, follow, max-snippet:-1, max-image-preview:large, max-video-preview:-1\" \/>\n<link rel=\"canonical\" href=\"https:\/\/diariodelsurdigital.com.ar\/?p=5946\" \/>\n<meta property=\"og:locale\" content=\"es_ES\" \/>\n<meta property=\"og:type\" content=\"article\" \/>\n<meta property=\"og:title\" content=\"El ex diputado Jourd\u00e1n propone un \u00abGLASNOST\u00bb para el PJ en Entre R\u00edos - Diario del Sur\" \/>\n<meta property=\"og:description\" content=\"Para el ex intendente de San Jos\u00e9, \u00abEl estado de descomposici\u00f3n del PJER en sus diferentes formas, nos propone un futuro cada vez m\u00e1s oscuro. La dirigencia responsable de la conducci\u00f3n del Estado Provincial entre 2007 y 2023, se han refugiado en el Poder Legislativo (Provincia y Naci\u00f3n) v\u00eda ocupaci\u00f3n \u00abmanu militari\u00bb del PJER. Han [&hellip;]\" \/>\n<meta property=\"og:url\" content=\"https:\/\/diariodelsurdigital.com.ar\/?p=5946\" \/>\n<meta property=\"og:site_name\" content=\"Diario del Sur\" \/>\n<meta property=\"article:published_time\" content=\"2025-11-28T00:00:25+00:00\" \/>\n<meta property=\"article:modified_time\" content=\"2025-11-28T00:00:26+00:00\" \/>\n<meta property=\"og:image\" content=\"https:\/\/diariodelsurdigital.com.ar\/wp-content\/uploads\/2025\/11\/images-19.jpeg\" \/>\n\t<meta property=\"og:image:width\" content=\"438\" \/>\n\t<meta property=\"og:image:height\" content=\"258\" \/>\n\t<meta property=\"og:image:type\" content=\"image\/jpeg\" \/>\n<meta name=\"author\" content=\"Diario del Sur Digital\" \/>\n<meta name=\"twitter:card\" content=\"summary_large_image\" \/>\n<meta name=\"twitter:label1\" content=\"Escrito por\" \/>\n\t<meta name=\"twitter:data1\" content=\"Diario del Sur Digital\" \/>\n\t<meta name=\"twitter:label2\" content=\"Tiempo de lectura\" \/>\n\t<meta name=\"twitter:data2\" content=\"3 minutos\" \/>\n<script type=\"application\/ld+json\" class=\"yoast-schema-graph\">{\"@context\":\"https:\\\/\\\/schema.org\",\"@graph\":[{\"@type\":\"Article\",\"@id\":\"https:\\\/\\\/diariodelsurdigital.com.ar\\\/?p=5946#article\",\"isPartOf\":{\"@id\":\"https:\\\/\\\/diariodelsurdigital.com.ar\\\/?p=5946\"},\"author\":{\"name\":\"Diario del Sur Digital\",\"@id\":\"https:\\\/\\\/diariodelsurdigital.com.ar\\\/#\\\/schema\\\/person\\\/6136a32571657f7dba980b88b04c5465\"},\"headline\":\"El ex diputado Jourd\u00e1n propone un \u00abGLASNOST\u00bb para el PJ en Entre R\u00edos\",\"datePublished\":\"2025-11-28T00:00:25+00:00\",\"dateModified\":\"2025-11-28T00:00:26+00:00\",\"mainEntityOfPage\":{\"@id\":\"https:\\\/\\\/diariodelsurdigital.com.ar\\\/?p=5946\"},\"wordCount\":510,\"commentCount\":0,\"image\":{\"@id\":\"https:\\\/\\\/diariodelsurdigital.com.ar\\\/?p=5946#primaryimage\"},\"thumbnailUrl\":\"https:\\\/\\\/diariodelsurdigital.com.ar\\\/wp-content\\\/uploads\\\/2025\\\/11\\\/images-19.jpeg\",\"articleSection\":[\"Pol\u00edtica\",\"Provinciales\"],\"inLanguage\":\"es\",\"potentialAction\":[{\"@type\":\"CommentAction\",\"name\":\"Comment\",\"target\":[\"https:\\\/\\\/diariodelsurdigital.com.ar\\\/?p=5946#respond\"]}]},{\"@type\":\"WebPage\",\"@id\":\"https:\\\/\\\/diariodelsurdigital.com.ar\\\/?p=5946\",\"url\":\"https:\\\/\\\/diariodelsurdigital.com.ar\\\/?p=5946\",\"name\":\"El ex diputado Jourd\u00e1n propone un \u00abGLASNOST\u00bb para el PJ en Entre R\u00edos - Diario del Sur\",\"isPartOf\":{\"@id\":\"https:\\\/\\\/diariodelsurdigital.com.ar\\\/#website\"},\"primaryImageOfPage\":{\"@id\":\"https:\\\/\\\/diariodelsurdigital.com.ar\\\/?p=5946#primaryimage\"},\"image\":{\"@id\":\"https:\\\/\\\/diariodelsurdigital.com.ar\\\/?p=5946#primaryimage\"},\"thumbnailUrl\":\"https:\\\/\\\/diariodelsurdigital.com.ar\\\/wp-content\\\/uploads\\\/2025\\\/11\\\/images-19.jpeg\",\"datePublished\":\"2025-11-28T00:00:25+00:00\",\"dateModified\":\"2025-11-28T00:00:26+00:00\",\"author\":{\"@id\":\"https:\\\/\\\/diariodelsurdigital.com.ar\\\/#\\\/schema\\\/person\\\/6136a32571657f7dba980b88b04c5465\"},\"breadcrumb\":{\"@id\":\"https:\\\/\\\/diariodelsurdigital.com.ar\\\/?p=5946#breadcrumb\"},\"inLanguage\":\"es\",\"potentialAction\":[{\"@type\":\"ReadAction\",\"target\":[\"https:\\\/\\\/diariodelsurdigital.com.ar\\\/?p=5946\"]}]},{\"@type\":\"ImageObject\",\"inLanguage\":\"es\",\"@id\":\"https:\\\/\\\/diariodelsurdigital.com.ar\\\/?p=5946#primaryimage\",\"url\":\"https:\\\/\\\/diariodelsurdigital.com.ar\\\/wp-content\\\/uploads\\\/2025\\\/11\\\/images-19.jpeg\",\"contentUrl\":\"https:\\\/\\\/diariodelsurdigital.com.ar\\\/wp-content\\\/uploads\\\/2025\\\/11\\\/images-19.jpeg\",\"width\":438,\"height\":258},{\"@type\":\"BreadcrumbList\",\"@id\":\"https:\\\/\\\/diariodelsurdigital.com.ar\\\/?p=5946#breadcrumb\",\"itemListElement\":[{\"@type\":\"ListItem\",\"position\":1,\"name\":\"Portada\",\"item\":\"https:\\\/\\\/diariodelsurdigital.com.ar\\\/\"},{\"@type\":\"ListItem\",\"position\":2,\"name\":\"El ex diputado Jourd\u00e1n propone un \u00abGLASNOST\u00bb para el PJ en Entre R\u00edos\"}]},{\"@type\":\"WebSite\",\"@id\":\"https:\\\/\\\/diariodelsurdigital.com.ar\\\/#website\",\"url\":\"https:\\\/\\\/diariodelsurdigital.com.ar\\\/\",\"name\":\"Diario del Sur\",\"description\":\"Digital\",\"potentialAction\":[{\"@type\":\"SearchAction\",\"target\":{\"@type\":\"EntryPoint\",\"urlTemplate\":\"https:\\\/\\\/diariodelsurdigital.com.ar\\\/?s={search_term_string}\"},\"query-input\":{\"@type\":\"PropertyValueSpecification\",\"valueRequired\":true,\"valueName\":\"search_term_string\"}}],\"inLanguage\":\"es\"},{\"@type\":\"Person\",\"@id\":\"https:\\\/\\\/diariodelsurdigital.com.ar\\\/#\\\/schema\\\/person\\\/6136a32571657f7dba980b88b04c5465\",\"name\":\"Diario del Sur Digital\",\"image\":{\"@type\":\"ImageObject\",\"inLanguage\":\"es\",\"@id\":\"https:\\\/\\\/secure.gravatar.com\\\/avatar\\\/4c29ceac98541dd42460b2474aaa5dd37594d6ce6cb3cf2c101d09b48ee287ba?s=96&d=mm&r=g\",\"url\":\"https:\\\/\\\/secure.gravatar.com\\\/avatar\\\/4c29ceac98541dd42460b2474aaa5dd37594d6ce6cb3cf2c101d09b48ee287ba?s=96&d=mm&r=g\",\"contentUrl\":\"https:\\\/\\\/secure.gravatar.com\\\/avatar\\\/4c29ceac98541dd42460b2474aaa5dd37594d6ce6cb3cf2c101d09b48ee287ba?s=96&d=mm&r=g\",\"caption\":\"Diario del Sur Digital\"},\"url\":\"https:\\\/\\\/diariodelsurdigital.com.ar\\\/?author=2\"}]}<\/script>\n<!-- \/ Yoast SEO plugin. -->","yoast_head_json":{"title":"El ex diputado Jourd\u00e1n propone un \u00abGLASNOST\u00bb para el PJ en Entre R\u00edos - Diario del Sur","robots":{"index":"index","follow":"follow","max-snippet":"max-snippet:-1","max-image-preview":"max-image-preview:large","max-video-preview":"max-video-preview:-1"},"canonical":"https:\/\/diariodelsurdigital.com.ar\/?p=5946","og_locale":"es_ES","og_type":"article","og_title":"El ex diputado Jourd\u00e1n propone un \u00abGLASNOST\u00bb para el PJ en Entre R\u00edos - Diario del Sur","og_description":"Para el ex intendente de San Jos\u00e9, \u00abEl estado de descomposici\u00f3n del PJER en sus diferentes formas, nos propone un futuro cada vez m\u00e1s oscuro. La dirigencia responsable de la conducci\u00f3n del Estado Provincial entre 2007 y 2023, se han refugiado en el Poder Legislativo (Provincia y Naci\u00f3n) v\u00eda ocupaci\u00f3n \u00abmanu militari\u00bb del PJER. Han [&hellip;]","og_url":"https:\/\/diariodelsurdigital.com.ar\/?p=5946","og_site_name":"Diario del Sur","article_published_time":"2025-11-28T00:00:25+00:00","article_modified_time":"2025-11-28T00:00:26+00:00","og_image":[{"width":438,"height":258,"url":"https:\/\/diariodelsurdigital.com.ar\/wp-content\/uploads\/2025\/11\/images-19.jpeg","type":"image\/jpeg"}],"author":"Diario del Sur Digital","twitter_card":"summary_large_image","twitter_misc":{"Escrito por":"Diario del Sur Digital","Tiempo de lectura":"3 minutos"},"schema":{"@context":"https:\/\/schema.org","@graph":[{"@type":"Article","@id":"https:\/\/diariodelsurdigital.com.ar\/?p=5946#article","isPartOf":{"@id":"https:\/\/diariodelsurdigital.com.ar\/?p=5946"},"author":{"name":"Diario del Sur Digital","@id":"https:\/\/diariodelsurdigital.com.ar\/#\/schema\/person\/6136a32571657f7dba980b88b04c5465"},"headline":"El ex diputado Jourd\u00e1n propone un \u00abGLASNOST\u00bb para el PJ en Entre R\u00edos","datePublished":"2025-11-28T00:00:25+00:00","dateModified":"2025-11-28T00:00:26+00:00","mainEntityOfPage":{"@id":"https:\/\/diariodelsurdigital.com.ar\/?p=5946"},"wordCount":510,"commentCount":0,"image":{"@id":"https:\/\/diariodelsurdigital.com.ar\/?p=5946#primaryimage"},"thumbnailUrl":"https:\/\/diariodelsurdigital.com.ar\/wp-content\/uploads\/2025\/11\/images-19.jpeg","articleSection":["Pol\u00edtica","Provinciales"],"inLanguage":"es","potentialAction":[{"@type":"CommentAction","name":"Comment","target":["https:\/\/diariodelsurdigital.com.ar\/?p=5946#respond"]}]},{"@type":"WebPage","@id":"https:\/\/diariodelsurdigital.com.ar\/?p=5946","url":"https:\/\/diariodelsurdigital.com.ar\/?p=5946","name":"El ex diputado Jourd\u00e1n propone un \u00abGLASNOST\u00bb para el PJ en Entre R\u00edos - Diario del Sur","isPartOf":{"@id":"https:\/\/diariodelsurdigital.com.ar\/#website"},"primaryImageOfPage":{"@id":"https:\/\/diariodelsurdigital.com.ar\/?p=5946#primaryimage"},"image":{"@id":"https:\/\/diariodelsurdigital.com.ar\/?p=5946#primaryimage"},"thumbnailUrl":"https:\/\/diariodelsurdigital.com.ar\/wp-content\/uploads\/2025\/11\/images-19.jpeg","datePublished":"2025-11-28T00:00:25+00:00","dateModified":"2025-11-28T00:00:26+00:00","author":{"@id":"https:\/\/diariodelsurdigital.com.ar\/#\/schema\/person\/6136a32571657f7dba980b88b04c5465"},"breadcrumb":{"@id":"https:\/\/diariodelsurdigital.com.ar\/?p=5946#breadcrumb"},"inLanguage":"es","potentialAction":[{"@type":"ReadAction","target":["https:\/\/diariodelsurdigital.com.ar\/?p=5946"]}]},{"@type":"ImageObject","inLanguage":"es","@id":"https:\/\/diariodelsurdigital.com.ar\/?p=5946#primaryimage","url":"https:\/\/diariodelsurdigital.com.ar\/wp-content\/uploads\/2025\/11\/images-19.jpeg","contentUrl":"https:\/\/diariodelsurdigital.com.ar\/wp-content\/uploads\/2025\/11\/images-19.jpeg","width":438,"height":258},{"@type":"BreadcrumbList","@id":"https:\/\/diariodelsurdigital.com.ar\/?p=5946#breadcrumb","itemListElement":[{"@type":"ListItem","position":1,"name":"Portada","item":"https:\/\/diariodelsurdigital.com.ar\/"},{"@type":"ListItem","position":2,"name":"El ex diputado Jourd\u00e1n propone un \u00abGLASNOST\u00bb para el PJ en Entre R\u00edos"}]},{"@type":"WebSite","@id":"https:\/\/diariodelsurdigital.com.ar\/#website","url":"https:\/\/diariodelsurdigital.com.ar\/","name":"Diario del Sur","description":"Digital","potentialAction":[{"@type":"SearchAction","target":{"@type":"EntryPoint","urlTemplate":"https:\/\/diariodelsurdigital.com.ar\/?s={search_term_string}"},"query-input":{"@type":"PropertyValueSpecification","valueRequired":true,"valueName":"search_term_string"}}],"inLanguage":"es"},{"@type":"Person","@id":"https:\/\/diariodelsurdigital.com.ar\/#\/schema\/person\/6136a32571657f7dba980b88b04c5465","name":"Diario del Sur Digital","image":{"@type":"ImageObject","inLanguage":"es","@id":"https:\/\/secure.gravatar.com\/avatar\/4c29ceac98541dd42460b2474aaa5dd37594d6ce6cb3cf2c101d09b48ee287ba?s=96&d=mm&r=g","url":"https:\/\/secure.gravatar.com\/avatar\/4c29ceac98541dd42460b2474aaa5dd37594d6ce6cb3cf2c101d09b48ee287ba?s=96&d=mm&r=g","contentUrl":"https:\/\/secure.gravatar.com\/avatar\/4c29ceac98541dd42460b2474aaa5dd37594d6ce6cb3cf2c101d09b48ee287ba?s=96&d=mm&r=g","caption":"Diario del Sur Digital"},"url":"https:\/\/diariodelsurdigital.com.ar\/?author=2"}]}},"_links":{"self":[{"href":"https:\/\/diariodelsurdigital.com.ar\/index.php?rest_route=\/wp\/v2\/posts\/5946","targetHints":{"allow":["GET"]}}],"collection":[{"href":"https:\/\/diariodelsurdigital.com.ar\/index.php?rest_route=\/wp\/v2\/posts"}],"about":[{"href":"https:\/\/diariodelsurdigital.com.ar\/index.php?rest_route=\/wp\/v2\/types\/post"}],"author":[{"embeddable":true,"href":"https:\/\/diariodelsurdigital.com.ar\/index.php?rest_route=\/wp\/v2\/users\/2"}],"replies":[{"embeddable":true,"href":"https:\/\/diariodelsurdigital.com.ar\/index.php?rest_route=%2Fwp%2Fv2%2Fcomments&post=5946"}],"version-history":[{"count":1,"href":"https:\/\/diariodelsurdigital.com.ar\/index.php?rest_route=\/wp\/v2\/posts\/5946\/revisions"}],"predecessor-version":[{"id":5948,"href":"https:\/\/diariodelsurdigital.com.ar\/index.php?rest_route=\/wp\/v2\/posts\/5946\/revisions\/5948"}],"wp:featuredmedia":[{"embeddable":true,"href":"https:\/\/diariodelsurdigital.com.ar\/index.php?rest_route=\/wp\/v2\/media\/5947"}],"wp:attachment":[{"href":"https:\/\/diariodelsurdigital.com.ar\/index.php?rest_route=%2Fwp%2Fv2%2Fmedia&parent=5946"}],"wp:term":[{"taxonomy":"category","embeddable":true,"href":"https:\/\/diariodelsurdigital.com.ar\/index.php?rest_route=%2Fwp%2Fv2%2Fcategories&post=5946"},{"taxonomy":"post_tag","embeddable":true,"href":"https:\/\/diariodelsurdigital.com.ar\/index.php?rest_route=%2Fwp%2Fv2%2Ftags&post=5946"}],"curies":[{"name":"wp","href":"https:\/\/api.w.org\/{rel}","templated":true}]}}