{"id":5950,"date":"2025-11-28T10:14:12","date_gmt":"2025-11-28T13:14:12","guid":{"rendered":"https:\/\/diariodelsurdigital.com.ar\/?p=5950"},"modified":"2025-11-28T10:14:13","modified_gmt":"2025-11-28T13:14:13","slug":"mercosur-javier-milei-viaja-a-brasil-para-una-cumbre-marcada-por-la-inminente-firma-del-acuerdo-con-la-union-europea","status":"publish","type":"post","link":"https:\/\/diariodelsurdigital.com.ar\/?p=5950","title":{"rendered":"Mercosur: Javier Milei viaja a Brasil para una cumbre marcada por la inminente firma del acuerdo con la Uni\u00f3n Europea"},"content":{"rendered":"\n<p>El presidente Javier Milei viajar\u00e1 a Brasil para participar de la cumbre de l\u00edderes del Mercosur prevista para el 17 de diciembre, un encuentro que este a\u00f1o adquiere un peso adicional por la confirmaci\u00f3n de que el acuerdo entre el bloque sudamericano y la Uni\u00f3n Europea ser\u00e1 firmado tres d\u00edas despu\u00e9s, el 20 de diciembre, tambi\u00e9n en territorio brasile\u00f1o.<\/p>\n\n\n\n<p>La cita regional llega en un momento en el que la agenda comercial del Mercosur vuelve a ganar centralidad. Luiz In\u00e1cio Lula da Silva anunci\u00f3 que la r\u00fabrica del tratado con la UE est\u00e1 asegurada, despu\u00e9s de m\u00e1s de dos d\u00e9cadas de negociaciones intermitentes y m\u00faltiples postergaciones. La firma se presenta como uno de los hitos diplom\u00e1ticos m\u00e1s relevantes del a\u00f1o para Brasil, que busca cerrar su presidencia pro tempore con un gesto pol\u00edtico hacia el exterior.<\/p>\n\n\n\n<p>El acuerdo se promociona como la creaci\u00f3n de una de las \u00e1reas de libre comercio m\u00e1s grandes del mundo, con un mercado de m\u00e1s de 700 millones de personas y un volumen econ\u00f3mico combinado de magnitud global. La expectativa de los gobiernos es aprovechar un contexto internacional fragmentado para reposicionar al Mercosur como actor comercial relevante y con capacidad de negociaci\u00f3n.<\/p>\n\n\n\n<p>Para la Argentina, el viaje presidencial llega en un escenario de definiciones: el Gobierno observa con atenci\u00f3n los eventuales efectos del tratado sobre sectores sensibles de la econom\u00eda local, aunque al mismo tiempo reconoce que se trata de una oportunidad para reforzar v\u00ednculos con Europa y diversificar exportaciones. El aterrizaje de Milei en Brasil tambi\u00e9n suma un componente pol\u00edtico, dada la relaci\u00f3n tensa que mantiene con Lula desde el inicio de su gesti\u00f3n.<\/p>\n\n\n\n<p>En Brasilia esperan que la presencia argentina contribuya a dar una se\u00f1al de cohesi\u00f3n dentro del bloque. Lula busca cerrar el acuerdo con un amplio respaldo regional y evitar la imagen de que la integraci\u00f3n sudamericana llega fragmentada a un punto tan decisivo. Para su administraci\u00f3n, la cumbre del d\u00eda 17 funcionar\u00e1 como una antesala protocolar de la ceremonia del d\u00eda 20.<\/p>\n\n\n\n<p>Detr\u00e1s del entusiasmo se mantiene, sin embargo, un conjunto de interrogantes que atraviesan a los cuatro socios. Los sectores industriales del Mercosur han repetido en los \u00faltimos a\u00f1os sus objeciones por la asimetr\u00eda tecnol\u00f3gica frente a Europa, mientras que los pa\u00edses europeos con fuerte peso agr\u00edcola sostienen reservas por la competencia de los productos sudamericanos. El equilibrio final del tratado todav\u00eda despierta dudas tanto en Bruselas como en las capitales de la regi\u00f3n.<\/p>\n\n\n\n<p>El Gobierno entiende que la cumbre puede funcionar como un escenario para mostrar compromiso con la inserci\u00f3n global, una de las banderas que Milei impulsa desde su campa\u00f1a. No obstante, en la administraci\u00f3n reconocen que cualquier beneficio real del acuerdo ser\u00e1 visible reci\u00e9n a mediano plazo, cuando comiencen a implementarse los cap\u00edtulos comerciales y regulatorios.<\/p>\n\n\n\n<p>Brasil, como anfitri\u00f3n, apuesta a un mensaje de alineamiento externo y liderazgo regional. Para Lula, el acuerdo es una herramienta para reactivar relaciones con Europa, profundizar la integraci\u00f3n sudamericana y dejar atr\u00e1s a\u00f1os de estancamiento en la agenda de comercio exterior del Mercosur.<\/p>\n\n\n\n<p>El cierre del a\u00f1o encontrar\u00e1 as\u00ed al bloque en un punto de inflexi\u00f3n. Los gobiernos llegan a la cumbre de diciembre con una mezcla de expectativas, cautela y la conciencia de que la firma del acuerdo abre una nueva etapa. El desaf\u00edo ser\u00e1 traducir el impulso diplom\u00e1tico en beneficios concretos para econom\u00edas que enfrentan tensiones internas, necesidades de inversi\u00f3n y demandas crecientes de competitividad.<\/p>\n","protected":false},"excerpt":{"rendered":"<p>El presidente Javier Milei viajar\u00e1 a Brasil para participar de la cumbre de l\u00edderes del Mercosur prevista para el 17 de diciembre, un encuentro que este a\u00f1o adquiere un peso adicional por la confirmaci\u00f3n de que el acuerdo entre el bloque sudamericano y la Uni\u00f3n Europea ser\u00e1 firmado tres d\u00edas despu\u00e9s, el 20 de diciembre, [&hellip;]<\/p>\n","protected":false},"author":4,"featured_media":5951,"comment_status":"open","ping_status":"open","sticky":false,"template":"","format":"standard","meta":{"footnotes":""},"categories":[20,22],"tags":[],"class_list":{"0":"post-5950","1":"post","2":"type-post","3":"status-publish","4":"format-standard","5":"has-post-thumbnail","7":"category-internacionales","8":"category-politica"},"yoast_head":"<!-- This site is optimized with the Yoast SEO plugin v27.4 - https:\/\/yoast.com\/product\/yoast-seo-wordpress\/ -->\n<title>Mercosur: Javier Milei viaja a Brasil para una cumbre marcada por la inminente firma del acuerdo con la Uni\u00f3n Europea - Diario del Sur<\/title>\n<meta name=\"robots\" content=\"index, follow, max-snippet:-1, max-image-preview:large, max-video-preview:-1\" \/>\n<link rel=\"canonical\" href=\"https:\/\/diariodelsurdigital.com.ar\/?p=5950\" \/>\n<meta property=\"og:locale\" content=\"es_ES\" \/>\n<meta property=\"og:type\" content=\"article\" \/>\n<meta property=\"og:title\" content=\"Mercosur: Javier Milei viaja a Brasil para una cumbre marcada por la inminente firma del acuerdo con la Uni\u00f3n Europea - Diario del Sur\" \/>\n<meta property=\"og:description\" content=\"El presidente Javier Milei viajar\u00e1 a Brasil para participar de la cumbre de l\u00edderes del Mercosur prevista para el 17 de diciembre, un encuentro que este a\u00f1o adquiere un peso adicional por la confirmaci\u00f3n de que el acuerdo entre el bloque sudamericano y la Uni\u00f3n Europea ser\u00e1 firmado tres d\u00edas despu\u00e9s, el 20 de diciembre, [&hellip;]\" \/>\n<meta property=\"og:url\" content=\"https:\/\/diariodelsurdigital.com.ar\/?p=5950\" \/>\n<meta property=\"og:site_name\" content=\"Diario del Sur\" \/>\n<meta property=\"article:published_time\" content=\"2025-11-28T13:14:12+00:00\" \/>\n<meta property=\"article:modified_time\" content=\"2025-11-28T13:14:13+00:00\" \/>\n<meta property=\"og:image\" content=\"https:\/\/diariodelsurdigital.com.ar\/wp-content\/uploads\/2025\/11\/md-13-2.webp\" \/>\n\t<meta property=\"og:image:width\" content=\"992\" \/>\n\t<meta property=\"og:image:height\" content=\"557\" \/>\n\t<meta property=\"og:image:type\" content=\"image\/webp\" \/>\n<meta name=\"author\" content=\"Diario del Sur Digital\" \/>\n<meta name=\"twitter:card\" content=\"summary_large_image\" \/>\n<meta name=\"twitter:label1\" content=\"Escrito por\" \/>\n\t<meta name=\"twitter:data1\" content=\"Diario del Sur Digital\" \/>\n\t<meta name=\"twitter:label2\" content=\"Tiempo de lectura\" \/>\n\t<meta name=\"twitter:data2\" content=\"3 minutos\" \/>\n<script type=\"application\/ld+json\" class=\"yoast-schema-graph\">{\"@context\":\"https:\\\/\\\/schema.org\",\"@graph\":[{\"@type\":\"Article\",\"@id\":\"https:\\\/\\\/diariodelsurdigital.com.ar\\\/?p=5950#article\",\"isPartOf\":{\"@id\":\"https:\\\/\\\/diariodelsurdigital.com.ar\\\/?p=5950\"},\"author\":{\"name\":\"Diario del Sur Digital\",\"@id\":\"https:\\\/\\\/diariodelsurdigital.com.ar\\\/#\\\/schema\\\/person\\\/1a4992532ed62965c968031b49195c81\"},\"headline\":\"Mercosur: Javier Milei viaja a Brasil para una cumbre marcada por la inminente firma del acuerdo con la Uni\u00f3n Europea\",\"datePublished\":\"2025-11-28T13:14:12+00:00\",\"dateModified\":\"2025-11-28T13:14:13+00:00\",\"mainEntityOfPage\":{\"@id\":\"https:\\\/\\\/diariodelsurdigital.com.ar\\\/?p=5950\"},\"wordCount\":642,\"commentCount\":0,\"image\":{\"@id\":\"https:\\\/\\\/diariodelsurdigital.com.ar\\\/?p=5950#primaryimage\"},\"thumbnailUrl\":\"https:\\\/\\\/diariodelsurdigital.com.ar\\\/wp-content\\\/uploads\\\/2025\\\/11\\\/md-13-2.webp\",\"articleSection\":[\"Internacionales\",\"Pol\u00edtica\"],\"inLanguage\":\"es\",\"potentialAction\":[{\"@type\":\"CommentAction\",\"name\":\"Comment\",\"target\":[\"https:\\\/\\\/diariodelsurdigital.com.ar\\\/?p=5950#respond\"]}]},{\"@type\":\"WebPage\",\"@id\":\"https:\\\/\\\/diariodelsurdigital.com.ar\\\/?p=5950\",\"url\":\"https:\\\/\\\/diariodelsurdigital.com.ar\\\/?p=5950\",\"name\":\"Mercosur: Javier Milei viaja a Brasil para una cumbre marcada por la inminente firma del acuerdo con la Uni\u00f3n Europea - Diario del Sur\",\"isPartOf\":{\"@id\":\"https:\\\/\\\/diariodelsurdigital.com.ar\\\/#website\"},\"primaryImageOfPage\":{\"@id\":\"https:\\\/\\\/diariodelsurdigital.com.ar\\\/?p=5950#primaryimage\"},\"image\":{\"@id\":\"https:\\\/\\\/diariodelsurdigital.com.ar\\\/?p=5950#primaryimage\"},\"thumbnailUrl\":\"https:\\\/\\\/diariodelsurdigital.com.ar\\\/wp-content\\\/uploads\\\/2025\\\/11\\\/md-13-2.webp\",\"datePublished\":\"2025-11-28T13:14:12+00:00\",\"dateModified\":\"2025-11-28T13:14:13+00:00\",\"author\":{\"@id\":\"https:\\\/\\\/diariodelsurdigital.com.ar\\\/#\\\/schema\\\/person\\\/1a4992532ed62965c968031b49195c81\"},\"breadcrumb\":{\"@id\":\"https:\\\/\\\/diariodelsurdigital.com.ar\\\/?p=5950#breadcrumb\"},\"inLanguage\":\"es\",\"potentialAction\":[{\"@type\":\"ReadAction\",\"target\":[\"https:\\\/\\\/diariodelsurdigital.com.ar\\\/?p=5950\"]}]},{\"@type\":\"ImageObject\",\"inLanguage\":\"es\",\"@id\":\"https:\\\/\\\/diariodelsurdigital.com.ar\\\/?p=5950#primaryimage\",\"url\":\"https:\\\/\\\/diariodelsurdigital.com.ar\\\/wp-content\\\/uploads\\\/2025\\\/11\\\/md-13-2.webp\",\"contentUrl\":\"https:\\\/\\\/diariodelsurdigital.com.ar\\\/wp-content\\\/uploads\\\/2025\\\/11\\\/md-13-2.webp\",\"width\":992,\"height\":557},{\"@type\":\"BreadcrumbList\",\"@id\":\"https:\\\/\\\/diariodelsurdigital.com.ar\\\/?p=5950#breadcrumb\",\"itemListElement\":[{\"@type\":\"ListItem\",\"position\":1,\"name\":\"Portada\",\"item\":\"https:\\\/\\\/diariodelsurdigital.com.ar\\\/\"},{\"@type\":\"ListItem\",\"position\":2,\"name\":\"Mercosur: Javier Milei viaja a Brasil para una cumbre marcada por la inminente firma del acuerdo con la Uni\u00f3n Europea\"}]},{\"@type\":\"WebSite\",\"@id\":\"https:\\\/\\\/diariodelsurdigital.com.ar\\\/#website\",\"url\":\"https:\\\/\\\/diariodelsurdigital.com.ar\\\/\",\"name\":\"Diario del Sur\",\"description\":\"Digital\",\"potentialAction\":[{\"@type\":\"SearchAction\",\"target\":{\"@type\":\"EntryPoint\",\"urlTemplate\":\"https:\\\/\\\/diariodelsurdigital.com.ar\\\/?s={search_term_string}\"},\"query-input\":{\"@type\":\"PropertyValueSpecification\",\"valueRequired\":true,\"valueName\":\"search_term_string\"}}],\"inLanguage\":\"es\"},{\"@type\":\"Person\",\"@id\":\"https:\\\/\\\/diariodelsurdigital.com.ar\\\/#\\\/schema\\\/person\\\/1a4992532ed62965c968031b49195c81\",\"name\":\"Diario del Sur Digital\",\"image\":{\"@type\":\"ImageObject\",\"inLanguage\":\"es\",\"@id\":\"https:\\\/\\\/secure.gravatar.com\\\/avatar\\\/f0c7c47fc7146d19828273b9b8eda651c9c7ab583767e6338d3d3bee825adf76?s=96&d=mm&r=g\",\"url\":\"https:\\\/\\\/secure.gravatar.com\\\/avatar\\\/f0c7c47fc7146d19828273b9b8eda651c9c7ab583767e6338d3d3bee825adf76?s=96&d=mm&r=g\",\"contentUrl\":\"https:\\\/\\\/secure.gravatar.com\\\/avatar\\\/f0c7c47fc7146d19828273b9b8eda651c9c7ab583767e6338d3d3bee825adf76?s=96&d=mm&r=g\",\"caption\":\"Diario del Sur Digital\"},\"url\":\"https:\\\/\\\/diariodelsurdigital.com.ar\\\/?author=4\"}]}<\/script>\n<!-- \/ Yoast SEO plugin. -->","yoast_head_json":{"title":"Mercosur: Javier Milei viaja a Brasil para una cumbre marcada por la inminente firma del acuerdo con la Uni\u00f3n Europea - Diario del Sur","robots":{"index":"index","follow":"follow","max-snippet":"max-snippet:-1","max-image-preview":"max-image-preview:large","max-video-preview":"max-video-preview:-1"},"canonical":"https:\/\/diariodelsurdigital.com.ar\/?p=5950","og_locale":"es_ES","og_type":"article","og_title":"Mercosur: Javier Milei viaja a Brasil para una cumbre marcada por la inminente firma del acuerdo con la Uni\u00f3n Europea - Diario del Sur","og_description":"El presidente Javier Milei viajar\u00e1 a Brasil para participar de la cumbre de l\u00edderes del Mercosur prevista para el 17 de diciembre, un encuentro que este a\u00f1o adquiere un peso adicional por la confirmaci\u00f3n de que el acuerdo entre el bloque sudamericano y la Uni\u00f3n Europea ser\u00e1 firmado tres d\u00edas despu\u00e9s, el 20 de diciembre, [&hellip;]","og_url":"https:\/\/diariodelsurdigital.com.ar\/?p=5950","og_site_name":"Diario del Sur","article_published_time":"2025-11-28T13:14:12+00:00","article_modified_time":"2025-11-28T13:14:13+00:00","og_image":[{"width":992,"height":557,"url":"https:\/\/diariodelsurdigital.com.ar\/wp-content\/uploads\/2025\/11\/md-13-2.webp","type":"image\/webp"}],"author":"Diario del Sur Digital","twitter_card":"summary_large_image","twitter_misc":{"Escrito por":"Diario del Sur Digital","Tiempo de lectura":"3 minutos"},"schema":{"@context":"https:\/\/schema.org","@graph":[{"@type":"Article","@id":"https:\/\/diariodelsurdigital.com.ar\/?p=5950#article","isPartOf":{"@id":"https:\/\/diariodelsurdigital.com.ar\/?p=5950"},"author":{"name":"Diario del Sur Digital","@id":"https:\/\/diariodelsurdigital.com.ar\/#\/schema\/person\/1a4992532ed62965c968031b49195c81"},"headline":"Mercosur: Javier Milei viaja a Brasil para una cumbre marcada por la inminente firma del acuerdo con la Uni\u00f3n Europea","datePublished":"2025-11-28T13:14:12+00:00","dateModified":"2025-11-28T13:14:13+00:00","mainEntityOfPage":{"@id":"https:\/\/diariodelsurdigital.com.ar\/?p=5950"},"wordCount":642,"commentCount":0,"image":{"@id":"https:\/\/diariodelsurdigital.com.ar\/?p=5950#primaryimage"},"thumbnailUrl":"https:\/\/diariodelsurdigital.com.ar\/wp-content\/uploads\/2025\/11\/md-13-2.webp","articleSection":["Internacionales","Pol\u00edtica"],"inLanguage":"es","potentialAction":[{"@type":"CommentAction","name":"Comment","target":["https:\/\/diariodelsurdigital.com.ar\/?p=5950#respond"]}]},{"@type":"WebPage","@id":"https:\/\/diariodelsurdigital.com.ar\/?p=5950","url":"https:\/\/diariodelsurdigital.com.ar\/?p=5950","name":"Mercosur: Javier Milei viaja a Brasil para una cumbre marcada por la inminente firma del acuerdo con la Uni\u00f3n Europea - Diario del Sur","isPartOf":{"@id":"https:\/\/diariodelsurdigital.com.ar\/#website"},"primaryImageOfPage":{"@id":"https:\/\/diariodelsurdigital.com.ar\/?p=5950#primaryimage"},"image":{"@id":"https:\/\/diariodelsurdigital.com.ar\/?p=5950#primaryimage"},"thumbnailUrl":"https:\/\/diariodelsurdigital.com.ar\/wp-content\/uploads\/2025\/11\/md-13-2.webp","datePublished":"2025-11-28T13:14:12+00:00","dateModified":"2025-11-28T13:14:13+00:00","author":{"@id":"https:\/\/diariodelsurdigital.com.ar\/#\/schema\/person\/1a4992532ed62965c968031b49195c81"},"breadcrumb":{"@id":"https:\/\/diariodelsurdigital.com.ar\/?p=5950#breadcrumb"},"inLanguage":"es","potentialAction":[{"@type":"ReadAction","target":["https:\/\/diariodelsurdigital.com.ar\/?p=5950"]}]},{"@type":"ImageObject","inLanguage":"es","@id":"https:\/\/diariodelsurdigital.com.ar\/?p=5950#primaryimage","url":"https:\/\/diariodelsurdigital.com.ar\/wp-content\/uploads\/2025\/11\/md-13-2.webp","contentUrl":"https:\/\/diariodelsurdigital.com.ar\/wp-content\/uploads\/2025\/11\/md-13-2.webp","width":992,"height":557},{"@type":"BreadcrumbList","@id":"https:\/\/diariodelsurdigital.com.ar\/?p=5950#breadcrumb","itemListElement":[{"@type":"ListItem","position":1,"name":"Portada","item":"https:\/\/diariodelsurdigital.com.ar\/"},{"@type":"ListItem","position":2,"name":"Mercosur: Javier Milei viaja a Brasil para una cumbre marcada por la inminente firma del acuerdo con la Uni\u00f3n Europea"}]},{"@type":"WebSite","@id":"https:\/\/diariodelsurdigital.com.ar\/#website","url":"https:\/\/diariodelsurdigital.com.ar\/","name":"Diario del Sur","description":"Digital","potentialAction":[{"@type":"SearchAction","target":{"@type":"EntryPoint","urlTemplate":"https:\/\/diariodelsurdigital.com.ar\/?s={search_term_string}"},"query-input":{"@type":"PropertyValueSpecification","valueRequired":true,"valueName":"search_term_string"}}],"inLanguage":"es"},{"@type":"Person","@id":"https:\/\/diariodelsurdigital.com.ar\/#\/schema\/person\/1a4992532ed62965c968031b49195c81","name":"Diario del Sur Digital","image":{"@type":"ImageObject","inLanguage":"es","@id":"https:\/\/secure.gravatar.com\/avatar\/f0c7c47fc7146d19828273b9b8eda651c9c7ab583767e6338d3d3bee825adf76?s=96&d=mm&r=g","url":"https:\/\/secure.gravatar.com\/avatar\/f0c7c47fc7146d19828273b9b8eda651c9c7ab583767e6338d3d3bee825adf76?s=96&d=mm&r=g","contentUrl":"https:\/\/secure.gravatar.com\/avatar\/f0c7c47fc7146d19828273b9b8eda651c9c7ab583767e6338d3d3bee825adf76?s=96&d=mm&r=g","caption":"Diario del Sur Digital"},"url":"https:\/\/diariodelsurdigital.com.ar\/?author=4"}]}},"_links":{"self":[{"href":"https:\/\/diariodelsurdigital.com.ar\/index.php?rest_route=\/wp\/v2\/posts\/5950","targetHints":{"allow":["GET"]}}],"collection":[{"href":"https:\/\/diariodelsurdigital.com.ar\/index.php?rest_route=\/wp\/v2\/posts"}],"about":[{"href":"https:\/\/diariodelsurdigital.com.ar\/index.php?rest_route=\/wp\/v2\/types\/post"}],"author":[{"embeddable":true,"href":"https:\/\/diariodelsurdigital.com.ar\/index.php?rest_route=\/wp\/v2\/users\/4"}],"replies":[{"embeddable":true,"href":"https:\/\/diariodelsurdigital.com.ar\/index.php?rest_route=%2Fwp%2Fv2%2Fcomments&post=5950"}],"version-history":[{"count":1,"href":"https:\/\/diariodelsurdigital.com.ar\/index.php?rest_route=\/wp\/v2\/posts\/5950\/revisions"}],"predecessor-version":[{"id":5952,"href":"https:\/\/diariodelsurdigital.com.ar\/index.php?rest_route=\/wp\/v2\/posts\/5950\/revisions\/5952"}],"wp:featuredmedia":[{"embeddable":true,"href":"https:\/\/diariodelsurdigital.com.ar\/index.php?rest_route=\/wp\/v2\/media\/5951"}],"wp:attachment":[{"href":"https:\/\/diariodelsurdigital.com.ar\/index.php?rest_route=%2Fwp%2Fv2%2Fmedia&parent=5950"}],"wp:term":[{"taxonomy":"category","embeddable":true,"href":"https:\/\/diariodelsurdigital.com.ar\/index.php?rest_route=%2Fwp%2Fv2%2Fcategories&post=5950"},{"taxonomy":"post_tag","embeddable":true,"href":"https:\/\/diariodelsurdigital.com.ar\/index.php?rest_route=%2Fwp%2Fv2%2Ftags&post=5950"}],"curies":[{"name":"wp","href":"https:\/\/api.w.org\/{rel}","templated":true}]}}