{"id":5953,"date":"2025-11-28T10:18:09","date_gmt":"2025-11-28T13:18:09","guid":{"rendered":"https:\/\/diariodelsurdigital.com.ar\/?p=5953"},"modified":"2025-11-28T10:18:10","modified_gmt":"2025-11-28T13:18:10","slug":"la-region-centro-impulsa-la-creacion-de-la-red-de-museos-de-ciencias","status":"publish","type":"post","link":"https:\/\/diariodelsurdigital.com.ar\/?p=5953","title":{"rendered":"La Regi\u00f3n Centro impulsa la creaci\u00f3n de la Red de Museos de Ciencias"},"content":{"rendered":"\n<p>Entre R\u00edos, C\u00f3rdoba y Santa Fe firmaron este jueves en Paran\u00e1 un convenio de cooperaci\u00f3n interjurisdiccional entre las provincias que tiene como objetivo la creaci\u00f3n de la Red de Museos Provinciales de Ciencias Naturales y Antropol\u00f3gicas de la Regi\u00f3n Centro (ReMuCiC).<\/p>\n\n\n\n<p>La firma del convenio, que se realiz\u00f3 en el marco del XII Congreso de la Asociaci\u00f3n Paleontol\u00f3gica Argentina, formaliz\u00f3 la constituci\u00f3n de la ReMuCiC, una nueva red que se establece como una instancia permanente de cooperaci\u00f3n, intercambio y planificaci\u00f3n conjunta entre los museos provinciales y las autoridades culturales de las tres provincias.<\/p>\n\n\n\n<p>La iniciativa busca potenciar a instituciones esenciales para la preservaci\u00f3n, investigaci\u00f3n y difusi\u00f3n del patrimonio natural, arqueol\u00f3gico, paleontol\u00f3gico, etnogr\u00e1fico y cient\u00edfico como el Museo Provincial de Ciencias Naturales y Antropol\u00f3gicas profesor Antonio Serrano de Entre R\u00edos; el Museo Provincial de Ciencias Naturales Dr. Arturo U. Ill\u00eda y el Museo Arqueol\u00f3gico Provincial An\u00edbal Montes de C\u00f3rdoba; los museos provinciales de Ciencias Naturales Florentino Ameghino y de Ciencias Naturales \u00c1ngel Gallardo; el Centro Cient\u00edfico, Tecnol\u00f3gico y Educativo Acuario del R\u00edo Paran\u00e1 y el Museo Etnogr\u00e1fico y Colonial Juan de Garay de Santa Fe.<\/p>\n\n\n\n<p>El foco de la Red de Museos estar\u00e1 puesto en el fortalecimiento de la cooperaci\u00f3n museogr\u00e1fica y cient\u00edfica, el desarrollo de un marco jur\u00eddico com\u00fan para la gesti\u00f3n de colecciones y la promoci\u00f3n de la educaci\u00f3n ambiental y patrimonial en toda la regi\u00f3n.<\/p>\n\n\n\n<p>Tambi\u00e9n tendr\u00e1 como fin potenciar la investigaci\u00f3n interdisciplinaria y los proyectos regionales en arqueolog\u00eda, paleontolog\u00eda, etnograf\u00eda, biodiversidad y conservaci\u00f3n, y se apuntar\u00e1 a difundir el conocimiento cient\u00edfico y patrimonial mediante publicaciones, exposiciones y materiales educativos comunes.<\/p>\n\n\n\n<p>El representante de la Regi\u00f3n Centro por Entre R\u00edos, Jorge Chemes, destac\u00f3 que \u00abla ReMuCiC es un paso fundamental para consolidar a la Regi\u00f3n Centro como un verdadero polo de ciencia y cultura\u00bb. Y explic\u00f3 que mediante esta red, \u00abnuestros museos podr\u00e1n trabajar de manera articulada, compartiendo recursos, exposiciones itinerantes y conocimiento. Esperamos que este trabajo conjunto impulse la investigaci\u00f3n interdisciplinaria y la difusi\u00f3n de nuestro valioso patrimonio natural y arqueol\u00f3gico\u00bb.<\/p>\n\n\n\n<p>Cabe destacar que el convenio establece la creaci\u00f3n de la Mesa de Enlace T\u00e9cnica Regional de Museos de Ciencias Naturales y Ciencias Antropol\u00f3gicas, que funcionar\u00e1 bajo la \u00f3rbita de la Regi\u00f3n Centro y estar\u00e1 conformada por los directores\/coordinadores de los museos provinciales de las iiencias de las tres provincias.<\/p>\n\n\n\n<p>La Mesa elaborar\u00e1 un Plan de Trabajo Trienal (2025-2027) que incluye acciones prioritarias como la creaci\u00f3n de un Cat\u00e1logo Digital Regional de Colecciones y un programa de capacitaciones anuales, entre otras cuestiones.<\/p>\n\n\n\n<p>De la firma del convenio participaron el presidente del Ente Regi\u00f3n Centro e Integraci\u00f3n Regional de Entre R\u00edos, Jorge Chemes, el secretario de Cultura de Entre R\u00edos, Juli\u00e1n Stopello, autoridades de museos y representantes de las provincias de Santa Fe y C\u00f3rdoba.<\/p>\n","protected":false},"excerpt":{"rendered":"<p>Entre R\u00edos, C\u00f3rdoba y Santa Fe firmaron este jueves en Paran\u00e1 un convenio de cooperaci\u00f3n interjurisdiccional entre las provincias que tiene como objetivo la creaci\u00f3n de la Red de Museos Provinciales de Ciencias Naturales y Antropol\u00f3gicas de la Regi\u00f3n Centro (ReMuCiC). La firma del convenio, que se realiz\u00f3 en el marco del XII Congreso de [&hellip;]<\/p>\n","protected":false},"author":4,"featured_media":5954,"comment_status":"open","ping_status":"open","sticky":false,"template":"","format":"standard","meta":{"footnotes":""},"categories":[19,17],"tags":[],"class_list":{"0":"post-5953","1":"post","2":"type-post","3":"status-publish","4":"format-standard","5":"has-post-thumbnail","7":"category-interes-general","8":"category-provinciales"},"yoast_head":"<!-- This site is optimized with the Yoast SEO plugin v27.4 - https:\/\/yoast.com\/product\/yoast-seo-wordpress\/ -->\n<title>La Regi\u00f3n Centro impulsa la creaci\u00f3n de la Red de Museos de Ciencias - Diario del Sur<\/title>\n<meta name=\"robots\" content=\"index, follow, max-snippet:-1, max-image-preview:large, max-video-preview:-1\" \/>\n<link rel=\"canonical\" href=\"https:\/\/diariodelsurdigital.com.ar\/?p=5953\" \/>\n<meta property=\"og:locale\" content=\"es_ES\" \/>\n<meta property=\"og:type\" content=\"article\" \/>\n<meta property=\"og:title\" content=\"La Regi\u00f3n Centro impulsa la creaci\u00f3n de la Red de Museos de Ciencias - Diario del Sur\" \/>\n<meta property=\"og:description\" content=\"Entre R\u00edos, C\u00f3rdoba y Santa Fe firmaron este jueves en Paran\u00e1 un convenio de cooperaci\u00f3n interjurisdiccional entre las provincias que tiene como objetivo la creaci\u00f3n de la Red de Museos Provinciales de Ciencias Naturales y Antropol\u00f3gicas de la Regi\u00f3n Centro (ReMuCiC). La firma del convenio, que se realiz\u00f3 en el marco del XII Congreso de [&hellip;]\" \/>\n<meta property=\"og:url\" content=\"https:\/\/diariodelsurdigital.com.ar\/?p=5953\" \/>\n<meta property=\"og:site_name\" content=\"Diario del Sur\" \/>\n<meta property=\"article:published_time\" content=\"2025-11-28T13:18:09+00:00\" \/>\n<meta property=\"article:modified_time\" content=\"2025-11-28T13:18:10+00:00\" \/>\n<meta property=\"og:image\" content=\"https:\/\/diariodelsurdigital.com.ar\/wp-content\/uploads\/2025\/11\/md-14-2.webp\" \/>\n\t<meta property=\"og:image:width\" content=\"992\" \/>\n\t<meta property=\"og:image:height\" content=\"558\" \/>\n\t<meta property=\"og:image:type\" content=\"image\/webp\" \/>\n<meta name=\"author\" content=\"Diario del Sur Digital\" \/>\n<meta name=\"twitter:card\" content=\"summary_large_image\" \/>\n<meta name=\"twitter:label1\" content=\"Escrito por\" \/>\n\t<meta name=\"twitter:data1\" content=\"Diario del Sur Digital\" \/>\n\t<meta name=\"twitter:label2\" content=\"Tiempo de lectura\" \/>\n\t<meta name=\"twitter:data2\" content=\"3 minutos\" \/>\n<script type=\"application\/ld+json\" class=\"yoast-schema-graph\">{\"@context\":\"https:\\\/\\\/schema.org\",\"@graph\":[{\"@type\":\"Article\",\"@id\":\"https:\\\/\\\/diariodelsurdigital.com.ar\\\/?p=5953#article\",\"isPartOf\":{\"@id\":\"https:\\\/\\\/diariodelsurdigital.com.ar\\\/?p=5953\"},\"author\":{\"name\":\"Diario del Sur Digital\",\"@id\":\"https:\\\/\\\/diariodelsurdigital.com.ar\\\/#\\\/schema\\\/person\\\/1a4992532ed62965c968031b49195c81\"},\"headline\":\"La Regi\u00f3n Centro impulsa la creaci\u00f3n de la Red de Museos de Ciencias\",\"datePublished\":\"2025-11-28T13:18:09+00:00\",\"dateModified\":\"2025-11-28T13:18:10+00:00\",\"mainEntityOfPage\":{\"@id\":\"https:\\\/\\\/diariodelsurdigital.com.ar\\\/?p=5953\"},\"wordCount\":536,\"commentCount\":0,\"image\":{\"@id\":\"https:\\\/\\\/diariodelsurdigital.com.ar\\\/?p=5953#primaryimage\"},\"thumbnailUrl\":\"https:\\\/\\\/diariodelsurdigital.com.ar\\\/wp-content\\\/uploads\\\/2025\\\/11\\\/md-14-2.webp\",\"articleSection\":[\"Inter\u00e9s General\",\"Provinciales\"],\"inLanguage\":\"es\",\"potentialAction\":[{\"@type\":\"CommentAction\",\"name\":\"Comment\",\"target\":[\"https:\\\/\\\/diariodelsurdigital.com.ar\\\/?p=5953#respond\"]}]},{\"@type\":\"WebPage\",\"@id\":\"https:\\\/\\\/diariodelsurdigital.com.ar\\\/?p=5953\",\"url\":\"https:\\\/\\\/diariodelsurdigital.com.ar\\\/?p=5953\",\"name\":\"La Regi\u00f3n Centro impulsa la creaci\u00f3n de la Red de Museos de Ciencias - Diario del Sur\",\"isPartOf\":{\"@id\":\"https:\\\/\\\/diariodelsurdigital.com.ar\\\/#website\"},\"primaryImageOfPage\":{\"@id\":\"https:\\\/\\\/diariodelsurdigital.com.ar\\\/?p=5953#primaryimage\"},\"image\":{\"@id\":\"https:\\\/\\\/diariodelsurdigital.com.ar\\\/?p=5953#primaryimage\"},\"thumbnailUrl\":\"https:\\\/\\\/diariodelsurdigital.com.ar\\\/wp-content\\\/uploads\\\/2025\\\/11\\\/md-14-2.webp\",\"datePublished\":\"2025-11-28T13:18:09+00:00\",\"dateModified\":\"2025-11-28T13:18:10+00:00\",\"author\":{\"@id\":\"https:\\\/\\\/diariodelsurdigital.com.ar\\\/#\\\/schema\\\/person\\\/1a4992532ed62965c968031b49195c81\"},\"breadcrumb\":{\"@id\":\"https:\\\/\\\/diariodelsurdigital.com.ar\\\/?p=5953#breadcrumb\"},\"inLanguage\":\"es\",\"potentialAction\":[{\"@type\":\"ReadAction\",\"target\":[\"https:\\\/\\\/diariodelsurdigital.com.ar\\\/?p=5953\"]}]},{\"@type\":\"ImageObject\",\"inLanguage\":\"es\",\"@id\":\"https:\\\/\\\/diariodelsurdigital.com.ar\\\/?p=5953#primaryimage\",\"url\":\"https:\\\/\\\/diariodelsurdigital.com.ar\\\/wp-content\\\/uploads\\\/2025\\\/11\\\/md-14-2.webp\",\"contentUrl\":\"https:\\\/\\\/diariodelsurdigital.com.ar\\\/wp-content\\\/uploads\\\/2025\\\/11\\\/md-14-2.webp\",\"width\":992,\"height\":558},{\"@type\":\"BreadcrumbList\",\"@id\":\"https:\\\/\\\/diariodelsurdigital.com.ar\\\/?p=5953#breadcrumb\",\"itemListElement\":[{\"@type\":\"ListItem\",\"position\":1,\"name\":\"Portada\",\"item\":\"https:\\\/\\\/diariodelsurdigital.com.ar\\\/\"},{\"@type\":\"ListItem\",\"position\":2,\"name\":\"La Regi\u00f3n Centro impulsa la creaci\u00f3n de la Red de Museos de Ciencias\"}]},{\"@type\":\"WebSite\",\"@id\":\"https:\\\/\\\/diariodelsurdigital.com.ar\\\/#website\",\"url\":\"https:\\\/\\\/diariodelsurdigital.com.ar\\\/\",\"name\":\"Diario del Sur\",\"description\":\"Digital\",\"potentialAction\":[{\"@type\":\"SearchAction\",\"target\":{\"@type\":\"EntryPoint\",\"urlTemplate\":\"https:\\\/\\\/diariodelsurdigital.com.ar\\\/?s={search_term_string}\"},\"query-input\":{\"@type\":\"PropertyValueSpecification\",\"valueRequired\":true,\"valueName\":\"search_term_string\"}}],\"inLanguage\":\"es\"},{\"@type\":\"Person\",\"@id\":\"https:\\\/\\\/diariodelsurdigital.com.ar\\\/#\\\/schema\\\/person\\\/1a4992532ed62965c968031b49195c81\",\"name\":\"Diario del Sur Digital\",\"image\":{\"@type\":\"ImageObject\",\"inLanguage\":\"es\",\"@id\":\"https:\\\/\\\/secure.gravatar.com\\\/avatar\\\/f0c7c47fc7146d19828273b9b8eda651c9c7ab583767e6338d3d3bee825adf76?s=96&d=mm&r=g\",\"url\":\"https:\\\/\\\/secure.gravatar.com\\\/avatar\\\/f0c7c47fc7146d19828273b9b8eda651c9c7ab583767e6338d3d3bee825adf76?s=96&d=mm&r=g\",\"contentUrl\":\"https:\\\/\\\/secure.gravatar.com\\\/avatar\\\/f0c7c47fc7146d19828273b9b8eda651c9c7ab583767e6338d3d3bee825adf76?s=96&d=mm&r=g\",\"caption\":\"Diario del Sur Digital\"},\"url\":\"https:\\\/\\\/diariodelsurdigital.com.ar\\\/?author=4\"}]}<\/script>\n<!-- \/ Yoast SEO plugin. -->","yoast_head_json":{"title":"La Regi\u00f3n Centro impulsa la creaci\u00f3n de la Red de Museos de Ciencias - Diario del Sur","robots":{"index":"index","follow":"follow","max-snippet":"max-snippet:-1","max-image-preview":"max-image-preview:large","max-video-preview":"max-video-preview:-1"},"canonical":"https:\/\/diariodelsurdigital.com.ar\/?p=5953","og_locale":"es_ES","og_type":"article","og_title":"La Regi\u00f3n Centro impulsa la creaci\u00f3n de la Red de Museos de Ciencias - Diario del Sur","og_description":"Entre R\u00edos, C\u00f3rdoba y Santa Fe firmaron este jueves en Paran\u00e1 un convenio de cooperaci\u00f3n interjurisdiccional entre las provincias que tiene como objetivo la creaci\u00f3n de la Red de Museos Provinciales de Ciencias Naturales y Antropol\u00f3gicas de la Regi\u00f3n Centro (ReMuCiC). La firma del convenio, que se realiz\u00f3 en el marco del XII Congreso de [&hellip;]","og_url":"https:\/\/diariodelsurdigital.com.ar\/?p=5953","og_site_name":"Diario del Sur","article_published_time":"2025-11-28T13:18:09+00:00","article_modified_time":"2025-11-28T13:18:10+00:00","og_image":[{"width":992,"height":558,"url":"https:\/\/diariodelsurdigital.com.ar\/wp-content\/uploads\/2025\/11\/md-14-2.webp","type":"image\/webp"}],"author":"Diario del Sur Digital","twitter_card":"summary_large_image","twitter_misc":{"Escrito por":"Diario del Sur Digital","Tiempo de lectura":"3 minutos"},"schema":{"@context":"https:\/\/schema.org","@graph":[{"@type":"Article","@id":"https:\/\/diariodelsurdigital.com.ar\/?p=5953#article","isPartOf":{"@id":"https:\/\/diariodelsurdigital.com.ar\/?p=5953"},"author":{"name":"Diario del Sur Digital","@id":"https:\/\/diariodelsurdigital.com.ar\/#\/schema\/person\/1a4992532ed62965c968031b49195c81"},"headline":"La Regi\u00f3n Centro impulsa la creaci\u00f3n de la Red de Museos de Ciencias","datePublished":"2025-11-28T13:18:09+00:00","dateModified":"2025-11-28T13:18:10+00:00","mainEntityOfPage":{"@id":"https:\/\/diariodelsurdigital.com.ar\/?p=5953"},"wordCount":536,"commentCount":0,"image":{"@id":"https:\/\/diariodelsurdigital.com.ar\/?p=5953#primaryimage"},"thumbnailUrl":"https:\/\/diariodelsurdigital.com.ar\/wp-content\/uploads\/2025\/11\/md-14-2.webp","articleSection":["Inter\u00e9s General","Provinciales"],"inLanguage":"es","potentialAction":[{"@type":"CommentAction","name":"Comment","target":["https:\/\/diariodelsurdigital.com.ar\/?p=5953#respond"]}]},{"@type":"WebPage","@id":"https:\/\/diariodelsurdigital.com.ar\/?p=5953","url":"https:\/\/diariodelsurdigital.com.ar\/?p=5953","name":"La Regi\u00f3n Centro impulsa la creaci\u00f3n de la Red de Museos de Ciencias - Diario del Sur","isPartOf":{"@id":"https:\/\/diariodelsurdigital.com.ar\/#website"},"primaryImageOfPage":{"@id":"https:\/\/diariodelsurdigital.com.ar\/?p=5953#primaryimage"},"image":{"@id":"https:\/\/diariodelsurdigital.com.ar\/?p=5953#primaryimage"},"thumbnailUrl":"https:\/\/diariodelsurdigital.com.ar\/wp-content\/uploads\/2025\/11\/md-14-2.webp","datePublished":"2025-11-28T13:18:09+00:00","dateModified":"2025-11-28T13:18:10+00:00","author":{"@id":"https:\/\/diariodelsurdigital.com.ar\/#\/schema\/person\/1a4992532ed62965c968031b49195c81"},"breadcrumb":{"@id":"https:\/\/diariodelsurdigital.com.ar\/?p=5953#breadcrumb"},"inLanguage":"es","potentialAction":[{"@type":"ReadAction","target":["https:\/\/diariodelsurdigital.com.ar\/?p=5953"]}]},{"@type":"ImageObject","inLanguage":"es","@id":"https:\/\/diariodelsurdigital.com.ar\/?p=5953#primaryimage","url":"https:\/\/diariodelsurdigital.com.ar\/wp-content\/uploads\/2025\/11\/md-14-2.webp","contentUrl":"https:\/\/diariodelsurdigital.com.ar\/wp-content\/uploads\/2025\/11\/md-14-2.webp","width":992,"height":558},{"@type":"BreadcrumbList","@id":"https:\/\/diariodelsurdigital.com.ar\/?p=5953#breadcrumb","itemListElement":[{"@type":"ListItem","position":1,"name":"Portada","item":"https:\/\/diariodelsurdigital.com.ar\/"},{"@type":"ListItem","position":2,"name":"La Regi\u00f3n Centro impulsa la creaci\u00f3n de la Red de Museos de Ciencias"}]},{"@type":"WebSite","@id":"https:\/\/diariodelsurdigital.com.ar\/#website","url":"https:\/\/diariodelsurdigital.com.ar\/","name":"Diario del Sur","description":"Digital","potentialAction":[{"@type":"SearchAction","target":{"@type":"EntryPoint","urlTemplate":"https:\/\/diariodelsurdigital.com.ar\/?s={search_term_string}"},"query-input":{"@type":"PropertyValueSpecification","valueRequired":true,"valueName":"search_term_string"}}],"inLanguage":"es"},{"@type":"Person","@id":"https:\/\/diariodelsurdigital.com.ar\/#\/schema\/person\/1a4992532ed62965c968031b49195c81","name":"Diario del Sur Digital","image":{"@type":"ImageObject","inLanguage":"es","@id":"https:\/\/secure.gravatar.com\/avatar\/f0c7c47fc7146d19828273b9b8eda651c9c7ab583767e6338d3d3bee825adf76?s=96&d=mm&r=g","url":"https:\/\/secure.gravatar.com\/avatar\/f0c7c47fc7146d19828273b9b8eda651c9c7ab583767e6338d3d3bee825adf76?s=96&d=mm&r=g","contentUrl":"https:\/\/secure.gravatar.com\/avatar\/f0c7c47fc7146d19828273b9b8eda651c9c7ab583767e6338d3d3bee825adf76?s=96&d=mm&r=g","caption":"Diario del Sur Digital"},"url":"https:\/\/diariodelsurdigital.com.ar\/?author=4"}]}},"_links":{"self":[{"href":"https:\/\/diariodelsurdigital.com.ar\/index.php?rest_route=\/wp\/v2\/posts\/5953","targetHints":{"allow":["GET"]}}],"collection":[{"href":"https:\/\/diariodelsurdigital.com.ar\/index.php?rest_route=\/wp\/v2\/posts"}],"about":[{"href":"https:\/\/diariodelsurdigital.com.ar\/index.php?rest_route=\/wp\/v2\/types\/post"}],"author":[{"embeddable":true,"href":"https:\/\/diariodelsurdigital.com.ar\/index.php?rest_route=\/wp\/v2\/users\/4"}],"replies":[{"embeddable":true,"href":"https:\/\/diariodelsurdigital.com.ar\/index.php?rest_route=%2Fwp%2Fv2%2Fcomments&post=5953"}],"version-history":[{"count":1,"href":"https:\/\/diariodelsurdigital.com.ar\/index.php?rest_route=\/wp\/v2\/posts\/5953\/revisions"}],"predecessor-version":[{"id":5955,"href":"https:\/\/diariodelsurdigital.com.ar\/index.php?rest_route=\/wp\/v2\/posts\/5953\/revisions\/5955"}],"wp:featuredmedia":[{"embeddable":true,"href":"https:\/\/diariodelsurdigital.com.ar\/index.php?rest_route=\/wp\/v2\/media\/5954"}],"wp:attachment":[{"href":"https:\/\/diariodelsurdigital.com.ar\/index.php?rest_route=%2Fwp%2Fv2%2Fmedia&parent=5953"}],"wp:term":[{"taxonomy":"category","embeddable":true,"href":"https:\/\/diariodelsurdigital.com.ar\/index.php?rest_route=%2Fwp%2Fv2%2Fcategories&post=5953"},{"taxonomy":"post_tag","embeddable":true,"href":"https:\/\/diariodelsurdigital.com.ar\/index.php?rest_route=%2Fwp%2Fv2%2Ftags&post=5953"}],"curies":[{"name":"wp","href":"https:\/\/api.w.org\/{rel}","templated":true}]}}