{"id":5962,"date":"2025-11-30T19:49:44","date_gmt":"2025-11-30T22:49:44","guid":{"rendered":"https:\/\/diariodelsurdigital.com.ar\/?p=5962"},"modified":"2025-11-30T19:49:44","modified_gmt":"2025-11-30T22:49:44","slug":"camaleon-loggio-se-volvio-a-poner-la-camisa-de-grafa-y-se-sento-con-su-vieja-companera-del-partido-intransigente","status":"publish","type":"post","link":"https:\/\/diariodelsurdigital.com.ar\/?p=5962","title":{"rendered":"CAMALE\u00d3N: Loggio se volvi\u00f3 a poner la camisa de grafa y se sent\u00f3 con su vieja compa\u00f1era del Partido Intransigente"},"content":{"rendered":"\n<p><\/p>\n\n\n\n<p>Diletante de izquierda en sus inicios de estudiante universitario all\u00e1 por mediados del 80, vestido con&nbsp;<strong>camisa de grafa, al mejor estilo guerrillero cubano bajando de Sierra Maestra, N\u00e9stor Loggio,<\/strong>&nbsp;tuvo sus primeros pasos como militante de claustro en la UNER. All\u00ed conoci\u00f3 a <strong>Gustavo Bordet<\/strong> que militaba en la JUP (<strong>Juventud Universitaria Peronista<\/strong>), que despu\u00e9s de algunos a\u00f1os lo catapultara a cargos impensados, para un Loggio que nunca tuvo un trabajo territorial.<\/p>\n\n\n\n<p>Desde esa \u00e9poca, marcada por la vuelta de la democracia en la Argentina,&nbsp;<strong>Loggio<\/strong>&nbsp;se erig\u00eda como en una especie de<strong>&nbsp;\u201cChe Guevara\u201d<\/strong>&nbsp;concordiense, con una pronunciada barba. Su militancia en la facultad y las trasnochadas en alg\u00fan que otro caf\u00e9 o bodeg\u00f3n (El Galp\u00f3n), le hac\u00edan hablar de revoluciones inconclusas y expropiaci\u00f3n de bienes. Para sintetizar,&nbsp;<strong>Loggio era un inofensivo diletante de izquierda<\/strong>, parte indispensable del sistema demoliberal burgu\u00e9s capitalista, con una importante cuota de soberbia intelectual.<\/p>\n\n\n\n<figure class=\"wp-block-image size-full\"><img loading=\"lazy\" decoding=\"async\" width=\"366\" height=\"367\" src=\"https:\/\/diariodelsurdigital.com.ar\/wp-content\/uploads\/2025\/11\/491472169_2964000720430275_6356576787173335321_n.jpg\" alt=\"\" class=\"wp-image-5966\" srcset=\"https:\/\/diariodelsurdigital.com.ar\/wp-content\/uploads\/2025\/11\/491472169_2964000720430275_6356576787173335321_n.jpg 366w, https:\/\/diariodelsurdigital.com.ar\/wp-content\/uploads\/2025\/11\/491472169_2964000720430275_6356576787173335321_n-300x300.jpg 300w, https:\/\/diariodelsurdigital.com.ar\/wp-content\/uploads\/2025\/11\/491472169_2964000720430275_6356576787173335321_n-150x150.jpg 150w\" sizes=\"auto, (max-width: 366px) 100vw, 366px\" \/><\/figure>\n\n\n\n<p>El tiempo fue transcurriendo y<strong>&nbsp;N\u00e9stor, hoy alter ego de su amigo Gustavo Bordet<\/strong>&nbsp;y una&nbsp;<strong>especie de vocero del ex gobernador para hablar sobre el peronismo que antes acusaba como antirevolucionario<\/strong>, fue sufriendo una metamorfosis inversa a la de la oruga.&nbsp;De mariposa, se transform\u00f3 en un gusanito&nbsp;que se acostumbr\u00f3 a comer de los alfalfales del Estado.<\/p>\n\n\n\n<p>Lejos est\u00e1n su barba emulando a Camilo Cienfuegos y &nbsp;su costumbre de se\u00f1alar a los peronistas como elementos que obstruyeron la verdadera revoluci\u00f3n de izquierda en la Argentina.<\/p>\n\n\n\n<figure class=\"wp-block-image size-full\"><img loading=\"lazy\" decoding=\"async\" width=\"430\" height=\"287\" src=\"https:\/\/diariodelsurdigital.com.ar\/wp-content\/uploads\/2025\/11\/o_1753273923.jpg\" alt=\"\" class=\"wp-image-5967\" srcset=\"https:\/\/diariodelsurdigital.com.ar\/wp-content\/uploads\/2025\/11\/o_1753273923.jpg 430w, https:\/\/diariodelsurdigital.com.ar\/wp-content\/uploads\/2025\/11\/o_1753273923-300x200.jpg 300w\" sizes=\"auto, (max-width: 430px) 100vw, 430px\" \/><\/figure>\n\n\n\n<p>Su transformaci\u00f3n y giro hacia lo que Loggio denominaba \u201cla derecha\u201d fue a partir de los&nbsp;<strong>cargos<\/strong>&nbsp;que comenz\u00f3 a disfrutar en la&nbsp;<strong>d\u00e9cada del 2000<\/strong>, sin antes pasar por la <strong>Alianza de De la R\u00faa<\/strong>. Ese nefasto gobierno que asesin\u00f3 al menos una treintena de argentinos en la calle all\u00e1 por el 2001. Hasta que un d\u00eda fue convocado por el peronismo durante los inicios del kirchnerismo.<\/p>\n\n\n\n<p>En s\u00edntesis,<strong>&nbsp;Loggio le debe a <\/strong><strong>De la R\u00faa, a Montiel, a <\/strong><strong>Busti, a Urribarri y Bordet<\/strong>, todos los cargos que ostent\u00f3 a la fecha. Desde&nbsp;<strong>Secretario de la Producci\u00f3n<\/strong>, aunque le tenga poco afecto al trabajo,&nbsp;<strong>Director de Comercio Exterior<\/strong>, en donde no hubo busto en donde no se sac\u00f3 foto en su recorrida por el mundo durante 4 a\u00f1os con la plata de los entrerrianos, hasta una<strong>&nbsp;diputaci\u00f3n provincial<\/strong>&nbsp;que nunca la hubiese tenido si no fuera&nbsp;<strong>por el dedo de su amigo Gustavo Bordet.<\/strong><strong><\/strong><\/p>\n\n\n\n<p><strong>Frente Grande<\/strong><\/p>\n\n\n\n<p>Hace apenas unas horas, se conoci\u00f3 sobre la visita que <strong>N\u00e9stor Loggio &nbsp;le realizara a su vieja compa\u00f1era del Partido Intransigente, Rosario Romero<\/strong>, junto a Iv\u00e1n Becic. Seg\u00fan la especie, la intendenta de Paran\u00e1, que ya se erige como conductora del peronismo entrerriano y el ya <strong>desbarbado Loggio<\/strong>, hablaron sobre la realidad pol\u00edtica en donde, \u201cHubo amplias coincidencias en c\u00f3mo avanzar para construir una nueva mayor\u00eda que tenga como perspectiva el 2027, y modernizar un programa pol\u00edtico que tenga siempre como eje la producci\u00f3n y el trabajo entrerriano. Milei repite las experiencias de las tres M: Mart\u00ednez de Hoz, Menem y Macri, todas fracasadas, como lo son en el mundo entero aquellas pol\u00edticas que solo piensan en el beneficio del diez por ciento m\u00e1s rico de la sociedad con la promesa del derrame, que nunca ocurre\u201d, indicaron.<\/p>\n\n\n\n<p><strong>Lo que seguramente no recuerdan o prefieren olvidar. tanto Romero como Loggio, es que el mismo espacio al que pertenecieron (Partido Intransigente), a finales de los 80, fueron en el mismo frente que impulsaba justamente a Carlos Sa\u00fal Menem a la Presidencia de la Naci\u00f3n.<\/strong> Una de las tres \u201cM\u201d que ellos se\u00f1alan como responsables del saqueo y que siempre gobernaron en beneficio del diez por ciento m\u00e1s rico de la Argentina.<\/p>\n\n\n\n<p><strong>Loggio: m\u00e1s cerca de Schiaretti que de Kicillof<\/strong><\/p>\n\n\n\n<p><strong>Sin un cargo a nivel nacional en el Frente Grande como lo ostentaba hace un tiempo<\/strong>, N\u00e9stor Loggio, lejos de representar a la base de los militantes entrerrianos del Frente Grande, que desafiaron justamente a los mariscales de la derrota (Romero, Lauritto, Bahl y Michel) y compitieron en la lista 503 que impuls\u00f3 las candidaturas a diputadas nacionales de Carolina Gaillard y Paola Rubattino, ahora quiere ser parte de la rosca pejotista que la intendente de Paran\u00e1 viene construyendo desde hace un tiempo.<\/p>\n\n\n\n<figure class=\"wp-block-image size-full\"><img loading=\"lazy\" decoding=\"async\" width=\"486\" height=\"313\" src=\"https:\/\/diariodelsurdigital.com.ar\/wp-content\/uploads\/2025\/11\/romero-schiaretti-jpg.png\" alt=\"\" class=\"wp-image-5965\" srcset=\"https:\/\/diariodelsurdigital.com.ar\/wp-content\/uploads\/2025\/11\/romero-schiaretti-jpg.png 486w, https:\/\/diariodelsurdigital.com.ar\/wp-content\/uploads\/2025\/11\/romero-schiaretti-jpg-300x193.png 300w\" sizes=\"auto, (max-width: 486px) 100vw, 486px\" \/><\/figure>\n\n\n\n<p>Con esta jugada de Loggio y su aproximaci\u00f3n a Rosario Romero que a su vez viene caminando en una construcci\u00f3n con Juan Scharetti <strong>hace alejar al grueso de la militancia del Frente Grande entrerriano<\/strong>, que ya viene construyendo con el gobernador de la provincia de Buenos Aires, Axel Kicillof.<\/p>\n\n\n\n<p>Al menos dos dirigentes del Frente Grande de Entre R\u00edos, se\u00f1alaron a<strong> Diario del SUR Digital <\/strong>que, en el transcurso de esta semana dar\u00e1n a conocer un documento firmado por varios referentes y militantes de distintos departamentos de la provincia, \u201cpara sentar posici\u00f3n y as\u00ed poner las cosas en claro con respecto a las conductas personalistas, individualistas e inconsultas de algunos referentes\u201d, indicaron.<\/p>\n","protected":false},"excerpt":{"rendered":"<p>Diletante de izquierda en sus inicios de estudiante universitario all\u00e1 por mediados del 80, vestido con&nbsp;camisa de grafa, al mejor estilo guerrillero cubano bajando de Sierra Maestra, N\u00e9stor Loggio,&nbsp;tuvo sus primeros pasos como militante de claustro en la UNER. All\u00ed conoci\u00f3 a Gustavo Bordet que militaba en la JUP (Juventud Universitaria Peronista), que despu\u00e9s de [&hellip;]<\/p>\n","protected":false},"author":2,"featured_media":5964,"comment_status":"open","ping_status":"open","sticky":false,"template":"","format":"standard","meta":{"footnotes":""},"categories":[22,17,1],"tags":[],"class_list":{"0":"post-5962","1":"post","2":"type-post","3":"status-publish","4":"format-standard","5":"has-post-thumbnail","7":"category-politica","8":"category-provinciales","9":"category-uncategorized"},"yoast_head":"<!-- This site is optimized with the Yoast SEO plugin v27.4 - https:\/\/yoast.com\/product\/yoast-seo-wordpress\/ -->\n<title>CAMALE\u00d3N: Loggio se volvi\u00f3 a poner la camisa de grafa y se sent\u00f3 con su vieja compa\u00f1era del Partido Intransigente - Diario del Sur<\/title>\n<meta name=\"robots\" content=\"index, follow, max-snippet:-1, max-image-preview:large, max-video-preview:-1\" \/>\n<link rel=\"canonical\" href=\"https:\/\/diariodelsurdigital.com.ar\/?p=5962\" \/>\n<meta property=\"og:locale\" content=\"es_ES\" \/>\n<meta property=\"og:type\" content=\"article\" \/>\n<meta property=\"og:title\" content=\"CAMALE\u00d3N: Loggio se volvi\u00f3 a poner la camisa de grafa y se sent\u00f3 con su vieja compa\u00f1era del Partido Intransigente - Diario del Sur\" \/>\n<meta property=\"og:description\" content=\"Diletante de izquierda en sus inicios de estudiante universitario all\u00e1 por mediados del 80, vestido con&nbsp;camisa de grafa, al mejor estilo guerrillero cubano bajando de Sierra Maestra, N\u00e9stor Loggio,&nbsp;tuvo sus primeros pasos como militante de claustro en la UNER. All\u00ed conoci\u00f3 a Gustavo Bordet que militaba en la JUP (Juventud Universitaria Peronista), que despu\u00e9s de [&hellip;]\" \/>\n<meta property=\"og:url\" content=\"https:\/\/diariodelsurdigital.com.ar\/?p=5962\" \/>\n<meta property=\"og:site_name\" content=\"Diario del Sur\" \/>\n<meta property=\"article:published_time\" content=\"2025-11-30T22:49:44+00:00\" \/>\n<meta property=\"og:image\" content=\"https:\/\/diariodelsurdigital.com.ar\/wp-content\/uploads\/2025\/11\/Loggio-Romero-1.png\" \/>\n\t<meta property=\"og:image:width\" content=\"563\" \/>\n\t<meta property=\"og:image:height\" content=\"359\" \/>\n\t<meta property=\"og:image:type\" content=\"image\/png\" \/>\n<meta name=\"author\" content=\"Diario del Sur Digital\" \/>\n<meta name=\"twitter:card\" content=\"summary_large_image\" \/>\n<meta name=\"twitter:label1\" content=\"Escrito por\" \/>\n\t<meta name=\"twitter:data1\" content=\"Diario del Sur Digital\" \/>\n\t<meta name=\"twitter:label2\" content=\"Tiempo de lectura\" \/>\n\t<meta name=\"twitter:data2\" content=\"5 minutos\" \/>\n<script type=\"application\/ld+json\" class=\"yoast-schema-graph\">{\"@context\":\"https:\\\/\\\/schema.org\",\"@graph\":[{\"@type\":\"Article\",\"@id\":\"https:\\\/\\\/diariodelsurdigital.com.ar\\\/?p=5962#article\",\"isPartOf\":{\"@id\":\"https:\\\/\\\/diariodelsurdigital.com.ar\\\/?p=5962\"},\"author\":{\"name\":\"Diario del Sur Digital\",\"@id\":\"https:\\\/\\\/diariodelsurdigital.com.ar\\\/#\\\/schema\\\/person\\\/6136a32571657f7dba980b88b04c5465\"},\"headline\":\"CAMALE\u00d3N: Loggio se volvi\u00f3 a poner la camisa de grafa y se sent\u00f3 con su vieja compa\u00f1era del Partido Intransigente\",\"datePublished\":\"2025-11-30T22:49:44+00:00\",\"mainEntityOfPage\":{\"@id\":\"https:\\\/\\\/diariodelsurdigital.com.ar\\\/?p=5962\"},\"wordCount\":892,\"commentCount\":0,\"image\":{\"@id\":\"https:\\\/\\\/diariodelsurdigital.com.ar\\\/?p=5962#primaryimage\"},\"thumbnailUrl\":\"https:\\\/\\\/diariodelsurdigital.com.ar\\\/wp-content\\\/uploads\\\/2025\\\/11\\\/Loggio-Romero-1.png\",\"articleSection\":[\"Pol\u00edtica\",\"Provinciales\",\"Uncategorized\"],\"inLanguage\":\"es\",\"potentialAction\":[{\"@type\":\"CommentAction\",\"name\":\"Comment\",\"target\":[\"https:\\\/\\\/diariodelsurdigital.com.ar\\\/?p=5962#respond\"]}]},{\"@type\":\"WebPage\",\"@id\":\"https:\\\/\\\/diariodelsurdigital.com.ar\\\/?p=5962\",\"url\":\"https:\\\/\\\/diariodelsurdigital.com.ar\\\/?p=5962\",\"name\":\"CAMALE\u00d3N: Loggio se volvi\u00f3 a poner la camisa de grafa y se sent\u00f3 con su vieja compa\u00f1era del Partido Intransigente - Diario del Sur\",\"isPartOf\":{\"@id\":\"https:\\\/\\\/diariodelsurdigital.com.ar\\\/#website\"},\"primaryImageOfPage\":{\"@id\":\"https:\\\/\\\/diariodelsurdigital.com.ar\\\/?p=5962#primaryimage\"},\"image\":{\"@id\":\"https:\\\/\\\/diariodelsurdigital.com.ar\\\/?p=5962#primaryimage\"},\"thumbnailUrl\":\"https:\\\/\\\/diariodelsurdigital.com.ar\\\/wp-content\\\/uploads\\\/2025\\\/11\\\/Loggio-Romero-1.png\",\"datePublished\":\"2025-11-30T22:49:44+00:00\",\"author\":{\"@id\":\"https:\\\/\\\/diariodelsurdigital.com.ar\\\/#\\\/schema\\\/person\\\/6136a32571657f7dba980b88b04c5465\"},\"breadcrumb\":{\"@id\":\"https:\\\/\\\/diariodelsurdigital.com.ar\\\/?p=5962#breadcrumb\"},\"inLanguage\":\"es\",\"potentialAction\":[{\"@type\":\"ReadAction\",\"target\":[\"https:\\\/\\\/diariodelsurdigital.com.ar\\\/?p=5962\"]}]},{\"@type\":\"ImageObject\",\"inLanguage\":\"es\",\"@id\":\"https:\\\/\\\/diariodelsurdigital.com.ar\\\/?p=5962#primaryimage\",\"url\":\"https:\\\/\\\/diariodelsurdigital.com.ar\\\/wp-content\\\/uploads\\\/2025\\\/11\\\/Loggio-Romero-1.png\",\"contentUrl\":\"https:\\\/\\\/diariodelsurdigital.com.ar\\\/wp-content\\\/uploads\\\/2025\\\/11\\\/Loggio-Romero-1.png\",\"width\":563,\"height\":359},{\"@type\":\"BreadcrumbList\",\"@id\":\"https:\\\/\\\/diariodelsurdigital.com.ar\\\/?p=5962#breadcrumb\",\"itemListElement\":[{\"@type\":\"ListItem\",\"position\":1,\"name\":\"Portada\",\"item\":\"https:\\\/\\\/diariodelsurdigital.com.ar\\\/\"},{\"@type\":\"ListItem\",\"position\":2,\"name\":\"CAMALE\u00d3N: Loggio se volvi\u00f3 a poner la camisa de grafa y se sent\u00f3 con su vieja compa\u00f1era del Partido Intransigente\"}]},{\"@type\":\"WebSite\",\"@id\":\"https:\\\/\\\/diariodelsurdigital.com.ar\\\/#website\",\"url\":\"https:\\\/\\\/diariodelsurdigital.com.ar\\\/\",\"name\":\"Diario del Sur\",\"description\":\"Digital\",\"potentialAction\":[{\"@type\":\"SearchAction\",\"target\":{\"@type\":\"EntryPoint\",\"urlTemplate\":\"https:\\\/\\\/diariodelsurdigital.com.ar\\\/?s={search_term_string}\"},\"query-input\":{\"@type\":\"PropertyValueSpecification\",\"valueRequired\":true,\"valueName\":\"search_term_string\"}}],\"inLanguage\":\"es\"},{\"@type\":\"Person\",\"@id\":\"https:\\\/\\\/diariodelsurdigital.com.ar\\\/#\\\/schema\\\/person\\\/6136a32571657f7dba980b88b04c5465\",\"name\":\"Diario del Sur Digital\",\"image\":{\"@type\":\"ImageObject\",\"inLanguage\":\"es\",\"@id\":\"https:\\\/\\\/secure.gravatar.com\\\/avatar\\\/4c29ceac98541dd42460b2474aaa5dd37594d6ce6cb3cf2c101d09b48ee287ba?s=96&d=mm&r=g\",\"url\":\"https:\\\/\\\/secure.gravatar.com\\\/avatar\\\/4c29ceac98541dd42460b2474aaa5dd37594d6ce6cb3cf2c101d09b48ee287ba?s=96&d=mm&r=g\",\"contentUrl\":\"https:\\\/\\\/secure.gravatar.com\\\/avatar\\\/4c29ceac98541dd42460b2474aaa5dd37594d6ce6cb3cf2c101d09b48ee287ba?s=96&d=mm&r=g\",\"caption\":\"Diario del Sur Digital\"},\"url\":\"https:\\\/\\\/diariodelsurdigital.com.ar\\\/?author=2\"}]}<\/script>\n<!-- \/ Yoast SEO plugin. -->","yoast_head_json":{"title":"CAMALE\u00d3N: Loggio se volvi\u00f3 a poner la camisa de grafa y se sent\u00f3 con su vieja compa\u00f1era del Partido Intransigente - Diario del Sur","robots":{"index":"index","follow":"follow","max-snippet":"max-snippet:-1","max-image-preview":"max-image-preview:large","max-video-preview":"max-video-preview:-1"},"canonical":"https:\/\/diariodelsurdigital.com.ar\/?p=5962","og_locale":"es_ES","og_type":"article","og_title":"CAMALE\u00d3N: Loggio se volvi\u00f3 a poner la camisa de grafa y se sent\u00f3 con su vieja compa\u00f1era del Partido Intransigente - Diario del Sur","og_description":"Diletante de izquierda en sus inicios de estudiante universitario all\u00e1 por mediados del 80, vestido con&nbsp;camisa de grafa, al mejor estilo guerrillero cubano bajando de Sierra Maestra, N\u00e9stor Loggio,&nbsp;tuvo sus primeros pasos como militante de claustro en la UNER. All\u00ed conoci\u00f3 a Gustavo Bordet que militaba en la JUP (Juventud Universitaria Peronista), que despu\u00e9s de [&hellip;]","og_url":"https:\/\/diariodelsurdigital.com.ar\/?p=5962","og_site_name":"Diario del Sur","article_published_time":"2025-11-30T22:49:44+00:00","og_image":[{"width":563,"height":359,"url":"https:\/\/diariodelsurdigital.com.ar\/wp-content\/uploads\/2025\/11\/Loggio-Romero-1.png","type":"image\/png"}],"author":"Diario del Sur Digital","twitter_card":"summary_large_image","twitter_misc":{"Escrito por":"Diario del Sur Digital","Tiempo de lectura":"5 minutos"},"schema":{"@context":"https:\/\/schema.org","@graph":[{"@type":"Article","@id":"https:\/\/diariodelsurdigital.com.ar\/?p=5962#article","isPartOf":{"@id":"https:\/\/diariodelsurdigital.com.ar\/?p=5962"},"author":{"name":"Diario del Sur Digital","@id":"https:\/\/diariodelsurdigital.com.ar\/#\/schema\/person\/6136a32571657f7dba980b88b04c5465"},"headline":"CAMALE\u00d3N: Loggio se volvi\u00f3 a poner la camisa de grafa y se sent\u00f3 con su vieja compa\u00f1era del Partido Intransigente","datePublished":"2025-11-30T22:49:44+00:00","mainEntityOfPage":{"@id":"https:\/\/diariodelsurdigital.com.ar\/?p=5962"},"wordCount":892,"commentCount":0,"image":{"@id":"https:\/\/diariodelsurdigital.com.ar\/?p=5962#primaryimage"},"thumbnailUrl":"https:\/\/diariodelsurdigital.com.ar\/wp-content\/uploads\/2025\/11\/Loggio-Romero-1.png","articleSection":["Pol\u00edtica","Provinciales","Uncategorized"],"inLanguage":"es","potentialAction":[{"@type":"CommentAction","name":"Comment","target":["https:\/\/diariodelsurdigital.com.ar\/?p=5962#respond"]}]},{"@type":"WebPage","@id":"https:\/\/diariodelsurdigital.com.ar\/?p=5962","url":"https:\/\/diariodelsurdigital.com.ar\/?p=5962","name":"CAMALE\u00d3N: Loggio se volvi\u00f3 a poner la camisa de grafa y se sent\u00f3 con su vieja compa\u00f1era del Partido Intransigente - Diario del Sur","isPartOf":{"@id":"https:\/\/diariodelsurdigital.com.ar\/#website"},"primaryImageOfPage":{"@id":"https:\/\/diariodelsurdigital.com.ar\/?p=5962#primaryimage"},"image":{"@id":"https:\/\/diariodelsurdigital.com.ar\/?p=5962#primaryimage"},"thumbnailUrl":"https:\/\/diariodelsurdigital.com.ar\/wp-content\/uploads\/2025\/11\/Loggio-Romero-1.png","datePublished":"2025-11-30T22:49:44+00:00","author":{"@id":"https:\/\/diariodelsurdigital.com.ar\/#\/schema\/person\/6136a32571657f7dba980b88b04c5465"},"breadcrumb":{"@id":"https:\/\/diariodelsurdigital.com.ar\/?p=5962#breadcrumb"},"inLanguage":"es","potentialAction":[{"@type":"ReadAction","target":["https:\/\/diariodelsurdigital.com.ar\/?p=5962"]}]},{"@type":"ImageObject","inLanguage":"es","@id":"https:\/\/diariodelsurdigital.com.ar\/?p=5962#primaryimage","url":"https:\/\/diariodelsurdigital.com.ar\/wp-content\/uploads\/2025\/11\/Loggio-Romero-1.png","contentUrl":"https:\/\/diariodelsurdigital.com.ar\/wp-content\/uploads\/2025\/11\/Loggio-Romero-1.png","width":563,"height":359},{"@type":"BreadcrumbList","@id":"https:\/\/diariodelsurdigital.com.ar\/?p=5962#breadcrumb","itemListElement":[{"@type":"ListItem","position":1,"name":"Portada","item":"https:\/\/diariodelsurdigital.com.ar\/"},{"@type":"ListItem","position":2,"name":"CAMALE\u00d3N: Loggio se volvi\u00f3 a poner la camisa de grafa y se sent\u00f3 con su vieja compa\u00f1era del Partido Intransigente"}]},{"@type":"WebSite","@id":"https:\/\/diariodelsurdigital.com.ar\/#website","url":"https:\/\/diariodelsurdigital.com.ar\/","name":"Diario del Sur","description":"Digital","potentialAction":[{"@type":"SearchAction","target":{"@type":"EntryPoint","urlTemplate":"https:\/\/diariodelsurdigital.com.ar\/?s={search_term_string}"},"query-input":{"@type":"PropertyValueSpecification","valueRequired":true,"valueName":"search_term_string"}}],"inLanguage":"es"},{"@type":"Person","@id":"https:\/\/diariodelsurdigital.com.ar\/#\/schema\/person\/6136a32571657f7dba980b88b04c5465","name":"Diario del Sur Digital","image":{"@type":"ImageObject","inLanguage":"es","@id":"https:\/\/secure.gravatar.com\/avatar\/4c29ceac98541dd42460b2474aaa5dd37594d6ce6cb3cf2c101d09b48ee287ba?s=96&d=mm&r=g","url":"https:\/\/secure.gravatar.com\/avatar\/4c29ceac98541dd42460b2474aaa5dd37594d6ce6cb3cf2c101d09b48ee287ba?s=96&d=mm&r=g","contentUrl":"https:\/\/secure.gravatar.com\/avatar\/4c29ceac98541dd42460b2474aaa5dd37594d6ce6cb3cf2c101d09b48ee287ba?s=96&d=mm&r=g","caption":"Diario del Sur Digital"},"url":"https:\/\/diariodelsurdigital.com.ar\/?author=2"}]}},"_links":{"self":[{"href":"https:\/\/diariodelsurdigital.com.ar\/index.php?rest_route=\/wp\/v2\/posts\/5962","targetHints":{"allow":["GET"]}}],"collection":[{"href":"https:\/\/diariodelsurdigital.com.ar\/index.php?rest_route=\/wp\/v2\/posts"}],"about":[{"href":"https:\/\/diariodelsurdigital.com.ar\/index.php?rest_route=\/wp\/v2\/types\/post"}],"author":[{"embeddable":true,"href":"https:\/\/diariodelsurdigital.com.ar\/index.php?rest_route=\/wp\/v2\/users\/2"}],"replies":[{"embeddable":true,"href":"https:\/\/diariodelsurdigital.com.ar\/index.php?rest_route=%2Fwp%2Fv2%2Fcomments&post=5962"}],"version-history":[{"count":1,"href":"https:\/\/diariodelsurdigital.com.ar\/index.php?rest_route=\/wp\/v2\/posts\/5962\/revisions"}],"predecessor-version":[{"id":5968,"href":"https:\/\/diariodelsurdigital.com.ar\/index.php?rest_route=\/wp\/v2\/posts\/5962\/revisions\/5968"}],"wp:featuredmedia":[{"embeddable":true,"href":"https:\/\/diariodelsurdigital.com.ar\/index.php?rest_route=\/wp\/v2\/media\/5964"}],"wp:attachment":[{"href":"https:\/\/diariodelsurdigital.com.ar\/index.php?rest_route=%2Fwp%2Fv2%2Fmedia&parent=5962"}],"wp:term":[{"taxonomy":"category","embeddable":true,"href":"https:\/\/diariodelsurdigital.com.ar\/index.php?rest_route=%2Fwp%2Fv2%2Fcategories&post=5962"},{"taxonomy":"post_tag","embeddable":true,"href":"https:\/\/diariodelsurdigital.com.ar\/index.php?rest_route=%2Fwp%2Fv2%2Ftags&post=5962"}],"curies":[{"name":"wp","href":"https:\/\/api.w.org\/{rel}","templated":true}]}}