{"id":5980,"date":"2025-12-01T10:48:32","date_gmt":"2025-12-01T13:48:32","guid":{"rendered":"https:\/\/diariodelsurdigital.com.ar\/?p=5980"},"modified":"2025-12-01T10:48:33","modified_gmt":"2025-12-01T13:48:33","slug":"advierten-que-las-compras-online-al-exterior-estan-liquidando-al-comercio-local-y-la-industria-argentina","status":"publish","type":"post","link":"https:\/\/diariodelsurdigital.com.ar\/?p=5980","title":{"rendered":"Advierten que las compras online al exterior est\u00e1n liquidando al comercio local y la industria argentina"},"content":{"rendered":"\n<p>El Centro Comercial e Industrial de Paran\u00e1 advirti\u00f3 que el crecimiento de las importaciones online desplaza a fabricantes, distribuidores y comercios locales. Piden revisar las pol\u00edticas que permiten el ingreso de mercader\u00eda con costos m\u00ednimos y sin controles equivalentes a los exigidos en el mercado interno. Afirman que hay \u201ccompetencia ilegal\u201d.<\/p>\n\n\n\n<p>En medio del fuerte crecimiento de las compras online en plataformas extranjeras, el Centro Comercial e Industrial de Paran\u00e1 manifest\u00f3 una profunda preocupaci\u00f3n por el impacto que este fen\u00f3meno est\u00e1 generando en la actividad econ\u00f3mica local y en la industria nacional.<\/p>\n\n\n\n<p>En las \u00faltimas semanas, diversas publicaciones medi\u00e1ticas a nivel nacional dieron cuenta del marcado incremento de compras realizadas a tiendas del exterior, favorecidas por normativas aduaneras m\u00e1s flexibles, franquicias ampliadas y procesos de env\u00edo \u2018puerta a puerta\u2019 cada vez m\u00e1s \u00e1giles. Esta din\u00e1mica, advierten desde distintas c\u00e1maras empresarias del pa\u00eds, convirti\u00f3 al comercio electr\u00f3nico transfronterizo en un canal de importaci\u00f3n masiva que desplaza a productores locales, manufacturas nacionales y comercios de proximidad.<\/p>\n\n\n\n<p><br>Frente a este panorama, el presidente del Centro Comercial e Industrial de Paran\u00e1, Marcelo Quiroga, fue contundente: \u00abLa compra indiscriminada a plataformas extranjeras golpea de lleno al comerciante que apuesta por la ciudad, por el empleo y por la producci\u00f3n nacional. No se trata solo de precios: se trata de competencia desleal\u00bb.<\/p>\n\n\n\n<p>Seg\u00fan explic\u00f3, la llegada de productos importados fabricados en condiciones regulatorias muy diferentes a las del pa\u00eds genera un escenario imposible de sostener.<\/p>\n\n\n\n<p>\u00abMuchos de esos art\u00edculos no tributan impuestos, no cumplen normativas de calidad ni est\u00e1ndares laborales. Mientras tanto, nuestras pymes afrontan cargas impositivas, salarios, alquileres y regulaciones estrictas. Es evidente que as\u00ed no se puede competir\u00bb, se\u00f1al\u00f3.<\/p>\n\n\n\n<p>A nivel nacional, empresarios del sector industrial y comercial vienen alertando sobre la necesidad de corregir pol\u00edticas que permiten ingresar art\u00edculos a costos m\u00ednimos, afectando a rubros como indumentaria, electr\u00f3nica, calzado, marroquiner\u00eda, jugueter\u00eda, accesorios y m\u00e1s.<\/p>\n\n\n\n<p>Quiroga remarc\u00f3 que el fen\u00f3meno no solo perjudica a los comercios establecidos en Paran\u00e1, sino que impacta directamente en la cadena de valor local: \u00abCuando se compra afuera se perjudica al comerciante, pero tambi\u00e9n al fabricante, al distribuidor, al empleado y al emprendedor que intenta vivir de lo que produce. El da\u00f1o es mucho m\u00e1s profundo de lo que se ve\u00bb.<\/p>\n\n\n\n<p>En este sentido, desde la entidad solicitaron que se revisen los mecanismos que habilitan la entrada de mercader\u00eda importada sin controles equivalentes a los exigidos en el mercado interno. Tambi\u00e9n reclamaron pol\u00edticas que protejan el desarrollo productivo nacional y que prioricen la competencia justa.<\/p>\n\n\n\n<p>\u00abNo pedimos privilegios, pedimos reglas claras. Que compitan todos, pero con las mismas condiciones para que el comercio local no quede afuera de la cancha\u00bb, afirm\u00f3 Quiroga.<\/p>\n\n\n\n<p>El Centro Comercial e Industrial de Paran\u00e1 reiter\u00f3 que continuar\u00e1 trabajando junto a otras c\u00e1maras empresarias para impulsar medidas que aseguren un equilibrio real entre el comercio digital global y el sistema productivo argentino, defendiendo el empleo, la industria y la actividad econ\u00f3mica de la regi\u00f3n.<\/p>\n","protected":false},"excerpt":{"rendered":"<p>El Centro Comercial e Industrial de Paran\u00e1 advirti\u00f3 que el crecimiento de las importaciones online desplaza a fabricantes, distribuidores y comercios locales. Piden revisar las pol\u00edticas que permiten el ingreso de mercader\u00eda con costos m\u00ednimos y sin controles equivalentes a los exigidos en el mercado interno. Afirman que hay \u201ccompetencia ilegal\u201d. En medio del fuerte [&hellip;]<\/p>\n","protected":false},"author":4,"featured_media":5981,"comment_status":"open","ping_status":"open","sticky":false,"template":"","format":"standard","meta":{"footnotes":""},"categories":[17],"tags":[],"class_list":{"0":"post-5980","1":"post","2":"type-post","3":"status-publish","4":"format-standard","5":"has-post-thumbnail","7":"category-provinciales"},"yoast_head":"<!-- This site is optimized with the Yoast SEO plugin v27.4 - https:\/\/yoast.com\/product\/yoast-seo-wordpress\/ -->\n<title>Advierten que las compras online al exterior est\u00e1n liquidando al comercio local y la industria argentina - Diario del Sur<\/title>\n<meta name=\"robots\" content=\"index, follow, max-snippet:-1, max-image-preview:large, max-video-preview:-1\" \/>\n<link rel=\"canonical\" href=\"https:\/\/diariodelsurdigital.com.ar\/?p=5980\" \/>\n<meta property=\"og:locale\" content=\"es_ES\" \/>\n<meta property=\"og:type\" content=\"article\" \/>\n<meta property=\"og:title\" content=\"Advierten que las compras online al exterior est\u00e1n liquidando al comercio local y la industria argentina - Diario del Sur\" \/>\n<meta property=\"og:description\" content=\"El Centro Comercial e Industrial de Paran\u00e1 advirti\u00f3 que el crecimiento de las importaciones online desplaza a fabricantes, distribuidores y comercios locales. Piden revisar las pol\u00edticas que permiten el ingreso de mercader\u00eda con costos m\u00ednimos y sin controles equivalentes a los exigidos en el mercado interno. Afirman que hay \u201ccompetencia ilegal\u201d. En medio del fuerte [&hellip;]\" \/>\n<meta property=\"og:url\" content=\"https:\/\/diariodelsurdigital.com.ar\/?p=5980\" \/>\n<meta property=\"og:site_name\" content=\"Diario del Sur\" \/>\n<meta property=\"article:published_time\" content=\"2025-12-01T13:48:32+00:00\" \/>\n<meta property=\"article:modified_time\" content=\"2025-12-01T13:48:33+00:00\" \/>\n<meta property=\"og:image\" content=\"https:\/\/diariodelsurdigital.com.ar\/wp-content\/uploads\/2025\/12\/md-20.webp\" \/>\n\t<meta property=\"og:image:width\" content=\"992\" \/>\n\t<meta property=\"og:image:height\" content=\"557\" \/>\n\t<meta property=\"og:image:type\" content=\"image\/webp\" \/>\n<meta name=\"author\" content=\"Diario del Sur Digital\" \/>\n<meta name=\"twitter:card\" content=\"summary_large_image\" \/>\n<meta name=\"twitter:label1\" content=\"Escrito por\" \/>\n\t<meta name=\"twitter:data1\" content=\"Diario del Sur Digital\" \/>\n\t<meta name=\"twitter:label2\" content=\"Tiempo de lectura\" \/>\n\t<meta name=\"twitter:data2\" content=\"3 minutos\" \/>\n<script type=\"application\/ld+json\" class=\"yoast-schema-graph\">{\"@context\":\"https:\\\/\\\/schema.org\",\"@graph\":[{\"@type\":\"Article\",\"@id\":\"https:\\\/\\\/diariodelsurdigital.com.ar\\\/?p=5980#article\",\"isPartOf\":{\"@id\":\"https:\\\/\\\/diariodelsurdigital.com.ar\\\/?p=5980\"},\"author\":{\"name\":\"Diario del Sur Digital\",\"@id\":\"https:\\\/\\\/diariodelsurdigital.com.ar\\\/#\\\/schema\\\/person\\\/1a4992532ed62965c968031b49195c81\"},\"headline\":\"Advierten que las compras online al exterior est\u00e1n liquidando al comercio local y la industria argentina\",\"datePublished\":\"2025-12-01T13:48:32+00:00\",\"dateModified\":\"2025-12-01T13:48:33+00:00\",\"mainEntityOfPage\":{\"@id\":\"https:\\\/\\\/diariodelsurdigital.com.ar\\\/?p=5980\"},\"wordCount\":544,\"commentCount\":0,\"image\":{\"@id\":\"https:\\\/\\\/diariodelsurdigital.com.ar\\\/?p=5980#primaryimage\"},\"thumbnailUrl\":\"https:\\\/\\\/diariodelsurdigital.com.ar\\\/wp-content\\\/uploads\\\/2025\\\/12\\\/md-20.webp\",\"articleSection\":[\"Provinciales\"],\"inLanguage\":\"es\",\"potentialAction\":[{\"@type\":\"CommentAction\",\"name\":\"Comment\",\"target\":[\"https:\\\/\\\/diariodelsurdigital.com.ar\\\/?p=5980#respond\"]}]},{\"@type\":\"WebPage\",\"@id\":\"https:\\\/\\\/diariodelsurdigital.com.ar\\\/?p=5980\",\"url\":\"https:\\\/\\\/diariodelsurdigital.com.ar\\\/?p=5980\",\"name\":\"Advierten que las compras online al exterior est\u00e1n liquidando al comercio local y la industria argentina - Diario del Sur\",\"isPartOf\":{\"@id\":\"https:\\\/\\\/diariodelsurdigital.com.ar\\\/#website\"},\"primaryImageOfPage\":{\"@id\":\"https:\\\/\\\/diariodelsurdigital.com.ar\\\/?p=5980#primaryimage\"},\"image\":{\"@id\":\"https:\\\/\\\/diariodelsurdigital.com.ar\\\/?p=5980#primaryimage\"},\"thumbnailUrl\":\"https:\\\/\\\/diariodelsurdigital.com.ar\\\/wp-content\\\/uploads\\\/2025\\\/12\\\/md-20.webp\",\"datePublished\":\"2025-12-01T13:48:32+00:00\",\"dateModified\":\"2025-12-01T13:48:33+00:00\",\"author\":{\"@id\":\"https:\\\/\\\/diariodelsurdigital.com.ar\\\/#\\\/schema\\\/person\\\/1a4992532ed62965c968031b49195c81\"},\"breadcrumb\":{\"@id\":\"https:\\\/\\\/diariodelsurdigital.com.ar\\\/?p=5980#breadcrumb\"},\"inLanguage\":\"es\",\"potentialAction\":[{\"@type\":\"ReadAction\",\"target\":[\"https:\\\/\\\/diariodelsurdigital.com.ar\\\/?p=5980\"]}]},{\"@type\":\"ImageObject\",\"inLanguage\":\"es\",\"@id\":\"https:\\\/\\\/diariodelsurdigital.com.ar\\\/?p=5980#primaryimage\",\"url\":\"https:\\\/\\\/diariodelsurdigital.com.ar\\\/wp-content\\\/uploads\\\/2025\\\/12\\\/md-20.webp\",\"contentUrl\":\"https:\\\/\\\/diariodelsurdigital.com.ar\\\/wp-content\\\/uploads\\\/2025\\\/12\\\/md-20.webp\",\"width\":992,\"height\":557},{\"@type\":\"BreadcrumbList\",\"@id\":\"https:\\\/\\\/diariodelsurdigital.com.ar\\\/?p=5980#breadcrumb\",\"itemListElement\":[{\"@type\":\"ListItem\",\"position\":1,\"name\":\"Portada\",\"item\":\"https:\\\/\\\/diariodelsurdigital.com.ar\\\/\"},{\"@type\":\"ListItem\",\"position\":2,\"name\":\"Advierten que las compras online al exterior est\u00e1n liquidando al comercio local y la industria argentina\"}]},{\"@type\":\"WebSite\",\"@id\":\"https:\\\/\\\/diariodelsurdigital.com.ar\\\/#website\",\"url\":\"https:\\\/\\\/diariodelsurdigital.com.ar\\\/\",\"name\":\"Diario del Sur\",\"description\":\"Digital\",\"potentialAction\":[{\"@type\":\"SearchAction\",\"target\":{\"@type\":\"EntryPoint\",\"urlTemplate\":\"https:\\\/\\\/diariodelsurdigital.com.ar\\\/?s={search_term_string}\"},\"query-input\":{\"@type\":\"PropertyValueSpecification\",\"valueRequired\":true,\"valueName\":\"search_term_string\"}}],\"inLanguage\":\"es\"},{\"@type\":\"Person\",\"@id\":\"https:\\\/\\\/diariodelsurdigital.com.ar\\\/#\\\/schema\\\/person\\\/1a4992532ed62965c968031b49195c81\",\"name\":\"Diario del Sur Digital\",\"image\":{\"@type\":\"ImageObject\",\"inLanguage\":\"es\",\"@id\":\"https:\\\/\\\/secure.gravatar.com\\\/avatar\\\/f0c7c47fc7146d19828273b9b8eda651c9c7ab583767e6338d3d3bee825adf76?s=96&d=mm&r=g\",\"url\":\"https:\\\/\\\/secure.gravatar.com\\\/avatar\\\/f0c7c47fc7146d19828273b9b8eda651c9c7ab583767e6338d3d3bee825adf76?s=96&d=mm&r=g\",\"contentUrl\":\"https:\\\/\\\/secure.gravatar.com\\\/avatar\\\/f0c7c47fc7146d19828273b9b8eda651c9c7ab583767e6338d3d3bee825adf76?s=96&d=mm&r=g\",\"caption\":\"Diario del Sur Digital\"},\"url\":\"https:\\\/\\\/diariodelsurdigital.com.ar\\\/?author=4\"}]}<\/script>\n<!-- \/ Yoast SEO plugin. -->","yoast_head_json":{"title":"Advierten que las compras online al exterior est\u00e1n liquidando al comercio local y la industria argentina - Diario del Sur","robots":{"index":"index","follow":"follow","max-snippet":"max-snippet:-1","max-image-preview":"max-image-preview:large","max-video-preview":"max-video-preview:-1"},"canonical":"https:\/\/diariodelsurdigital.com.ar\/?p=5980","og_locale":"es_ES","og_type":"article","og_title":"Advierten que las compras online al exterior est\u00e1n liquidando al comercio local y la industria argentina - Diario del Sur","og_description":"El Centro Comercial e Industrial de Paran\u00e1 advirti\u00f3 que el crecimiento de las importaciones online desplaza a fabricantes, distribuidores y comercios locales. Piden revisar las pol\u00edticas que permiten el ingreso de mercader\u00eda con costos m\u00ednimos y sin controles equivalentes a los exigidos en el mercado interno. Afirman que hay \u201ccompetencia ilegal\u201d. En medio del fuerte [&hellip;]","og_url":"https:\/\/diariodelsurdigital.com.ar\/?p=5980","og_site_name":"Diario del Sur","article_published_time":"2025-12-01T13:48:32+00:00","article_modified_time":"2025-12-01T13:48:33+00:00","og_image":[{"width":992,"height":557,"url":"https:\/\/diariodelsurdigital.com.ar\/wp-content\/uploads\/2025\/12\/md-20.webp","type":"image\/webp"}],"author":"Diario del Sur Digital","twitter_card":"summary_large_image","twitter_misc":{"Escrito por":"Diario del Sur Digital","Tiempo de lectura":"3 minutos"},"schema":{"@context":"https:\/\/schema.org","@graph":[{"@type":"Article","@id":"https:\/\/diariodelsurdigital.com.ar\/?p=5980#article","isPartOf":{"@id":"https:\/\/diariodelsurdigital.com.ar\/?p=5980"},"author":{"name":"Diario del Sur Digital","@id":"https:\/\/diariodelsurdigital.com.ar\/#\/schema\/person\/1a4992532ed62965c968031b49195c81"},"headline":"Advierten que las compras online al exterior est\u00e1n liquidando al comercio local y la industria argentina","datePublished":"2025-12-01T13:48:32+00:00","dateModified":"2025-12-01T13:48:33+00:00","mainEntityOfPage":{"@id":"https:\/\/diariodelsurdigital.com.ar\/?p=5980"},"wordCount":544,"commentCount":0,"image":{"@id":"https:\/\/diariodelsurdigital.com.ar\/?p=5980#primaryimage"},"thumbnailUrl":"https:\/\/diariodelsurdigital.com.ar\/wp-content\/uploads\/2025\/12\/md-20.webp","articleSection":["Provinciales"],"inLanguage":"es","potentialAction":[{"@type":"CommentAction","name":"Comment","target":["https:\/\/diariodelsurdigital.com.ar\/?p=5980#respond"]}]},{"@type":"WebPage","@id":"https:\/\/diariodelsurdigital.com.ar\/?p=5980","url":"https:\/\/diariodelsurdigital.com.ar\/?p=5980","name":"Advierten que las compras online al exterior est\u00e1n liquidando al comercio local y la industria argentina - Diario del Sur","isPartOf":{"@id":"https:\/\/diariodelsurdigital.com.ar\/#website"},"primaryImageOfPage":{"@id":"https:\/\/diariodelsurdigital.com.ar\/?p=5980#primaryimage"},"image":{"@id":"https:\/\/diariodelsurdigital.com.ar\/?p=5980#primaryimage"},"thumbnailUrl":"https:\/\/diariodelsurdigital.com.ar\/wp-content\/uploads\/2025\/12\/md-20.webp","datePublished":"2025-12-01T13:48:32+00:00","dateModified":"2025-12-01T13:48:33+00:00","author":{"@id":"https:\/\/diariodelsurdigital.com.ar\/#\/schema\/person\/1a4992532ed62965c968031b49195c81"},"breadcrumb":{"@id":"https:\/\/diariodelsurdigital.com.ar\/?p=5980#breadcrumb"},"inLanguage":"es","potentialAction":[{"@type":"ReadAction","target":["https:\/\/diariodelsurdigital.com.ar\/?p=5980"]}]},{"@type":"ImageObject","inLanguage":"es","@id":"https:\/\/diariodelsurdigital.com.ar\/?p=5980#primaryimage","url":"https:\/\/diariodelsurdigital.com.ar\/wp-content\/uploads\/2025\/12\/md-20.webp","contentUrl":"https:\/\/diariodelsurdigital.com.ar\/wp-content\/uploads\/2025\/12\/md-20.webp","width":992,"height":557},{"@type":"BreadcrumbList","@id":"https:\/\/diariodelsurdigital.com.ar\/?p=5980#breadcrumb","itemListElement":[{"@type":"ListItem","position":1,"name":"Portada","item":"https:\/\/diariodelsurdigital.com.ar\/"},{"@type":"ListItem","position":2,"name":"Advierten que las compras online al exterior est\u00e1n liquidando al comercio local y la industria argentina"}]},{"@type":"WebSite","@id":"https:\/\/diariodelsurdigital.com.ar\/#website","url":"https:\/\/diariodelsurdigital.com.ar\/","name":"Diario del Sur","description":"Digital","potentialAction":[{"@type":"SearchAction","target":{"@type":"EntryPoint","urlTemplate":"https:\/\/diariodelsurdigital.com.ar\/?s={search_term_string}"},"query-input":{"@type":"PropertyValueSpecification","valueRequired":true,"valueName":"search_term_string"}}],"inLanguage":"es"},{"@type":"Person","@id":"https:\/\/diariodelsurdigital.com.ar\/#\/schema\/person\/1a4992532ed62965c968031b49195c81","name":"Diario del Sur Digital","image":{"@type":"ImageObject","inLanguage":"es","@id":"https:\/\/secure.gravatar.com\/avatar\/f0c7c47fc7146d19828273b9b8eda651c9c7ab583767e6338d3d3bee825adf76?s=96&d=mm&r=g","url":"https:\/\/secure.gravatar.com\/avatar\/f0c7c47fc7146d19828273b9b8eda651c9c7ab583767e6338d3d3bee825adf76?s=96&d=mm&r=g","contentUrl":"https:\/\/secure.gravatar.com\/avatar\/f0c7c47fc7146d19828273b9b8eda651c9c7ab583767e6338d3d3bee825adf76?s=96&d=mm&r=g","caption":"Diario del Sur Digital"},"url":"https:\/\/diariodelsurdigital.com.ar\/?author=4"}]}},"_links":{"self":[{"href":"https:\/\/diariodelsurdigital.com.ar\/index.php?rest_route=\/wp\/v2\/posts\/5980","targetHints":{"allow":["GET"]}}],"collection":[{"href":"https:\/\/diariodelsurdigital.com.ar\/index.php?rest_route=\/wp\/v2\/posts"}],"about":[{"href":"https:\/\/diariodelsurdigital.com.ar\/index.php?rest_route=\/wp\/v2\/types\/post"}],"author":[{"embeddable":true,"href":"https:\/\/diariodelsurdigital.com.ar\/index.php?rest_route=\/wp\/v2\/users\/4"}],"replies":[{"embeddable":true,"href":"https:\/\/diariodelsurdigital.com.ar\/index.php?rest_route=%2Fwp%2Fv2%2Fcomments&post=5980"}],"version-history":[{"count":1,"href":"https:\/\/diariodelsurdigital.com.ar\/index.php?rest_route=\/wp\/v2\/posts\/5980\/revisions"}],"predecessor-version":[{"id":5982,"href":"https:\/\/diariodelsurdigital.com.ar\/index.php?rest_route=\/wp\/v2\/posts\/5980\/revisions\/5982"}],"wp:featuredmedia":[{"embeddable":true,"href":"https:\/\/diariodelsurdigital.com.ar\/index.php?rest_route=\/wp\/v2\/media\/5981"}],"wp:attachment":[{"href":"https:\/\/diariodelsurdigital.com.ar\/index.php?rest_route=%2Fwp%2Fv2%2Fmedia&parent=5980"}],"wp:term":[{"taxonomy":"category","embeddable":true,"href":"https:\/\/diariodelsurdigital.com.ar\/index.php?rest_route=%2Fwp%2Fv2%2Fcategories&post=5980"},{"taxonomy":"post_tag","embeddable":true,"href":"https:\/\/diariodelsurdigital.com.ar\/index.php?rest_route=%2Fwp%2Fv2%2Ftags&post=5980"}],"curies":[{"name":"wp","href":"https:\/\/api.w.org\/{rel}","templated":true}]}}