{"id":600,"date":"2025-01-15T23:25:43","date_gmt":"2025-01-16T02:25:43","guid":{"rendered":"https:\/\/diariodelsurdigital.com.ar\/?p=600"},"modified":"2025-01-15T23:25:45","modified_gmt":"2025-01-16T02:25:45","slug":"el-abogado-del-exministro-baez-dice-que-la-resolucion-sobre-su-prision-es-inminente","status":"publish","type":"post","link":"https:\/\/diariodelsurdigital.com.ar\/?p=600","title":{"rendered":"El abogado del exministro B\u00e1ez dice que la resoluci\u00f3n sobre su prisi\u00f3n es \u201cinminente\u201d"},"content":{"rendered":"\n<p>El Superior Tribunal de Justicia (STJ) decidi\u00f3 abrir la feria para tratar el planteo que ven\u00eda siendo tratado por la Sala Penal. Ese camino ya se sigui\u00f3 en los casos del exgobernador Sergio Urribarri y su cu\u00f1ado Juan Pablo Aguilera, que recuperaron la libertad el mi\u00e9rcoles 8 en base a un fallo que firmaron los vocales Leonardo Portela y Germ\u00e1n Carlomagno, con la disidencia de Miguel Giorgio.<\/p>\n\n\n\n<p>El tribunal que tratar\u00e1 la impugnaci\u00f3n de B\u00e1ez est\u00e1 conformado por Portela, Giorgio y el juez civil Juan Carlos Coglionese.<\/p>\n\n\n\n<p><strong>-\u00bfQu\u00e9 expectativas hay, doctor, de que se resuelva positivamente este recurso?<\/strong><\/p>\n\n\n\n<p>-Tenemos muchas expectativas en el proceso, en las instituciones, y cada vez que nosotros planteamos un recurso de revisi\u00f3n de alg\u00fan tipo de resoluci\u00f3n, siempre se renuevan las expectativas. En este caso, lo \u00fanico que estamos solicitando es que se aplique la ley, porque ac\u00e1 lo \u00fanico que se est\u00e1 discutiendo es si existe o no peligro de fuga. Hay dos elementos para la detenci\u00f3n en la Unidad Penal. Uno es el entorpecimiento de la investigaci\u00f3n y el otro es el riesgo de fuga. Ya pas\u00f3 la etapa del debate, como en este caso, por lo que solamente queda el riesgo de fuga. Y el riesgo de fuga no se supone, se acredita con elementos concretos, objetivos y actuales. Se podr\u00eda haber fugado y no lo hizo.<\/p>\n\n\n\n<p><strong>-En el caso de Urribarri, el riesgo de fuga es porque vive en la costa del Uruguay, en Concordia y podr\u00eda cruzar el r\u00edo y fugarse a la Rep\u00fablica del Uruguay. \u00bfEn el caso de B\u00e1ez cu\u00e1l es el riesgo?<\/strong><\/p>\n\n\n\n<p>-Tiene que ver pura y exclusivamente con una ficci\u00f3n. No existe otra palabra m\u00e1s apropiada para decir que se trata de ficci\u00f3n. Adem\u00e1s, por qu\u00e9 ahora s\u00ed hay riesgo de fuga y antes no, cuando se realiz\u00f3 el juicio, por ejemplo. El riesgo de fuga podr\u00eda haberse originado en el momento en que la C\u00e1mara de Casaci\u00f3n Penal confirm\u00f3 la sentencia. Inclusive antes, cuando se dict\u00f3 el fallo, tambi\u00e9n podr\u00eda darse. Es inexplicable que se plantee el riesgo de fuga ahora.<br><strong><br>-Bueno. Ahora se abri\u00f3 la feria para tratar la impugnaci\u00f3n extraordinaria, que estaba pendiente. Y se conform\u00f3 el tribunal, con Leonardo Portela, que en el caso de Urrubarri y Aguilera ya se pronunci\u00f3; Giorgio, que tambi\u00e9n vot\u00f3 en ese caso; y se suma Juan Carlos Coglionese. \u00bfCabe la posibilidad de inhibici\u00f3n o recusaci\u00f3n de alguno?<\/strong><\/p>\n\n\n\n<p>-Mira, yo a simple vista no veo esa posibilidad, no veo que haya razones. Y respecto de los votos de cada uno, cada incidente, cada expediente tiene sus particularidades, as\u00ed que habr\u00eda que ver, habr\u00eda que esperar, habr\u00eda que ver qu\u00e9 es lo que analizan. Yo esperar\u00eda. Los criterios jur\u00eddicos son opinables siempre, y cada vocal expresa una opini\u00f3n jur\u00eddica y por eso existe la revisi\u00f3n hasta que vos agot\u00e1s todas las instancias.<\/p>\n\n\n\n<p><strong>-\u00bfC\u00f3mo analizan el planteo que hizo el Servicio Penitenciario de trasladar a B\u00e1ez de Paran\u00e1 a Gualeguaych\u00fa?<\/strong><\/p>\n\n\n\n<p>-Lo veo como un tr\u00e1mite formal. De todos modos, yo quiero saber, en el caso del hipot\u00e9tico traslado, si en Gualeguaych\u00fa se va a garantizar que no est\u00e9n juntos los internos con prisi\u00f3n preventiva con los que tienen condena firme. Y despu\u00e9s hay que analizar tambi\u00e9n por qu\u00e9 la Unidad Penal de Paran\u00e1 no tiene las condiciones necesarias para seguir aloj\u00e1ndolo.<\/p>\n\n\n\n<p><strong>-\u00bfQu\u00e9 expectativas tiene la defensa de la resoluci\u00f3n de la impugnaci\u00f3n extraordinaria?<br><\/strong><br>-Yo creo que la resoluci\u00f3n de la situaci\u00f3n procesal de Pedro B\u00e1ez es inminente. Yo creo que en los pr\u00f3ximos d\u00edas ya estar\u00e1 resuelto. No creo que se extienda mucho m\u00e1s.<\/p>\n\n\n\n<p><strong>-\u00bfPiensan en una resoluci\u00f3n favorable en relaci\u00f3n a su defendido?<\/strong><\/p>\n\n\n\n<p>-Yo siempre soy prudente. No me adelanto.<\/p>\n\n\n\n<p><\/p>\n\n\n\n<p><strong>Fuente:<\/strong>\u00a0Entre R\u00edos Ahora<\/p>\n","protected":false},"excerpt":{"rendered":"<p>El Superior Tribunal de Justicia (STJ) decidi\u00f3 abrir la feria para tratar el planteo que ven\u00eda siendo tratado por la Sala Penal. Ese camino ya se sigui\u00f3 en los casos del exgobernador Sergio Urribarri y su cu\u00f1ado Juan Pablo Aguilera, que recuperaron la libertad el mi\u00e9rcoles 8 en base a un fallo que firmaron los [&hellip;]<\/p>\n","protected":false},"author":2,"featured_media":601,"comment_status":"open","ping_status":"open","sticky":false,"template":"","format":"standard","meta":{"footnotes":""},"categories":[17],"tags":[],"class_list":{"0":"post-600","1":"post","2":"type-post","3":"status-publish","4":"format-standard","5":"has-post-thumbnail","7":"category-provinciales"},"yoast_head":"<!-- This site is optimized with the Yoast SEO plugin v27.4 - https:\/\/yoast.com\/product\/yoast-seo-wordpress\/ -->\n<title>El abogado del exministro B\u00e1ez dice que la resoluci\u00f3n sobre su prisi\u00f3n es \u201cinminente\u201d - Diario del Sur<\/title>\n<meta name=\"robots\" content=\"index, follow, max-snippet:-1, max-image-preview:large, max-video-preview:-1\" \/>\n<link rel=\"canonical\" href=\"https:\/\/diariodelsurdigital.com.ar\/?p=600\" \/>\n<meta property=\"og:locale\" content=\"es_ES\" \/>\n<meta property=\"og:type\" content=\"article\" \/>\n<meta property=\"og:title\" content=\"El abogado del exministro B\u00e1ez dice que la resoluci\u00f3n sobre su prisi\u00f3n es \u201cinminente\u201d - Diario del Sur\" \/>\n<meta property=\"og:description\" content=\"El Superior Tribunal de Justicia (STJ) decidi\u00f3 abrir la feria para tratar el planteo que ven\u00eda siendo tratado por la Sala Penal. Ese camino ya se sigui\u00f3 en los casos del exgobernador Sergio Urribarri y su cu\u00f1ado Juan Pablo Aguilera, que recuperaron la libertad el mi\u00e9rcoles 8 en base a un fallo que firmaron los [&hellip;]\" \/>\n<meta property=\"og:url\" content=\"https:\/\/diariodelsurdigital.com.ar\/?p=600\" \/>\n<meta property=\"og:site_name\" content=\"Diario del Sur\" \/>\n<meta property=\"article:published_time\" content=\"2025-01-16T02:25:43+00:00\" \/>\n<meta property=\"article:modified_time\" content=\"2025-01-16T02:25:45+00:00\" \/>\n<meta property=\"og:image\" content=\"https:\/\/diariodelsurdigital.com.ar\/wp-content\/uploads\/2025\/01\/l_1732564755.jpg\" \/>\n\t<meta property=\"og:image:width\" content=\"505\" \/>\n\t<meta property=\"og:image:height\" content=\"348\" \/>\n\t<meta property=\"og:image:type\" content=\"image\/jpeg\" \/>\n<meta name=\"author\" content=\"Diario del Sur Digital\" \/>\n<meta name=\"twitter:card\" content=\"summary_large_image\" \/>\n<meta name=\"twitter:label1\" content=\"Escrito por\" \/>\n\t<meta name=\"twitter:data1\" content=\"Diario del Sur Digital\" \/>\n\t<meta name=\"twitter:label2\" content=\"Tiempo de lectura\" \/>\n\t<meta name=\"twitter:data2\" content=\"4 minutos\" \/>\n<script type=\"application\/ld+json\" class=\"yoast-schema-graph\">{\"@context\":\"https:\\\/\\\/schema.org\",\"@graph\":[{\"@type\":\"Article\",\"@id\":\"https:\\\/\\\/diariodelsurdigital.com.ar\\\/?p=600#article\",\"isPartOf\":{\"@id\":\"https:\\\/\\\/diariodelsurdigital.com.ar\\\/?p=600\"},\"author\":{\"name\":\"Diario del Sur Digital\",\"@id\":\"https:\\\/\\\/diariodelsurdigital.com.ar\\\/#\\\/schema\\\/person\\\/6136a32571657f7dba980b88b04c5465\"},\"headline\":\"El abogado del exministro B\u00e1ez dice que la resoluci\u00f3n sobre su prisi\u00f3n es \u201cinminente\u201d\",\"datePublished\":\"2025-01-16T02:25:43+00:00\",\"dateModified\":\"2025-01-16T02:25:45+00:00\",\"mainEntityOfPage\":{\"@id\":\"https:\\\/\\\/diariodelsurdigital.com.ar\\\/?p=600\"},\"wordCount\":695,\"commentCount\":0,\"image\":{\"@id\":\"https:\\\/\\\/diariodelsurdigital.com.ar\\\/?p=600#primaryimage\"},\"thumbnailUrl\":\"https:\\\/\\\/diariodelsurdigital.com.ar\\\/wp-content\\\/uploads\\\/2025\\\/01\\\/l_1732564755.jpg\",\"articleSection\":[\"Provinciales\"],\"inLanguage\":\"es\",\"potentialAction\":[{\"@type\":\"CommentAction\",\"name\":\"Comment\",\"target\":[\"https:\\\/\\\/diariodelsurdigital.com.ar\\\/?p=600#respond\"]}]},{\"@type\":\"WebPage\",\"@id\":\"https:\\\/\\\/diariodelsurdigital.com.ar\\\/?p=600\",\"url\":\"https:\\\/\\\/diariodelsurdigital.com.ar\\\/?p=600\",\"name\":\"El abogado del exministro B\u00e1ez dice que la resoluci\u00f3n sobre su prisi\u00f3n es \u201cinminente\u201d - Diario del Sur\",\"isPartOf\":{\"@id\":\"https:\\\/\\\/diariodelsurdigital.com.ar\\\/#website\"},\"primaryImageOfPage\":{\"@id\":\"https:\\\/\\\/diariodelsurdigital.com.ar\\\/?p=600#primaryimage\"},\"image\":{\"@id\":\"https:\\\/\\\/diariodelsurdigital.com.ar\\\/?p=600#primaryimage\"},\"thumbnailUrl\":\"https:\\\/\\\/diariodelsurdigital.com.ar\\\/wp-content\\\/uploads\\\/2025\\\/01\\\/l_1732564755.jpg\",\"datePublished\":\"2025-01-16T02:25:43+00:00\",\"dateModified\":\"2025-01-16T02:25:45+00:00\",\"author\":{\"@id\":\"https:\\\/\\\/diariodelsurdigital.com.ar\\\/#\\\/schema\\\/person\\\/6136a32571657f7dba980b88b04c5465\"},\"breadcrumb\":{\"@id\":\"https:\\\/\\\/diariodelsurdigital.com.ar\\\/?p=600#breadcrumb\"},\"inLanguage\":\"es\",\"potentialAction\":[{\"@type\":\"ReadAction\",\"target\":[\"https:\\\/\\\/diariodelsurdigital.com.ar\\\/?p=600\"]}]},{\"@type\":\"ImageObject\",\"inLanguage\":\"es\",\"@id\":\"https:\\\/\\\/diariodelsurdigital.com.ar\\\/?p=600#primaryimage\",\"url\":\"https:\\\/\\\/diariodelsurdigital.com.ar\\\/wp-content\\\/uploads\\\/2025\\\/01\\\/l_1732564755.jpg\",\"contentUrl\":\"https:\\\/\\\/diariodelsurdigital.com.ar\\\/wp-content\\\/uploads\\\/2025\\\/01\\\/l_1732564755.jpg\",\"width\":505,\"height\":348},{\"@type\":\"BreadcrumbList\",\"@id\":\"https:\\\/\\\/diariodelsurdigital.com.ar\\\/?p=600#breadcrumb\",\"itemListElement\":[{\"@type\":\"ListItem\",\"position\":1,\"name\":\"Portada\",\"item\":\"https:\\\/\\\/diariodelsurdigital.com.ar\\\/\"},{\"@type\":\"ListItem\",\"position\":2,\"name\":\"El abogado del exministro B\u00e1ez dice que la resoluci\u00f3n sobre su prisi\u00f3n es \u201cinminente\u201d\"}]},{\"@type\":\"WebSite\",\"@id\":\"https:\\\/\\\/diariodelsurdigital.com.ar\\\/#website\",\"url\":\"https:\\\/\\\/diariodelsurdigital.com.ar\\\/\",\"name\":\"Diario del Sur\",\"description\":\"Digital\",\"potentialAction\":[{\"@type\":\"SearchAction\",\"target\":{\"@type\":\"EntryPoint\",\"urlTemplate\":\"https:\\\/\\\/diariodelsurdigital.com.ar\\\/?s={search_term_string}\"},\"query-input\":{\"@type\":\"PropertyValueSpecification\",\"valueRequired\":true,\"valueName\":\"search_term_string\"}}],\"inLanguage\":\"es\"},{\"@type\":\"Person\",\"@id\":\"https:\\\/\\\/diariodelsurdigital.com.ar\\\/#\\\/schema\\\/person\\\/6136a32571657f7dba980b88b04c5465\",\"name\":\"Diario del Sur Digital\",\"image\":{\"@type\":\"ImageObject\",\"inLanguage\":\"es\",\"@id\":\"https:\\\/\\\/secure.gravatar.com\\\/avatar\\\/4c29ceac98541dd42460b2474aaa5dd37594d6ce6cb3cf2c101d09b48ee287ba?s=96&d=mm&r=g\",\"url\":\"https:\\\/\\\/secure.gravatar.com\\\/avatar\\\/4c29ceac98541dd42460b2474aaa5dd37594d6ce6cb3cf2c101d09b48ee287ba?s=96&d=mm&r=g\",\"contentUrl\":\"https:\\\/\\\/secure.gravatar.com\\\/avatar\\\/4c29ceac98541dd42460b2474aaa5dd37594d6ce6cb3cf2c101d09b48ee287ba?s=96&d=mm&r=g\",\"caption\":\"Diario del Sur Digital\"},\"url\":\"https:\\\/\\\/diariodelsurdigital.com.ar\\\/?author=2\"}]}<\/script>\n<!-- \/ Yoast SEO plugin. -->","yoast_head_json":{"title":"El abogado del exministro B\u00e1ez dice que la resoluci\u00f3n sobre su prisi\u00f3n es \u201cinminente\u201d - Diario del Sur","robots":{"index":"index","follow":"follow","max-snippet":"max-snippet:-1","max-image-preview":"max-image-preview:large","max-video-preview":"max-video-preview:-1"},"canonical":"https:\/\/diariodelsurdigital.com.ar\/?p=600","og_locale":"es_ES","og_type":"article","og_title":"El abogado del exministro B\u00e1ez dice que la resoluci\u00f3n sobre su prisi\u00f3n es \u201cinminente\u201d - Diario del Sur","og_description":"El Superior Tribunal de Justicia (STJ) decidi\u00f3 abrir la feria para tratar el planteo que ven\u00eda siendo tratado por la Sala Penal. Ese camino ya se sigui\u00f3 en los casos del exgobernador Sergio Urribarri y su cu\u00f1ado Juan Pablo Aguilera, que recuperaron la libertad el mi\u00e9rcoles 8 en base a un fallo que firmaron los [&hellip;]","og_url":"https:\/\/diariodelsurdigital.com.ar\/?p=600","og_site_name":"Diario del Sur","article_published_time":"2025-01-16T02:25:43+00:00","article_modified_time":"2025-01-16T02:25:45+00:00","og_image":[{"width":505,"height":348,"url":"https:\/\/diariodelsurdigital.com.ar\/wp-content\/uploads\/2025\/01\/l_1732564755.jpg","type":"image\/jpeg"}],"author":"Diario del Sur Digital","twitter_card":"summary_large_image","twitter_misc":{"Escrito por":"Diario del Sur Digital","Tiempo de lectura":"4 minutos"},"schema":{"@context":"https:\/\/schema.org","@graph":[{"@type":"Article","@id":"https:\/\/diariodelsurdigital.com.ar\/?p=600#article","isPartOf":{"@id":"https:\/\/diariodelsurdigital.com.ar\/?p=600"},"author":{"name":"Diario del Sur Digital","@id":"https:\/\/diariodelsurdigital.com.ar\/#\/schema\/person\/6136a32571657f7dba980b88b04c5465"},"headline":"El abogado del exministro B\u00e1ez dice que la resoluci\u00f3n sobre su prisi\u00f3n es \u201cinminente\u201d","datePublished":"2025-01-16T02:25:43+00:00","dateModified":"2025-01-16T02:25:45+00:00","mainEntityOfPage":{"@id":"https:\/\/diariodelsurdigital.com.ar\/?p=600"},"wordCount":695,"commentCount":0,"image":{"@id":"https:\/\/diariodelsurdigital.com.ar\/?p=600#primaryimage"},"thumbnailUrl":"https:\/\/diariodelsurdigital.com.ar\/wp-content\/uploads\/2025\/01\/l_1732564755.jpg","articleSection":["Provinciales"],"inLanguage":"es","potentialAction":[{"@type":"CommentAction","name":"Comment","target":["https:\/\/diariodelsurdigital.com.ar\/?p=600#respond"]}]},{"@type":"WebPage","@id":"https:\/\/diariodelsurdigital.com.ar\/?p=600","url":"https:\/\/diariodelsurdigital.com.ar\/?p=600","name":"El abogado del exministro B\u00e1ez dice que la resoluci\u00f3n sobre su prisi\u00f3n es \u201cinminente\u201d - Diario del Sur","isPartOf":{"@id":"https:\/\/diariodelsurdigital.com.ar\/#website"},"primaryImageOfPage":{"@id":"https:\/\/diariodelsurdigital.com.ar\/?p=600#primaryimage"},"image":{"@id":"https:\/\/diariodelsurdigital.com.ar\/?p=600#primaryimage"},"thumbnailUrl":"https:\/\/diariodelsurdigital.com.ar\/wp-content\/uploads\/2025\/01\/l_1732564755.jpg","datePublished":"2025-01-16T02:25:43+00:00","dateModified":"2025-01-16T02:25:45+00:00","author":{"@id":"https:\/\/diariodelsurdigital.com.ar\/#\/schema\/person\/6136a32571657f7dba980b88b04c5465"},"breadcrumb":{"@id":"https:\/\/diariodelsurdigital.com.ar\/?p=600#breadcrumb"},"inLanguage":"es","potentialAction":[{"@type":"ReadAction","target":["https:\/\/diariodelsurdigital.com.ar\/?p=600"]}]},{"@type":"ImageObject","inLanguage":"es","@id":"https:\/\/diariodelsurdigital.com.ar\/?p=600#primaryimage","url":"https:\/\/diariodelsurdigital.com.ar\/wp-content\/uploads\/2025\/01\/l_1732564755.jpg","contentUrl":"https:\/\/diariodelsurdigital.com.ar\/wp-content\/uploads\/2025\/01\/l_1732564755.jpg","width":505,"height":348},{"@type":"BreadcrumbList","@id":"https:\/\/diariodelsurdigital.com.ar\/?p=600#breadcrumb","itemListElement":[{"@type":"ListItem","position":1,"name":"Portada","item":"https:\/\/diariodelsurdigital.com.ar\/"},{"@type":"ListItem","position":2,"name":"El abogado del exministro B\u00e1ez dice que la resoluci\u00f3n sobre su prisi\u00f3n es \u201cinminente\u201d"}]},{"@type":"WebSite","@id":"https:\/\/diariodelsurdigital.com.ar\/#website","url":"https:\/\/diariodelsurdigital.com.ar\/","name":"Diario del Sur","description":"Digital","potentialAction":[{"@type":"SearchAction","target":{"@type":"EntryPoint","urlTemplate":"https:\/\/diariodelsurdigital.com.ar\/?s={search_term_string}"},"query-input":{"@type":"PropertyValueSpecification","valueRequired":true,"valueName":"search_term_string"}}],"inLanguage":"es"},{"@type":"Person","@id":"https:\/\/diariodelsurdigital.com.ar\/#\/schema\/person\/6136a32571657f7dba980b88b04c5465","name":"Diario del Sur Digital","image":{"@type":"ImageObject","inLanguage":"es","@id":"https:\/\/secure.gravatar.com\/avatar\/4c29ceac98541dd42460b2474aaa5dd37594d6ce6cb3cf2c101d09b48ee287ba?s=96&d=mm&r=g","url":"https:\/\/secure.gravatar.com\/avatar\/4c29ceac98541dd42460b2474aaa5dd37594d6ce6cb3cf2c101d09b48ee287ba?s=96&d=mm&r=g","contentUrl":"https:\/\/secure.gravatar.com\/avatar\/4c29ceac98541dd42460b2474aaa5dd37594d6ce6cb3cf2c101d09b48ee287ba?s=96&d=mm&r=g","caption":"Diario del Sur Digital"},"url":"https:\/\/diariodelsurdigital.com.ar\/?author=2"}]}},"_links":{"self":[{"href":"https:\/\/diariodelsurdigital.com.ar\/index.php?rest_route=\/wp\/v2\/posts\/600","targetHints":{"allow":["GET"]}}],"collection":[{"href":"https:\/\/diariodelsurdigital.com.ar\/index.php?rest_route=\/wp\/v2\/posts"}],"about":[{"href":"https:\/\/diariodelsurdigital.com.ar\/index.php?rest_route=\/wp\/v2\/types\/post"}],"author":[{"embeddable":true,"href":"https:\/\/diariodelsurdigital.com.ar\/index.php?rest_route=\/wp\/v2\/users\/2"}],"replies":[{"embeddable":true,"href":"https:\/\/diariodelsurdigital.com.ar\/index.php?rest_route=%2Fwp%2Fv2%2Fcomments&post=600"}],"version-history":[{"count":1,"href":"https:\/\/diariodelsurdigital.com.ar\/index.php?rest_route=\/wp\/v2\/posts\/600\/revisions"}],"predecessor-version":[{"id":602,"href":"https:\/\/diariodelsurdigital.com.ar\/index.php?rest_route=\/wp\/v2\/posts\/600\/revisions\/602"}],"wp:featuredmedia":[{"embeddable":true,"href":"https:\/\/diariodelsurdigital.com.ar\/index.php?rest_route=\/wp\/v2\/media\/601"}],"wp:attachment":[{"href":"https:\/\/diariodelsurdigital.com.ar\/index.php?rest_route=%2Fwp%2Fv2%2Fmedia&parent=600"}],"wp:term":[{"taxonomy":"category","embeddable":true,"href":"https:\/\/diariodelsurdigital.com.ar\/index.php?rest_route=%2Fwp%2Fv2%2Fcategories&post=600"},{"taxonomy":"post_tag","embeddable":true,"href":"https:\/\/diariodelsurdigital.com.ar\/index.php?rest_route=%2Fwp%2Fv2%2Ftags&post=600"}],"curies":[{"name":"wp","href":"https:\/\/api.w.org\/{rel}","templated":true}]}}