{"id":6027,"date":"2025-12-03T21:14:07","date_gmt":"2025-12-04T00:14:07","guid":{"rendered":"https:\/\/diariodelsurdigital.com.ar\/?p=6027"},"modified":"2025-12-03T21:14:08","modified_gmt":"2025-12-04T00:14:08","slug":"confirmaron-la-identidad-del-hombre-hallado-sin-vida-a-orillas-del-rio-parana","status":"publish","type":"post","link":"https:\/\/diariodelsurdigital.com.ar\/?p=6027","title":{"rendered":"Confirmaron la identidad del hombre hallado sin vida a orillas del r\u00edo Paran\u00e1"},"content":{"rendered":"\n<figure class=\"wp-block-image\"><img decoding=\"async\" src=\"https:\/\/media.elentrerios.com\/fotos-v2\/2025\/12\/03\/l_1764803305.jpg\" alt=\"\" title=\"\"\/><\/figure>\n\n\n\n<p>El Ministerio P\u00fablico Fiscal confirm\u00f3 la identidad del hombre hallado sin vida en la zona de Bajada Grande, a orillas del r\u00edo Paran\u00e1, en la ciudad de Paran\u00e1. Se trata de Gustavo Gabriel Gonz\u00e1lez, de 34 a\u00f1os, quien fue encontrado por dos pescadores que dieron aviso inmediato a la Polic\u00eda.<\/p>\n\n\n\n<p>Seg\u00fan se inform\u00f3 a&nbsp;<em>Ahora<\/em>, la Divisi\u00f3n Homicidios avanz\u00f3 en la comunicaci\u00f3n con la familia de la v\u00edctima y en la realizaci\u00f3n de tareas investigativas para dar con los responsables del crimen. El caso qued\u00f3 bajo la \u00f3rbita del fiscal Laureano Dato, quien dispuso una serie de medidas con el objetivo de esclarecer las circunstancias del hecho.<\/p>\n\n\n\n<p>Fuentes judiciales se\u00f1alaron que la autopsia ser\u00e1 clave para determinar la cantidad de heridas que recibi\u00f3 Gonz\u00e1lez \u2014se estima entre ocho y diez pu\u00f1aladas\u2014 y el tiempo que llevaba sin vida al momento de ser hallado. Estos datos permitir\u00e1n orientar la causa y definir nuevas l\u00edneas de investigaci\u00f3n.<\/p>\n\n\n\n<p>Gonz\u00e1lez resid\u00eda en el barrio Anacleto Medina Norte, pero debido a conflictos familiares y problemas con vecinos hab\u00eda decidido mudarse. En los \u00faltimos meses se encontraba en la zona de Bajada Grande, donde la Polic\u00eda presume que habr\u00eda mantenido enfrentamientos con hombres vinculados al \u00e1mbito delictivo.<\/p>\n\n\n\n<p>El cuerpo fue encontrado este martes cerca del mediod\u00eda por dos hombres que se dirig\u00edan a pescar en el Camino Costero. Al advertir la presencia del cad\u00e1ver, dieron aviso inmediato a las autoridades, que desplegaron un operativo en el lugar y confirmaron la identidad de la v\u00edctima.<\/p>\n\n\n\n<p>Fuente: El Entre Rios<\/p>\n","protected":false},"excerpt":{"rendered":"<p>El Ministerio P\u00fablico Fiscal confirm\u00f3 la identidad del hombre hallado sin vida en la zona de Bajada Grande, a orillas del r\u00edo Paran\u00e1, en la ciudad de Paran\u00e1. Se trata de Gustavo Gabriel Gonz\u00e1lez, de 34 a\u00f1os, quien fue encontrado por dos pescadores que dieron aviso inmediato a la Polic\u00eda. Seg\u00fan se inform\u00f3 a&nbsp;Ahora, la [&hellip;]<\/p>\n","protected":false},"author":3,"featured_media":6028,"comment_status":"open","ping_status":"open","sticky":false,"template":"","format":"standard","meta":{"footnotes":""},"categories":[21],"tags":[],"class_list":{"0":"post-6027","1":"post","2":"type-post","3":"status-publish","4":"format-standard","5":"has-post-thumbnail","7":"category-policiales"},"yoast_head":"<!-- This site is optimized with the Yoast SEO plugin v27.4 - https:\/\/yoast.com\/product\/yoast-seo-wordpress\/ -->\n<title>Confirmaron la identidad del hombre hallado sin vida a orillas del r\u00edo Paran\u00e1 - Diario del Sur<\/title>\n<meta name=\"robots\" content=\"index, follow, max-snippet:-1, max-image-preview:large, max-video-preview:-1\" \/>\n<link rel=\"canonical\" href=\"https:\/\/diariodelsurdigital.com.ar\/?p=6027\" \/>\n<meta property=\"og:locale\" content=\"es_ES\" \/>\n<meta property=\"og:type\" content=\"article\" \/>\n<meta property=\"og:title\" content=\"Confirmaron la identidad del hombre hallado sin vida a orillas del r\u00edo Paran\u00e1 - Diario del Sur\" \/>\n<meta property=\"og:description\" content=\"El Ministerio P\u00fablico Fiscal confirm\u00f3 la identidad del hombre hallado sin vida en la zona de Bajada Grande, a orillas del r\u00edo Paran\u00e1, en la ciudad de Paran\u00e1. Se trata de Gustavo Gabriel Gonz\u00e1lez, de 34 a\u00f1os, quien fue encontrado por dos pescadores que dieron aviso inmediato a la Polic\u00eda. Seg\u00fan se inform\u00f3 a&nbsp;Ahora, la [&hellip;]\" \/>\n<meta property=\"og:url\" content=\"https:\/\/diariodelsurdigital.com.ar\/?p=6027\" \/>\n<meta property=\"og:site_name\" content=\"Diario del Sur\" \/>\n<meta property=\"article:published_time\" content=\"2025-12-04T00:14:07+00:00\" \/>\n<meta property=\"article:modified_time\" content=\"2025-12-04T00:14:08+00:00\" \/>\n<meta property=\"og:image\" content=\"https:\/\/diariodelsurdigital.com.ar\/wp-content\/uploads\/2025\/12\/l_1764803305.jpg\" \/>\n\t<meta property=\"og:image:width\" content=\"870\" \/>\n\t<meta property=\"og:image:height\" content=\"580\" \/>\n\t<meta property=\"og:image:type\" content=\"image\/jpeg\" \/>\n<meta name=\"author\" content=\"Diario del Sur Digital\" \/>\n<meta name=\"twitter:card\" content=\"summary_large_image\" \/>\n<meta name=\"twitter:label1\" content=\"Escrito por\" \/>\n\t<meta name=\"twitter:data1\" content=\"Diario del Sur Digital\" \/>\n\t<meta name=\"twitter:label2\" content=\"Tiempo de lectura\" \/>\n\t<meta name=\"twitter:data2\" content=\"2 minutos\" \/>\n<script type=\"application\/ld+json\" class=\"yoast-schema-graph\">{\"@context\":\"https:\\\/\\\/schema.org\",\"@graph\":[{\"@type\":\"Article\",\"@id\":\"https:\\\/\\\/diariodelsurdigital.com.ar\\\/?p=6027#article\",\"isPartOf\":{\"@id\":\"https:\\\/\\\/diariodelsurdigital.com.ar\\\/?p=6027\"},\"author\":{\"name\":\"Diario del Sur Digital\",\"@id\":\"https:\\\/\\\/diariodelsurdigital.com.ar\\\/#\\\/schema\\\/person\\\/d794acb23337e88c6e4004a39c32be62\"},\"headline\":\"Confirmaron la identidad del hombre hallado sin vida a orillas del r\u00edo Paran\u00e1\",\"datePublished\":\"2025-12-04T00:14:07+00:00\",\"dateModified\":\"2025-12-04T00:14:08+00:00\",\"mainEntityOfPage\":{\"@id\":\"https:\\\/\\\/diariodelsurdigital.com.ar\\\/?p=6027\"},\"wordCount\":291,\"commentCount\":0,\"image\":{\"@id\":\"https:\\\/\\\/diariodelsurdigital.com.ar\\\/?p=6027#primaryimage\"},\"thumbnailUrl\":\"https:\\\/\\\/diariodelsurdigital.com.ar\\\/wp-content\\\/uploads\\\/2025\\\/12\\\/l_1764803305.jpg\",\"articleSection\":[\"Policiales\"],\"inLanguage\":\"es\",\"potentialAction\":[{\"@type\":\"CommentAction\",\"name\":\"Comment\",\"target\":[\"https:\\\/\\\/diariodelsurdigital.com.ar\\\/?p=6027#respond\"]}]},{\"@type\":\"WebPage\",\"@id\":\"https:\\\/\\\/diariodelsurdigital.com.ar\\\/?p=6027\",\"url\":\"https:\\\/\\\/diariodelsurdigital.com.ar\\\/?p=6027\",\"name\":\"Confirmaron la identidad del hombre hallado sin vida a orillas del r\u00edo Paran\u00e1 - Diario del Sur\",\"isPartOf\":{\"@id\":\"https:\\\/\\\/diariodelsurdigital.com.ar\\\/#website\"},\"primaryImageOfPage\":{\"@id\":\"https:\\\/\\\/diariodelsurdigital.com.ar\\\/?p=6027#primaryimage\"},\"image\":{\"@id\":\"https:\\\/\\\/diariodelsurdigital.com.ar\\\/?p=6027#primaryimage\"},\"thumbnailUrl\":\"https:\\\/\\\/diariodelsurdigital.com.ar\\\/wp-content\\\/uploads\\\/2025\\\/12\\\/l_1764803305.jpg\",\"datePublished\":\"2025-12-04T00:14:07+00:00\",\"dateModified\":\"2025-12-04T00:14:08+00:00\",\"author\":{\"@id\":\"https:\\\/\\\/diariodelsurdigital.com.ar\\\/#\\\/schema\\\/person\\\/d794acb23337e88c6e4004a39c32be62\"},\"breadcrumb\":{\"@id\":\"https:\\\/\\\/diariodelsurdigital.com.ar\\\/?p=6027#breadcrumb\"},\"inLanguage\":\"es\",\"potentialAction\":[{\"@type\":\"ReadAction\",\"target\":[\"https:\\\/\\\/diariodelsurdigital.com.ar\\\/?p=6027\"]}]},{\"@type\":\"ImageObject\",\"inLanguage\":\"es\",\"@id\":\"https:\\\/\\\/diariodelsurdigital.com.ar\\\/?p=6027#primaryimage\",\"url\":\"https:\\\/\\\/diariodelsurdigital.com.ar\\\/wp-content\\\/uploads\\\/2025\\\/12\\\/l_1764803305.jpg\",\"contentUrl\":\"https:\\\/\\\/diariodelsurdigital.com.ar\\\/wp-content\\\/uploads\\\/2025\\\/12\\\/l_1764803305.jpg\",\"width\":870,\"height\":580},{\"@type\":\"BreadcrumbList\",\"@id\":\"https:\\\/\\\/diariodelsurdigital.com.ar\\\/?p=6027#breadcrumb\",\"itemListElement\":[{\"@type\":\"ListItem\",\"position\":1,\"name\":\"Portada\",\"item\":\"https:\\\/\\\/diariodelsurdigital.com.ar\\\/\"},{\"@type\":\"ListItem\",\"position\":2,\"name\":\"Confirmaron la identidad del hombre hallado sin vida a orillas del r\u00edo Paran\u00e1\"}]},{\"@type\":\"WebSite\",\"@id\":\"https:\\\/\\\/diariodelsurdigital.com.ar\\\/#website\",\"url\":\"https:\\\/\\\/diariodelsurdigital.com.ar\\\/\",\"name\":\"Diario del Sur\",\"description\":\"Digital\",\"potentialAction\":[{\"@type\":\"SearchAction\",\"target\":{\"@type\":\"EntryPoint\",\"urlTemplate\":\"https:\\\/\\\/diariodelsurdigital.com.ar\\\/?s={search_term_string}\"},\"query-input\":{\"@type\":\"PropertyValueSpecification\",\"valueRequired\":true,\"valueName\":\"search_term_string\"}}],\"inLanguage\":\"es\"},{\"@type\":\"Person\",\"@id\":\"https:\\\/\\\/diariodelsurdigital.com.ar\\\/#\\\/schema\\\/person\\\/d794acb23337e88c6e4004a39c32be62\",\"name\":\"Diario del Sur Digital\",\"image\":{\"@type\":\"ImageObject\",\"inLanguage\":\"es\",\"@id\":\"https:\\\/\\\/secure.gravatar.com\\\/avatar\\\/47679bcfa15734cfdefc176b6ad58adeeccac22b2e03e095ada6c622af2b463a?s=96&d=mm&r=g\",\"url\":\"https:\\\/\\\/secure.gravatar.com\\\/avatar\\\/47679bcfa15734cfdefc176b6ad58adeeccac22b2e03e095ada6c622af2b463a?s=96&d=mm&r=g\",\"contentUrl\":\"https:\\\/\\\/secure.gravatar.com\\\/avatar\\\/47679bcfa15734cfdefc176b6ad58adeeccac22b2e03e095ada6c622af2b463a?s=96&d=mm&r=g\",\"caption\":\"Diario del Sur Digital\"},\"url\":\"https:\\\/\\\/diariodelsurdigital.com.ar\\\/?author=3\"}]}<\/script>\n<!-- \/ Yoast SEO plugin. -->","yoast_head_json":{"title":"Confirmaron la identidad del hombre hallado sin vida a orillas del r\u00edo Paran\u00e1 - Diario del Sur","robots":{"index":"index","follow":"follow","max-snippet":"max-snippet:-1","max-image-preview":"max-image-preview:large","max-video-preview":"max-video-preview:-1"},"canonical":"https:\/\/diariodelsurdigital.com.ar\/?p=6027","og_locale":"es_ES","og_type":"article","og_title":"Confirmaron la identidad del hombre hallado sin vida a orillas del r\u00edo Paran\u00e1 - Diario del Sur","og_description":"El Ministerio P\u00fablico Fiscal confirm\u00f3 la identidad del hombre hallado sin vida en la zona de Bajada Grande, a orillas del r\u00edo Paran\u00e1, en la ciudad de Paran\u00e1. Se trata de Gustavo Gabriel Gonz\u00e1lez, de 34 a\u00f1os, quien fue encontrado por dos pescadores que dieron aviso inmediato a la Polic\u00eda. Seg\u00fan se inform\u00f3 a&nbsp;Ahora, la [&hellip;]","og_url":"https:\/\/diariodelsurdigital.com.ar\/?p=6027","og_site_name":"Diario del Sur","article_published_time":"2025-12-04T00:14:07+00:00","article_modified_time":"2025-12-04T00:14:08+00:00","og_image":[{"width":870,"height":580,"url":"https:\/\/diariodelsurdigital.com.ar\/wp-content\/uploads\/2025\/12\/l_1764803305.jpg","type":"image\/jpeg"}],"author":"Diario del Sur Digital","twitter_card":"summary_large_image","twitter_misc":{"Escrito por":"Diario del Sur Digital","Tiempo de lectura":"2 minutos"},"schema":{"@context":"https:\/\/schema.org","@graph":[{"@type":"Article","@id":"https:\/\/diariodelsurdigital.com.ar\/?p=6027#article","isPartOf":{"@id":"https:\/\/diariodelsurdigital.com.ar\/?p=6027"},"author":{"name":"Diario del Sur Digital","@id":"https:\/\/diariodelsurdigital.com.ar\/#\/schema\/person\/d794acb23337e88c6e4004a39c32be62"},"headline":"Confirmaron la identidad del hombre hallado sin vida a orillas del r\u00edo Paran\u00e1","datePublished":"2025-12-04T00:14:07+00:00","dateModified":"2025-12-04T00:14:08+00:00","mainEntityOfPage":{"@id":"https:\/\/diariodelsurdigital.com.ar\/?p=6027"},"wordCount":291,"commentCount":0,"image":{"@id":"https:\/\/diariodelsurdigital.com.ar\/?p=6027#primaryimage"},"thumbnailUrl":"https:\/\/diariodelsurdigital.com.ar\/wp-content\/uploads\/2025\/12\/l_1764803305.jpg","articleSection":["Policiales"],"inLanguage":"es","potentialAction":[{"@type":"CommentAction","name":"Comment","target":["https:\/\/diariodelsurdigital.com.ar\/?p=6027#respond"]}]},{"@type":"WebPage","@id":"https:\/\/diariodelsurdigital.com.ar\/?p=6027","url":"https:\/\/diariodelsurdigital.com.ar\/?p=6027","name":"Confirmaron la identidad del hombre hallado sin vida a orillas del r\u00edo Paran\u00e1 - Diario del Sur","isPartOf":{"@id":"https:\/\/diariodelsurdigital.com.ar\/#website"},"primaryImageOfPage":{"@id":"https:\/\/diariodelsurdigital.com.ar\/?p=6027#primaryimage"},"image":{"@id":"https:\/\/diariodelsurdigital.com.ar\/?p=6027#primaryimage"},"thumbnailUrl":"https:\/\/diariodelsurdigital.com.ar\/wp-content\/uploads\/2025\/12\/l_1764803305.jpg","datePublished":"2025-12-04T00:14:07+00:00","dateModified":"2025-12-04T00:14:08+00:00","author":{"@id":"https:\/\/diariodelsurdigital.com.ar\/#\/schema\/person\/d794acb23337e88c6e4004a39c32be62"},"breadcrumb":{"@id":"https:\/\/diariodelsurdigital.com.ar\/?p=6027#breadcrumb"},"inLanguage":"es","potentialAction":[{"@type":"ReadAction","target":["https:\/\/diariodelsurdigital.com.ar\/?p=6027"]}]},{"@type":"ImageObject","inLanguage":"es","@id":"https:\/\/diariodelsurdigital.com.ar\/?p=6027#primaryimage","url":"https:\/\/diariodelsurdigital.com.ar\/wp-content\/uploads\/2025\/12\/l_1764803305.jpg","contentUrl":"https:\/\/diariodelsurdigital.com.ar\/wp-content\/uploads\/2025\/12\/l_1764803305.jpg","width":870,"height":580},{"@type":"BreadcrumbList","@id":"https:\/\/diariodelsurdigital.com.ar\/?p=6027#breadcrumb","itemListElement":[{"@type":"ListItem","position":1,"name":"Portada","item":"https:\/\/diariodelsurdigital.com.ar\/"},{"@type":"ListItem","position":2,"name":"Confirmaron la identidad del hombre hallado sin vida a orillas del r\u00edo Paran\u00e1"}]},{"@type":"WebSite","@id":"https:\/\/diariodelsurdigital.com.ar\/#website","url":"https:\/\/diariodelsurdigital.com.ar\/","name":"Diario del Sur","description":"Digital","potentialAction":[{"@type":"SearchAction","target":{"@type":"EntryPoint","urlTemplate":"https:\/\/diariodelsurdigital.com.ar\/?s={search_term_string}"},"query-input":{"@type":"PropertyValueSpecification","valueRequired":true,"valueName":"search_term_string"}}],"inLanguage":"es"},{"@type":"Person","@id":"https:\/\/diariodelsurdigital.com.ar\/#\/schema\/person\/d794acb23337e88c6e4004a39c32be62","name":"Diario del Sur Digital","image":{"@type":"ImageObject","inLanguage":"es","@id":"https:\/\/secure.gravatar.com\/avatar\/47679bcfa15734cfdefc176b6ad58adeeccac22b2e03e095ada6c622af2b463a?s=96&d=mm&r=g","url":"https:\/\/secure.gravatar.com\/avatar\/47679bcfa15734cfdefc176b6ad58adeeccac22b2e03e095ada6c622af2b463a?s=96&d=mm&r=g","contentUrl":"https:\/\/secure.gravatar.com\/avatar\/47679bcfa15734cfdefc176b6ad58adeeccac22b2e03e095ada6c622af2b463a?s=96&d=mm&r=g","caption":"Diario del Sur Digital"},"url":"https:\/\/diariodelsurdigital.com.ar\/?author=3"}]}},"_links":{"self":[{"href":"https:\/\/diariodelsurdigital.com.ar\/index.php?rest_route=\/wp\/v2\/posts\/6027","targetHints":{"allow":["GET"]}}],"collection":[{"href":"https:\/\/diariodelsurdigital.com.ar\/index.php?rest_route=\/wp\/v2\/posts"}],"about":[{"href":"https:\/\/diariodelsurdigital.com.ar\/index.php?rest_route=\/wp\/v2\/types\/post"}],"author":[{"embeddable":true,"href":"https:\/\/diariodelsurdigital.com.ar\/index.php?rest_route=\/wp\/v2\/users\/3"}],"replies":[{"embeddable":true,"href":"https:\/\/diariodelsurdigital.com.ar\/index.php?rest_route=%2Fwp%2Fv2%2Fcomments&post=6027"}],"version-history":[{"count":1,"href":"https:\/\/diariodelsurdigital.com.ar\/index.php?rest_route=\/wp\/v2\/posts\/6027\/revisions"}],"predecessor-version":[{"id":6029,"href":"https:\/\/diariodelsurdigital.com.ar\/index.php?rest_route=\/wp\/v2\/posts\/6027\/revisions\/6029"}],"wp:featuredmedia":[{"embeddable":true,"href":"https:\/\/diariodelsurdigital.com.ar\/index.php?rest_route=\/wp\/v2\/media\/6028"}],"wp:attachment":[{"href":"https:\/\/diariodelsurdigital.com.ar\/index.php?rest_route=%2Fwp%2Fv2%2Fmedia&parent=6027"}],"wp:term":[{"taxonomy":"category","embeddable":true,"href":"https:\/\/diariodelsurdigital.com.ar\/index.php?rest_route=%2Fwp%2Fv2%2Fcategories&post=6027"},{"taxonomy":"post_tag","embeddable":true,"href":"https:\/\/diariodelsurdigital.com.ar\/index.php?rest_route=%2Fwp%2Fv2%2Ftags&post=6027"}],"curies":[{"name":"wp","href":"https:\/\/api.w.org\/{rel}","templated":true}]}}