{"id":603,"date":"2025-01-15T23:34:52","date_gmt":"2025-01-16T02:34:52","guid":{"rendered":"https:\/\/diariodelsurdigital.com.ar\/?p=603"},"modified":"2025-01-15T23:34:53","modified_gmt":"2025-01-16T02:34:53","slug":"dos-vehiculos-colisionaron-violentamente-en-la-zona-norte-de-concordia","status":"publish","type":"post","link":"https:\/\/diariodelsurdigital.com.ar\/?p=603","title":{"rendered":"Dos veh\u00edculos colisionaron violentamente en la zona norte de Concordia"},"content":{"rendered":"\n<h2 class=\"wp-block-heading\" id=\"nota-title\"><\/h2>\n\n\n\n<p>El siniestro vial involucr\u00f3 a una camioneta Volkswagen Amarok y un autom\u00f3vil Renault Symbol. El golpe dej\u00f3 importantes destrozos en ambos veh\u00edculos y la mujer que conduc\u00eda el auto debi\u00f3 ser trasladada al hospital Masvernat.<a href=\"whatsapp:\/\/send?text=DRU:%20Violento%20choque%20frontal%20de%20dos%20veh%C3%ADculos%20en%20la%20zona%20norte%20de%20Concordia%20-%20https:\/\/www.diarioriouruguay.com.ar\/uid-84401\"><\/a><a href=\"https:\/\/www.diarioriouruguay.com.ar\/interes-general\/violento-choque-frontal-de-dos-vehculos-en-la-zona-norte-de-concordia.htm#\"><\/a><a href=\"https:\/\/www.diarioriouruguay.com.ar\/interes-general\/violento-choque-frontal-de-dos-vehculos-en-la-zona-norte-de-concordia.htm#\"><\/a><\/p>\n\n\n\n<p>Los efectivos policiales que realizaban las actuaciones, explicaron que, por causas que se deber\u00e1n establecer, chocaron de frente la camioneta que circulaba en sentido de Este a Oeste -de Concordia hacia la Ruta 14- y el autom\u00f3vil que ingresaba a la capital del citrus.<\/p>\n\n\n\n<figure class=\"wp-block-image\"><img decoding=\"async\" src=\"https:\/\/www.diarioriouruguay.com.ar\/galeria\/fotos\/2025\/01\/15\/o_1736984371.jpg\" alt=\"\" title=\"\"\/><\/figure>\n\n\n\n<p>Seg\u00fan las primeras estimaciones, el choque habr\u00eda sido sobre la mano en la que circulaba la camioneta, aunque deber\u00e1n determinarse las circunstancias que llevaron finalmente al impacto. Ambos veh\u00edculos evidenciaban que el choque se hab\u00eda dado con la parte delantera derecha -sector de acompa\u00f1ante- en cada rodado.<\/p>\n\n\n\n<p>Como consecuencia del choque, la mujer que manejaba el Renault Symbol debi\u00f3 ser rescatada para luego ser trasladada al hospital Delicia Concepci\u00f3n Masvernat, sin que hasta el momento se tenga detalle de la gravedad de las lesiones.<\/p>\n\n\n\n<figure class=\"wp-block-image\"><img decoding=\"async\" src=\"https:\/\/www.diarioriouruguay.com.ar\/galeria\/fotos\/2025\/01\/15\/o_1736984369.jpg\" alt=\"\" title=\"\"\/><\/figure>\n\n\n\n<p>Como ambos veh\u00edculos terminaron sobre la banquina norte de la mencionada Ruta 015, no fue necesario cortar el tr\u00e1nsito, aunque si se mont\u00f3 un operativo para que los dem\u00e1s conductores redujeran su velocidad al momento de pasar por el sitio del choque.<\/p>\n\n\n\n<p>En el lugar tom\u00f3 intervenci\u00f3n personal de la Comisar\u00eda Quinta de Villa Zorraqu\u00edn y los peritos de Criminal\u00edstica de la Jefatura Departamental de Polic\u00eda Concordia.<\/p>\n\n\n\n<p>Fuente y Fotos: Diario R\u00edo Uruguay<\/p>\n\n\n\n<p><a href=\"whatsapp:\/\/send?text=DRU:%20Violento%20choque%20frontal%20de%20dos%20veh%C3%ADculos%20en%20la%20zona%20norte%20de%20Concordia%20-%20https:\/\/www.diarioriouruguay.com.ar\/uid-84401\"><\/a><a href=\"https:\/\/www.diarioriouruguay.com.ar\/interes-general\/violento-choque-frontal-de-dos-vehculos-en-la-zona-norte-de-concordia.htm#\"><\/a><\/p>\n","protected":false},"excerpt":{"rendered":"<p>El siniestro vial involucr\u00f3 a una camioneta Volkswagen Amarok y un autom\u00f3vil Renault Symbol. El golpe dej\u00f3 importantes destrozos en ambos veh\u00edculos y la mujer que conduc\u00eda el auto debi\u00f3 ser trasladada al hospital Masvernat. Los efectivos policiales que realizaban las actuaciones, explicaron que, por causas que se deber\u00e1n establecer, chocaron de frente la camioneta [&hellip;]<\/p>\n","protected":false},"author":2,"featured_media":604,"comment_status":"open","ping_status":"open","sticky":false,"template":"","format":"standard","meta":{"footnotes":""},"categories":[16],"tags":[],"class_list":{"0":"post-603","1":"post","2":"type-post","3":"status-publish","4":"format-standard","5":"has-post-thumbnail","7":"category-locales"},"yoast_head":"<!-- This site is optimized with the Yoast SEO plugin v27.4 - https:\/\/yoast.com\/product\/yoast-seo-wordpress\/ -->\n<title>Dos veh\u00edculos colisionaron violentamente en la zona norte de Concordia - Diario del Sur<\/title>\n<meta name=\"robots\" content=\"index, follow, max-snippet:-1, max-image-preview:large, max-video-preview:-1\" \/>\n<link rel=\"canonical\" href=\"https:\/\/diariodelsurdigital.com.ar\/?p=603\" \/>\n<meta property=\"og:locale\" content=\"es_ES\" \/>\n<meta property=\"og:type\" content=\"article\" \/>\n<meta property=\"og:title\" content=\"Dos veh\u00edculos colisionaron violentamente en la zona norte de Concordia - Diario del Sur\" \/>\n<meta property=\"og:description\" content=\"El siniestro vial involucr\u00f3 a una camioneta Volkswagen Amarok y un autom\u00f3vil Renault Symbol. El golpe dej\u00f3 importantes destrozos en ambos veh\u00edculos y la mujer que conduc\u00eda el auto debi\u00f3 ser trasladada al hospital Masvernat. Los efectivos policiales que realizaban las actuaciones, explicaron que, por causas que se deber\u00e1n establecer, chocaron de frente la camioneta [&hellip;]\" \/>\n<meta property=\"og:url\" content=\"https:\/\/diariodelsurdigital.com.ar\/?p=603\" \/>\n<meta property=\"og:site_name\" content=\"Diario del Sur\" \/>\n<meta property=\"article:published_time\" content=\"2025-01-16T02:34:52+00:00\" \/>\n<meta property=\"article:modified_time\" content=\"2025-01-16T02:34:53+00:00\" \/>\n<meta property=\"og:image\" content=\"https:\/\/diariodelsurdigital.com.ar\/wp-content\/uploads\/2025\/01\/r_1736984368.jpg\" \/>\n\t<meta property=\"og:image:width\" content=\"511\" \/>\n\t<meta property=\"og:image:height\" content=\"313\" \/>\n\t<meta property=\"og:image:type\" content=\"image\/jpeg\" \/>\n<meta name=\"author\" content=\"Diario del Sur Digital\" \/>\n<meta name=\"twitter:card\" content=\"summary_large_image\" \/>\n<meta name=\"twitter:label1\" content=\"Escrito por\" \/>\n\t<meta name=\"twitter:data1\" content=\"Diario del Sur Digital\" \/>\n\t<meta name=\"twitter:label2\" content=\"Tiempo de lectura\" \/>\n\t<meta name=\"twitter:data2\" content=\"2 minutos\" \/>\n<script type=\"application\/ld+json\" class=\"yoast-schema-graph\">{\"@context\":\"https:\\\/\\\/schema.org\",\"@graph\":[{\"@type\":\"Article\",\"@id\":\"https:\\\/\\\/diariodelsurdigital.com.ar\\\/?p=603#article\",\"isPartOf\":{\"@id\":\"https:\\\/\\\/diariodelsurdigital.com.ar\\\/?p=603\"},\"author\":{\"name\":\"Diario del Sur Digital\",\"@id\":\"https:\\\/\\\/diariodelsurdigital.com.ar\\\/#\\\/schema\\\/person\\\/6136a32571657f7dba980b88b04c5465\"},\"headline\":\"Dos veh\u00edculos colisionaron violentamente en la zona norte de Concordia\",\"datePublished\":\"2025-01-16T02:34:52+00:00\",\"dateModified\":\"2025-01-16T02:34:53+00:00\",\"mainEntityOfPage\":{\"@id\":\"https:\\\/\\\/diariodelsurdigital.com.ar\\\/?p=603\"},\"wordCount\":267,\"commentCount\":0,\"image\":{\"@id\":\"https:\\\/\\\/diariodelsurdigital.com.ar\\\/?p=603#primaryimage\"},\"thumbnailUrl\":\"https:\\\/\\\/diariodelsurdigital.com.ar\\\/wp-content\\\/uploads\\\/2025\\\/01\\\/r_1736984368.jpg\",\"articleSection\":[\"Locales\"],\"inLanguage\":\"es\",\"potentialAction\":[{\"@type\":\"CommentAction\",\"name\":\"Comment\",\"target\":[\"https:\\\/\\\/diariodelsurdigital.com.ar\\\/?p=603#respond\"]}]},{\"@type\":\"WebPage\",\"@id\":\"https:\\\/\\\/diariodelsurdigital.com.ar\\\/?p=603\",\"url\":\"https:\\\/\\\/diariodelsurdigital.com.ar\\\/?p=603\",\"name\":\"Dos veh\u00edculos colisionaron violentamente en la zona norte de Concordia - Diario del Sur\",\"isPartOf\":{\"@id\":\"https:\\\/\\\/diariodelsurdigital.com.ar\\\/#website\"},\"primaryImageOfPage\":{\"@id\":\"https:\\\/\\\/diariodelsurdigital.com.ar\\\/?p=603#primaryimage\"},\"image\":{\"@id\":\"https:\\\/\\\/diariodelsurdigital.com.ar\\\/?p=603#primaryimage\"},\"thumbnailUrl\":\"https:\\\/\\\/diariodelsurdigital.com.ar\\\/wp-content\\\/uploads\\\/2025\\\/01\\\/r_1736984368.jpg\",\"datePublished\":\"2025-01-16T02:34:52+00:00\",\"dateModified\":\"2025-01-16T02:34:53+00:00\",\"author\":{\"@id\":\"https:\\\/\\\/diariodelsurdigital.com.ar\\\/#\\\/schema\\\/person\\\/6136a32571657f7dba980b88b04c5465\"},\"breadcrumb\":{\"@id\":\"https:\\\/\\\/diariodelsurdigital.com.ar\\\/?p=603#breadcrumb\"},\"inLanguage\":\"es\",\"potentialAction\":[{\"@type\":\"ReadAction\",\"target\":[\"https:\\\/\\\/diariodelsurdigital.com.ar\\\/?p=603\"]}]},{\"@type\":\"ImageObject\",\"inLanguage\":\"es\",\"@id\":\"https:\\\/\\\/diariodelsurdigital.com.ar\\\/?p=603#primaryimage\",\"url\":\"https:\\\/\\\/diariodelsurdigital.com.ar\\\/wp-content\\\/uploads\\\/2025\\\/01\\\/r_1736984368.jpg\",\"contentUrl\":\"https:\\\/\\\/diariodelsurdigital.com.ar\\\/wp-content\\\/uploads\\\/2025\\\/01\\\/r_1736984368.jpg\",\"width\":511,\"height\":313},{\"@type\":\"BreadcrumbList\",\"@id\":\"https:\\\/\\\/diariodelsurdigital.com.ar\\\/?p=603#breadcrumb\",\"itemListElement\":[{\"@type\":\"ListItem\",\"position\":1,\"name\":\"Portada\",\"item\":\"https:\\\/\\\/diariodelsurdigital.com.ar\\\/\"},{\"@type\":\"ListItem\",\"position\":2,\"name\":\"Dos veh\u00edculos colisionaron violentamente en la zona norte de Concordia\"}]},{\"@type\":\"WebSite\",\"@id\":\"https:\\\/\\\/diariodelsurdigital.com.ar\\\/#website\",\"url\":\"https:\\\/\\\/diariodelsurdigital.com.ar\\\/\",\"name\":\"Diario del Sur\",\"description\":\"Digital\",\"potentialAction\":[{\"@type\":\"SearchAction\",\"target\":{\"@type\":\"EntryPoint\",\"urlTemplate\":\"https:\\\/\\\/diariodelsurdigital.com.ar\\\/?s={search_term_string}\"},\"query-input\":{\"@type\":\"PropertyValueSpecification\",\"valueRequired\":true,\"valueName\":\"search_term_string\"}}],\"inLanguage\":\"es\"},{\"@type\":\"Person\",\"@id\":\"https:\\\/\\\/diariodelsurdigital.com.ar\\\/#\\\/schema\\\/person\\\/6136a32571657f7dba980b88b04c5465\",\"name\":\"Diario del Sur Digital\",\"image\":{\"@type\":\"ImageObject\",\"inLanguage\":\"es\",\"@id\":\"https:\\\/\\\/secure.gravatar.com\\\/avatar\\\/4c29ceac98541dd42460b2474aaa5dd37594d6ce6cb3cf2c101d09b48ee287ba?s=96&d=mm&r=g\",\"url\":\"https:\\\/\\\/secure.gravatar.com\\\/avatar\\\/4c29ceac98541dd42460b2474aaa5dd37594d6ce6cb3cf2c101d09b48ee287ba?s=96&d=mm&r=g\",\"contentUrl\":\"https:\\\/\\\/secure.gravatar.com\\\/avatar\\\/4c29ceac98541dd42460b2474aaa5dd37594d6ce6cb3cf2c101d09b48ee287ba?s=96&d=mm&r=g\",\"caption\":\"Diario del Sur Digital\"},\"url\":\"https:\\\/\\\/diariodelsurdigital.com.ar\\\/?author=2\"}]}<\/script>\n<!-- \/ Yoast SEO plugin. -->","yoast_head_json":{"title":"Dos veh\u00edculos colisionaron violentamente en la zona norte de Concordia - Diario del Sur","robots":{"index":"index","follow":"follow","max-snippet":"max-snippet:-1","max-image-preview":"max-image-preview:large","max-video-preview":"max-video-preview:-1"},"canonical":"https:\/\/diariodelsurdigital.com.ar\/?p=603","og_locale":"es_ES","og_type":"article","og_title":"Dos veh\u00edculos colisionaron violentamente en la zona norte de Concordia - Diario del Sur","og_description":"El siniestro vial involucr\u00f3 a una camioneta Volkswagen Amarok y un autom\u00f3vil Renault Symbol. El golpe dej\u00f3 importantes destrozos en ambos veh\u00edculos y la mujer que conduc\u00eda el auto debi\u00f3 ser trasladada al hospital Masvernat. Los efectivos policiales que realizaban las actuaciones, explicaron que, por causas que se deber\u00e1n establecer, chocaron de frente la camioneta [&hellip;]","og_url":"https:\/\/diariodelsurdigital.com.ar\/?p=603","og_site_name":"Diario del Sur","article_published_time":"2025-01-16T02:34:52+00:00","article_modified_time":"2025-01-16T02:34:53+00:00","og_image":[{"width":511,"height":313,"url":"https:\/\/diariodelsurdigital.com.ar\/wp-content\/uploads\/2025\/01\/r_1736984368.jpg","type":"image\/jpeg"}],"author":"Diario del Sur Digital","twitter_card":"summary_large_image","twitter_misc":{"Escrito por":"Diario del Sur Digital","Tiempo de lectura":"2 minutos"},"schema":{"@context":"https:\/\/schema.org","@graph":[{"@type":"Article","@id":"https:\/\/diariodelsurdigital.com.ar\/?p=603#article","isPartOf":{"@id":"https:\/\/diariodelsurdigital.com.ar\/?p=603"},"author":{"name":"Diario del Sur Digital","@id":"https:\/\/diariodelsurdigital.com.ar\/#\/schema\/person\/6136a32571657f7dba980b88b04c5465"},"headline":"Dos veh\u00edculos colisionaron violentamente en la zona norte de Concordia","datePublished":"2025-01-16T02:34:52+00:00","dateModified":"2025-01-16T02:34:53+00:00","mainEntityOfPage":{"@id":"https:\/\/diariodelsurdigital.com.ar\/?p=603"},"wordCount":267,"commentCount":0,"image":{"@id":"https:\/\/diariodelsurdigital.com.ar\/?p=603#primaryimage"},"thumbnailUrl":"https:\/\/diariodelsurdigital.com.ar\/wp-content\/uploads\/2025\/01\/r_1736984368.jpg","articleSection":["Locales"],"inLanguage":"es","potentialAction":[{"@type":"CommentAction","name":"Comment","target":["https:\/\/diariodelsurdigital.com.ar\/?p=603#respond"]}]},{"@type":"WebPage","@id":"https:\/\/diariodelsurdigital.com.ar\/?p=603","url":"https:\/\/diariodelsurdigital.com.ar\/?p=603","name":"Dos veh\u00edculos colisionaron violentamente en la zona norte de Concordia - Diario del Sur","isPartOf":{"@id":"https:\/\/diariodelsurdigital.com.ar\/#website"},"primaryImageOfPage":{"@id":"https:\/\/diariodelsurdigital.com.ar\/?p=603#primaryimage"},"image":{"@id":"https:\/\/diariodelsurdigital.com.ar\/?p=603#primaryimage"},"thumbnailUrl":"https:\/\/diariodelsurdigital.com.ar\/wp-content\/uploads\/2025\/01\/r_1736984368.jpg","datePublished":"2025-01-16T02:34:52+00:00","dateModified":"2025-01-16T02:34:53+00:00","author":{"@id":"https:\/\/diariodelsurdigital.com.ar\/#\/schema\/person\/6136a32571657f7dba980b88b04c5465"},"breadcrumb":{"@id":"https:\/\/diariodelsurdigital.com.ar\/?p=603#breadcrumb"},"inLanguage":"es","potentialAction":[{"@type":"ReadAction","target":["https:\/\/diariodelsurdigital.com.ar\/?p=603"]}]},{"@type":"ImageObject","inLanguage":"es","@id":"https:\/\/diariodelsurdigital.com.ar\/?p=603#primaryimage","url":"https:\/\/diariodelsurdigital.com.ar\/wp-content\/uploads\/2025\/01\/r_1736984368.jpg","contentUrl":"https:\/\/diariodelsurdigital.com.ar\/wp-content\/uploads\/2025\/01\/r_1736984368.jpg","width":511,"height":313},{"@type":"BreadcrumbList","@id":"https:\/\/diariodelsurdigital.com.ar\/?p=603#breadcrumb","itemListElement":[{"@type":"ListItem","position":1,"name":"Portada","item":"https:\/\/diariodelsurdigital.com.ar\/"},{"@type":"ListItem","position":2,"name":"Dos veh\u00edculos colisionaron violentamente en la zona norte de Concordia"}]},{"@type":"WebSite","@id":"https:\/\/diariodelsurdigital.com.ar\/#website","url":"https:\/\/diariodelsurdigital.com.ar\/","name":"Diario del Sur","description":"Digital","potentialAction":[{"@type":"SearchAction","target":{"@type":"EntryPoint","urlTemplate":"https:\/\/diariodelsurdigital.com.ar\/?s={search_term_string}"},"query-input":{"@type":"PropertyValueSpecification","valueRequired":true,"valueName":"search_term_string"}}],"inLanguage":"es"},{"@type":"Person","@id":"https:\/\/diariodelsurdigital.com.ar\/#\/schema\/person\/6136a32571657f7dba980b88b04c5465","name":"Diario del Sur Digital","image":{"@type":"ImageObject","inLanguage":"es","@id":"https:\/\/secure.gravatar.com\/avatar\/4c29ceac98541dd42460b2474aaa5dd37594d6ce6cb3cf2c101d09b48ee287ba?s=96&d=mm&r=g","url":"https:\/\/secure.gravatar.com\/avatar\/4c29ceac98541dd42460b2474aaa5dd37594d6ce6cb3cf2c101d09b48ee287ba?s=96&d=mm&r=g","contentUrl":"https:\/\/secure.gravatar.com\/avatar\/4c29ceac98541dd42460b2474aaa5dd37594d6ce6cb3cf2c101d09b48ee287ba?s=96&d=mm&r=g","caption":"Diario del Sur Digital"},"url":"https:\/\/diariodelsurdigital.com.ar\/?author=2"}]}},"_links":{"self":[{"href":"https:\/\/diariodelsurdigital.com.ar\/index.php?rest_route=\/wp\/v2\/posts\/603","targetHints":{"allow":["GET"]}}],"collection":[{"href":"https:\/\/diariodelsurdigital.com.ar\/index.php?rest_route=\/wp\/v2\/posts"}],"about":[{"href":"https:\/\/diariodelsurdigital.com.ar\/index.php?rest_route=\/wp\/v2\/types\/post"}],"author":[{"embeddable":true,"href":"https:\/\/diariodelsurdigital.com.ar\/index.php?rest_route=\/wp\/v2\/users\/2"}],"replies":[{"embeddable":true,"href":"https:\/\/diariodelsurdigital.com.ar\/index.php?rest_route=%2Fwp%2Fv2%2Fcomments&post=603"}],"version-history":[{"count":1,"href":"https:\/\/diariodelsurdigital.com.ar\/index.php?rest_route=\/wp\/v2\/posts\/603\/revisions"}],"predecessor-version":[{"id":605,"href":"https:\/\/diariodelsurdigital.com.ar\/index.php?rest_route=\/wp\/v2\/posts\/603\/revisions\/605"}],"wp:featuredmedia":[{"embeddable":true,"href":"https:\/\/diariodelsurdigital.com.ar\/index.php?rest_route=\/wp\/v2\/media\/604"}],"wp:attachment":[{"href":"https:\/\/diariodelsurdigital.com.ar\/index.php?rest_route=%2Fwp%2Fv2%2Fmedia&parent=603"}],"wp:term":[{"taxonomy":"category","embeddable":true,"href":"https:\/\/diariodelsurdigital.com.ar\/index.php?rest_route=%2Fwp%2Fv2%2Fcategories&post=603"},{"taxonomy":"post_tag","embeddable":true,"href":"https:\/\/diariodelsurdigital.com.ar\/index.php?rest_route=%2Fwp%2Fv2%2Ftags&post=603"}],"curies":[{"name":"wp","href":"https:\/\/api.w.org\/{rel}","templated":true}]}}