{"id":6030,"date":"2025-12-03T21:17:06","date_gmt":"2025-12-04T00:17:06","guid":{"rendered":"https:\/\/diariodelsurdigital.com.ar\/?p=6030"},"modified":"2025-12-03T21:17:07","modified_gmt":"2025-12-04T00:17:07","slug":"primer-vuelo-comercial-unio-concordia-con-aeroparque-y-marco-el-inicio-de-las-operaciones-regulares","status":"publish","type":"post","link":"https:\/\/diariodelsurdigital.com.ar\/?p=6030","title":{"rendered":"Primer vuelo comercial uni\u00f3 Concordia con Aeroparque y marc\u00f3 el inicio de las operaciones regulares"},"content":{"rendered":"\n<p>El aeropuerto de Concordia vivi\u00f3 este martes una jornada hist\u00f3rica con la partida del primer vuelo comercial rumbo a Aeroparque, operado por la empresa Hamming Airways. Francisco Errecart, presidente de la l\u00ednea a\u00e9rea, destac\u00f3 la emoci\u00f3n y el alivio de finalmente poner en marcha el servicio luego de un proceso que demand\u00f3 m\u00e1s tiempo del previsto.<\/p>\n\n\n\n<figure class=\"wp-block-image\"><img decoding=\"async\" src=\"https:\/\/cdnartic.ar\/XYjP-o8t-cTFNXrq69dMT2-jGiY=\/1500x0\/filters:no_upscale():format(webp):quality(40)\/https:\/\/elheraldocdn.eleco.com.ar\/media\/2025\/12\/primer_vuelo_aeropuerto_concordia.jpg\" alt=\"Primer vuelo comercial uni\u00f3 Concordia con Aeroparque y marc\u00f3 el inicio de las operaciones regulares\"\/><\/figure>\n\n\n\n<p>\u201cMuy contento con al fin poder arrancar\u201d, expres\u00f3 Errecart minutos antes del despegue. La compa\u00f1\u00eda inici\u00f3 sus operaciones con dos frecuencias semanales, los d\u00edas martes y jueves, en vuelos directos sin escalas que tendr\u00e1n una duraci\u00f3n aproximada de 45 minutos.<\/p>\n\n\n\n<p>Seg\u00fan explic\u00f3, la preventa corporativa \u2014tanto a empresas como a particulares\u2014 tuvo una respuesta \u201cmuy positiva\u201d, con un 60% de ocupaci\u00f3n proyectada para el primer a\u00f1o ya garantizada. \u201cToda la parte operativa de cumplimientos normativos y t\u00e9cnicos est\u00e1 lista, y las rutas ya est\u00e1n dadas\u201d, se\u00f1al\u00f3.<\/p>\n\n\n\n<p>Errecart reconoci\u00f3 que el inicio de los vuelos sufri\u00f3 una demora de aproximadamente un mes debido a cuestiones t\u00e9cnicas vinculadas a la habilitaci\u00f3n del aeropuerto, recientemente renovado. Sin embargo, asegur\u00f3 que los clientes fueron informados y que el cronograma ya est\u00e1 completamente regularizado.<\/p>\n\n\n\n<p>Los vuelos se mantendr\u00e1n fijos: martes por la ma\u00f1ana y jueves por la tarde. Los horarios y la compra de pasajes est\u00e1n disponibles en&nbsp;<strong>www.hammingairways.com<\/strong>, donde se pueden adquirir tickets para hasta diez pasajeros por operaci\u00f3n.<\/p>\n\n\n\n<p>La aeronave utilizada es un Fairchild Metro 23, un bimotor turboh\u00e9lice de 19 plazas ampliamente empleado en rutas regionales alrededor del mundo. \u201cEstamos contentos de arrancar y de poder ofrecer este servicio directo que conecta a Concordia con Buenos Aires\u201d, afirm\u00f3 el presidente de la compa\u00f1\u00eda.<\/p>\n\n\n\n<p>El despegue inaugural dej\u00f3 inaugurada una nueva etapa para la conectividad a\u00e9rea de la ciudad, con expectativas de crecimiento y consolidaci\u00f3n en los pr\u00f3ximos meses.<\/p>\n\n\n\n<p>Fuente: El Heraldo<\/p>\n","protected":false},"excerpt":{"rendered":"<p>El aeropuerto de Concordia vivi\u00f3 este martes una jornada hist\u00f3rica con la partida del primer vuelo comercial rumbo a Aeroparque, operado por la empresa Hamming Airways. Francisco Errecart, presidente de la l\u00ednea a\u00e9rea, destac\u00f3 la emoci\u00f3n y el alivio de finalmente poner en marcha el servicio luego de un proceso que demand\u00f3 m\u00e1s tiempo del [&hellip;]<\/p>\n","protected":false},"author":3,"featured_media":6031,"comment_status":"open","ping_status":"open","sticky":false,"template":"","format":"standard","meta":{"footnotes":""},"categories":[19],"tags":[],"class_list":{"0":"post-6030","1":"post","2":"type-post","3":"status-publish","4":"format-standard","5":"has-post-thumbnail","7":"category-interes-general"},"yoast_head":"<!-- This site is optimized with the Yoast SEO plugin v27.4 - https:\/\/yoast.com\/product\/yoast-seo-wordpress\/ -->\n<title>Primer vuelo comercial uni\u00f3 Concordia con Aeroparque y marc\u00f3 el inicio de las operaciones regulares - Diario del Sur<\/title>\n<meta name=\"robots\" content=\"index, follow, max-snippet:-1, max-image-preview:large, max-video-preview:-1\" \/>\n<link rel=\"canonical\" href=\"https:\/\/diariodelsurdigital.com.ar\/?p=6030\" \/>\n<meta property=\"og:locale\" content=\"es_ES\" \/>\n<meta property=\"og:type\" content=\"article\" \/>\n<meta property=\"og:title\" content=\"Primer vuelo comercial uni\u00f3 Concordia con Aeroparque y marc\u00f3 el inicio de las operaciones regulares - Diario del Sur\" \/>\n<meta property=\"og:description\" content=\"El aeropuerto de Concordia vivi\u00f3 este martes una jornada hist\u00f3rica con la partida del primer vuelo comercial rumbo a Aeroparque, operado por la empresa Hamming Airways. Francisco Errecart, presidente de la l\u00ednea a\u00e9rea, destac\u00f3 la emoci\u00f3n y el alivio de finalmente poner en marcha el servicio luego de un proceso que demand\u00f3 m\u00e1s tiempo del [&hellip;]\" \/>\n<meta property=\"og:url\" content=\"https:\/\/diariodelsurdigital.com.ar\/?p=6030\" \/>\n<meta property=\"og:site_name\" content=\"Diario del Sur\" \/>\n<meta property=\"article:published_time\" content=\"2025-12-04T00:17:06+00:00\" \/>\n<meta property=\"article:modified_time\" content=\"2025-12-04T00:17:07+00:00\" \/>\n<meta property=\"og:image\" content=\"https:\/\/diariodelsurdigital.com.ar\/wp-content\/uploads\/2025\/12\/primer_vuelo_aeropuerto_concordia.webp\" \/>\n\t<meta property=\"og:image:width\" content=\"1024\" \/>\n\t<meta property=\"og:image:height\" content=\"537\" \/>\n\t<meta property=\"og:image:type\" content=\"image\/webp\" \/>\n<meta name=\"author\" content=\"Diario del Sur Digital\" \/>\n<meta name=\"twitter:card\" content=\"summary_large_image\" \/>\n<meta name=\"twitter:label1\" content=\"Escrito por\" \/>\n\t<meta name=\"twitter:data1\" content=\"Diario del Sur Digital\" \/>\n\t<meta name=\"twitter:label2\" content=\"Tiempo de lectura\" \/>\n\t<meta name=\"twitter:data2\" content=\"2 minutos\" \/>\n<script type=\"application\/ld+json\" class=\"yoast-schema-graph\">{\"@context\":\"https:\\\/\\\/schema.org\",\"@graph\":[{\"@type\":\"Article\",\"@id\":\"https:\\\/\\\/diariodelsurdigital.com.ar\\\/?p=6030#article\",\"isPartOf\":{\"@id\":\"https:\\\/\\\/diariodelsurdigital.com.ar\\\/?p=6030\"},\"author\":{\"name\":\"Diario del Sur Digital\",\"@id\":\"https:\\\/\\\/diariodelsurdigital.com.ar\\\/#\\\/schema\\\/person\\\/d794acb23337e88c6e4004a39c32be62\"},\"headline\":\"Primer vuelo comercial uni\u00f3 Concordia con Aeroparque y marc\u00f3 el inicio de las operaciones regulares\",\"datePublished\":\"2025-12-04T00:17:06+00:00\",\"dateModified\":\"2025-12-04T00:17:07+00:00\",\"mainEntityOfPage\":{\"@id\":\"https:\\\/\\\/diariodelsurdigital.com.ar\\\/?p=6030\"},\"wordCount\":335,\"commentCount\":0,\"image\":{\"@id\":\"https:\\\/\\\/diariodelsurdigital.com.ar\\\/?p=6030#primaryimage\"},\"thumbnailUrl\":\"https:\\\/\\\/diariodelsurdigital.com.ar\\\/wp-content\\\/uploads\\\/2025\\\/12\\\/primer_vuelo_aeropuerto_concordia.webp\",\"articleSection\":[\"Inter\u00e9s General\"],\"inLanguage\":\"es\",\"potentialAction\":[{\"@type\":\"CommentAction\",\"name\":\"Comment\",\"target\":[\"https:\\\/\\\/diariodelsurdigital.com.ar\\\/?p=6030#respond\"]}]},{\"@type\":\"WebPage\",\"@id\":\"https:\\\/\\\/diariodelsurdigital.com.ar\\\/?p=6030\",\"url\":\"https:\\\/\\\/diariodelsurdigital.com.ar\\\/?p=6030\",\"name\":\"Primer vuelo comercial uni\u00f3 Concordia con Aeroparque y marc\u00f3 el inicio de las operaciones regulares - Diario del Sur\",\"isPartOf\":{\"@id\":\"https:\\\/\\\/diariodelsurdigital.com.ar\\\/#website\"},\"primaryImageOfPage\":{\"@id\":\"https:\\\/\\\/diariodelsurdigital.com.ar\\\/?p=6030#primaryimage\"},\"image\":{\"@id\":\"https:\\\/\\\/diariodelsurdigital.com.ar\\\/?p=6030#primaryimage\"},\"thumbnailUrl\":\"https:\\\/\\\/diariodelsurdigital.com.ar\\\/wp-content\\\/uploads\\\/2025\\\/12\\\/primer_vuelo_aeropuerto_concordia.webp\",\"datePublished\":\"2025-12-04T00:17:06+00:00\",\"dateModified\":\"2025-12-04T00:17:07+00:00\",\"author\":{\"@id\":\"https:\\\/\\\/diariodelsurdigital.com.ar\\\/#\\\/schema\\\/person\\\/d794acb23337e88c6e4004a39c32be62\"},\"breadcrumb\":{\"@id\":\"https:\\\/\\\/diariodelsurdigital.com.ar\\\/?p=6030#breadcrumb\"},\"inLanguage\":\"es\",\"potentialAction\":[{\"@type\":\"ReadAction\",\"target\":[\"https:\\\/\\\/diariodelsurdigital.com.ar\\\/?p=6030\"]}]},{\"@type\":\"ImageObject\",\"inLanguage\":\"es\",\"@id\":\"https:\\\/\\\/diariodelsurdigital.com.ar\\\/?p=6030#primaryimage\",\"url\":\"https:\\\/\\\/diariodelsurdigital.com.ar\\\/wp-content\\\/uploads\\\/2025\\\/12\\\/primer_vuelo_aeropuerto_concordia.webp\",\"contentUrl\":\"https:\\\/\\\/diariodelsurdigital.com.ar\\\/wp-content\\\/uploads\\\/2025\\\/12\\\/primer_vuelo_aeropuerto_concordia.webp\",\"width\":1024,\"height\":537},{\"@type\":\"BreadcrumbList\",\"@id\":\"https:\\\/\\\/diariodelsurdigital.com.ar\\\/?p=6030#breadcrumb\",\"itemListElement\":[{\"@type\":\"ListItem\",\"position\":1,\"name\":\"Portada\",\"item\":\"https:\\\/\\\/diariodelsurdigital.com.ar\\\/\"},{\"@type\":\"ListItem\",\"position\":2,\"name\":\"Primer vuelo comercial uni\u00f3 Concordia con Aeroparque y marc\u00f3 el inicio de las operaciones regulares\"}]},{\"@type\":\"WebSite\",\"@id\":\"https:\\\/\\\/diariodelsurdigital.com.ar\\\/#website\",\"url\":\"https:\\\/\\\/diariodelsurdigital.com.ar\\\/\",\"name\":\"Diario del Sur\",\"description\":\"Digital\",\"potentialAction\":[{\"@type\":\"SearchAction\",\"target\":{\"@type\":\"EntryPoint\",\"urlTemplate\":\"https:\\\/\\\/diariodelsurdigital.com.ar\\\/?s={search_term_string}\"},\"query-input\":{\"@type\":\"PropertyValueSpecification\",\"valueRequired\":true,\"valueName\":\"search_term_string\"}}],\"inLanguage\":\"es\"},{\"@type\":\"Person\",\"@id\":\"https:\\\/\\\/diariodelsurdigital.com.ar\\\/#\\\/schema\\\/person\\\/d794acb23337e88c6e4004a39c32be62\",\"name\":\"Diario del Sur Digital\",\"image\":{\"@type\":\"ImageObject\",\"inLanguage\":\"es\",\"@id\":\"https:\\\/\\\/secure.gravatar.com\\\/avatar\\\/47679bcfa15734cfdefc176b6ad58adeeccac22b2e03e095ada6c622af2b463a?s=96&d=mm&r=g\",\"url\":\"https:\\\/\\\/secure.gravatar.com\\\/avatar\\\/47679bcfa15734cfdefc176b6ad58adeeccac22b2e03e095ada6c622af2b463a?s=96&d=mm&r=g\",\"contentUrl\":\"https:\\\/\\\/secure.gravatar.com\\\/avatar\\\/47679bcfa15734cfdefc176b6ad58adeeccac22b2e03e095ada6c622af2b463a?s=96&d=mm&r=g\",\"caption\":\"Diario del Sur Digital\"},\"url\":\"https:\\\/\\\/diariodelsurdigital.com.ar\\\/?author=3\"}]}<\/script>\n<!-- \/ Yoast SEO plugin. -->","yoast_head_json":{"title":"Primer vuelo comercial uni\u00f3 Concordia con Aeroparque y marc\u00f3 el inicio de las operaciones regulares - Diario del Sur","robots":{"index":"index","follow":"follow","max-snippet":"max-snippet:-1","max-image-preview":"max-image-preview:large","max-video-preview":"max-video-preview:-1"},"canonical":"https:\/\/diariodelsurdigital.com.ar\/?p=6030","og_locale":"es_ES","og_type":"article","og_title":"Primer vuelo comercial uni\u00f3 Concordia con Aeroparque y marc\u00f3 el inicio de las operaciones regulares - Diario del Sur","og_description":"El aeropuerto de Concordia vivi\u00f3 este martes una jornada hist\u00f3rica con la partida del primer vuelo comercial rumbo a Aeroparque, operado por la empresa Hamming Airways. Francisco Errecart, presidente de la l\u00ednea a\u00e9rea, destac\u00f3 la emoci\u00f3n y el alivio de finalmente poner en marcha el servicio luego de un proceso que demand\u00f3 m\u00e1s tiempo del [&hellip;]","og_url":"https:\/\/diariodelsurdigital.com.ar\/?p=6030","og_site_name":"Diario del Sur","article_published_time":"2025-12-04T00:17:06+00:00","article_modified_time":"2025-12-04T00:17:07+00:00","og_image":[{"width":1024,"height":537,"url":"https:\/\/diariodelsurdigital.com.ar\/wp-content\/uploads\/2025\/12\/primer_vuelo_aeropuerto_concordia.webp","type":"image\/webp"}],"author":"Diario del Sur Digital","twitter_card":"summary_large_image","twitter_misc":{"Escrito por":"Diario del Sur Digital","Tiempo de lectura":"2 minutos"},"schema":{"@context":"https:\/\/schema.org","@graph":[{"@type":"Article","@id":"https:\/\/diariodelsurdigital.com.ar\/?p=6030#article","isPartOf":{"@id":"https:\/\/diariodelsurdigital.com.ar\/?p=6030"},"author":{"name":"Diario del Sur Digital","@id":"https:\/\/diariodelsurdigital.com.ar\/#\/schema\/person\/d794acb23337e88c6e4004a39c32be62"},"headline":"Primer vuelo comercial uni\u00f3 Concordia con Aeroparque y marc\u00f3 el inicio de las operaciones regulares","datePublished":"2025-12-04T00:17:06+00:00","dateModified":"2025-12-04T00:17:07+00:00","mainEntityOfPage":{"@id":"https:\/\/diariodelsurdigital.com.ar\/?p=6030"},"wordCount":335,"commentCount":0,"image":{"@id":"https:\/\/diariodelsurdigital.com.ar\/?p=6030#primaryimage"},"thumbnailUrl":"https:\/\/diariodelsurdigital.com.ar\/wp-content\/uploads\/2025\/12\/primer_vuelo_aeropuerto_concordia.webp","articleSection":["Inter\u00e9s General"],"inLanguage":"es","potentialAction":[{"@type":"CommentAction","name":"Comment","target":["https:\/\/diariodelsurdigital.com.ar\/?p=6030#respond"]}]},{"@type":"WebPage","@id":"https:\/\/diariodelsurdigital.com.ar\/?p=6030","url":"https:\/\/diariodelsurdigital.com.ar\/?p=6030","name":"Primer vuelo comercial uni\u00f3 Concordia con Aeroparque y marc\u00f3 el inicio de las operaciones regulares - Diario del Sur","isPartOf":{"@id":"https:\/\/diariodelsurdigital.com.ar\/#website"},"primaryImageOfPage":{"@id":"https:\/\/diariodelsurdigital.com.ar\/?p=6030#primaryimage"},"image":{"@id":"https:\/\/diariodelsurdigital.com.ar\/?p=6030#primaryimage"},"thumbnailUrl":"https:\/\/diariodelsurdigital.com.ar\/wp-content\/uploads\/2025\/12\/primer_vuelo_aeropuerto_concordia.webp","datePublished":"2025-12-04T00:17:06+00:00","dateModified":"2025-12-04T00:17:07+00:00","author":{"@id":"https:\/\/diariodelsurdigital.com.ar\/#\/schema\/person\/d794acb23337e88c6e4004a39c32be62"},"breadcrumb":{"@id":"https:\/\/diariodelsurdigital.com.ar\/?p=6030#breadcrumb"},"inLanguage":"es","potentialAction":[{"@type":"ReadAction","target":["https:\/\/diariodelsurdigital.com.ar\/?p=6030"]}]},{"@type":"ImageObject","inLanguage":"es","@id":"https:\/\/diariodelsurdigital.com.ar\/?p=6030#primaryimage","url":"https:\/\/diariodelsurdigital.com.ar\/wp-content\/uploads\/2025\/12\/primer_vuelo_aeropuerto_concordia.webp","contentUrl":"https:\/\/diariodelsurdigital.com.ar\/wp-content\/uploads\/2025\/12\/primer_vuelo_aeropuerto_concordia.webp","width":1024,"height":537},{"@type":"BreadcrumbList","@id":"https:\/\/diariodelsurdigital.com.ar\/?p=6030#breadcrumb","itemListElement":[{"@type":"ListItem","position":1,"name":"Portada","item":"https:\/\/diariodelsurdigital.com.ar\/"},{"@type":"ListItem","position":2,"name":"Primer vuelo comercial uni\u00f3 Concordia con Aeroparque y marc\u00f3 el inicio de las operaciones regulares"}]},{"@type":"WebSite","@id":"https:\/\/diariodelsurdigital.com.ar\/#website","url":"https:\/\/diariodelsurdigital.com.ar\/","name":"Diario del Sur","description":"Digital","potentialAction":[{"@type":"SearchAction","target":{"@type":"EntryPoint","urlTemplate":"https:\/\/diariodelsurdigital.com.ar\/?s={search_term_string}"},"query-input":{"@type":"PropertyValueSpecification","valueRequired":true,"valueName":"search_term_string"}}],"inLanguage":"es"},{"@type":"Person","@id":"https:\/\/diariodelsurdigital.com.ar\/#\/schema\/person\/d794acb23337e88c6e4004a39c32be62","name":"Diario del Sur Digital","image":{"@type":"ImageObject","inLanguage":"es","@id":"https:\/\/secure.gravatar.com\/avatar\/47679bcfa15734cfdefc176b6ad58adeeccac22b2e03e095ada6c622af2b463a?s=96&d=mm&r=g","url":"https:\/\/secure.gravatar.com\/avatar\/47679bcfa15734cfdefc176b6ad58adeeccac22b2e03e095ada6c622af2b463a?s=96&d=mm&r=g","contentUrl":"https:\/\/secure.gravatar.com\/avatar\/47679bcfa15734cfdefc176b6ad58adeeccac22b2e03e095ada6c622af2b463a?s=96&d=mm&r=g","caption":"Diario del Sur Digital"},"url":"https:\/\/diariodelsurdigital.com.ar\/?author=3"}]}},"_links":{"self":[{"href":"https:\/\/diariodelsurdigital.com.ar\/index.php?rest_route=\/wp\/v2\/posts\/6030","targetHints":{"allow":["GET"]}}],"collection":[{"href":"https:\/\/diariodelsurdigital.com.ar\/index.php?rest_route=\/wp\/v2\/posts"}],"about":[{"href":"https:\/\/diariodelsurdigital.com.ar\/index.php?rest_route=\/wp\/v2\/types\/post"}],"author":[{"embeddable":true,"href":"https:\/\/diariodelsurdigital.com.ar\/index.php?rest_route=\/wp\/v2\/users\/3"}],"replies":[{"embeddable":true,"href":"https:\/\/diariodelsurdigital.com.ar\/index.php?rest_route=%2Fwp%2Fv2%2Fcomments&post=6030"}],"version-history":[{"count":1,"href":"https:\/\/diariodelsurdigital.com.ar\/index.php?rest_route=\/wp\/v2\/posts\/6030\/revisions"}],"predecessor-version":[{"id":6032,"href":"https:\/\/diariodelsurdigital.com.ar\/index.php?rest_route=\/wp\/v2\/posts\/6030\/revisions\/6032"}],"wp:featuredmedia":[{"embeddable":true,"href":"https:\/\/diariodelsurdigital.com.ar\/index.php?rest_route=\/wp\/v2\/media\/6031"}],"wp:attachment":[{"href":"https:\/\/diariodelsurdigital.com.ar\/index.php?rest_route=%2Fwp%2Fv2%2Fmedia&parent=6030"}],"wp:term":[{"taxonomy":"category","embeddable":true,"href":"https:\/\/diariodelsurdigital.com.ar\/index.php?rest_route=%2Fwp%2Fv2%2Fcategories&post=6030"},{"taxonomy":"post_tag","embeddable":true,"href":"https:\/\/diariodelsurdigital.com.ar\/index.php?rest_route=%2Fwp%2Fv2%2Ftags&post=6030"}],"curies":[{"name":"wp","href":"https:\/\/api.w.org\/{rel}","templated":true}]}}