{"id":6034,"date":"2025-12-04T10:41:30","date_gmt":"2025-12-04T13:41:30","guid":{"rendered":"https:\/\/diariodelsurdigital.com.ar\/?p=6034"},"modified":"2025-12-04T10:41:31","modified_gmt":"2025-12-04T13:41:31","slug":"como-quedaron-los-bloques-de-la-camara-de-diputados","status":"publish","type":"post","link":"https:\/\/diariodelsurdigital.com.ar\/?p=6034","title":{"rendered":"C\u00f3mo quedaron los bloques de la C\u00e1mara de Diputados"},"content":{"rendered":"\n<p>El Gobierno se asegur\u00f3 la primera minor\u00eda con 95 bancas, dos m\u00e1s que las de Uni\u00f3n por la Patria. El PRO, con la UCR y aliados, disputa con Provincias Unidas el tercer lugar.<\/p>\n\n\n\n<p>La jornada de jura de 127 diputados modific\u00f3 la composici\u00f3n de la C\u00e1mara baja del Congreso, que asumir\u00e1n oficialmente el 10 de diciembre y se estrenar\u00e1n en el per\u00edodo de extraordinarias. Sin embargo, la sesi\u00f3n preparatoria defini\u00f3 -en su mismo transcurso- interbloques que alteraron la elecci\u00f3n de autoridades, en simult\u00e1neo a que perfil\u00f3 roles importantes dentro del recinto. Lo que s\u00ed se consolid\u00f3 fue la primera fuerza: en un raid de adhesiones en las \u00faltimas dos semanas, La Libertad Avanza pas\u00f3 a Fuerza Patria por dos legisladores. La \u00faltima novedad libertaria es que permanecer\u00e1 en el bloque Lorena Villaverde, que renunci\u00f3 a su banca en el Senado.<\/p>\n\n\n\n<p>Tras el recambio legislativo, los bloques de la C\u00e1mara de Diputados y su composici\u00f3n son:<\/p>\n\n\n\n<p>La Libertad Avanza: 95 diputados.<\/p>\n\n\n\n<p>Uni\u00f3n por la Patria: 93 diputados.<\/p>\n\n\n\n<p>Provincias Unidas: 18 diputados.<\/p>\n\n\n\n<p>PRO: 12 diputados.<\/p>\n\n\n\n<p>Innovaci\u00f3n Federal: 7 diputados.<\/p>\n\n\n\n<p>UCR: 6 diputados.<\/p>\n\n\n\n<p>La UCR tendr\u00e1 el Bloque de diputados nacionales m\u00e1s bajo de su historia<\/p>\n\n\n\n<p>Frente de Izquierda: 4 diputados.<\/p>\n\n\n\n<p>Coherencia: 3 diputados.<\/p>\n\n\n\n<p>Independencia: 3 diputados.<\/p>\n\n\n\n<p>Elijo Catamarca: 3 diputados.<\/p>\n\n\n\n<p>Encuentro Federal: 2 diputados.<\/p>\n\n\n\n<p>Coalici\u00f3n C\u00edvica: 2 diputados.<\/p>\n\n\n\n<p>MID: 2 diputados.<\/p>\n\n\n\n<p>Producci\u00f3n y Trabajo: 2 diputados.<\/p>\n\n\n\n<p>La Neuquinidad: 1 diputada.<\/p>\n\n\n\n<p>Defendamos C\u00f3rdoba: 1 diputada.<\/p>\n\n\n\n<p>Adelante Buenos Aires: 1 diputada.<\/p>\n\n\n\n<p>PJ San Luis: 1 diputado.<\/p>\n\n\n\n<p>Por Santa Cruz: 1 diputado.<\/p>\n","protected":false},"excerpt":{"rendered":"<p>El Gobierno se asegur\u00f3 la primera minor\u00eda con 95 bancas, dos m\u00e1s que las de Uni\u00f3n por la Patria. El PRO, con la UCR y aliados, disputa con Provincias Unidas el tercer lugar. La jornada de jura de 127 diputados modific\u00f3 la composici\u00f3n de la C\u00e1mara baja del Congreso, que asumir\u00e1n oficialmente el 10 de [&hellip;]<\/p>\n","protected":false},"author":4,"featured_media":6035,"comment_status":"open","ping_status":"open","sticky":false,"template":"","format":"standard","meta":{"footnotes":""},"categories":[18,22],"tags":[],"class_list":{"0":"post-6034","1":"post","2":"type-post","3":"status-publish","4":"format-standard","5":"has-post-thumbnail","7":"category-nacionales","8":"category-politica"},"yoast_head":"<!-- This site is optimized with the Yoast SEO plugin v27.4 - https:\/\/yoast.com\/product\/yoast-seo-wordpress\/ -->\n<title>C\u00f3mo quedaron los bloques de la C\u00e1mara de Diputados - Diario del Sur<\/title>\n<meta name=\"robots\" content=\"index, follow, max-snippet:-1, max-image-preview:large, max-video-preview:-1\" \/>\n<link rel=\"canonical\" href=\"https:\/\/diariodelsurdigital.com.ar\/?p=6034\" \/>\n<meta property=\"og:locale\" content=\"es_ES\" \/>\n<meta property=\"og:type\" content=\"article\" \/>\n<meta property=\"og:title\" content=\"C\u00f3mo quedaron los bloques de la C\u00e1mara de Diputados - Diario del Sur\" \/>\n<meta property=\"og:description\" content=\"El Gobierno se asegur\u00f3 la primera minor\u00eda con 95 bancas, dos m\u00e1s que las de Uni\u00f3n por la Patria. El PRO, con la UCR y aliados, disputa con Provincias Unidas el tercer lugar. La jornada de jura de 127 diputados modific\u00f3 la composici\u00f3n de la C\u00e1mara baja del Congreso, que asumir\u00e1n oficialmente el 10 de [&hellip;]\" \/>\n<meta property=\"og:url\" content=\"https:\/\/diariodelsurdigital.com.ar\/?p=6034\" \/>\n<meta property=\"og:site_name\" content=\"Diario del Sur\" \/>\n<meta property=\"article:published_time\" content=\"2025-12-04T13:41:30+00:00\" \/>\n<meta property=\"article:modified_time\" content=\"2025-12-04T13:41:31+00:00\" \/>\n<meta property=\"og:image\" content=\"https:\/\/diariodelsurdigital.com.ar\/wp-content\/uploads\/2025\/12\/md-29.webp\" \/>\n\t<meta property=\"og:image:width\" content=\"992\" \/>\n\t<meta property=\"og:image:height\" content=\"555\" \/>\n\t<meta property=\"og:image:type\" content=\"image\/webp\" \/>\n<meta name=\"author\" content=\"Diario del Sur Digital\" \/>\n<meta name=\"twitter:card\" content=\"summary_large_image\" \/>\n<meta name=\"twitter:label1\" content=\"Escrito por\" \/>\n\t<meta name=\"twitter:data1\" content=\"Diario del Sur Digital\" \/>\n\t<meta name=\"twitter:label2\" content=\"Tiempo de lectura\" \/>\n\t<meta name=\"twitter:data2\" content=\"2 minutos\" \/>\n<script type=\"application\/ld+json\" class=\"yoast-schema-graph\">{\"@context\":\"https:\\\/\\\/schema.org\",\"@graph\":[{\"@type\":\"Article\",\"@id\":\"https:\\\/\\\/diariodelsurdigital.com.ar\\\/?p=6034#article\",\"isPartOf\":{\"@id\":\"https:\\\/\\\/diariodelsurdigital.com.ar\\\/?p=6034\"},\"author\":{\"name\":\"Diario del Sur Digital\",\"@id\":\"https:\\\/\\\/diariodelsurdigital.com.ar\\\/#\\\/schema\\\/person\\\/1a4992532ed62965c968031b49195c81\"},\"headline\":\"C\u00f3mo quedaron los bloques de la C\u00e1mara de Diputados\",\"datePublished\":\"2025-12-04T13:41:30+00:00\",\"dateModified\":\"2025-12-04T13:41:31+00:00\",\"mainEntityOfPage\":{\"@id\":\"https:\\\/\\\/diariodelsurdigital.com.ar\\\/?p=6034\"},\"wordCount\":256,\"commentCount\":0,\"image\":{\"@id\":\"https:\\\/\\\/diariodelsurdigital.com.ar\\\/?p=6034#primaryimage\"},\"thumbnailUrl\":\"https:\\\/\\\/diariodelsurdigital.com.ar\\\/wp-content\\\/uploads\\\/2025\\\/12\\\/md-29.webp\",\"articleSection\":[\"Nacionales\",\"Pol\u00edtica\"],\"inLanguage\":\"es\",\"potentialAction\":[{\"@type\":\"CommentAction\",\"name\":\"Comment\",\"target\":[\"https:\\\/\\\/diariodelsurdigital.com.ar\\\/?p=6034#respond\"]}]},{\"@type\":\"WebPage\",\"@id\":\"https:\\\/\\\/diariodelsurdigital.com.ar\\\/?p=6034\",\"url\":\"https:\\\/\\\/diariodelsurdigital.com.ar\\\/?p=6034\",\"name\":\"C\u00f3mo quedaron los bloques de la C\u00e1mara de Diputados - Diario del Sur\",\"isPartOf\":{\"@id\":\"https:\\\/\\\/diariodelsurdigital.com.ar\\\/#website\"},\"primaryImageOfPage\":{\"@id\":\"https:\\\/\\\/diariodelsurdigital.com.ar\\\/?p=6034#primaryimage\"},\"image\":{\"@id\":\"https:\\\/\\\/diariodelsurdigital.com.ar\\\/?p=6034#primaryimage\"},\"thumbnailUrl\":\"https:\\\/\\\/diariodelsurdigital.com.ar\\\/wp-content\\\/uploads\\\/2025\\\/12\\\/md-29.webp\",\"datePublished\":\"2025-12-04T13:41:30+00:00\",\"dateModified\":\"2025-12-04T13:41:31+00:00\",\"author\":{\"@id\":\"https:\\\/\\\/diariodelsurdigital.com.ar\\\/#\\\/schema\\\/person\\\/1a4992532ed62965c968031b49195c81\"},\"breadcrumb\":{\"@id\":\"https:\\\/\\\/diariodelsurdigital.com.ar\\\/?p=6034#breadcrumb\"},\"inLanguage\":\"es\",\"potentialAction\":[{\"@type\":\"ReadAction\",\"target\":[\"https:\\\/\\\/diariodelsurdigital.com.ar\\\/?p=6034\"]}]},{\"@type\":\"ImageObject\",\"inLanguage\":\"es\",\"@id\":\"https:\\\/\\\/diariodelsurdigital.com.ar\\\/?p=6034#primaryimage\",\"url\":\"https:\\\/\\\/diariodelsurdigital.com.ar\\\/wp-content\\\/uploads\\\/2025\\\/12\\\/md-29.webp\",\"contentUrl\":\"https:\\\/\\\/diariodelsurdigital.com.ar\\\/wp-content\\\/uploads\\\/2025\\\/12\\\/md-29.webp\",\"width\":992,\"height\":555},{\"@type\":\"BreadcrumbList\",\"@id\":\"https:\\\/\\\/diariodelsurdigital.com.ar\\\/?p=6034#breadcrumb\",\"itemListElement\":[{\"@type\":\"ListItem\",\"position\":1,\"name\":\"Portada\",\"item\":\"https:\\\/\\\/diariodelsurdigital.com.ar\\\/\"},{\"@type\":\"ListItem\",\"position\":2,\"name\":\"C\u00f3mo quedaron los bloques de la C\u00e1mara de Diputados\"}]},{\"@type\":\"WebSite\",\"@id\":\"https:\\\/\\\/diariodelsurdigital.com.ar\\\/#website\",\"url\":\"https:\\\/\\\/diariodelsurdigital.com.ar\\\/\",\"name\":\"Diario del Sur\",\"description\":\"Digital\",\"potentialAction\":[{\"@type\":\"SearchAction\",\"target\":{\"@type\":\"EntryPoint\",\"urlTemplate\":\"https:\\\/\\\/diariodelsurdigital.com.ar\\\/?s={search_term_string}\"},\"query-input\":{\"@type\":\"PropertyValueSpecification\",\"valueRequired\":true,\"valueName\":\"search_term_string\"}}],\"inLanguage\":\"es\"},{\"@type\":\"Person\",\"@id\":\"https:\\\/\\\/diariodelsurdigital.com.ar\\\/#\\\/schema\\\/person\\\/1a4992532ed62965c968031b49195c81\",\"name\":\"Diario del Sur Digital\",\"image\":{\"@type\":\"ImageObject\",\"inLanguage\":\"es\",\"@id\":\"https:\\\/\\\/secure.gravatar.com\\\/avatar\\\/f0c7c47fc7146d19828273b9b8eda651c9c7ab583767e6338d3d3bee825adf76?s=96&d=mm&r=g\",\"url\":\"https:\\\/\\\/secure.gravatar.com\\\/avatar\\\/f0c7c47fc7146d19828273b9b8eda651c9c7ab583767e6338d3d3bee825adf76?s=96&d=mm&r=g\",\"contentUrl\":\"https:\\\/\\\/secure.gravatar.com\\\/avatar\\\/f0c7c47fc7146d19828273b9b8eda651c9c7ab583767e6338d3d3bee825adf76?s=96&d=mm&r=g\",\"caption\":\"Diario del Sur Digital\"},\"url\":\"https:\\\/\\\/diariodelsurdigital.com.ar\\\/?author=4\"}]}<\/script>\n<!-- \/ Yoast SEO plugin. -->","yoast_head_json":{"title":"C\u00f3mo quedaron los bloques de la C\u00e1mara de Diputados - Diario del Sur","robots":{"index":"index","follow":"follow","max-snippet":"max-snippet:-1","max-image-preview":"max-image-preview:large","max-video-preview":"max-video-preview:-1"},"canonical":"https:\/\/diariodelsurdigital.com.ar\/?p=6034","og_locale":"es_ES","og_type":"article","og_title":"C\u00f3mo quedaron los bloques de la C\u00e1mara de Diputados - Diario del Sur","og_description":"El Gobierno se asegur\u00f3 la primera minor\u00eda con 95 bancas, dos m\u00e1s que las de Uni\u00f3n por la Patria. El PRO, con la UCR y aliados, disputa con Provincias Unidas el tercer lugar. La jornada de jura de 127 diputados modific\u00f3 la composici\u00f3n de la C\u00e1mara baja del Congreso, que asumir\u00e1n oficialmente el 10 de [&hellip;]","og_url":"https:\/\/diariodelsurdigital.com.ar\/?p=6034","og_site_name":"Diario del Sur","article_published_time":"2025-12-04T13:41:30+00:00","article_modified_time":"2025-12-04T13:41:31+00:00","og_image":[{"width":992,"height":555,"url":"https:\/\/diariodelsurdigital.com.ar\/wp-content\/uploads\/2025\/12\/md-29.webp","type":"image\/webp"}],"author":"Diario del Sur Digital","twitter_card":"summary_large_image","twitter_misc":{"Escrito por":"Diario del Sur Digital","Tiempo de lectura":"2 minutos"},"schema":{"@context":"https:\/\/schema.org","@graph":[{"@type":"Article","@id":"https:\/\/diariodelsurdigital.com.ar\/?p=6034#article","isPartOf":{"@id":"https:\/\/diariodelsurdigital.com.ar\/?p=6034"},"author":{"name":"Diario del Sur Digital","@id":"https:\/\/diariodelsurdigital.com.ar\/#\/schema\/person\/1a4992532ed62965c968031b49195c81"},"headline":"C\u00f3mo quedaron los bloques de la C\u00e1mara de Diputados","datePublished":"2025-12-04T13:41:30+00:00","dateModified":"2025-12-04T13:41:31+00:00","mainEntityOfPage":{"@id":"https:\/\/diariodelsurdigital.com.ar\/?p=6034"},"wordCount":256,"commentCount":0,"image":{"@id":"https:\/\/diariodelsurdigital.com.ar\/?p=6034#primaryimage"},"thumbnailUrl":"https:\/\/diariodelsurdigital.com.ar\/wp-content\/uploads\/2025\/12\/md-29.webp","articleSection":["Nacionales","Pol\u00edtica"],"inLanguage":"es","potentialAction":[{"@type":"CommentAction","name":"Comment","target":["https:\/\/diariodelsurdigital.com.ar\/?p=6034#respond"]}]},{"@type":"WebPage","@id":"https:\/\/diariodelsurdigital.com.ar\/?p=6034","url":"https:\/\/diariodelsurdigital.com.ar\/?p=6034","name":"C\u00f3mo quedaron los bloques de la C\u00e1mara de Diputados - Diario del Sur","isPartOf":{"@id":"https:\/\/diariodelsurdigital.com.ar\/#website"},"primaryImageOfPage":{"@id":"https:\/\/diariodelsurdigital.com.ar\/?p=6034#primaryimage"},"image":{"@id":"https:\/\/diariodelsurdigital.com.ar\/?p=6034#primaryimage"},"thumbnailUrl":"https:\/\/diariodelsurdigital.com.ar\/wp-content\/uploads\/2025\/12\/md-29.webp","datePublished":"2025-12-04T13:41:30+00:00","dateModified":"2025-12-04T13:41:31+00:00","author":{"@id":"https:\/\/diariodelsurdigital.com.ar\/#\/schema\/person\/1a4992532ed62965c968031b49195c81"},"breadcrumb":{"@id":"https:\/\/diariodelsurdigital.com.ar\/?p=6034#breadcrumb"},"inLanguage":"es","potentialAction":[{"@type":"ReadAction","target":["https:\/\/diariodelsurdigital.com.ar\/?p=6034"]}]},{"@type":"ImageObject","inLanguage":"es","@id":"https:\/\/diariodelsurdigital.com.ar\/?p=6034#primaryimage","url":"https:\/\/diariodelsurdigital.com.ar\/wp-content\/uploads\/2025\/12\/md-29.webp","contentUrl":"https:\/\/diariodelsurdigital.com.ar\/wp-content\/uploads\/2025\/12\/md-29.webp","width":992,"height":555},{"@type":"BreadcrumbList","@id":"https:\/\/diariodelsurdigital.com.ar\/?p=6034#breadcrumb","itemListElement":[{"@type":"ListItem","position":1,"name":"Portada","item":"https:\/\/diariodelsurdigital.com.ar\/"},{"@type":"ListItem","position":2,"name":"C\u00f3mo quedaron los bloques de la C\u00e1mara de Diputados"}]},{"@type":"WebSite","@id":"https:\/\/diariodelsurdigital.com.ar\/#website","url":"https:\/\/diariodelsurdigital.com.ar\/","name":"Diario del Sur","description":"Digital","potentialAction":[{"@type":"SearchAction","target":{"@type":"EntryPoint","urlTemplate":"https:\/\/diariodelsurdigital.com.ar\/?s={search_term_string}"},"query-input":{"@type":"PropertyValueSpecification","valueRequired":true,"valueName":"search_term_string"}}],"inLanguage":"es"},{"@type":"Person","@id":"https:\/\/diariodelsurdigital.com.ar\/#\/schema\/person\/1a4992532ed62965c968031b49195c81","name":"Diario del Sur Digital","image":{"@type":"ImageObject","inLanguage":"es","@id":"https:\/\/secure.gravatar.com\/avatar\/f0c7c47fc7146d19828273b9b8eda651c9c7ab583767e6338d3d3bee825adf76?s=96&d=mm&r=g","url":"https:\/\/secure.gravatar.com\/avatar\/f0c7c47fc7146d19828273b9b8eda651c9c7ab583767e6338d3d3bee825adf76?s=96&d=mm&r=g","contentUrl":"https:\/\/secure.gravatar.com\/avatar\/f0c7c47fc7146d19828273b9b8eda651c9c7ab583767e6338d3d3bee825adf76?s=96&d=mm&r=g","caption":"Diario del Sur Digital"},"url":"https:\/\/diariodelsurdigital.com.ar\/?author=4"}]}},"_links":{"self":[{"href":"https:\/\/diariodelsurdigital.com.ar\/index.php?rest_route=\/wp\/v2\/posts\/6034","targetHints":{"allow":["GET"]}}],"collection":[{"href":"https:\/\/diariodelsurdigital.com.ar\/index.php?rest_route=\/wp\/v2\/posts"}],"about":[{"href":"https:\/\/diariodelsurdigital.com.ar\/index.php?rest_route=\/wp\/v2\/types\/post"}],"author":[{"embeddable":true,"href":"https:\/\/diariodelsurdigital.com.ar\/index.php?rest_route=\/wp\/v2\/users\/4"}],"replies":[{"embeddable":true,"href":"https:\/\/diariodelsurdigital.com.ar\/index.php?rest_route=%2Fwp%2Fv2%2Fcomments&post=6034"}],"version-history":[{"count":1,"href":"https:\/\/diariodelsurdigital.com.ar\/index.php?rest_route=\/wp\/v2\/posts\/6034\/revisions"}],"predecessor-version":[{"id":6036,"href":"https:\/\/diariodelsurdigital.com.ar\/index.php?rest_route=\/wp\/v2\/posts\/6034\/revisions\/6036"}],"wp:featuredmedia":[{"embeddable":true,"href":"https:\/\/diariodelsurdigital.com.ar\/index.php?rest_route=\/wp\/v2\/media\/6035"}],"wp:attachment":[{"href":"https:\/\/diariodelsurdigital.com.ar\/index.php?rest_route=%2Fwp%2Fv2%2Fmedia&parent=6034"}],"wp:term":[{"taxonomy":"category","embeddable":true,"href":"https:\/\/diariodelsurdigital.com.ar\/index.php?rest_route=%2Fwp%2Fv2%2Fcategories&post=6034"},{"taxonomy":"post_tag","embeddable":true,"href":"https:\/\/diariodelsurdigital.com.ar\/index.php?rest_route=%2Fwp%2Fv2%2Ftags&post=6034"}],"curies":[{"name":"wp","href":"https:\/\/api.w.org\/{rel}","templated":true}]}}