{"id":6043,"date":"2025-12-04T10:52:19","date_gmt":"2025-12-04T13:52:19","guid":{"rendered":"https:\/\/diariodelsurdigital.com.ar\/?p=6043"},"modified":"2025-12-04T10:52:20","modified_gmt":"2025-12-04T13:52:20","slug":"piden-que-ante-el-aumento-de-enfermedades-el-gobierno-informe-sobre-la-vacunacion-del-ultimo-lustro","status":"publish","type":"post","link":"https:\/\/diariodelsurdigital.com.ar\/?p=6043","title":{"rendered":"Piden que ante el aumento de enfermedades el Gobierno informe sobre la vacunaci\u00f3n del \u00faltimo lustro"},"content":{"rendered":"\n<p>Un pedido de informes del bloque de diputados justicialistas solicit\u00f3 al Poder Ejecutivo que informe son los \u00faltimos cinco a\u00f1os de la cobertura por el sistema de vacunaci\u00f3n. Comprende a infancia, adolescentes, adultos, adultos mayores, embarazados y grupos de riesgo. Se adujo que la informaci\u00f3n es indispensable para evaluar la pol\u00edtica sanitaria provincial en inmunizaciones, el grado de cumplimiento de la normativa vigente y definir las acciones legislativas y presupuestarias que corresponda.<\/p>\n\n\n\n<p><\/p>\n\n\n\n<p>Un Pedido de Informe que ingres\u00f3 este jueves a la honorable C\u00e1mara de Diputados de Entre R\u00edos solicit\u00f3 al Poder Ejecutivo que \u201cse sirva informar\u201d sobre la cobertura durante los \u00faltimos cinco a\u00f1os de la cobertura de vacunaci\u00f3n en la provincia.<\/p>\n\n\n\n<p>El proyecto, del diputado Enrique Cresto cont\u00f3 con el acompa\u00f1amiento de otros compa\u00f1eros de bloque, solicit\u00f3 que se informe sobre \u201ccoberturas de vacunaci\u00f3n registradas en la provincia en los \u00faltimos cinco a\u00f1os, discriminadas por vacuna, curso de vida, grupo etario y departamento\u201d; y la \u201ccobertura actual del calendario nacional de vacunaci\u00f3n en todos los cursos de vida: Primera infancia, Ingreso escolar, Adolescencia, Adultos, Adultos mayores, Embarazadas y grupos de riesgo\u201d.<\/p>\n\n\n\n<p>En el tercer punto pidi\u00f3 que se abunde sobre \u201cIncidencia y prevalencia en la Provincia de Entre R\u00edos de enfermedades prevenibles mediante vacunaci\u00f3n en el per\u00edodo mencionado, indicando su evoluci\u00f3n interanual\u201d, en tanto que en el siguiente pidi\u00f3 informaci\u00f3n sobre las \u201cacciones implementadas y\/o planificadas para incrementar la adhesi\u00f3n a la vacunaci\u00f3n\u201d.<\/p>\n\n\n\n<p>En el quinto punto requiri\u00f3 presiones sobre las \u201cmedidas adoptadas para exigir la presentaci\u00f3n del carnet de vacunaci\u00f3n en los casos previstos por la normativa vigente, tales como: Certificados de salud, Ingreso Escolar, Certificaciones laborales y Certificaciones previas a viajes o actividades recreativas\u201d y en el \u00faltimo pidi\u00f3 que se informe sobre los \u201cmecanismos de verificaci\u00f3n del cumplimiento en la provincia de la Ley Nacional N\u00b0 27.491, indicando autoridad de aplicaci\u00f3n, controles realizados y sanciones previstas o aplicadas\u201d.<\/p>\n\n\n\n<p>Cresto entendi\u00f3 que \u201chay que considerar que la ca\u00edda en los niveles de cobertura compromete la seguridad sanitaria de la poblaci\u00f3n, incrementa los costos del sistema de salud y expone a grupos vulnerables \u2014ni\u00f1os, adultos mayores, embarazadas y personas inmunocomprometidas\u2014 a riesgos evitables\u201d.<\/p>\n\n\n\n<p>En aquella l\u00ednea opin\u00f3 que \u201cde all\u00ed que sea necesario la determinaci\u00f3n de motivos que dan lugar a la baja adhesi\u00f3n a las inmunizaciones, que incluyen factores socioculturales o religiosos, problemas log\u00edsticos, de distribuci\u00f3n o disponibilidad, falta de campa\u00f1as de comunicaci\u00f3n e incentivaci\u00f3n\u201d.<\/p>\n\n\n\n<p>As\u00ed, sostuvo que \u201cla informaci\u00f3n solicitada resulta indispensable para evaluar la pol\u00edtica sanitaria provincial en materia de inmunizaciones, determinar el grado de cumplimiento de la normativa vigente y definir acciones legislativas y presupuestarias tendientes a garantizar la protecci\u00f3n epidemiol\u00f3gica de la poblaci\u00f3n entrerriana\u201d.<\/p>\n\n\n\n<p>Inmunidad de reba\u00f1o<\/p>\n\n\n\n<p>En los fundamentos, Cresto cit\u00f3 que \u201cestudios y estad\u00edsticas se encuentran demostrando que las coberturas de vacunaci\u00f3n registradas en la Provincia de Entre R\u00edos resultan insuficientes para alcanzar la inmunidad de reba\u00f1o necesaria para considerar a la poblaci\u00f3n adecuadamente protegida frente a enfermedades Inmunoprevenibles\u201d.<\/p>\n\n\n\n<p>El autor indic\u00f3 que \u201cse ha verificado un incremento en la magnitud de casos de enfermedades como varicela y coqueluche, as\u00ed como un riesgo epidemiol\u00f3gico de reintroducci\u00f3n del sarampi\u00f3n, situaci\u00f3n que se agrava ante la disminuci\u00f3n sostenida de la adhesi\u00f3n al calendario de vacunaci\u00f3n, particularmente en la poblaci\u00f3n infantil en edad de ingreso escolar\u201d.<\/p>\n\n\n\n<p>Inter\u00e9s colectivo de salud p\u00fablica<\/p>\n\n\n\n<p>Cresto record\u00f3 que \u201cla Ley Nacional N.\u00ba 27.491, de Control de Enfermedades Prevenibles por Vacunaci\u00f3n, establece la obligatoriedad de la vacunaci\u00f3n en todo el territorio nacional, y determina que las dosis deben colocarse con la periodicidad y esquema definidos por la autoridad sanitaria competente, sin que la voluntad individual pueda superponerse al inter\u00e9s colectivo de salud p\u00fablica\u201d.<\/p>\n","protected":false},"excerpt":{"rendered":"<p>Un pedido de informes del bloque de diputados justicialistas solicit\u00f3 al Poder Ejecutivo que informe son los \u00faltimos cinco a\u00f1os de la cobertura por el sistema de vacunaci\u00f3n. Comprende a infancia, adolescentes, adultos, adultos mayores, embarazados y grupos de riesgo. Se adujo que la informaci\u00f3n es indispensable para evaluar la pol\u00edtica sanitaria provincial en inmunizaciones, [&hellip;]<\/p>\n","protected":false},"author":4,"featured_media":6044,"comment_status":"open","ping_status":"open","sticky":false,"template":"","format":"standard","meta":{"footnotes":""},"categories":[17],"tags":[],"class_list":{"0":"post-6043","1":"post","2":"type-post","3":"status-publish","4":"format-standard","5":"has-post-thumbnail","7":"category-provinciales"},"yoast_head":"<!-- This site is optimized with the Yoast SEO plugin v27.4 - https:\/\/yoast.com\/product\/yoast-seo-wordpress\/ -->\n<title>Piden que ante el aumento de enfermedades el Gobierno informe sobre la vacunaci\u00f3n del \u00faltimo lustro - Diario del Sur<\/title>\n<meta name=\"robots\" content=\"index, follow, max-snippet:-1, max-image-preview:large, max-video-preview:-1\" \/>\n<link rel=\"canonical\" href=\"https:\/\/diariodelsurdigital.com.ar\/?p=6043\" \/>\n<meta property=\"og:locale\" content=\"es_ES\" \/>\n<meta property=\"og:type\" content=\"article\" \/>\n<meta property=\"og:title\" content=\"Piden que ante el aumento de enfermedades el Gobierno informe sobre la vacunaci\u00f3n del \u00faltimo lustro - Diario del Sur\" \/>\n<meta property=\"og:description\" content=\"Un pedido de informes del bloque de diputados justicialistas solicit\u00f3 al Poder Ejecutivo que informe son los \u00faltimos cinco a\u00f1os de la cobertura por el sistema de vacunaci\u00f3n. Comprende a infancia, adolescentes, adultos, adultos mayores, embarazados y grupos de riesgo. Se adujo que la informaci\u00f3n es indispensable para evaluar la pol\u00edtica sanitaria provincial en inmunizaciones, [&hellip;]\" \/>\n<meta property=\"og:url\" content=\"https:\/\/diariodelsurdigital.com.ar\/?p=6043\" \/>\n<meta property=\"og:site_name\" content=\"Diario del Sur\" \/>\n<meta property=\"article:published_time\" content=\"2025-12-04T13:52:19+00:00\" \/>\n<meta property=\"article:modified_time\" content=\"2025-12-04T13:52:20+00:00\" \/>\n<meta property=\"og:image\" content=\"https:\/\/diariodelsurdigital.com.ar\/wp-content\/uploads\/2025\/12\/md-32.webp\" \/>\n\t<meta property=\"og:image:width\" content=\"992\" \/>\n\t<meta property=\"og:image:height\" content=\"661\" \/>\n\t<meta property=\"og:image:type\" content=\"image\/webp\" \/>\n<meta name=\"author\" content=\"Diario del Sur Digital\" \/>\n<meta name=\"twitter:card\" content=\"summary_large_image\" \/>\n<meta name=\"twitter:label1\" content=\"Escrito por\" \/>\n\t<meta name=\"twitter:data1\" content=\"Diario del Sur Digital\" \/>\n\t<meta name=\"twitter:label2\" content=\"Tiempo de lectura\" \/>\n\t<meta name=\"twitter:data2\" content=\"3 minutos\" \/>\n<script type=\"application\/ld+json\" class=\"yoast-schema-graph\">{\"@context\":\"https:\\\/\\\/schema.org\",\"@graph\":[{\"@type\":\"Article\",\"@id\":\"https:\\\/\\\/diariodelsurdigital.com.ar\\\/?p=6043#article\",\"isPartOf\":{\"@id\":\"https:\\\/\\\/diariodelsurdigital.com.ar\\\/?p=6043\"},\"author\":{\"name\":\"Diario del Sur Digital\",\"@id\":\"https:\\\/\\\/diariodelsurdigital.com.ar\\\/#\\\/schema\\\/person\\\/1a4992532ed62965c968031b49195c81\"},\"headline\":\"Piden que ante el aumento de enfermedades el Gobierno informe sobre la vacunaci\u00f3n del \u00faltimo lustro\",\"datePublished\":\"2025-12-04T13:52:19+00:00\",\"dateModified\":\"2025-12-04T13:52:20+00:00\",\"mainEntityOfPage\":{\"@id\":\"https:\\\/\\\/diariodelsurdigital.com.ar\\\/?p=6043\"},\"wordCount\":681,\"commentCount\":0,\"image\":{\"@id\":\"https:\\\/\\\/diariodelsurdigital.com.ar\\\/?p=6043#primaryimage\"},\"thumbnailUrl\":\"https:\\\/\\\/diariodelsurdigital.com.ar\\\/wp-content\\\/uploads\\\/2025\\\/12\\\/md-32.webp\",\"articleSection\":[\"Provinciales\"],\"inLanguage\":\"es\",\"potentialAction\":[{\"@type\":\"CommentAction\",\"name\":\"Comment\",\"target\":[\"https:\\\/\\\/diariodelsurdigital.com.ar\\\/?p=6043#respond\"]}]},{\"@type\":\"WebPage\",\"@id\":\"https:\\\/\\\/diariodelsurdigital.com.ar\\\/?p=6043\",\"url\":\"https:\\\/\\\/diariodelsurdigital.com.ar\\\/?p=6043\",\"name\":\"Piden que ante el aumento de enfermedades el Gobierno informe sobre la vacunaci\u00f3n del \u00faltimo lustro - Diario del Sur\",\"isPartOf\":{\"@id\":\"https:\\\/\\\/diariodelsurdigital.com.ar\\\/#website\"},\"primaryImageOfPage\":{\"@id\":\"https:\\\/\\\/diariodelsurdigital.com.ar\\\/?p=6043#primaryimage\"},\"image\":{\"@id\":\"https:\\\/\\\/diariodelsurdigital.com.ar\\\/?p=6043#primaryimage\"},\"thumbnailUrl\":\"https:\\\/\\\/diariodelsurdigital.com.ar\\\/wp-content\\\/uploads\\\/2025\\\/12\\\/md-32.webp\",\"datePublished\":\"2025-12-04T13:52:19+00:00\",\"dateModified\":\"2025-12-04T13:52:20+00:00\",\"author\":{\"@id\":\"https:\\\/\\\/diariodelsurdigital.com.ar\\\/#\\\/schema\\\/person\\\/1a4992532ed62965c968031b49195c81\"},\"breadcrumb\":{\"@id\":\"https:\\\/\\\/diariodelsurdigital.com.ar\\\/?p=6043#breadcrumb\"},\"inLanguage\":\"es\",\"potentialAction\":[{\"@type\":\"ReadAction\",\"target\":[\"https:\\\/\\\/diariodelsurdigital.com.ar\\\/?p=6043\"]}]},{\"@type\":\"ImageObject\",\"inLanguage\":\"es\",\"@id\":\"https:\\\/\\\/diariodelsurdigital.com.ar\\\/?p=6043#primaryimage\",\"url\":\"https:\\\/\\\/diariodelsurdigital.com.ar\\\/wp-content\\\/uploads\\\/2025\\\/12\\\/md-32.webp\",\"contentUrl\":\"https:\\\/\\\/diariodelsurdigital.com.ar\\\/wp-content\\\/uploads\\\/2025\\\/12\\\/md-32.webp\",\"width\":992,\"height\":661},{\"@type\":\"BreadcrumbList\",\"@id\":\"https:\\\/\\\/diariodelsurdigital.com.ar\\\/?p=6043#breadcrumb\",\"itemListElement\":[{\"@type\":\"ListItem\",\"position\":1,\"name\":\"Portada\",\"item\":\"https:\\\/\\\/diariodelsurdigital.com.ar\\\/\"},{\"@type\":\"ListItem\",\"position\":2,\"name\":\"Piden que ante el aumento de enfermedades el Gobierno informe sobre la vacunaci\u00f3n del \u00faltimo lustro\"}]},{\"@type\":\"WebSite\",\"@id\":\"https:\\\/\\\/diariodelsurdigital.com.ar\\\/#website\",\"url\":\"https:\\\/\\\/diariodelsurdigital.com.ar\\\/\",\"name\":\"Diario del Sur\",\"description\":\"Digital\",\"potentialAction\":[{\"@type\":\"SearchAction\",\"target\":{\"@type\":\"EntryPoint\",\"urlTemplate\":\"https:\\\/\\\/diariodelsurdigital.com.ar\\\/?s={search_term_string}\"},\"query-input\":{\"@type\":\"PropertyValueSpecification\",\"valueRequired\":true,\"valueName\":\"search_term_string\"}}],\"inLanguage\":\"es\"},{\"@type\":\"Person\",\"@id\":\"https:\\\/\\\/diariodelsurdigital.com.ar\\\/#\\\/schema\\\/person\\\/1a4992532ed62965c968031b49195c81\",\"name\":\"Diario del Sur Digital\",\"image\":{\"@type\":\"ImageObject\",\"inLanguage\":\"es\",\"@id\":\"https:\\\/\\\/secure.gravatar.com\\\/avatar\\\/f0c7c47fc7146d19828273b9b8eda651c9c7ab583767e6338d3d3bee825adf76?s=96&d=mm&r=g\",\"url\":\"https:\\\/\\\/secure.gravatar.com\\\/avatar\\\/f0c7c47fc7146d19828273b9b8eda651c9c7ab583767e6338d3d3bee825adf76?s=96&d=mm&r=g\",\"contentUrl\":\"https:\\\/\\\/secure.gravatar.com\\\/avatar\\\/f0c7c47fc7146d19828273b9b8eda651c9c7ab583767e6338d3d3bee825adf76?s=96&d=mm&r=g\",\"caption\":\"Diario del Sur Digital\"},\"url\":\"https:\\\/\\\/diariodelsurdigital.com.ar\\\/?author=4\"}]}<\/script>\n<!-- \/ Yoast SEO plugin. -->","yoast_head_json":{"title":"Piden que ante el aumento de enfermedades el Gobierno informe sobre la vacunaci\u00f3n del \u00faltimo lustro - Diario del Sur","robots":{"index":"index","follow":"follow","max-snippet":"max-snippet:-1","max-image-preview":"max-image-preview:large","max-video-preview":"max-video-preview:-1"},"canonical":"https:\/\/diariodelsurdigital.com.ar\/?p=6043","og_locale":"es_ES","og_type":"article","og_title":"Piden que ante el aumento de enfermedades el Gobierno informe sobre la vacunaci\u00f3n del \u00faltimo lustro - Diario del Sur","og_description":"Un pedido de informes del bloque de diputados justicialistas solicit\u00f3 al Poder Ejecutivo que informe son los \u00faltimos cinco a\u00f1os de la cobertura por el sistema de vacunaci\u00f3n. Comprende a infancia, adolescentes, adultos, adultos mayores, embarazados y grupos de riesgo. Se adujo que la informaci\u00f3n es indispensable para evaluar la pol\u00edtica sanitaria provincial en inmunizaciones, [&hellip;]","og_url":"https:\/\/diariodelsurdigital.com.ar\/?p=6043","og_site_name":"Diario del Sur","article_published_time":"2025-12-04T13:52:19+00:00","article_modified_time":"2025-12-04T13:52:20+00:00","og_image":[{"width":992,"height":661,"url":"https:\/\/diariodelsurdigital.com.ar\/wp-content\/uploads\/2025\/12\/md-32.webp","type":"image\/webp"}],"author":"Diario del Sur Digital","twitter_card":"summary_large_image","twitter_misc":{"Escrito por":"Diario del Sur Digital","Tiempo de lectura":"3 minutos"},"schema":{"@context":"https:\/\/schema.org","@graph":[{"@type":"Article","@id":"https:\/\/diariodelsurdigital.com.ar\/?p=6043#article","isPartOf":{"@id":"https:\/\/diariodelsurdigital.com.ar\/?p=6043"},"author":{"name":"Diario del Sur Digital","@id":"https:\/\/diariodelsurdigital.com.ar\/#\/schema\/person\/1a4992532ed62965c968031b49195c81"},"headline":"Piden que ante el aumento de enfermedades el Gobierno informe sobre la vacunaci\u00f3n del \u00faltimo lustro","datePublished":"2025-12-04T13:52:19+00:00","dateModified":"2025-12-04T13:52:20+00:00","mainEntityOfPage":{"@id":"https:\/\/diariodelsurdigital.com.ar\/?p=6043"},"wordCount":681,"commentCount":0,"image":{"@id":"https:\/\/diariodelsurdigital.com.ar\/?p=6043#primaryimage"},"thumbnailUrl":"https:\/\/diariodelsurdigital.com.ar\/wp-content\/uploads\/2025\/12\/md-32.webp","articleSection":["Provinciales"],"inLanguage":"es","potentialAction":[{"@type":"CommentAction","name":"Comment","target":["https:\/\/diariodelsurdigital.com.ar\/?p=6043#respond"]}]},{"@type":"WebPage","@id":"https:\/\/diariodelsurdigital.com.ar\/?p=6043","url":"https:\/\/diariodelsurdigital.com.ar\/?p=6043","name":"Piden que ante el aumento de enfermedades el Gobierno informe sobre la vacunaci\u00f3n del \u00faltimo lustro - Diario del Sur","isPartOf":{"@id":"https:\/\/diariodelsurdigital.com.ar\/#website"},"primaryImageOfPage":{"@id":"https:\/\/diariodelsurdigital.com.ar\/?p=6043#primaryimage"},"image":{"@id":"https:\/\/diariodelsurdigital.com.ar\/?p=6043#primaryimage"},"thumbnailUrl":"https:\/\/diariodelsurdigital.com.ar\/wp-content\/uploads\/2025\/12\/md-32.webp","datePublished":"2025-12-04T13:52:19+00:00","dateModified":"2025-12-04T13:52:20+00:00","author":{"@id":"https:\/\/diariodelsurdigital.com.ar\/#\/schema\/person\/1a4992532ed62965c968031b49195c81"},"breadcrumb":{"@id":"https:\/\/diariodelsurdigital.com.ar\/?p=6043#breadcrumb"},"inLanguage":"es","potentialAction":[{"@type":"ReadAction","target":["https:\/\/diariodelsurdigital.com.ar\/?p=6043"]}]},{"@type":"ImageObject","inLanguage":"es","@id":"https:\/\/diariodelsurdigital.com.ar\/?p=6043#primaryimage","url":"https:\/\/diariodelsurdigital.com.ar\/wp-content\/uploads\/2025\/12\/md-32.webp","contentUrl":"https:\/\/diariodelsurdigital.com.ar\/wp-content\/uploads\/2025\/12\/md-32.webp","width":992,"height":661},{"@type":"BreadcrumbList","@id":"https:\/\/diariodelsurdigital.com.ar\/?p=6043#breadcrumb","itemListElement":[{"@type":"ListItem","position":1,"name":"Portada","item":"https:\/\/diariodelsurdigital.com.ar\/"},{"@type":"ListItem","position":2,"name":"Piden que ante el aumento de enfermedades el Gobierno informe sobre la vacunaci\u00f3n del \u00faltimo lustro"}]},{"@type":"WebSite","@id":"https:\/\/diariodelsurdigital.com.ar\/#website","url":"https:\/\/diariodelsurdigital.com.ar\/","name":"Diario del Sur","description":"Digital","potentialAction":[{"@type":"SearchAction","target":{"@type":"EntryPoint","urlTemplate":"https:\/\/diariodelsurdigital.com.ar\/?s={search_term_string}"},"query-input":{"@type":"PropertyValueSpecification","valueRequired":true,"valueName":"search_term_string"}}],"inLanguage":"es"},{"@type":"Person","@id":"https:\/\/diariodelsurdigital.com.ar\/#\/schema\/person\/1a4992532ed62965c968031b49195c81","name":"Diario del Sur Digital","image":{"@type":"ImageObject","inLanguage":"es","@id":"https:\/\/secure.gravatar.com\/avatar\/f0c7c47fc7146d19828273b9b8eda651c9c7ab583767e6338d3d3bee825adf76?s=96&d=mm&r=g","url":"https:\/\/secure.gravatar.com\/avatar\/f0c7c47fc7146d19828273b9b8eda651c9c7ab583767e6338d3d3bee825adf76?s=96&d=mm&r=g","contentUrl":"https:\/\/secure.gravatar.com\/avatar\/f0c7c47fc7146d19828273b9b8eda651c9c7ab583767e6338d3d3bee825adf76?s=96&d=mm&r=g","caption":"Diario del Sur Digital"},"url":"https:\/\/diariodelsurdigital.com.ar\/?author=4"}]}},"_links":{"self":[{"href":"https:\/\/diariodelsurdigital.com.ar\/index.php?rest_route=\/wp\/v2\/posts\/6043","targetHints":{"allow":["GET"]}}],"collection":[{"href":"https:\/\/diariodelsurdigital.com.ar\/index.php?rest_route=\/wp\/v2\/posts"}],"about":[{"href":"https:\/\/diariodelsurdigital.com.ar\/index.php?rest_route=\/wp\/v2\/types\/post"}],"author":[{"embeddable":true,"href":"https:\/\/diariodelsurdigital.com.ar\/index.php?rest_route=\/wp\/v2\/users\/4"}],"replies":[{"embeddable":true,"href":"https:\/\/diariodelsurdigital.com.ar\/index.php?rest_route=%2Fwp%2Fv2%2Fcomments&post=6043"}],"version-history":[{"count":1,"href":"https:\/\/diariodelsurdigital.com.ar\/index.php?rest_route=\/wp\/v2\/posts\/6043\/revisions"}],"predecessor-version":[{"id":6045,"href":"https:\/\/diariodelsurdigital.com.ar\/index.php?rest_route=\/wp\/v2\/posts\/6043\/revisions\/6045"}],"wp:featuredmedia":[{"embeddable":true,"href":"https:\/\/diariodelsurdigital.com.ar\/index.php?rest_route=\/wp\/v2\/media\/6044"}],"wp:attachment":[{"href":"https:\/\/diariodelsurdigital.com.ar\/index.php?rest_route=%2Fwp%2Fv2%2Fmedia&parent=6043"}],"wp:term":[{"taxonomy":"category","embeddable":true,"href":"https:\/\/diariodelsurdigital.com.ar\/index.php?rest_route=%2Fwp%2Fv2%2Fcategories&post=6043"},{"taxonomy":"post_tag","embeddable":true,"href":"https:\/\/diariodelsurdigital.com.ar\/index.php?rest_route=%2Fwp%2Fv2%2Ftags&post=6043"}],"curies":[{"name":"wp","href":"https:\/\/api.w.org\/{rel}","templated":true}]}}