{"id":6049,"date":"2025-12-05T14:48:36","date_gmt":"2025-12-05T17:48:36","guid":{"rendered":"https:\/\/diariodelsurdigital.com.ar\/?p=6049"},"modified":"2025-12-05T14:48:37","modified_gmt":"2025-12-05T17:48:37","slug":"disminuyen-la-pena-impuesta-a-un-ex-policia-federal-condenado-en-entre-rios-por-delitos-de-lesa-humanidad","status":"publish","type":"post","link":"https:\/\/diariodelsurdigital.com.ar\/?p=6049","title":{"rendered":"Disminuyen la pena impuesta a un ex polic\u00eda federal condenado en Entre R\u00edos por delitos de Lesa Humanidad"},"content":{"rendered":"\n<p>Lo dispuso este viernes el Tribunal Oral Federal de Concepci\u00f3n del Uruguay en el incidente de determinaci\u00f3n de la pena a imponer al condenado, Luis Oscar Varela, que se suscit\u00f3 a partir del fallo de la C\u00e1mara Federal de Casaci\u00f3n Penal (CFCP) que anul\u00f3 parcialmente la condena respecto de uno de los numerosos hechos considerados delitos de lesa humanidad por los que fue condenado el ex polic\u00eda federal cordob\u00e9s.  Varela fue condenado en la causa denominada \u201cLa noche del mime\u00f3grafo\u201d.<\/p>\n\n\n\n<p><\/p>\n\n\n\n<p>El Tribunal Oral Federal de Concepci\u00f3n del Uruguay, integrado por Mariela Rojas, Mario Gambarcota y Jos\u00e9 Cello, resolvi\u00f3 este viernes \u201cajustar la pena oportunamente impuesta a Luis Oscar Varela\u2026, la que se establece en la de seis a\u00f1os y seis meses de prisi\u00f3n, por considerarlo coautor penalmente responsable de los delitos de: Privaci\u00f3n Ileg\u00edtima de la Libertad Agravada por el Empleo de Violencia y Amenazas \u2013cuatro hechos- en perjuicio de Cesar Manuel Rom\u00e1n Y\u00e1\u00f1ez, Juan Carlos Romero, Juan Carlos Rodr\u00edguez y Roque Edmundo Minatta\u2026; y Tormentos Agravados por la Calidad de Perseguidos Pol\u00edticos de las V\u00edctimas -tres hechos- en perjuicio de Cesar Manuel Rom\u00e1n Y\u00e1\u00f1ez, Juan Carlos Romero y Roque Edmundo Minatta, todos ellos en concurso real\u2026, declar\u00e1ndolos como delitos de lesa humanidad, de conformidad a los lineamientos dispuestos por la Sala I de la C\u00e1mara Federal de Casaci\u00f3n Penal (CFCP), Registro N\u00b0 617\/25 y la Sentencia N\u00b0 39\/2022 de este Tribunal\u201d.<\/p>\n\n\n\n<p>En la audiencia intervinieron la Fiscal General, Mar\u00eda Josefina Minatta; el querellante Marcelo Boeykens en representaci\u00f3n de las v\u00edctimas Rom\u00e1n Y\u00e1\u00f1ez, Minatta y Rodr\u00edguez; y los defensores Marcos Ju\u00e1rez, Sebasti\u00e1n Marcelo Maccari Gaido y Federico Varela.<\/p>\n\n\n\n<p>Parcialmente<\/p>\n\n\n\n<p>El fallo que conden\u00f3 a los acusados de los graves delitos conocidos como La noche del mime\u00f3grafo, fue recurrido por la defensa el 12 de junio de 2025. As\u00ed, la Sala I de la C\u00e1mara Federal de Casaci\u00f3n Penal, integrada por Diego Barroetave\u00f1a, Daniel Petrone y Carlos Mahiques, resolvi\u00f3 por mayor\u00eda hacer lugar parcialmente al recurso de casaci\u00f3n de la defensa y absolvi\u00f3 a Varela de los Tormentos Agravados que se le imputaron en relaci\u00f3n a la v\u00edctima Rodr\u00edguez, y orden\u00f3 \u201cremitir las actuaciones al tribunal de procedencia para que, por quien corresponda, ajuste la pena impuesta al nombrado de conformidad con el temperamento liberatorio dispuesto\u201d.<\/p>\n\n\n\n<p>Varela fue condenado el 4 de noviembre de 2022 por el mismo Tribunal Oral en lo Criminal Federal de Concepci\u00f3n del Uruguay, a la pena de siete a\u00f1os de prisi\u00f3n, declarando los hechos que se le imputaron como \u201cdelitos de lesa humanidad\u201d. Se trat\u00f3 de la causa conocida como \u201cLa noche del mime\u00f3grafo\u201d por los hechos ocurridos el 19 de julio de 1976 cuando un grupo de tareas secuestr\u00f3 a Rom\u00e1n, Minatta y Rodr\u00edguez, estudiantes secundarios la Escuela Normal de Concepci\u00f3n del Uruguay, que militaban en la Uni\u00f3n de Estudiantes Secundarios (UES). Lleva cumplidos seis a\u00f1os y dos meses de prisi\u00f3n en la modalidad domiciliaria en su casa en C\u00f3rdoba.<\/p>\n\n\n\n<p>La noche del mime\u00f3grafo<\/p>\n\n\n\n<p>Los hechos se conocieron como La Noche del Mime\u00f3grafo porque todos los detenidos fueron torturados para saber la ubicaci\u00f3n del artefacto que se hab\u00eda utilizado para imprimir los volantes que denunciaban a la dictadura de Jorge Rafael Videla.<\/p>\n\n\n\n<p>A la vez, Juan Carlos Romero, Carlos Zenit, Jos\u00e9 Pedro Peluffo, que pertenec\u00edan al centro de estudiantes de la UES en el Colegio Nacional Justo Jos\u00e9 de Urquiza, y V\u00edctor Baldunciel, que hab\u00eda egresado recientemente de esa instituci\u00f3n, tambi\u00e9n fueron resultaron detenidos ilegalmente.<\/p>\n\n\n\n<p>Todos ten\u00edan entre 17 y 19 a\u00f1os al momento de los hechos. Los llevaron al centro clandestino de detenci\u00f3n que funcion\u00f3 en la Delegaci\u00f3n de la Polic\u00eda Federal de la ciudad Concepci\u00f3n del Uruguay, donde fueron torturados durante dos semanas.<\/p>\n\n\n\n<p>Al mismo tiempo, los integrantes de la juventud de pol\u00edticas Dar\u00edo Morend, que era referente de la Juventud Peronista (JP), Horacio Valente, simpatizante del Partido Aut\u00e9ntico, y Carlos Mart\u00ednez Paiva, militante de izquierda, fueron torturados en el mismo lugar junto al maestro Mario Maffei, que compart\u00eda reuniones con el grupo Morend, Valente y Mart\u00ednez Paiva fueron luego trasladados a la c\u00e1rcel de Coronda, en Santa Fe, y recuperaron la libertad a fines de 1978, mientras que el resto qued\u00f3 en \u00ablibertad vigilada\u00bb.<\/p>\n\n\n\n<p>Disminuci\u00f3n<\/p>\n\n\n\n<p>En los fundamentos del \u00abajuste\u00bb del monto de la pena, el Tribunal contempl\u00f3 que \u201cen definitiva, el tribunal superior ha descontado de la condena impuesta uno de los hechos de Tormentos Agravados, concretamente en relaci\u00f3n a la v\u00edctima Juan Carlos Rodr\u00edguez. Conforme a ello, y sin perjuicio de trasladar los criterios valorativos explicitados en la sentencia de este Tribunal, corresponde minorarse el monto de la condena toda vez que se descarta uno de los hechos que incidieron en aquella determinaci\u00f3n\u201d.<\/p>\n\n\n\n<p>Sostuvo tambi\u00e9n que no pod\u00eda \u201ccoincidir con las acusadoras en mantener el monto primigenio pues ello contrar\u00eda los criterios constitucionales y los propios par\u00e1metros contenidos en la sentencia casatoria\u2026\u201d, y valor\u00f3 como agravantes para el caso \u201cla naturaleza de la acci\u00f3n y la gravedad que importan los delitos de lesa humanidad, la multiplicidad de v\u00edctimas y la extensi\u00f3n del da\u00f1o provocado en ellas\u201d.<\/p>\n\n\n\n<p>Como atenuante se valor\u00f3 que \u201cel condenado actualmente tiene 75 a\u00f1os de edad y evidencia padecimientos de salud que lo han llevado a someterse a diversas intervenciones quir\u00fargicas\u201d y el \u201cc\u00famulo de circunstancias referenciadas \u2013de acuerdo a las pautas objetivas y subjetivas ponderadas- y a los fundamentos expuestos\u201d y se entendi\u00f3 que \u201cdebe \u2018ajustarse\u2019 (sic) la pena conforme a los lineamientos casatorios. En definitiva, la pena justa, adecuada, y proporcional a la culpabilidad del condenado por los injustos que se le reprochan resulta la de seis a\u00f1os y seis meses de prisi\u00f3n, accesorias legales y costas\u201d. (<\/p>\n","protected":false},"excerpt":{"rendered":"<p>Lo dispuso este viernes el Tribunal Oral Federal de Concepci\u00f3n del Uruguay en el incidente de determinaci\u00f3n de la pena a imponer al condenado, Luis Oscar Varela, que se suscit\u00f3 a partir del fallo de la C\u00e1mara Federal de Casaci\u00f3n Penal (CFCP) que anul\u00f3 parcialmente la condena respecto de uno de los numerosos hechos considerados [&hellip;]<\/p>\n","protected":false},"author":4,"featured_media":6050,"comment_status":"open","ping_status":"open","sticky":false,"template":"","format":"standard","meta":{"footnotes":""},"categories":[17],"tags":[],"class_list":{"0":"post-6049","1":"post","2":"type-post","3":"status-publish","4":"format-standard","5":"has-post-thumbnail","7":"category-provinciales"},"yoast_head":"<!-- This site is optimized with the Yoast SEO plugin v27.4 - https:\/\/yoast.com\/product\/yoast-seo-wordpress\/ -->\n<title>Disminuyen la pena impuesta a un ex polic\u00eda federal condenado en Entre R\u00edos por delitos de Lesa Humanidad - Diario del Sur<\/title>\n<meta name=\"robots\" content=\"index, follow, max-snippet:-1, max-image-preview:large, max-video-preview:-1\" \/>\n<link rel=\"canonical\" href=\"https:\/\/diariodelsurdigital.com.ar\/?p=6049\" \/>\n<meta property=\"og:locale\" content=\"es_ES\" \/>\n<meta property=\"og:type\" content=\"article\" \/>\n<meta property=\"og:title\" content=\"Disminuyen la pena impuesta a un ex polic\u00eda federal condenado en Entre R\u00edos por delitos de Lesa Humanidad - Diario del Sur\" \/>\n<meta property=\"og:description\" content=\"Lo dispuso este viernes el Tribunal Oral Federal de Concepci\u00f3n del Uruguay en el incidente de determinaci\u00f3n de la pena a imponer al condenado, Luis Oscar Varela, que se suscit\u00f3 a partir del fallo de la C\u00e1mara Federal de Casaci\u00f3n Penal (CFCP) que anul\u00f3 parcialmente la condena respecto de uno de los numerosos hechos considerados [&hellip;]\" \/>\n<meta property=\"og:url\" content=\"https:\/\/diariodelsurdigital.com.ar\/?p=6049\" \/>\n<meta property=\"og:site_name\" content=\"Diario del Sur\" \/>\n<meta property=\"article:published_time\" content=\"2025-12-05T17:48:36+00:00\" \/>\n<meta property=\"article:modified_time\" content=\"2025-12-05T17:48:37+00:00\" \/>\n<meta property=\"og:image\" content=\"https:\/\/diariodelsurdigital.com.ar\/wp-content\/uploads\/2025\/12\/md-33.webp\" \/>\n\t<meta property=\"og:image:width\" content=\"992\" \/>\n\t<meta property=\"og:image:height\" content=\"558\" \/>\n\t<meta property=\"og:image:type\" content=\"image\/webp\" \/>\n<meta name=\"author\" content=\"Diario del Sur Digital\" \/>\n<meta name=\"twitter:card\" content=\"summary_large_image\" \/>\n<meta name=\"twitter:label1\" content=\"Escrito por\" \/>\n\t<meta name=\"twitter:data1\" content=\"Diario del Sur Digital\" \/>\n\t<meta name=\"twitter:label2\" content=\"Tiempo de lectura\" \/>\n\t<meta name=\"twitter:data2\" content=\"5 minutos\" \/>\n<script type=\"application\/ld+json\" class=\"yoast-schema-graph\">{\"@context\":\"https:\\\/\\\/schema.org\",\"@graph\":[{\"@type\":\"Article\",\"@id\":\"https:\\\/\\\/diariodelsurdigital.com.ar\\\/?p=6049#article\",\"isPartOf\":{\"@id\":\"https:\\\/\\\/diariodelsurdigital.com.ar\\\/?p=6049\"},\"author\":{\"name\":\"Diario del Sur Digital\",\"@id\":\"https:\\\/\\\/diariodelsurdigital.com.ar\\\/#\\\/schema\\\/person\\\/1a4992532ed62965c968031b49195c81\"},\"headline\":\"Disminuyen la pena impuesta a un ex polic\u00eda federal condenado en Entre R\u00edos por delitos de Lesa Humanidad\",\"datePublished\":\"2025-12-05T17:48:36+00:00\",\"dateModified\":\"2025-12-05T17:48:37+00:00\",\"mainEntityOfPage\":{\"@id\":\"https:\\\/\\\/diariodelsurdigital.com.ar\\\/?p=6049\"},\"wordCount\":1030,\"commentCount\":0,\"image\":{\"@id\":\"https:\\\/\\\/diariodelsurdigital.com.ar\\\/?p=6049#primaryimage\"},\"thumbnailUrl\":\"https:\\\/\\\/diariodelsurdigital.com.ar\\\/wp-content\\\/uploads\\\/2025\\\/12\\\/md-33.webp\",\"articleSection\":[\"Provinciales\"],\"inLanguage\":\"es\",\"potentialAction\":[{\"@type\":\"CommentAction\",\"name\":\"Comment\",\"target\":[\"https:\\\/\\\/diariodelsurdigital.com.ar\\\/?p=6049#respond\"]}]},{\"@type\":\"WebPage\",\"@id\":\"https:\\\/\\\/diariodelsurdigital.com.ar\\\/?p=6049\",\"url\":\"https:\\\/\\\/diariodelsurdigital.com.ar\\\/?p=6049\",\"name\":\"Disminuyen la pena impuesta a un ex polic\u00eda federal condenado en Entre R\u00edos por delitos de Lesa Humanidad - Diario del Sur\",\"isPartOf\":{\"@id\":\"https:\\\/\\\/diariodelsurdigital.com.ar\\\/#website\"},\"primaryImageOfPage\":{\"@id\":\"https:\\\/\\\/diariodelsurdigital.com.ar\\\/?p=6049#primaryimage\"},\"image\":{\"@id\":\"https:\\\/\\\/diariodelsurdigital.com.ar\\\/?p=6049#primaryimage\"},\"thumbnailUrl\":\"https:\\\/\\\/diariodelsurdigital.com.ar\\\/wp-content\\\/uploads\\\/2025\\\/12\\\/md-33.webp\",\"datePublished\":\"2025-12-05T17:48:36+00:00\",\"dateModified\":\"2025-12-05T17:48:37+00:00\",\"author\":{\"@id\":\"https:\\\/\\\/diariodelsurdigital.com.ar\\\/#\\\/schema\\\/person\\\/1a4992532ed62965c968031b49195c81\"},\"breadcrumb\":{\"@id\":\"https:\\\/\\\/diariodelsurdigital.com.ar\\\/?p=6049#breadcrumb\"},\"inLanguage\":\"es\",\"potentialAction\":[{\"@type\":\"ReadAction\",\"target\":[\"https:\\\/\\\/diariodelsurdigital.com.ar\\\/?p=6049\"]}]},{\"@type\":\"ImageObject\",\"inLanguage\":\"es\",\"@id\":\"https:\\\/\\\/diariodelsurdigital.com.ar\\\/?p=6049#primaryimage\",\"url\":\"https:\\\/\\\/diariodelsurdigital.com.ar\\\/wp-content\\\/uploads\\\/2025\\\/12\\\/md-33.webp\",\"contentUrl\":\"https:\\\/\\\/diariodelsurdigital.com.ar\\\/wp-content\\\/uploads\\\/2025\\\/12\\\/md-33.webp\",\"width\":992,\"height\":558},{\"@type\":\"BreadcrumbList\",\"@id\":\"https:\\\/\\\/diariodelsurdigital.com.ar\\\/?p=6049#breadcrumb\",\"itemListElement\":[{\"@type\":\"ListItem\",\"position\":1,\"name\":\"Portada\",\"item\":\"https:\\\/\\\/diariodelsurdigital.com.ar\\\/\"},{\"@type\":\"ListItem\",\"position\":2,\"name\":\"Disminuyen la pena impuesta a un ex polic\u00eda federal condenado en Entre R\u00edos por delitos de Lesa Humanidad\"}]},{\"@type\":\"WebSite\",\"@id\":\"https:\\\/\\\/diariodelsurdigital.com.ar\\\/#website\",\"url\":\"https:\\\/\\\/diariodelsurdigital.com.ar\\\/\",\"name\":\"Diario del Sur\",\"description\":\"Digital\",\"potentialAction\":[{\"@type\":\"SearchAction\",\"target\":{\"@type\":\"EntryPoint\",\"urlTemplate\":\"https:\\\/\\\/diariodelsurdigital.com.ar\\\/?s={search_term_string}\"},\"query-input\":{\"@type\":\"PropertyValueSpecification\",\"valueRequired\":true,\"valueName\":\"search_term_string\"}}],\"inLanguage\":\"es\"},{\"@type\":\"Person\",\"@id\":\"https:\\\/\\\/diariodelsurdigital.com.ar\\\/#\\\/schema\\\/person\\\/1a4992532ed62965c968031b49195c81\",\"name\":\"Diario del Sur Digital\",\"image\":{\"@type\":\"ImageObject\",\"inLanguage\":\"es\",\"@id\":\"https:\\\/\\\/secure.gravatar.com\\\/avatar\\\/f0c7c47fc7146d19828273b9b8eda651c9c7ab583767e6338d3d3bee825adf76?s=96&d=mm&r=g\",\"url\":\"https:\\\/\\\/secure.gravatar.com\\\/avatar\\\/f0c7c47fc7146d19828273b9b8eda651c9c7ab583767e6338d3d3bee825adf76?s=96&d=mm&r=g\",\"contentUrl\":\"https:\\\/\\\/secure.gravatar.com\\\/avatar\\\/f0c7c47fc7146d19828273b9b8eda651c9c7ab583767e6338d3d3bee825adf76?s=96&d=mm&r=g\",\"caption\":\"Diario del Sur Digital\"},\"url\":\"https:\\\/\\\/diariodelsurdigital.com.ar\\\/?author=4\"}]}<\/script>\n<!-- \/ Yoast SEO plugin. -->","yoast_head_json":{"title":"Disminuyen la pena impuesta a un ex polic\u00eda federal condenado en Entre R\u00edos por delitos de Lesa Humanidad - Diario del Sur","robots":{"index":"index","follow":"follow","max-snippet":"max-snippet:-1","max-image-preview":"max-image-preview:large","max-video-preview":"max-video-preview:-1"},"canonical":"https:\/\/diariodelsurdigital.com.ar\/?p=6049","og_locale":"es_ES","og_type":"article","og_title":"Disminuyen la pena impuesta a un ex polic\u00eda federal condenado en Entre R\u00edos por delitos de Lesa Humanidad - Diario del Sur","og_description":"Lo dispuso este viernes el Tribunal Oral Federal de Concepci\u00f3n del Uruguay en el incidente de determinaci\u00f3n de la pena a imponer al condenado, Luis Oscar Varela, que se suscit\u00f3 a partir del fallo de la C\u00e1mara Federal de Casaci\u00f3n Penal (CFCP) que anul\u00f3 parcialmente la condena respecto de uno de los numerosos hechos considerados [&hellip;]","og_url":"https:\/\/diariodelsurdigital.com.ar\/?p=6049","og_site_name":"Diario del Sur","article_published_time":"2025-12-05T17:48:36+00:00","article_modified_time":"2025-12-05T17:48:37+00:00","og_image":[{"width":992,"height":558,"url":"https:\/\/diariodelsurdigital.com.ar\/wp-content\/uploads\/2025\/12\/md-33.webp","type":"image\/webp"}],"author":"Diario del Sur Digital","twitter_card":"summary_large_image","twitter_misc":{"Escrito por":"Diario del Sur Digital","Tiempo de lectura":"5 minutos"},"schema":{"@context":"https:\/\/schema.org","@graph":[{"@type":"Article","@id":"https:\/\/diariodelsurdigital.com.ar\/?p=6049#article","isPartOf":{"@id":"https:\/\/diariodelsurdigital.com.ar\/?p=6049"},"author":{"name":"Diario del Sur Digital","@id":"https:\/\/diariodelsurdigital.com.ar\/#\/schema\/person\/1a4992532ed62965c968031b49195c81"},"headline":"Disminuyen la pena impuesta a un ex polic\u00eda federal condenado en Entre R\u00edos por delitos de Lesa Humanidad","datePublished":"2025-12-05T17:48:36+00:00","dateModified":"2025-12-05T17:48:37+00:00","mainEntityOfPage":{"@id":"https:\/\/diariodelsurdigital.com.ar\/?p=6049"},"wordCount":1030,"commentCount":0,"image":{"@id":"https:\/\/diariodelsurdigital.com.ar\/?p=6049#primaryimage"},"thumbnailUrl":"https:\/\/diariodelsurdigital.com.ar\/wp-content\/uploads\/2025\/12\/md-33.webp","articleSection":["Provinciales"],"inLanguage":"es","potentialAction":[{"@type":"CommentAction","name":"Comment","target":["https:\/\/diariodelsurdigital.com.ar\/?p=6049#respond"]}]},{"@type":"WebPage","@id":"https:\/\/diariodelsurdigital.com.ar\/?p=6049","url":"https:\/\/diariodelsurdigital.com.ar\/?p=6049","name":"Disminuyen la pena impuesta a un ex polic\u00eda federal condenado en Entre R\u00edos por delitos de Lesa Humanidad - Diario del Sur","isPartOf":{"@id":"https:\/\/diariodelsurdigital.com.ar\/#website"},"primaryImageOfPage":{"@id":"https:\/\/diariodelsurdigital.com.ar\/?p=6049#primaryimage"},"image":{"@id":"https:\/\/diariodelsurdigital.com.ar\/?p=6049#primaryimage"},"thumbnailUrl":"https:\/\/diariodelsurdigital.com.ar\/wp-content\/uploads\/2025\/12\/md-33.webp","datePublished":"2025-12-05T17:48:36+00:00","dateModified":"2025-12-05T17:48:37+00:00","author":{"@id":"https:\/\/diariodelsurdigital.com.ar\/#\/schema\/person\/1a4992532ed62965c968031b49195c81"},"breadcrumb":{"@id":"https:\/\/diariodelsurdigital.com.ar\/?p=6049#breadcrumb"},"inLanguage":"es","potentialAction":[{"@type":"ReadAction","target":["https:\/\/diariodelsurdigital.com.ar\/?p=6049"]}]},{"@type":"ImageObject","inLanguage":"es","@id":"https:\/\/diariodelsurdigital.com.ar\/?p=6049#primaryimage","url":"https:\/\/diariodelsurdigital.com.ar\/wp-content\/uploads\/2025\/12\/md-33.webp","contentUrl":"https:\/\/diariodelsurdigital.com.ar\/wp-content\/uploads\/2025\/12\/md-33.webp","width":992,"height":558},{"@type":"BreadcrumbList","@id":"https:\/\/diariodelsurdigital.com.ar\/?p=6049#breadcrumb","itemListElement":[{"@type":"ListItem","position":1,"name":"Portada","item":"https:\/\/diariodelsurdigital.com.ar\/"},{"@type":"ListItem","position":2,"name":"Disminuyen la pena impuesta a un ex polic\u00eda federal condenado en Entre R\u00edos por delitos de Lesa Humanidad"}]},{"@type":"WebSite","@id":"https:\/\/diariodelsurdigital.com.ar\/#website","url":"https:\/\/diariodelsurdigital.com.ar\/","name":"Diario del Sur","description":"Digital","potentialAction":[{"@type":"SearchAction","target":{"@type":"EntryPoint","urlTemplate":"https:\/\/diariodelsurdigital.com.ar\/?s={search_term_string}"},"query-input":{"@type":"PropertyValueSpecification","valueRequired":true,"valueName":"search_term_string"}}],"inLanguage":"es"},{"@type":"Person","@id":"https:\/\/diariodelsurdigital.com.ar\/#\/schema\/person\/1a4992532ed62965c968031b49195c81","name":"Diario del Sur Digital","image":{"@type":"ImageObject","inLanguage":"es","@id":"https:\/\/secure.gravatar.com\/avatar\/f0c7c47fc7146d19828273b9b8eda651c9c7ab583767e6338d3d3bee825adf76?s=96&d=mm&r=g","url":"https:\/\/secure.gravatar.com\/avatar\/f0c7c47fc7146d19828273b9b8eda651c9c7ab583767e6338d3d3bee825adf76?s=96&d=mm&r=g","contentUrl":"https:\/\/secure.gravatar.com\/avatar\/f0c7c47fc7146d19828273b9b8eda651c9c7ab583767e6338d3d3bee825adf76?s=96&d=mm&r=g","caption":"Diario del Sur Digital"},"url":"https:\/\/diariodelsurdigital.com.ar\/?author=4"}]}},"_links":{"self":[{"href":"https:\/\/diariodelsurdigital.com.ar\/index.php?rest_route=\/wp\/v2\/posts\/6049","targetHints":{"allow":["GET"]}}],"collection":[{"href":"https:\/\/diariodelsurdigital.com.ar\/index.php?rest_route=\/wp\/v2\/posts"}],"about":[{"href":"https:\/\/diariodelsurdigital.com.ar\/index.php?rest_route=\/wp\/v2\/types\/post"}],"author":[{"embeddable":true,"href":"https:\/\/diariodelsurdigital.com.ar\/index.php?rest_route=\/wp\/v2\/users\/4"}],"replies":[{"embeddable":true,"href":"https:\/\/diariodelsurdigital.com.ar\/index.php?rest_route=%2Fwp%2Fv2%2Fcomments&post=6049"}],"version-history":[{"count":1,"href":"https:\/\/diariodelsurdigital.com.ar\/index.php?rest_route=\/wp\/v2\/posts\/6049\/revisions"}],"predecessor-version":[{"id":6051,"href":"https:\/\/diariodelsurdigital.com.ar\/index.php?rest_route=\/wp\/v2\/posts\/6049\/revisions\/6051"}],"wp:featuredmedia":[{"embeddable":true,"href":"https:\/\/diariodelsurdigital.com.ar\/index.php?rest_route=\/wp\/v2\/media\/6050"}],"wp:attachment":[{"href":"https:\/\/diariodelsurdigital.com.ar\/index.php?rest_route=%2Fwp%2Fv2%2Fmedia&parent=6049"}],"wp:term":[{"taxonomy":"category","embeddable":true,"href":"https:\/\/diariodelsurdigital.com.ar\/index.php?rest_route=%2Fwp%2Fv2%2Fcategories&post=6049"},{"taxonomy":"post_tag","embeddable":true,"href":"https:\/\/diariodelsurdigital.com.ar\/index.php?rest_route=%2Fwp%2Fv2%2Ftags&post=6049"}],"curies":[{"name":"wp","href":"https:\/\/api.w.org\/{rel}","templated":true}]}}