{"id":6062,"date":"2025-12-05T20:11:20","date_gmt":"2025-12-05T23:11:20","guid":{"rendered":"https:\/\/diariodelsurdigital.com.ar\/?p=6062"},"modified":"2025-12-05T20:11:21","modified_gmt":"2025-12-05T23:11:21","slug":"alumnos-y-docentes-del-profesorado-de-ciencias-sociales-realiza-este-viernes-una-sentada","status":"publish","type":"post","link":"https:\/\/diariodelsurdigital.com.ar\/?p=6062","title":{"rendered":"Alumnos y docentes del Profesorado de Ciencias Sociales realiza este viernes una sentada"},"content":{"rendered":"\n<p>Desde el Centro de Estudiantes del Profesorado de Ciencias Sociales, se inform\u00f3 sobre la Sentada Estudiantil en defensa de la Educaci\u00f3n P\u00fablica y en contra del cierre de carreras de formaci\u00f3n docente.<\/p>\n\n\n\n<p><br>Bajo la premisa, \u00abLa educaci\u00f3n no es un privilegio, es un DERECHO SOCIAL\u00bb, y como tal, debe ser defendido por todos y todas, desde la Instituci\u00f3n indicaron que \u00abNo podemos aceptar los argumentos emitidos por Eugenio Medrano (director de Educaci\u00f3n Superior del Consejo General de Educaci\u00f3n) que justifican la no renovaci\u00f3n de cohortes en nuestras carreras, (Profesorado de Educaci\u00f3n Secundaria en Ciencia Pol\u00edtica y el Profesorado de Educaci\u00f3n Secundaria en Geograf\u00eda en el caso de PSCS)\u00bb.<\/p>\n\n\n\n<p><strong>No al Ajuste<\/strong><\/p>\n\n\n\n<p><br>Desde el claustro indicaron que, \u00abEste es un momento que requiere que nos fortalezcamos en unidad, apoyando la lucha de nuestros compa\u00f1eros, compa\u00f1eras, docentes, no docentes, estudiantes y familias que est\u00e1n comprometidos con la formaci\u00f3n de quienes ser\u00e1n los trabajadores y trabajadoras de la educaci\u00f3n en Argentina\u00bb.<\/p>\n\n\n\n<p><br>\u00abHoy, el salario de los docentes no alcanza. Los brutales recortes impuestos por el gobierno nacional de Javier Milei y por Rogelio Frigerio en la provincia est\u00e1n poniendo en la mira a nuestros docentes y a las carreras de nivel superior\u00bb.<\/p>\n\n\n\n<p><br>\u00abExigimos pol\u00edticas p\u00fablicas que prioricen la EDUCACI\u00d3N y que reconozcan su car\u00e1cter de derecho social como una obligaci\u00f3n que debe asumir el Estado. Queremos pol\u00edticas p\u00fablicas que atiendan la realidad de los estudiantes de nivel superior y que garanticen la continuidad de nuestros trayectos formativos, adem\u00e1s de las consignas hist\u00f3ricas de nuestras instituciones: titularizaci\u00f3n de nuestros\/as docentes y edificios propios, salarios dignos, garant\u00eda de continuidad de todas nuestras carreras\u00bb.<\/p>\n","protected":false},"excerpt":{"rendered":"<p>Desde el Centro de Estudiantes del Profesorado de Ciencias Sociales, se inform\u00f3 sobre la Sentada Estudiantil en defensa de la Educaci\u00f3n P\u00fablica y en contra del cierre de carreras de formaci\u00f3n docente. Bajo la premisa, \u00abLa educaci\u00f3n no es un privilegio, es un DERECHO SOCIAL\u00bb, y como tal, debe ser defendido por todos y todas, [&hellip;]<\/p>\n","protected":false},"author":2,"featured_media":6063,"comment_status":"open","ping_status":"open","sticky":false,"template":"","format":"standard","meta":{"footnotes":""},"categories":[19,16],"tags":[],"class_list":{"0":"post-6062","1":"post","2":"type-post","3":"status-publish","4":"format-standard","5":"has-post-thumbnail","7":"category-interes-general","8":"category-locales"},"yoast_head":"<!-- This site is optimized with the Yoast SEO plugin v27.4 - https:\/\/yoast.com\/product\/yoast-seo-wordpress\/ -->\n<title>Alumnos y docentes del Profesorado de Ciencias Sociales realiza este viernes una sentada - Diario del Sur<\/title>\n<meta name=\"robots\" content=\"index, follow, max-snippet:-1, max-image-preview:large, max-video-preview:-1\" \/>\n<link rel=\"canonical\" href=\"https:\/\/diariodelsurdigital.com.ar\/?p=6062\" \/>\n<meta property=\"og:locale\" content=\"es_ES\" \/>\n<meta property=\"og:type\" content=\"article\" \/>\n<meta property=\"og:title\" content=\"Alumnos y docentes del Profesorado de Ciencias Sociales realiza este viernes una sentada - Diario del Sur\" \/>\n<meta property=\"og:description\" content=\"Desde el Centro de Estudiantes del Profesorado de Ciencias Sociales, se inform\u00f3 sobre la Sentada Estudiantil en defensa de la Educaci\u00f3n P\u00fablica y en contra del cierre de carreras de formaci\u00f3n docente. Bajo la premisa, \u00abLa educaci\u00f3n no es un privilegio, es un DERECHO SOCIAL\u00bb, y como tal, debe ser defendido por todos y todas, [&hellip;]\" \/>\n<meta property=\"og:url\" content=\"https:\/\/diariodelsurdigital.com.ar\/?p=6062\" \/>\n<meta property=\"og:site_name\" content=\"Diario del Sur\" \/>\n<meta property=\"article:published_time\" content=\"2025-12-05T23:11:20+00:00\" \/>\n<meta property=\"article:modified_time\" content=\"2025-12-05T23:11:21+00:00\" \/>\n<meta property=\"og:image\" content=\"https:\/\/diariodelsurdigital.com.ar\/wp-content\/uploads\/2025\/12\/Imagen-de-WhatsApp-2025-12-05-a-las-19.43.03_2a0994e1.jpg\" \/>\n\t<meta property=\"og:image:width\" content=\"448\" \/>\n\t<meta property=\"og:image:height\" content=\"292\" \/>\n\t<meta property=\"og:image:type\" content=\"image\/jpeg\" \/>\n<meta name=\"author\" content=\"Diario del Sur Digital\" \/>\n<meta name=\"twitter:card\" content=\"summary_large_image\" \/>\n<meta name=\"twitter:label1\" content=\"Escrito por\" \/>\n\t<meta name=\"twitter:data1\" content=\"Diario del Sur Digital\" \/>\n\t<meta name=\"twitter:label2\" content=\"Tiempo de lectura\" \/>\n\t<meta name=\"twitter:data2\" content=\"2 minutos\" \/>\n<script type=\"application\/ld+json\" class=\"yoast-schema-graph\">{\"@context\":\"https:\\\/\\\/schema.org\",\"@graph\":[{\"@type\":\"Article\",\"@id\":\"https:\\\/\\\/diariodelsurdigital.com.ar\\\/?p=6062#article\",\"isPartOf\":{\"@id\":\"https:\\\/\\\/diariodelsurdigital.com.ar\\\/?p=6062\"},\"author\":{\"name\":\"Diario del Sur Digital\",\"@id\":\"https:\\\/\\\/diariodelsurdigital.com.ar\\\/#\\\/schema\\\/person\\\/6136a32571657f7dba980b88b04c5465\"},\"headline\":\"Alumnos y docentes del Profesorado de Ciencias Sociales realiza este viernes una sentada\",\"datePublished\":\"2025-12-05T23:11:20+00:00\",\"dateModified\":\"2025-12-05T23:11:21+00:00\",\"mainEntityOfPage\":{\"@id\":\"https:\\\/\\\/diariodelsurdigital.com.ar\\\/?p=6062\"},\"wordCount\":312,\"commentCount\":0,\"image\":{\"@id\":\"https:\\\/\\\/diariodelsurdigital.com.ar\\\/?p=6062#primaryimage\"},\"thumbnailUrl\":\"https:\\\/\\\/diariodelsurdigital.com.ar\\\/wp-content\\\/uploads\\\/2025\\\/12\\\/Imagen-de-WhatsApp-2025-12-05-a-las-19.43.03_2a0994e1.jpg\",\"articleSection\":[\"Inter\u00e9s General\",\"Locales\"],\"inLanguage\":\"es\",\"potentialAction\":[{\"@type\":\"CommentAction\",\"name\":\"Comment\",\"target\":[\"https:\\\/\\\/diariodelsurdigital.com.ar\\\/?p=6062#respond\"]}]},{\"@type\":\"WebPage\",\"@id\":\"https:\\\/\\\/diariodelsurdigital.com.ar\\\/?p=6062\",\"url\":\"https:\\\/\\\/diariodelsurdigital.com.ar\\\/?p=6062\",\"name\":\"Alumnos y docentes del Profesorado de Ciencias Sociales realiza este viernes una sentada - Diario del Sur\",\"isPartOf\":{\"@id\":\"https:\\\/\\\/diariodelsurdigital.com.ar\\\/#website\"},\"primaryImageOfPage\":{\"@id\":\"https:\\\/\\\/diariodelsurdigital.com.ar\\\/?p=6062#primaryimage\"},\"image\":{\"@id\":\"https:\\\/\\\/diariodelsurdigital.com.ar\\\/?p=6062#primaryimage\"},\"thumbnailUrl\":\"https:\\\/\\\/diariodelsurdigital.com.ar\\\/wp-content\\\/uploads\\\/2025\\\/12\\\/Imagen-de-WhatsApp-2025-12-05-a-las-19.43.03_2a0994e1.jpg\",\"datePublished\":\"2025-12-05T23:11:20+00:00\",\"dateModified\":\"2025-12-05T23:11:21+00:00\",\"author\":{\"@id\":\"https:\\\/\\\/diariodelsurdigital.com.ar\\\/#\\\/schema\\\/person\\\/6136a32571657f7dba980b88b04c5465\"},\"breadcrumb\":{\"@id\":\"https:\\\/\\\/diariodelsurdigital.com.ar\\\/?p=6062#breadcrumb\"},\"inLanguage\":\"es\",\"potentialAction\":[{\"@type\":\"ReadAction\",\"target\":[\"https:\\\/\\\/diariodelsurdigital.com.ar\\\/?p=6062\"]}]},{\"@type\":\"ImageObject\",\"inLanguage\":\"es\",\"@id\":\"https:\\\/\\\/diariodelsurdigital.com.ar\\\/?p=6062#primaryimage\",\"url\":\"https:\\\/\\\/diariodelsurdigital.com.ar\\\/wp-content\\\/uploads\\\/2025\\\/12\\\/Imagen-de-WhatsApp-2025-12-05-a-las-19.43.03_2a0994e1.jpg\",\"contentUrl\":\"https:\\\/\\\/diariodelsurdigital.com.ar\\\/wp-content\\\/uploads\\\/2025\\\/12\\\/Imagen-de-WhatsApp-2025-12-05-a-las-19.43.03_2a0994e1.jpg\",\"width\":448,\"height\":292},{\"@type\":\"BreadcrumbList\",\"@id\":\"https:\\\/\\\/diariodelsurdigital.com.ar\\\/?p=6062#breadcrumb\",\"itemListElement\":[{\"@type\":\"ListItem\",\"position\":1,\"name\":\"Portada\",\"item\":\"https:\\\/\\\/diariodelsurdigital.com.ar\\\/\"},{\"@type\":\"ListItem\",\"position\":2,\"name\":\"Alumnos y docentes del Profesorado de Ciencias Sociales realiza este viernes una sentada\"}]},{\"@type\":\"WebSite\",\"@id\":\"https:\\\/\\\/diariodelsurdigital.com.ar\\\/#website\",\"url\":\"https:\\\/\\\/diariodelsurdigital.com.ar\\\/\",\"name\":\"Diario del Sur\",\"description\":\"Digital\",\"potentialAction\":[{\"@type\":\"SearchAction\",\"target\":{\"@type\":\"EntryPoint\",\"urlTemplate\":\"https:\\\/\\\/diariodelsurdigital.com.ar\\\/?s={search_term_string}\"},\"query-input\":{\"@type\":\"PropertyValueSpecification\",\"valueRequired\":true,\"valueName\":\"search_term_string\"}}],\"inLanguage\":\"es\"},{\"@type\":\"Person\",\"@id\":\"https:\\\/\\\/diariodelsurdigital.com.ar\\\/#\\\/schema\\\/person\\\/6136a32571657f7dba980b88b04c5465\",\"name\":\"Diario del Sur Digital\",\"image\":{\"@type\":\"ImageObject\",\"inLanguage\":\"es\",\"@id\":\"https:\\\/\\\/secure.gravatar.com\\\/avatar\\\/4c29ceac98541dd42460b2474aaa5dd37594d6ce6cb3cf2c101d09b48ee287ba?s=96&d=mm&r=g\",\"url\":\"https:\\\/\\\/secure.gravatar.com\\\/avatar\\\/4c29ceac98541dd42460b2474aaa5dd37594d6ce6cb3cf2c101d09b48ee287ba?s=96&d=mm&r=g\",\"contentUrl\":\"https:\\\/\\\/secure.gravatar.com\\\/avatar\\\/4c29ceac98541dd42460b2474aaa5dd37594d6ce6cb3cf2c101d09b48ee287ba?s=96&d=mm&r=g\",\"caption\":\"Diario del Sur Digital\"},\"url\":\"https:\\\/\\\/diariodelsurdigital.com.ar\\\/?author=2\"}]}<\/script>\n<!-- \/ Yoast SEO plugin. -->","yoast_head_json":{"title":"Alumnos y docentes del Profesorado de Ciencias Sociales realiza este viernes una sentada - Diario del Sur","robots":{"index":"index","follow":"follow","max-snippet":"max-snippet:-1","max-image-preview":"max-image-preview:large","max-video-preview":"max-video-preview:-1"},"canonical":"https:\/\/diariodelsurdigital.com.ar\/?p=6062","og_locale":"es_ES","og_type":"article","og_title":"Alumnos y docentes del Profesorado de Ciencias Sociales realiza este viernes una sentada - Diario del Sur","og_description":"Desde el Centro de Estudiantes del Profesorado de Ciencias Sociales, se inform\u00f3 sobre la Sentada Estudiantil en defensa de la Educaci\u00f3n P\u00fablica y en contra del cierre de carreras de formaci\u00f3n docente. Bajo la premisa, \u00abLa educaci\u00f3n no es un privilegio, es un DERECHO SOCIAL\u00bb, y como tal, debe ser defendido por todos y todas, [&hellip;]","og_url":"https:\/\/diariodelsurdigital.com.ar\/?p=6062","og_site_name":"Diario del Sur","article_published_time":"2025-12-05T23:11:20+00:00","article_modified_time":"2025-12-05T23:11:21+00:00","og_image":[{"width":448,"height":292,"url":"https:\/\/diariodelsurdigital.com.ar\/wp-content\/uploads\/2025\/12\/Imagen-de-WhatsApp-2025-12-05-a-las-19.43.03_2a0994e1.jpg","type":"image\/jpeg"}],"author":"Diario del Sur Digital","twitter_card":"summary_large_image","twitter_misc":{"Escrito por":"Diario del Sur Digital","Tiempo de lectura":"2 minutos"},"schema":{"@context":"https:\/\/schema.org","@graph":[{"@type":"Article","@id":"https:\/\/diariodelsurdigital.com.ar\/?p=6062#article","isPartOf":{"@id":"https:\/\/diariodelsurdigital.com.ar\/?p=6062"},"author":{"name":"Diario del Sur Digital","@id":"https:\/\/diariodelsurdigital.com.ar\/#\/schema\/person\/6136a32571657f7dba980b88b04c5465"},"headline":"Alumnos y docentes del Profesorado de Ciencias Sociales realiza este viernes una sentada","datePublished":"2025-12-05T23:11:20+00:00","dateModified":"2025-12-05T23:11:21+00:00","mainEntityOfPage":{"@id":"https:\/\/diariodelsurdigital.com.ar\/?p=6062"},"wordCount":312,"commentCount":0,"image":{"@id":"https:\/\/diariodelsurdigital.com.ar\/?p=6062#primaryimage"},"thumbnailUrl":"https:\/\/diariodelsurdigital.com.ar\/wp-content\/uploads\/2025\/12\/Imagen-de-WhatsApp-2025-12-05-a-las-19.43.03_2a0994e1.jpg","articleSection":["Inter\u00e9s General","Locales"],"inLanguage":"es","potentialAction":[{"@type":"CommentAction","name":"Comment","target":["https:\/\/diariodelsurdigital.com.ar\/?p=6062#respond"]}]},{"@type":"WebPage","@id":"https:\/\/diariodelsurdigital.com.ar\/?p=6062","url":"https:\/\/diariodelsurdigital.com.ar\/?p=6062","name":"Alumnos y docentes del Profesorado de Ciencias Sociales realiza este viernes una sentada - Diario del Sur","isPartOf":{"@id":"https:\/\/diariodelsurdigital.com.ar\/#website"},"primaryImageOfPage":{"@id":"https:\/\/diariodelsurdigital.com.ar\/?p=6062#primaryimage"},"image":{"@id":"https:\/\/diariodelsurdigital.com.ar\/?p=6062#primaryimage"},"thumbnailUrl":"https:\/\/diariodelsurdigital.com.ar\/wp-content\/uploads\/2025\/12\/Imagen-de-WhatsApp-2025-12-05-a-las-19.43.03_2a0994e1.jpg","datePublished":"2025-12-05T23:11:20+00:00","dateModified":"2025-12-05T23:11:21+00:00","author":{"@id":"https:\/\/diariodelsurdigital.com.ar\/#\/schema\/person\/6136a32571657f7dba980b88b04c5465"},"breadcrumb":{"@id":"https:\/\/diariodelsurdigital.com.ar\/?p=6062#breadcrumb"},"inLanguage":"es","potentialAction":[{"@type":"ReadAction","target":["https:\/\/diariodelsurdigital.com.ar\/?p=6062"]}]},{"@type":"ImageObject","inLanguage":"es","@id":"https:\/\/diariodelsurdigital.com.ar\/?p=6062#primaryimage","url":"https:\/\/diariodelsurdigital.com.ar\/wp-content\/uploads\/2025\/12\/Imagen-de-WhatsApp-2025-12-05-a-las-19.43.03_2a0994e1.jpg","contentUrl":"https:\/\/diariodelsurdigital.com.ar\/wp-content\/uploads\/2025\/12\/Imagen-de-WhatsApp-2025-12-05-a-las-19.43.03_2a0994e1.jpg","width":448,"height":292},{"@type":"BreadcrumbList","@id":"https:\/\/diariodelsurdigital.com.ar\/?p=6062#breadcrumb","itemListElement":[{"@type":"ListItem","position":1,"name":"Portada","item":"https:\/\/diariodelsurdigital.com.ar\/"},{"@type":"ListItem","position":2,"name":"Alumnos y docentes del Profesorado de Ciencias Sociales realiza este viernes una sentada"}]},{"@type":"WebSite","@id":"https:\/\/diariodelsurdigital.com.ar\/#website","url":"https:\/\/diariodelsurdigital.com.ar\/","name":"Diario del Sur","description":"Digital","potentialAction":[{"@type":"SearchAction","target":{"@type":"EntryPoint","urlTemplate":"https:\/\/diariodelsurdigital.com.ar\/?s={search_term_string}"},"query-input":{"@type":"PropertyValueSpecification","valueRequired":true,"valueName":"search_term_string"}}],"inLanguage":"es"},{"@type":"Person","@id":"https:\/\/diariodelsurdigital.com.ar\/#\/schema\/person\/6136a32571657f7dba980b88b04c5465","name":"Diario del Sur Digital","image":{"@type":"ImageObject","inLanguage":"es","@id":"https:\/\/secure.gravatar.com\/avatar\/4c29ceac98541dd42460b2474aaa5dd37594d6ce6cb3cf2c101d09b48ee287ba?s=96&d=mm&r=g","url":"https:\/\/secure.gravatar.com\/avatar\/4c29ceac98541dd42460b2474aaa5dd37594d6ce6cb3cf2c101d09b48ee287ba?s=96&d=mm&r=g","contentUrl":"https:\/\/secure.gravatar.com\/avatar\/4c29ceac98541dd42460b2474aaa5dd37594d6ce6cb3cf2c101d09b48ee287ba?s=96&d=mm&r=g","caption":"Diario del Sur Digital"},"url":"https:\/\/diariodelsurdigital.com.ar\/?author=2"}]}},"_links":{"self":[{"href":"https:\/\/diariodelsurdigital.com.ar\/index.php?rest_route=\/wp\/v2\/posts\/6062","targetHints":{"allow":["GET"]}}],"collection":[{"href":"https:\/\/diariodelsurdigital.com.ar\/index.php?rest_route=\/wp\/v2\/posts"}],"about":[{"href":"https:\/\/diariodelsurdigital.com.ar\/index.php?rest_route=\/wp\/v2\/types\/post"}],"author":[{"embeddable":true,"href":"https:\/\/diariodelsurdigital.com.ar\/index.php?rest_route=\/wp\/v2\/users\/2"}],"replies":[{"embeddable":true,"href":"https:\/\/diariodelsurdigital.com.ar\/index.php?rest_route=%2Fwp%2Fv2%2Fcomments&post=6062"}],"version-history":[{"count":1,"href":"https:\/\/diariodelsurdigital.com.ar\/index.php?rest_route=\/wp\/v2\/posts\/6062\/revisions"}],"predecessor-version":[{"id":6064,"href":"https:\/\/diariodelsurdigital.com.ar\/index.php?rest_route=\/wp\/v2\/posts\/6062\/revisions\/6064"}],"wp:featuredmedia":[{"embeddable":true,"href":"https:\/\/diariodelsurdigital.com.ar\/index.php?rest_route=\/wp\/v2\/media\/6063"}],"wp:attachment":[{"href":"https:\/\/diariodelsurdigital.com.ar\/index.php?rest_route=%2Fwp%2Fv2%2Fmedia&parent=6062"}],"wp:term":[{"taxonomy":"category","embeddable":true,"href":"https:\/\/diariodelsurdigital.com.ar\/index.php?rest_route=%2Fwp%2Fv2%2Fcategories&post=6062"},{"taxonomy":"post_tag","embeddable":true,"href":"https:\/\/diariodelsurdigital.com.ar\/index.php?rest_route=%2Fwp%2Fv2%2Ftags&post=6062"}],"curies":[{"name":"wp","href":"https:\/\/api.w.org\/{rel}","templated":true}]}}