{"id":607,"date":"2025-01-16T15:15:29","date_gmt":"2025-01-16T18:15:29","guid":{"rendered":"https:\/\/diariodelsurdigital.com.ar\/?p=607"},"modified":"2025-01-16T15:15:30","modified_gmt":"2025-01-16T18:15:30","slug":"el-gobierno-tiene-dificultades-para-conseguir-los-votos-y-eliminar-las-paso","status":"publish","type":"post","link":"https:\/\/diariodelsurdigital.com.ar\/?p=607","title":{"rendered":"El gobierno tiene dificultades para conseguir los votos y eliminar las PASO"},"content":{"rendered":"\n<p>Uno de los temas que m\u00e1s le interesan al Poder Ejecutivo, del temario que mand\u00f3 para tratar en extraordinarias es la derogaci\u00f3n de las PASO. Es, junto a la designaci\u00f3n de los jueces de la Corte, el que m\u00e1s le interesa al Gobierno. De hecho, el presidente Javier Milei ha dicho que quiere la derogaci\u00f3n de las mismas, su eliminaci\u00f3n definitiva, as\u00ed que nada de \u201csuspensi\u00f3n\u201d.<\/p>\n\n\n\n<p>Para el presidente las PASO \u201cson una trampa, un instrumento siniestro y miserable que cre\u00f3 N\u00e9stor Kirchner\u201d, seg\u00fan se\u00f1al\u00f3 esta semana en las redes sociales cuando un usuario le pregunt\u00f3 si hab\u00eda alg\u00fan espacio de negociaci\u00f3n con otros bloques, del que surgiera como alternativa una suspensi\u00f3n y su vuelta en 2027.<\/p>\n\n\n\n<p>Pero la realidad para este gobierno en minor\u00eda es tal que debe analizar posibilidades si no quiere dejar a las elecciones primarias vivitas y coleando por mantenerse r\u00edgido en su postura. Y la realidad muestra que en los otros bloques no hay consenso suficiente para la eliminaci\u00f3n definitiva de ese instrumento creado en 2009 por la gesti\u00f3n kirchnerista, public\u00f3&nbsp;<em>Parlamentario<\/em>.<\/p>\n\n\n\n<p>En el Pro tendr\u00edan particular inter\u00e9s por suspenderlas este a\u00f1o, pero mantenerlas vigente para las presidenciales, algo en lo que coincidir\u00edan desde Uni\u00f3n por la Patria, que no est\u00e1 muy convencido de ser la rueda de auxilio en este tema para el oficialismo.<\/p>\n\n\n\n<p>As\u00ed las cosas, fuentes parlamentarias dejaron abierta la posibilidad de que el Gobierno termine avini\u00e9ndose a negociar una alternativa intermedia, sin descartar que despu\u00e9s de las elecciones de este a\u00f1o avance hacia la derogaci\u00f3n definitiva para 2027.<\/p>\n\n\n\n<p>El proyecto que se tratar\u00e1 en extraordinarias fue enviado al Congreso el 21 de noviembre pasado, y se\u00f1ala que los partidos, alianzas o confederaciones registrar\u00e1n ante el Juez Federal con competencia electoral las listas de candidatos con una antelaci\u00f3n de 60 d\u00edas. Asimismo, reafirma que cada agrupaci\u00f3n pol\u00edtica podr\u00e1 presentar una \u00fanica lista de candidatos por categor\u00eda de cargos nacionales a ser dirimida.<\/p>\n\n\n\n<p>En segunda instancia, el texto que elimina las PASO propone adem\u00e1s la modificaci\u00f3n del r\u00e9gimen de financiamiento de los partidos pol\u00edticos y, a fin de distribuir de manera m\u00e1s eficiente el costo que representa el sostenimiento de las actividades de campa\u00f1a de cada partido. En ese punto, se establece un r\u00e9gimen que elimina el aporte p\u00fablico para campa\u00f1as electorales y permite un verdadero despliegue del financiamiento por parte de los privados.<\/p>\n\n\n\n<p>Si se analiza solo el proyecto del Ejecutivo, ni siquiera estar\u00e1n a la vista otros proyectos presentados sobre el mismo tema. De hecho, tienen estado parlamentario m\u00e1s de una decena de iniciativas presentadas sobre las PASO por parte de diputados y senadores de todos los sectores. Veamos cu\u00e1les son.<\/p>\n\n\n\n<p>La m\u00e1s reciente es del chaque\u00f1o Juan Manuel Pedrini, acompa\u00f1ado por sus comprovincianos Mar\u00eda Luisa Chomiak y Aldo Leiva, presentada el 29 de noviembre pasado, para suspender las PASO de 2025. Invocan como argumento la escasa competencia real al interior de los partidos, lo que hace que las PASO sean \u201cobligatorias para los ciudadanos, pero facultativas para los partidos\u201d.<\/p>\n\n\n\n<p>All\u00ed se aclara que la suspensi\u00f3n debe ser \u201cpor \u00fanica vez\u201d y que el gasto p\u00fablico \u201cno resulta motivo v\u00e1lido\u201d para proponerlo. \u201cDe hacerse efectiva la suspensi\u00f3n, debe operar como un compromiso para tener una discusi\u00f3n seria e integral de nuestro sistema electoral, que sirva como ocasi\u00f3n para decidir si se modifica, se suprime o se mantiene intacta la legislaci\u00f3n vigente desde el a\u00f1o 2009\u201d, dicen los chaque\u00f1os, que sugieren que la eventual supresi\u00f3n debe hacerse con \u201cun debate serio, profesional y comprometido con la ciudadan\u00eda\u201d.<\/p>\n\n\n\n<p>En el bloque radical anidan tambi\u00e9n propuestas a favor de la eliminaci\u00f3n. Es lo que propuso el 8 de noviembre el correntino Jos\u00e9 Federico Tournier, alineado con su gobernador Gustavo Vald\u00e9s.<\/p>\n\n\n\n<p>Tambi\u00e9n auspicia la derogaci\u00f3n de las PASO el cordob\u00e9s Juan Br\u00fcgge, de Encuentro Federal, que propone restablecer en cambio el anterior sistema de internas de los partidos pol\u00edticos. Piensa el constitucionalista cordob\u00e9s que el objetivo fundacional de las elecciones primarias \u201cse ha visto desvirtuado\u201d y terminan siendo tan solo \u201cuna encuesta anticipada\u201d. Adem\u00e1s, sostiene que la posibilidad de que participen en estas elecciones los \u201cno afiliados\u201d debilita la estructura partidaria y puede llevar a \u201cla imposici\u00f3n de candidatos que no reflejan fielmente las preferencias de los afiliados\u201d.<\/p>\n\n\n\n<p>De ese mismo bloque, otro cordob\u00e9s, Oscar Agost Carre\u00f1o, tambi\u00e9n ha presentado una propuesta en este caso para modificar las PASO, para que las f\u00f3rmulas propuestas no sean cerradas y, por el contrario, el candidato a vicepresidente de la Naci\u00f3n sea elegido por el candidato presidencial dentro de las 48 horas posteriores a su proclamaci\u00f3n.<\/p>\n\n\n\n<p>Como dijimos, desde el Pro Mar\u00eda Eugenia Vidal propuso el 12 de julio pasado un proyecto tambi\u00e9n para modificar el sistema, eliminando la obligatoriedad de ir a votar, como as\u00ed tambi\u00e9n excusando a los partidos que lleven listas \u00fanicas a participar de las primarias.<\/p>\n\n\n\n<p>Tambi\u00e9n la Coalici\u00f3n C\u00edvica present\u00f3 propuestas. Lo hizo a trav\u00e9s del presidente del bloque, Juan Manuel L\u00f3pez, que el 13 de junio propuso entre otras cosas la no obligatoriedad para ir a votar, como as\u00ed tambi\u00e9n que aquellos afiliados a un partido pol\u00edtico puedan votar solo en la interna del partido al cual se encuentran afiliados, o de la alianza electoral que dicho partido integre. Y si el partido al que est\u00e1n afiliados no compite, no estar\u00e1n habilitados para votar. En cambio, los ciudadanos que no registren afiliaci\u00f3n partidaria, pueden votar en la interna de cualquiera de las agrupaciones. Asimismo participar\u00e1n solo aquellas agrupaciones pol\u00edticas que presenten m\u00e1s de una lista interna.<\/p>\n\n\n\n<p>L\u00f3pez es autor de otro proyecto relacionado con los montos a distribuir por el Estado entre las agrupaciones pol\u00edticas.<\/p>\n\n\n\n<p>El 15 de mayo, un grupo de diputados radicales encabezados por Carla Carrizo propusieron que los argentinos residentes en el exterior puedan participar en las PASO, en tanto que en otro proyecto presentado ese mismo d\u00eda sugieren cambios en los plazos, financiamiento y competitividad. Por ejemplo, acortan los plazos, vot\u00e1ndose en septiembre en lugar de agosto. Es lo que tambi\u00e9n sugiri\u00f3 otra radical, Mercedes Joury, en noviembre de 2023, al modificar los plazos, votando el segundo domingo de septiembre para achicar los tiempos hasta las generales.<\/p>\n\n\n\n<p>La misionera Florencia Klipauca Lewtak propuso el 30 de noviembre de 2023 modificaciones al sistema modificando el n\u00famero de avales necesarios para ser precandidatos y habilitando a las agrupaciones a designar a sus candidatos a vicepresidentes luego de las PASO.<\/p>\n\n\n\n<p>Hay tambi\u00e9n propuestas de 2023 del exdiputado Pablo Tonelli y Silvia Lospennato, referidos al monto para distribuir entre las agrupaciones,<\/p>\n\n\n\n<p>En el Senado el exgobernador radical de Mendoza Rodolfo Su\u00e1rez impuls\u00f3 &nbsp;el 13 de marzo pasado la eliminaci\u00f3n de las PASO. Un proyecto similar present\u00f3 un a\u00f1o antes la rionegrina Silvina Garc\u00eda Larraburu.<\/p>\n\n\n\n<p>Del a\u00f1o 2023, hay tambi\u00e9n un proyecto del exsenador misionero Maurice Closs, que elimina la obligatoriedad para votar, como as\u00ed tambi\u00e9n la no participaci\u00f3n de los partidos que presenten una sola lista.<\/p>\n","protected":false},"excerpt":{"rendered":"<p>Uno de los temas que m\u00e1s le interesan al Poder Ejecutivo, del temario que mand\u00f3 para tratar en extraordinarias es la derogaci\u00f3n de las PASO. Es, junto a la designaci\u00f3n de los jueces de la Corte, el que m\u00e1s le interesa al Gobierno. De hecho, el presidente Javier Milei ha dicho que quiere la derogaci\u00f3n [&hellip;]<\/p>\n","protected":false},"author":4,"featured_media":379,"comment_status":"open","ping_status":"open","sticky":false,"template":"","format":"standard","meta":{"footnotes":""},"categories":[22],"tags":[],"class_list":{"0":"post-607","1":"post","2":"type-post","3":"status-publish","4":"format-standard","5":"has-post-thumbnail","7":"category-politica"},"yoast_head":"<!-- This site is optimized with the Yoast SEO plugin v27.4 - https:\/\/yoast.com\/product\/yoast-seo-wordpress\/ -->\n<title>El gobierno tiene dificultades para conseguir los votos y eliminar las PASO - Diario del Sur<\/title>\n<meta name=\"robots\" content=\"index, follow, max-snippet:-1, max-image-preview:large, max-video-preview:-1\" \/>\n<link rel=\"canonical\" href=\"https:\/\/diariodelsurdigital.com.ar\/?p=607\" \/>\n<meta property=\"og:locale\" content=\"es_ES\" \/>\n<meta property=\"og:type\" content=\"article\" \/>\n<meta property=\"og:title\" content=\"El gobierno tiene dificultades para conseguir los votos y eliminar las PASO - Diario del Sur\" \/>\n<meta property=\"og:description\" content=\"Uno de los temas que m\u00e1s le interesan al Poder Ejecutivo, del temario que mand\u00f3 para tratar en extraordinarias es la derogaci\u00f3n de las PASO. Es, junto a la designaci\u00f3n de los jueces de la Corte, el que m\u00e1s le interesa al Gobierno. De hecho, el presidente Javier Milei ha dicho que quiere la derogaci\u00f3n [&hellip;]\" \/>\n<meta property=\"og:url\" content=\"https:\/\/diariodelsurdigital.com.ar\/?p=607\" \/>\n<meta property=\"og:site_name\" content=\"Diario del Sur\" \/>\n<meta property=\"article:published_time\" content=\"2025-01-16T18:15:29+00:00\" \/>\n<meta property=\"article:modified_time\" content=\"2025-01-16T18:15:30+00:00\" \/>\n<meta property=\"og:image\" content=\"https:\/\/diariodelsurdigital.com.ar\/wp-content\/uploads\/2025\/01\/md-1.webp\" \/>\n\t<meta property=\"og:image:width\" content=\"992\" \/>\n\t<meta property=\"og:image:height\" content=\"558\" \/>\n\t<meta property=\"og:image:type\" content=\"image\/webp\" \/>\n<meta name=\"author\" content=\"Diario del Sur Digital\" \/>\n<meta name=\"twitter:card\" content=\"summary_large_image\" \/>\n<meta name=\"twitter:label1\" content=\"Escrito por\" \/>\n\t<meta name=\"twitter:data1\" content=\"Diario del Sur Digital\" \/>\n\t<meta name=\"twitter:label2\" content=\"Tiempo de lectura\" \/>\n\t<meta name=\"twitter:data2\" content=\"6 minutos\" \/>\n<script type=\"application\/ld+json\" class=\"yoast-schema-graph\">{\"@context\":\"https:\\\/\\\/schema.org\",\"@graph\":[{\"@type\":\"Article\",\"@id\":\"https:\\\/\\\/diariodelsurdigital.com.ar\\\/?p=607#article\",\"isPartOf\":{\"@id\":\"https:\\\/\\\/diariodelsurdigital.com.ar\\\/?p=607\"},\"author\":{\"name\":\"Diario del Sur Digital\",\"@id\":\"https:\\\/\\\/diariodelsurdigital.com.ar\\\/#\\\/schema\\\/person\\\/1a4992532ed62965c968031b49195c81\"},\"headline\":\"El gobierno tiene dificultades para conseguir los votos y eliminar las PASO\",\"datePublished\":\"2025-01-16T18:15:29+00:00\",\"dateModified\":\"2025-01-16T18:15:30+00:00\",\"mainEntityOfPage\":{\"@id\":\"https:\\\/\\\/diariodelsurdigital.com.ar\\\/?p=607\"},\"wordCount\":1248,\"commentCount\":0,\"image\":{\"@id\":\"https:\\\/\\\/diariodelsurdigital.com.ar\\\/?p=607#primaryimage\"},\"thumbnailUrl\":\"https:\\\/\\\/diariodelsurdigital.com.ar\\\/wp-content\\\/uploads\\\/2025\\\/01\\\/md-1.webp\",\"articleSection\":[\"Pol\u00edtica\"],\"inLanguage\":\"es\",\"potentialAction\":[{\"@type\":\"CommentAction\",\"name\":\"Comment\",\"target\":[\"https:\\\/\\\/diariodelsurdigital.com.ar\\\/?p=607#respond\"]}]},{\"@type\":\"WebPage\",\"@id\":\"https:\\\/\\\/diariodelsurdigital.com.ar\\\/?p=607\",\"url\":\"https:\\\/\\\/diariodelsurdigital.com.ar\\\/?p=607\",\"name\":\"El gobierno tiene dificultades para conseguir los votos y eliminar las PASO - Diario del Sur\",\"isPartOf\":{\"@id\":\"https:\\\/\\\/diariodelsurdigital.com.ar\\\/#website\"},\"primaryImageOfPage\":{\"@id\":\"https:\\\/\\\/diariodelsurdigital.com.ar\\\/?p=607#primaryimage\"},\"image\":{\"@id\":\"https:\\\/\\\/diariodelsurdigital.com.ar\\\/?p=607#primaryimage\"},\"thumbnailUrl\":\"https:\\\/\\\/diariodelsurdigital.com.ar\\\/wp-content\\\/uploads\\\/2025\\\/01\\\/md-1.webp\",\"datePublished\":\"2025-01-16T18:15:29+00:00\",\"dateModified\":\"2025-01-16T18:15:30+00:00\",\"author\":{\"@id\":\"https:\\\/\\\/diariodelsurdigital.com.ar\\\/#\\\/schema\\\/person\\\/1a4992532ed62965c968031b49195c81\"},\"breadcrumb\":{\"@id\":\"https:\\\/\\\/diariodelsurdigital.com.ar\\\/?p=607#breadcrumb\"},\"inLanguage\":\"es\",\"potentialAction\":[{\"@type\":\"ReadAction\",\"target\":[\"https:\\\/\\\/diariodelsurdigital.com.ar\\\/?p=607\"]}]},{\"@type\":\"ImageObject\",\"inLanguage\":\"es\",\"@id\":\"https:\\\/\\\/diariodelsurdigital.com.ar\\\/?p=607#primaryimage\",\"url\":\"https:\\\/\\\/diariodelsurdigital.com.ar\\\/wp-content\\\/uploads\\\/2025\\\/01\\\/md-1.webp\",\"contentUrl\":\"https:\\\/\\\/diariodelsurdigital.com.ar\\\/wp-content\\\/uploads\\\/2025\\\/01\\\/md-1.webp\",\"width\":992,\"height\":558},{\"@type\":\"BreadcrumbList\",\"@id\":\"https:\\\/\\\/diariodelsurdigital.com.ar\\\/?p=607#breadcrumb\",\"itemListElement\":[{\"@type\":\"ListItem\",\"position\":1,\"name\":\"Portada\",\"item\":\"https:\\\/\\\/diariodelsurdigital.com.ar\\\/\"},{\"@type\":\"ListItem\",\"position\":2,\"name\":\"El gobierno tiene dificultades para conseguir los votos y eliminar las PASO\"}]},{\"@type\":\"WebSite\",\"@id\":\"https:\\\/\\\/diariodelsurdigital.com.ar\\\/#website\",\"url\":\"https:\\\/\\\/diariodelsurdigital.com.ar\\\/\",\"name\":\"Diario del Sur\",\"description\":\"Digital\",\"potentialAction\":[{\"@type\":\"SearchAction\",\"target\":{\"@type\":\"EntryPoint\",\"urlTemplate\":\"https:\\\/\\\/diariodelsurdigital.com.ar\\\/?s={search_term_string}\"},\"query-input\":{\"@type\":\"PropertyValueSpecification\",\"valueRequired\":true,\"valueName\":\"search_term_string\"}}],\"inLanguage\":\"es\"},{\"@type\":\"Person\",\"@id\":\"https:\\\/\\\/diariodelsurdigital.com.ar\\\/#\\\/schema\\\/person\\\/1a4992532ed62965c968031b49195c81\",\"name\":\"Diario del Sur Digital\",\"image\":{\"@type\":\"ImageObject\",\"inLanguage\":\"es\",\"@id\":\"https:\\\/\\\/secure.gravatar.com\\\/avatar\\\/f0c7c47fc7146d19828273b9b8eda651c9c7ab583767e6338d3d3bee825adf76?s=96&d=mm&r=g\",\"url\":\"https:\\\/\\\/secure.gravatar.com\\\/avatar\\\/f0c7c47fc7146d19828273b9b8eda651c9c7ab583767e6338d3d3bee825adf76?s=96&d=mm&r=g\",\"contentUrl\":\"https:\\\/\\\/secure.gravatar.com\\\/avatar\\\/f0c7c47fc7146d19828273b9b8eda651c9c7ab583767e6338d3d3bee825adf76?s=96&d=mm&r=g\",\"caption\":\"Diario del Sur Digital\"},\"url\":\"https:\\\/\\\/diariodelsurdigital.com.ar\\\/?author=4\"}]}<\/script>\n<!-- \/ Yoast SEO plugin. -->","yoast_head_json":{"title":"El gobierno tiene dificultades para conseguir los votos y eliminar las PASO - Diario del Sur","robots":{"index":"index","follow":"follow","max-snippet":"max-snippet:-1","max-image-preview":"max-image-preview:large","max-video-preview":"max-video-preview:-1"},"canonical":"https:\/\/diariodelsurdigital.com.ar\/?p=607","og_locale":"es_ES","og_type":"article","og_title":"El gobierno tiene dificultades para conseguir los votos y eliminar las PASO - Diario del Sur","og_description":"Uno de los temas que m\u00e1s le interesan al Poder Ejecutivo, del temario que mand\u00f3 para tratar en extraordinarias es la derogaci\u00f3n de las PASO. Es, junto a la designaci\u00f3n de los jueces de la Corte, el que m\u00e1s le interesa al Gobierno. De hecho, el presidente Javier Milei ha dicho que quiere la derogaci\u00f3n [&hellip;]","og_url":"https:\/\/diariodelsurdigital.com.ar\/?p=607","og_site_name":"Diario del Sur","article_published_time":"2025-01-16T18:15:29+00:00","article_modified_time":"2025-01-16T18:15:30+00:00","og_image":[{"width":992,"height":558,"url":"https:\/\/diariodelsurdigital.com.ar\/wp-content\/uploads\/2025\/01\/md-1.webp","type":"image\/webp"}],"author":"Diario del Sur Digital","twitter_card":"summary_large_image","twitter_misc":{"Escrito por":"Diario del Sur Digital","Tiempo de lectura":"6 minutos"},"schema":{"@context":"https:\/\/schema.org","@graph":[{"@type":"Article","@id":"https:\/\/diariodelsurdigital.com.ar\/?p=607#article","isPartOf":{"@id":"https:\/\/diariodelsurdigital.com.ar\/?p=607"},"author":{"name":"Diario del Sur Digital","@id":"https:\/\/diariodelsurdigital.com.ar\/#\/schema\/person\/1a4992532ed62965c968031b49195c81"},"headline":"El gobierno tiene dificultades para conseguir los votos y eliminar las PASO","datePublished":"2025-01-16T18:15:29+00:00","dateModified":"2025-01-16T18:15:30+00:00","mainEntityOfPage":{"@id":"https:\/\/diariodelsurdigital.com.ar\/?p=607"},"wordCount":1248,"commentCount":0,"image":{"@id":"https:\/\/diariodelsurdigital.com.ar\/?p=607#primaryimage"},"thumbnailUrl":"https:\/\/diariodelsurdigital.com.ar\/wp-content\/uploads\/2025\/01\/md-1.webp","articleSection":["Pol\u00edtica"],"inLanguage":"es","potentialAction":[{"@type":"CommentAction","name":"Comment","target":["https:\/\/diariodelsurdigital.com.ar\/?p=607#respond"]}]},{"@type":"WebPage","@id":"https:\/\/diariodelsurdigital.com.ar\/?p=607","url":"https:\/\/diariodelsurdigital.com.ar\/?p=607","name":"El gobierno tiene dificultades para conseguir los votos y eliminar las PASO - Diario del Sur","isPartOf":{"@id":"https:\/\/diariodelsurdigital.com.ar\/#website"},"primaryImageOfPage":{"@id":"https:\/\/diariodelsurdigital.com.ar\/?p=607#primaryimage"},"image":{"@id":"https:\/\/diariodelsurdigital.com.ar\/?p=607#primaryimage"},"thumbnailUrl":"https:\/\/diariodelsurdigital.com.ar\/wp-content\/uploads\/2025\/01\/md-1.webp","datePublished":"2025-01-16T18:15:29+00:00","dateModified":"2025-01-16T18:15:30+00:00","author":{"@id":"https:\/\/diariodelsurdigital.com.ar\/#\/schema\/person\/1a4992532ed62965c968031b49195c81"},"breadcrumb":{"@id":"https:\/\/diariodelsurdigital.com.ar\/?p=607#breadcrumb"},"inLanguage":"es","potentialAction":[{"@type":"ReadAction","target":["https:\/\/diariodelsurdigital.com.ar\/?p=607"]}]},{"@type":"ImageObject","inLanguage":"es","@id":"https:\/\/diariodelsurdigital.com.ar\/?p=607#primaryimage","url":"https:\/\/diariodelsurdigital.com.ar\/wp-content\/uploads\/2025\/01\/md-1.webp","contentUrl":"https:\/\/diariodelsurdigital.com.ar\/wp-content\/uploads\/2025\/01\/md-1.webp","width":992,"height":558},{"@type":"BreadcrumbList","@id":"https:\/\/diariodelsurdigital.com.ar\/?p=607#breadcrumb","itemListElement":[{"@type":"ListItem","position":1,"name":"Portada","item":"https:\/\/diariodelsurdigital.com.ar\/"},{"@type":"ListItem","position":2,"name":"El gobierno tiene dificultades para conseguir los votos y eliminar las PASO"}]},{"@type":"WebSite","@id":"https:\/\/diariodelsurdigital.com.ar\/#website","url":"https:\/\/diariodelsurdigital.com.ar\/","name":"Diario del Sur","description":"Digital","potentialAction":[{"@type":"SearchAction","target":{"@type":"EntryPoint","urlTemplate":"https:\/\/diariodelsurdigital.com.ar\/?s={search_term_string}"},"query-input":{"@type":"PropertyValueSpecification","valueRequired":true,"valueName":"search_term_string"}}],"inLanguage":"es"},{"@type":"Person","@id":"https:\/\/diariodelsurdigital.com.ar\/#\/schema\/person\/1a4992532ed62965c968031b49195c81","name":"Diario del Sur Digital","image":{"@type":"ImageObject","inLanguage":"es","@id":"https:\/\/secure.gravatar.com\/avatar\/f0c7c47fc7146d19828273b9b8eda651c9c7ab583767e6338d3d3bee825adf76?s=96&d=mm&r=g","url":"https:\/\/secure.gravatar.com\/avatar\/f0c7c47fc7146d19828273b9b8eda651c9c7ab583767e6338d3d3bee825adf76?s=96&d=mm&r=g","contentUrl":"https:\/\/secure.gravatar.com\/avatar\/f0c7c47fc7146d19828273b9b8eda651c9c7ab583767e6338d3d3bee825adf76?s=96&d=mm&r=g","caption":"Diario del Sur Digital"},"url":"https:\/\/diariodelsurdigital.com.ar\/?author=4"}]}},"_links":{"self":[{"href":"https:\/\/diariodelsurdigital.com.ar\/index.php?rest_route=\/wp\/v2\/posts\/607","targetHints":{"allow":["GET"]}}],"collection":[{"href":"https:\/\/diariodelsurdigital.com.ar\/index.php?rest_route=\/wp\/v2\/posts"}],"about":[{"href":"https:\/\/diariodelsurdigital.com.ar\/index.php?rest_route=\/wp\/v2\/types\/post"}],"author":[{"embeddable":true,"href":"https:\/\/diariodelsurdigital.com.ar\/index.php?rest_route=\/wp\/v2\/users\/4"}],"replies":[{"embeddable":true,"href":"https:\/\/diariodelsurdigital.com.ar\/index.php?rest_route=%2Fwp%2Fv2%2Fcomments&post=607"}],"version-history":[{"count":1,"href":"https:\/\/diariodelsurdigital.com.ar\/index.php?rest_route=\/wp\/v2\/posts\/607\/revisions"}],"predecessor-version":[{"id":608,"href":"https:\/\/diariodelsurdigital.com.ar\/index.php?rest_route=\/wp\/v2\/posts\/607\/revisions\/608"}],"wp:featuredmedia":[{"embeddable":true,"href":"https:\/\/diariodelsurdigital.com.ar\/index.php?rest_route=\/wp\/v2\/media\/379"}],"wp:attachment":[{"href":"https:\/\/diariodelsurdigital.com.ar\/index.php?rest_route=%2Fwp%2Fv2%2Fmedia&parent=607"}],"wp:term":[{"taxonomy":"category","embeddable":true,"href":"https:\/\/diariodelsurdigital.com.ar\/index.php?rest_route=%2Fwp%2Fv2%2Fcategories&post=607"},{"taxonomy":"post_tag","embeddable":true,"href":"https:\/\/diariodelsurdigital.com.ar\/index.php?rest_route=%2Fwp%2Fv2%2Ftags&post=607"}],"curies":[{"name":"wp","href":"https:\/\/api.w.org\/{rel}","templated":true}]}}