{"id":6085,"date":"2025-12-08T09:34:53","date_gmt":"2025-12-08T12:34:53","guid":{"rendered":"https:\/\/diariodelsurdigital.com.ar\/?p=6085"},"modified":"2025-12-08T09:34:54","modified_gmt":"2025-12-08T12:34:54","slug":"cambio-metodologico-explicaria-la-fuerte-caida-de-la-pobreza-reportada-por-las-estadisticas-oficiales","status":"publish","type":"post","link":"https:\/\/diariodelsurdigital.com.ar\/?p=6085","title":{"rendered":"Cambio metodol\u00f3gico explicar\u00eda la fuerte ca\u00edda de la pobreza reportada por las estad\u00edsticas oficiales"},"content":{"rendered":"\n<p>Seg\u00fan la UCA, la tasa de pobreza ser\u00eda del 36,3 por ciento. Fuerte cr\u00edtica a la medici\u00f3n de pobreza. Tres cuartas partes de la ca\u00edda que festeja el Gobierno libertario es una ilusi\u00f3n estad\u00edstica. La indigencia se ubica en alrededor del 6,8% de la poblaci\u00f3n. La UCA analiza los datos oficiales de empleo y adiciona a la tasa de desempleo aquellos que habitan el \u201csubempleo inestable\u201d, es decir los trabajadores informales que hacen changas.<\/p>\n\n\n\n<p>Buena parte de la ca\u00edda en la tasa de pobreza que el Gobierno celebr\u00f3 euf\u00f3rico en el segundo trimestre del a\u00f1o se explican por cambios metodol\u00f3gicos, seg\u00fan analiz\u00f3 el Observatorio de la Deuda Social Argentina (OSDA) de la Universidad Cat\u00f3lica Argentina (UCA). En su informe anual \u201cNuevo escenario pol\u00edtico-econ\u00f3mico: Estr\u00e9s y bienestar en una Argentina en transici\u00f3n\u201d, presentado este jueves, la instituci\u00f3n advirti\u00f3 que una medici\u00f3n corregida elevar\u00eda la pobreza al 36,3% de la poblaci\u00f3n en lugar del 31,6% informado por el Indec.<\/p>\n\n\n\n<p>Los investigadores de la UCA recalcan que si bien la etapa kirchnerista de la posconvertibilidad \u201ctuvo \u00e9xito en generar un piso de protecci\u00f3n social para el 30% de la poblaci\u00f3n m\u00e1s pobre y extender la cobertura previsional de manera casi universal, as\u00ed como mejores salarios y m\u00e1s derechos laborales para los trabajadores formales, nunca pudo atravesar el 25-30% de pobreza cr\u00f3nica en ingresos y recursos de inclusi\u00f3n social, ni superar el hecho de que el 50% de la fuerza de trabajo quedara desocupada o con empleos precarios\u201d.<\/p>\n\n\n\n<p>En segundo lugar, identifican el \u201cmodelo libertario\u201d aunque advierten que \u201cno est\u00e1 consolidado: por ahora est\u00e1n desarmando lo viejo m\u00e1s que construyendo lo nuevo\u201d. Sobre este modelo advierten la existencia de una trampa, o una falla, que reside en su bajo impacto sobre la creaci\u00f3n de empleo productivo y bien remunerado.<\/p>\n\n\n\n<p>La UCA analiza los datos oficiales de empleo y adiciona a la tasa de desempleo aquellos que habitan el \u201csubempleo inestable\u201d, es decir los trabajadores informales que hacen changas. Esa suma que grafica una situaci\u00f3n de precariedad alcanza al 34% de la poblaci\u00f3n en edad de trabajar, consign\u00f3 Mara Pedrazzoli en P\u00e1gina 12.<\/p>\n\n\n\n<p>Medici\u00f3n<\/p>\n\n\n\n<p>M\u00e1s all\u00e1 de la discusi\u00f3n sobre modelos, el equipo de investigadores del OSDA, dirigido por Agust\u00edn Salvia, plantea una mirada cr\u00edtica sobre los indicadores de pobreza del Indec. Se\u00f1ala que desde finales de 2023 y comienzos de 2024 se redujo el subregistro habitual de ingresos en la Encuesta Permanente de Hogares (EPH) y por eso los ingresos laborales y no laborales dan \u201cmejor\u201d que en otros registros.<\/p>\n\n\n\n<p>Ese cambio metodol\u00f3gico podr\u00eda explicar la fuerte ca\u00edda de la pobreza reportada por las estad\u00edsticas oficiales: en el segundo trimestre de 2025 se ubic\u00f3 en 31,8% \u20149,5 puntos menos que en igual per\u00edodo de 2023\u2014 cuando, si se corrigiera hacia atr\u00e1s la serie por captaci\u00f3n de ingresos, como hace el OSDA, la disminuci\u00f3n habr\u00eda sido de apenas 2,1 puntos.<\/p>\n\n\n\n<p>Es decir la pobreza no habr\u00eda bajado desde el 41,3% en el segundo trimestre de 2023 a los niveles actuales, sino desde el 33,9%. De este modo, seg\u00fan las mediciones de esta casa de estudios, tres cuartos de la ca\u00edda en la tasa de pobreza desde los niveles de 2023 se deben a un efecto estad\u00edstico.<\/p>\n\n\n\n<p>Sesgos<\/p>\n\n\n\n<p>Seg\u00fan el equipo del OSDA, adem\u00e1s del problema de subregistro de ingresos, existe un segundo sesgo metodol\u00f3gico en la medici\u00f3n oficial de la pobreza vinculada al umbral que determina qui\u00e9n es pobre y qui\u00e9n no. Ese umbral \u2014la Canasta B\u00e1sica Total\u2014 contin\u00faa basado en los patrones de consumo de 2004\/2005 y, por lo tanto, est\u00e1 desactualizado, especialmente por la menor ponderaci\u00f3n del gasto en servicios.<\/p>\n\n\n\n<p>Si el Indec utilizara las canastas de consumo de 2017\/2018, que ya tiene relevadas pero no aplica, el ingreso m\u00ednimo para no ser pobre subir\u00eda de 1,213 millones a 1,942 millones de pesos, lo que ampliar\u00eda significativamente la cantidad de personas por debajo de la l\u00ednea de pobreza.<\/p>\n\n\n\n<p>La pobreza seg\u00fan la medici\u00f3n corregida por la UCA, llega en el primer semestre de 2025 a 36,3% de la poblaci\u00f3n versus un 31,6% estimado por el Indec. La indigencia, en tanto, no presenta mayores cambios y alcanz\u00f3 un 6,8% de la poblaci\u00f3n.<\/p>\n\n\n\n<p>Seg\u00fan advierten los investigadores \u201cla proporci\u00f3n de hogares y poblaci\u00f3n en condici\u00f3n de privaciones econ\u00f3micas debe reconocerse como un problema del pa\u00eds que se arrastra desde hace poco m\u00e1s de cuatro d\u00e9cadas\u201d en tanto que en los \u00faltimos 20 a\u00f1os \u201cla indigencia y pobreza por ingresos presentan pisos estructurales: alrededor del 5% de personas en indigencia y 25% en pobreza\u201d.<\/p>\n","protected":false},"excerpt":{"rendered":"<p>Seg\u00fan la UCA, la tasa de pobreza ser\u00eda del 36,3 por ciento. Fuerte cr\u00edtica a la medici\u00f3n de pobreza. Tres cuartas partes de la ca\u00edda que festeja el Gobierno libertario es una ilusi\u00f3n estad\u00edstica. La indigencia se ubica en alrededor del 6,8% de la poblaci\u00f3n. La UCA analiza los datos oficiales de empleo y adiciona [&hellip;]<\/p>\n","protected":false},"author":4,"featured_media":6086,"comment_status":"open","ping_status":"open","sticky":false,"template":"","format":"standard","meta":{"footnotes":""},"categories":[1],"tags":[],"class_list":{"0":"post-6085","1":"post","2":"type-post","3":"status-publish","4":"format-standard","5":"has-post-thumbnail","7":"category-uncategorized"},"yoast_head":"<!-- This site is optimized with the Yoast SEO plugin v27.4 - https:\/\/yoast.com\/product\/yoast-seo-wordpress\/ -->\n<title>Cambio metodol\u00f3gico explicar\u00eda la fuerte ca\u00edda de la pobreza reportada por las estad\u00edsticas oficiales - Diario del Sur<\/title>\n<meta name=\"robots\" content=\"index, follow, max-snippet:-1, max-image-preview:large, max-video-preview:-1\" \/>\n<link rel=\"canonical\" href=\"https:\/\/diariodelsurdigital.com.ar\/?p=6085\" \/>\n<meta property=\"og:locale\" content=\"es_ES\" \/>\n<meta property=\"og:type\" content=\"article\" \/>\n<meta property=\"og:title\" content=\"Cambio metodol\u00f3gico explicar\u00eda la fuerte ca\u00edda de la pobreza reportada por las estad\u00edsticas oficiales - Diario del Sur\" \/>\n<meta property=\"og:description\" content=\"Seg\u00fan la UCA, la tasa de pobreza ser\u00eda del 36,3 por ciento. Fuerte cr\u00edtica a la medici\u00f3n de pobreza. Tres cuartas partes de la ca\u00edda que festeja el Gobierno libertario es una ilusi\u00f3n estad\u00edstica. La indigencia se ubica en alrededor del 6,8% de la poblaci\u00f3n. La UCA analiza los datos oficiales de empleo y adiciona [&hellip;]\" \/>\n<meta property=\"og:url\" content=\"https:\/\/diariodelsurdigital.com.ar\/?p=6085\" \/>\n<meta property=\"og:site_name\" content=\"Diario del Sur\" \/>\n<meta property=\"article:published_time\" content=\"2025-12-08T12:34:53+00:00\" \/>\n<meta property=\"article:modified_time\" content=\"2025-12-08T12:34:54+00:00\" \/>\n<meta property=\"og:image\" content=\"https:\/\/diariodelsurdigital.com.ar\/wp-content\/uploads\/2025\/12\/md-2.webp\" \/>\n\t<meta property=\"og:image:width\" content=\"992\" \/>\n\t<meta property=\"og:image:height\" content=\"654\" \/>\n\t<meta property=\"og:image:type\" content=\"image\/webp\" \/>\n<meta name=\"author\" content=\"Diario del Sur Digital\" \/>\n<meta name=\"twitter:card\" content=\"summary_large_image\" \/>\n<meta name=\"twitter:label1\" content=\"Escrito por\" \/>\n\t<meta name=\"twitter:data1\" content=\"Diario del Sur Digital\" \/>\n\t<meta name=\"twitter:label2\" content=\"Tiempo de lectura\" \/>\n\t<meta name=\"twitter:data2\" content=\"4 minutos\" \/>\n<script type=\"application\/ld+json\" class=\"yoast-schema-graph\">{\"@context\":\"https:\\\/\\\/schema.org\",\"@graph\":[{\"@type\":\"Article\",\"@id\":\"https:\\\/\\\/diariodelsurdigital.com.ar\\\/?p=6085#article\",\"isPartOf\":{\"@id\":\"https:\\\/\\\/diariodelsurdigital.com.ar\\\/?p=6085\"},\"author\":{\"name\":\"Diario del Sur Digital\",\"@id\":\"https:\\\/\\\/diariodelsurdigital.com.ar\\\/#\\\/schema\\\/person\\\/1a4992532ed62965c968031b49195c81\"},\"headline\":\"Cambio metodol\u00f3gico explicar\u00eda la fuerte ca\u00edda de la pobreza reportada por las estad\u00edsticas oficiales\",\"datePublished\":\"2025-12-08T12:34:53+00:00\",\"dateModified\":\"2025-12-08T12:34:54+00:00\",\"mainEntityOfPage\":{\"@id\":\"https:\\\/\\\/diariodelsurdigital.com.ar\\\/?p=6085\"},\"wordCount\":815,\"commentCount\":0,\"image\":{\"@id\":\"https:\\\/\\\/diariodelsurdigital.com.ar\\\/?p=6085#primaryimage\"},\"thumbnailUrl\":\"https:\\\/\\\/diariodelsurdigital.com.ar\\\/wp-content\\\/uploads\\\/2025\\\/12\\\/md-2.webp\",\"articleSection\":[\"Uncategorized\"],\"inLanguage\":\"es\",\"potentialAction\":[{\"@type\":\"CommentAction\",\"name\":\"Comment\",\"target\":[\"https:\\\/\\\/diariodelsurdigital.com.ar\\\/?p=6085#respond\"]}]},{\"@type\":\"WebPage\",\"@id\":\"https:\\\/\\\/diariodelsurdigital.com.ar\\\/?p=6085\",\"url\":\"https:\\\/\\\/diariodelsurdigital.com.ar\\\/?p=6085\",\"name\":\"Cambio metodol\u00f3gico explicar\u00eda la fuerte ca\u00edda de la pobreza reportada por las estad\u00edsticas oficiales - Diario del Sur\",\"isPartOf\":{\"@id\":\"https:\\\/\\\/diariodelsurdigital.com.ar\\\/#website\"},\"primaryImageOfPage\":{\"@id\":\"https:\\\/\\\/diariodelsurdigital.com.ar\\\/?p=6085#primaryimage\"},\"image\":{\"@id\":\"https:\\\/\\\/diariodelsurdigital.com.ar\\\/?p=6085#primaryimage\"},\"thumbnailUrl\":\"https:\\\/\\\/diariodelsurdigital.com.ar\\\/wp-content\\\/uploads\\\/2025\\\/12\\\/md-2.webp\",\"datePublished\":\"2025-12-08T12:34:53+00:00\",\"dateModified\":\"2025-12-08T12:34:54+00:00\",\"author\":{\"@id\":\"https:\\\/\\\/diariodelsurdigital.com.ar\\\/#\\\/schema\\\/person\\\/1a4992532ed62965c968031b49195c81\"},\"breadcrumb\":{\"@id\":\"https:\\\/\\\/diariodelsurdigital.com.ar\\\/?p=6085#breadcrumb\"},\"inLanguage\":\"es\",\"potentialAction\":[{\"@type\":\"ReadAction\",\"target\":[\"https:\\\/\\\/diariodelsurdigital.com.ar\\\/?p=6085\"]}]},{\"@type\":\"ImageObject\",\"inLanguage\":\"es\",\"@id\":\"https:\\\/\\\/diariodelsurdigital.com.ar\\\/?p=6085#primaryimage\",\"url\":\"https:\\\/\\\/diariodelsurdigital.com.ar\\\/wp-content\\\/uploads\\\/2025\\\/12\\\/md-2.webp\",\"contentUrl\":\"https:\\\/\\\/diariodelsurdigital.com.ar\\\/wp-content\\\/uploads\\\/2025\\\/12\\\/md-2.webp\",\"width\":992,\"height\":654},{\"@type\":\"BreadcrumbList\",\"@id\":\"https:\\\/\\\/diariodelsurdigital.com.ar\\\/?p=6085#breadcrumb\",\"itemListElement\":[{\"@type\":\"ListItem\",\"position\":1,\"name\":\"Portada\",\"item\":\"https:\\\/\\\/diariodelsurdigital.com.ar\\\/\"},{\"@type\":\"ListItem\",\"position\":2,\"name\":\"Cambio metodol\u00f3gico explicar\u00eda la fuerte ca\u00edda de la pobreza reportada por las estad\u00edsticas oficiales\"}]},{\"@type\":\"WebSite\",\"@id\":\"https:\\\/\\\/diariodelsurdigital.com.ar\\\/#website\",\"url\":\"https:\\\/\\\/diariodelsurdigital.com.ar\\\/\",\"name\":\"Diario del Sur\",\"description\":\"Digital\",\"potentialAction\":[{\"@type\":\"SearchAction\",\"target\":{\"@type\":\"EntryPoint\",\"urlTemplate\":\"https:\\\/\\\/diariodelsurdigital.com.ar\\\/?s={search_term_string}\"},\"query-input\":{\"@type\":\"PropertyValueSpecification\",\"valueRequired\":true,\"valueName\":\"search_term_string\"}}],\"inLanguage\":\"es\"},{\"@type\":\"Person\",\"@id\":\"https:\\\/\\\/diariodelsurdigital.com.ar\\\/#\\\/schema\\\/person\\\/1a4992532ed62965c968031b49195c81\",\"name\":\"Diario del Sur Digital\",\"image\":{\"@type\":\"ImageObject\",\"inLanguage\":\"es\",\"@id\":\"https:\\\/\\\/secure.gravatar.com\\\/avatar\\\/f0c7c47fc7146d19828273b9b8eda651c9c7ab583767e6338d3d3bee825adf76?s=96&d=mm&r=g\",\"url\":\"https:\\\/\\\/secure.gravatar.com\\\/avatar\\\/f0c7c47fc7146d19828273b9b8eda651c9c7ab583767e6338d3d3bee825adf76?s=96&d=mm&r=g\",\"contentUrl\":\"https:\\\/\\\/secure.gravatar.com\\\/avatar\\\/f0c7c47fc7146d19828273b9b8eda651c9c7ab583767e6338d3d3bee825adf76?s=96&d=mm&r=g\",\"caption\":\"Diario del Sur Digital\"},\"url\":\"https:\\\/\\\/diariodelsurdigital.com.ar\\\/?author=4\"}]}<\/script>\n<!-- \/ Yoast SEO plugin. -->","yoast_head_json":{"title":"Cambio metodol\u00f3gico explicar\u00eda la fuerte ca\u00edda de la pobreza reportada por las estad\u00edsticas oficiales - Diario del Sur","robots":{"index":"index","follow":"follow","max-snippet":"max-snippet:-1","max-image-preview":"max-image-preview:large","max-video-preview":"max-video-preview:-1"},"canonical":"https:\/\/diariodelsurdigital.com.ar\/?p=6085","og_locale":"es_ES","og_type":"article","og_title":"Cambio metodol\u00f3gico explicar\u00eda la fuerte ca\u00edda de la pobreza reportada por las estad\u00edsticas oficiales - Diario del Sur","og_description":"Seg\u00fan la UCA, la tasa de pobreza ser\u00eda del 36,3 por ciento. Fuerte cr\u00edtica a la medici\u00f3n de pobreza. Tres cuartas partes de la ca\u00edda que festeja el Gobierno libertario es una ilusi\u00f3n estad\u00edstica. La indigencia se ubica en alrededor del 6,8% de la poblaci\u00f3n. La UCA analiza los datos oficiales de empleo y adiciona [&hellip;]","og_url":"https:\/\/diariodelsurdigital.com.ar\/?p=6085","og_site_name":"Diario del Sur","article_published_time":"2025-12-08T12:34:53+00:00","article_modified_time":"2025-12-08T12:34:54+00:00","og_image":[{"width":992,"height":654,"url":"https:\/\/diariodelsurdigital.com.ar\/wp-content\/uploads\/2025\/12\/md-2.webp","type":"image\/webp"}],"author":"Diario del Sur Digital","twitter_card":"summary_large_image","twitter_misc":{"Escrito por":"Diario del Sur Digital","Tiempo de lectura":"4 minutos"},"schema":{"@context":"https:\/\/schema.org","@graph":[{"@type":"Article","@id":"https:\/\/diariodelsurdigital.com.ar\/?p=6085#article","isPartOf":{"@id":"https:\/\/diariodelsurdigital.com.ar\/?p=6085"},"author":{"name":"Diario del Sur Digital","@id":"https:\/\/diariodelsurdigital.com.ar\/#\/schema\/person\/1a4992532ed62965c968031b49195c81"},"headline":"Cambio metodol\u00f3gico explicar\u00eda la fuerte ca\u00edda de la pobreza reportada por las estad\u00edsticas oficiales","datePublished":"2025-12-08T12:34:53+00:00","dateModified":"2025-12-08T12:34:54+00:00","mainEntityOfPage":{"@id":"https:\/\/diariodelsurdigital.com.ar\/?p=6085"},"wordCount":815,"commentCount":0,"image":{"@id":"https:\/\/diariodelsurdigital.com.ar\/?p=6085#primaryimage"},"thumbnailUrl":"https:\/\/diariodelsurdigital.com.ar\/wp-content\/uploads\/2025\/12\/md-2.webp","articleSection":["Uncategorized"],"inLanguage":"es","potentialAction":[{"@type":"CommentAction","name":"Comment","target":["https:\/\/diariodelsurdigital.com.ar\/?p=6085#respond"]}]},{"@type":"WebPage","@id":"https:\/\/diariodelsurdigital.com.ar\/?p=6085","url":"https:\/\/diariodelsurdigital.com.ar\/?p=6085","name":"Cambio metodol\u00f3gico explicar\u00eda la fuerte ca\u00edda de la pobreza reportada por las estad\u00edsticas oficiales - Diario del Sur","isPartOf":{"@id":"https:\/\/diariodelsurdigital.com.ar\/#website"},"primaryImageOfPage":{"@id":"https:\/\/diariodelsurdigital.com.ar\/?p=6085#primaryimage"},"image":{"@id":"https:\/\/diariodelsurdigital.com.ar\/?p=6085#primaryimage"},"thumbnailUrl":"https:\/\/diariodelsurdigital.com.ar\/wp-content\/uploads\/2025\/12\/md-2.webp","datePublished":"2025-12-08T12:34:53+00:00","dateModified":"2025-12-08T12:34:54+00:00","author":{"@id":"https:\/\/diariodelsurdigital.com.ar\/#\/schema\/person\/1a4992532ed62965c968031b49195c81"},"breadcrumb":{"@id":"https:\/\/diariodelsurdigital.com.ar\/?p=6085#breadcrumb"},"inLanguage":"es","potentialAction":[{"@type":"ReadAction","target":["https:\/\/diariodelsurdigital.com.ar\/?p=6085"]}]},{"@type":"ImageObject","inLanguage":"es","@id":"https:\/\/diariodelsurdigital.com.ar\/?p=6085#primaryimage","url":"https:\/\/diariodelsurdigital.com.ar\/wp-content\/uploads\/2025\/12\/md-2.webp","contentUrl":"https:\/\/diariodelsurdigital.com.ar\/wp-content\/uploads\/2025\/12\/md-2.webp","width":992,"height":654},{"@type":"BreadcrumbList","@id":"https:\/\/diariodelsurdigital.com.ar\/?p=6085#breadcrumb","itemListElement":[{"@type":"ListItem","position":1,"name":"Portada","item":"https:\/\/diariodelsurdigital.com.ar\/"},{"@type":"ListItem","position":2,"name":"Cambio metodol\u00f3gico explicar\u00eda la fuerte ca\u00edda de la pobreza reportada por las estad\u00edsticas oficiales"}]},{"@type":"WebSite","@id":"https:\/\/diariodelsurdigital.com.ar\/#website","url":"https:\/\/diariodelsurdigital.com.ar\/","name":"Diario del Sur","description":"Digital","potentialAction":[{"@type":"SearchAction","target":{"@type":"EntryPoint","urlTemplate":"https:\/\/diariodelsurdigital.com.ar\/?s={search_term_string}"},"query-input":{"@type":"PropertyValueSpecification","valueRequired":true,"valueName":"search_term_string"}}],"inLanguage":"es"},{"@type":"Person","@id":"https:\/\/diariodelsurdigital.com.ar\/#\/schema\/person\/1a4992532ed62965c968031b49195c81","name":"Diario del Sur Digital","image":{"@type":"ImageObject","inLanguage":"es","@id":"https:\/\/secure.gravatar.com\/avatar\/f0c7c47fc7146d19828273b9b8eda651c9c7ab583767e6338d3d3bee825adf76?s=96&d=mm&r=g","url":"https:\/\/secure.gravatar.com\/avatar\/f0c7c47fc7146d19828273b9b8eda651c9c7ab583767e6338d3d3bee825adf76?s=96&d=mm&r=g","contentUrl":"https:\/\/secure.gravatar.com\/avatar\/f0c7c47fc7146d19828273b9b8eda651c9c7ab583767e6338d3d3bee825adf76?s=96&d=mm&r=g","caption":"Diario del Sur Digital"},"url":"https:\/\/diariodelsurdigital.com.ar\/?author=4"}]}},"_links":{"self":[{"href":"https:\/\/diariodelsurdigital.com.ar\/index.php?rest_route=\/wp\/v2\/posts\/6085","targetHints":{"allow":["GET"]}}],"collection":[{"href":"https:\/\/diariodelsurdigital.com.ar\/index.php?rest_route=\/wp\/v2\/posts"}],"about":[{"href":"https:\/\/diariodelsurdigital.com.ar\/index.php?rest_route=\/wp\/v2\/types\/post"}],"author":[{"embeddable":true,"href":"https:\/\/diariodelsurdigital.com.ar\/index.php?rest_route=\/wp\/v2\/users\/4"}],"replies":[{"embeddable":true,"href":"https:\/\/diariodelsurdigital.com.ar\/index.php?rest_route=%2Fwp%2Fv2%2Fcomments&post=6085"}],"version-history":[{"count":1,"href":"https:\/\/diariodelsurdigital.com.ar\/index.php?rest_route=\/wp\/v2\/posts\/6085\/revisions"}],"predecessor-version":[{"id":6087,"href":"https:\/\/diariodelsurdigital.com.ar\/index.php?rest_route=\/wp\/v2\/posts\/6085\/revisions\/6087"}],"wp:featuredmedia":[{"embeddable":true,"href":"https:\/\/diariodelsurdigital.com.ar\/index.php?rest_route=\/wp\/v2\/media\/6086"}],"wp:attachment":[{"href":"https:\/\/diariodelsurdigital.com.ar\/index.php?rest_route=%2Fwp%2Fv2%2Fmedia&parent=6085"}],"wp:term":[{"taxonomy":"category","embeddable":true,"href":"https:\/\/diariodelsurdigital.com.ar\/index.php?rest_route=%2Fwp%2Fv2%2Fcategories&post=6085"},{"taxonomy":"post_tag","embeddable":true,"href":"https:\/\/diariodelsurdigital.com.ar\/index.php?rest_route=%2Fwp%2Fv2%2Ftags&post=6085"}],"curies":[{"name":"wp","href":"https:\/\/api.w.org\/{rel}","templated":true}]}}