{"id":609,"date":"2025-01-16T15:24:26","date_gmt":"2025-01-16T18:24:26","guid":{"rendered":"https:\/\/diariodelsurdigital.com.ar\/?p=609"},"modified":"2025-01-16T15:24:28","modified_gmt":"2025-01-16T18:24:28","slug":"sigue-el-calor-este-jueves-y-las-lluvias-llegarian-el-fin-de-semana","status":"publish","type":"post","link":"https:\/\/diariodelsurdigital.com.ar\/?p=609","title":{"rendered":"Sigue el calor este jueves y las lluvias llegar\u00edan el fin de semana"},"content":{"rendered":"\n<p>El Servicio Meteorol\u00f3gico Nacional (SMN) redefini\u00f3 el pron\u00f3stico del tiempo en Entre R\u00edos. Si bien se confirma la irrupci\u00f3n de un sistema frontal el fin de semana, no ser\u00e1 este viernes.<\/p>\n\n\n\n<p>De acuerdo a las nuevas previsiones de los meteor\u00f3logos oficiales, las posibles lluvias se retrasar\u00e1n unas horas y llegar\u00edan principalmente el s\u00e1bado y el domingo. Mientras tanto, seguir\u00e1 presente el calor.<\/p>\n\n\n\n<p>Las probabilidades m\u00e1s altas de tormentas se modificaron y se prev\u00e9n entre la tarde noche del s\u00e1bado y la madrugada del domingo. De todos modos, var\u00edan seg\u00fan la zona de la provincia.<\/p>\n\n\n\n<p>Esta situaci\u00f3n provocar\u00e1 un retraso tambi\u00e9n del alivio de las temperaturas. Se aguarda un descenso de las t\u00e9rmicas sobre todo para el s\u00e1bado y el domingo.<\/p>\n\n\n\n<p>No obstante, la semana que viene volver\u00e1n las altas temperaturas de inmediato. Para el martes anuncian 37 grados y para el mi\u00e9rcoles podr\u00eda trepar hasta los 41 grados.<\/p>\n\n\n\n<p><strong>Cuando llueve en Entre R\u00edos: pron\u00f3stico por zonas<\/strong><\/p>\n\n\n\n<p>En Paran\u00e1, La Paz, Diamante, Nogoy\u00e1 y Villaguay prev\u00e9n lluvias y tormentas aisladas el s\u00e1bado de tarde noche. El domingo aumenta la probabilidad de tormentas aisladas durante el d\u00eda.<\/p>\n\n\n\n<p>En Concordia, Federal, Federaci\u00f3n, Feliciano y San Salvador anuncian tormentas aisladas el s\u00e1bado de tarde noche y, fundamentalmente, aumenta la probabilidad el domingo de madrugada y ma\u00f1ana. Continuar\u00edan algunas inestabilidades las horas posteriores.<\/p>\n\n\n\n<p>En Gualeguaych\u00fa, Uruguay, Tala, Col\u00f3n e Islas del Ibicuy llegar\u00edan antes las lluvias: se pronostican desde el viernes de tarde noche, con chaparrones luego y mayor probabilidad el s\u00e1bado de tarde noche. Para el domingo tambi\u00e9n se prev\u00e9n tormentas aisladas.<\/p>\n\n\n\n<p>Finalmente, en Victoria y Gualeguay tambi\u00e9n anuncian posibles lluvias el viernes de tarde noche; el s\u00e1bado, sobre todo tormentas de tarde noche; y el domingo tambi\u00e9n con posibles tormentas aisladas.<\/p>\n","protected":false},"excerpt":{"rendered":"<p>El Servicio Meteorol\u00f3gico Nacional (SMN) redefini\u00f3 el pron\u00f3stico del tiempo en Entre R\u00edos. Si bien se confirma la irrupci\u00f3n de un sistema frontal el fin de semana, no ser\u00e1 este viernes. De acuerdo a las nuevas previsiones de los meteor\u00f3logos oficiales, las posibles lluvias se retrasar\u00e1n unas horas y llegar\u00edan principalmente el s\u00e1bado y el [&hellip;]<\/p>\n","protected":false},"author":4,"featured_media":610,"comment_status":"open","ping_status":"open","sticky":false,"template":"","format":"standard","meta":{"footnotes":""},"categories":[17],"tags":[],"class_list":{"0":"post-609","1":"post","2":"type-post","3":"status-publish","4":"format-standard","5":"has-post-thumbnail","7":"category-provinciales"},"yoast_head":"<!-- This site is optimized with the Yoast SEO plugin v27.4 - https:\/\/yoast.com\/product\/yoast-seo-wordpress\/ -->\n<title>Sigue el calor este jueves y las lluvias llegar\u00edan el fin de semana - Diario del Sur<\/title>\n<meta name=\"robots\" content=\"index, follow, max-snippet:-1, max-image-preview:large, max-video-preview:-1\" \/>\n<link rel=\"canonical\" href=\"https:\/\/diariodelsurdigital.com.ar\/?p=609\" \/>\n<meta property=\"og:locale\" content=\"es_ES\" \/>\n<meta property=\"og:type\" content=\"article\" \/>\n<meta property=\"og:title\" content=\"Sigue el calor este jueves y las lluvias llegar\u00edan el fin de semana - Diario del Sur\" \/>\n<meta property=\"og:description\" content=\"El Servicio Meteorol\u00f3gico Nacional (SMN) redefini\u00f3 el pron\u00f3stico del tiempo en Entre R\u00edos. Si bien se confirma la irrupci\u00f3n de un sistema frontal el fin de semana, no ser\u00e1 este viernes. De acuerdo a las nuevas previsiones de los meteor\u00f3logos oficiales, las posibles lluvias se retrasar\u00e1n unas horas y llegar\u00edan principalmente el s\u00e1bado y el [&hellip;]\" \/>\n<meta property=\"og:url\" content=\"https:\/\/diariodelsurdigital.com.ar\/?p=609\" \/>\n<meta property=\"og:site_name\" content=\"Diario del Sur\" \/>\n<meta property=\"article:published_time\" content=\"2025-01-16T18:24:26+00:00\" \/>\n<meta property=\"article:modified_time\" content=\"2025-01-16T18:24:28+00:00\" \/>\n<meta property=\"og:image\" content=\"https:\/\/diariodelsurdigital.com.ar\/wp-content\/uploads\/2025\/01\/lluvia-10-01-20201627_0.jpg\" \/>\n\t<meta property=\"og:image:width\" content=\"1330\" \/>\n\t<meta property=\"og:image:height\" content=\"880\" \/>\n\t<meta property=\"og:image:type\" content=\"image\/jpeg\" \/>\n<meta name=\"author\" content=\"Diario del Sur Digital\" \/>\n<meta name=\"twitter:card\" content=\"summary_large_image\" \/>\n<meta name=\"twitter:label1\" content=\"Escrito por\" \/>\n\t<meta name=\"twitter:data1\" content=\"Diario del Sur Digital\" \/>\n\t<meta name=\"twitter:label2\" content=\"Tiempo de lectura\" \/>\n\t<meta name=\"twitter:data2\" content=\"2 minutos\" \/>\n<script type=\"application\/ld+json\" class=\"yoast-schema-graph\">{\"@context\":\"https:\\\/\\\/schema.org\",\"@graph\":[{\"@type\":\"Article\",\"@id\":\"https:\\\/\\\/diariodelsurdigital.com.ar\\\/?p=609#article\",\"isPartOf\":{\"@id\":\"https:\\\/\\\/diariodelsurdigital.com.ar\\\/?p=609\"},\"author\":{\"name\":\"Diario del Sur Digital\",\"@id\":\"https:\\\/\\\/diariodelsurdigital.com.ar\\\/#\\\/schema\\\/person\\\/1a4992532ed62965c968031b49195c81\"},\"headline\":\"Sigue el calor este jueves y las lluvias llegar\u00edan el fin de semana\",\"datePublished\":\"2025-01-16T18:24:26+00:00\",\"dateModified\":\"2025-01-16T18:24:28+00:00\",\"mainEntityOfPage\":{\"@id\":\"https:\\\/\\\/diariodelsurdigital.com.ar\\\/?p=609\"},\"wordCount\":337,\"commentCount\":0,\"image\":{\"@id\":\"https:\\\/\\\/diariodelsurdigital.com.ar\\\/?p=609#primaryimage\"},\"thumbnailUrl\":\"https:\\\/\\\/diariodelsurdigital.com.ar\\\/wp-content\\\/uploads\\\/2025\\\/01\\\/lluvia-10-01-20201627_0.jpg\",\"articleSection\":[\"Provinciales\"],\"inLanguage\":\"es\",\"potentialAction\":[{\"@type\":\"CommentAction\",\"name\":\"Comment\",\"target\":[\"https:\\\/\\\/diariodelsurdigital.com.ar\\\/?p=609#respond\"]}]},{\"@type\":\"WebPage\",\"@id\":\"https:\\\/\\\/diariodelsurdigital.com.ar\\\/?p=609\",\"url\":\"https:\\\/\\\/diariodelsurdigital.com.ar\\\/?p=609\",\"name\":\"Sigue el calor este jueves y las lluvias llegar\u00edan el fin de semana - Diario del Sur\",\"isPartOf\":{\"@id\":\"https:\\\/\\\/diariodelsurdigital.com.ar\\\/#website\"},\"primaryImageOfPage\":{\"@id\":\"https:\\\/\\\/diariodelsurdigital.com.ar\\\/?p=609#primaryimage\"},\"image\":{\"@id\":\"https:\\\/\\\/diariodelsurdigital.com.ar\\\/?p=609#primaryimage\"},\"thumbnailUrl\":\"https:\\\/\\\/diariodelsurdigital.com.ar\\\/wp-content\\\/uploads\\\/2025\\\/01\\\/lluvia-10-01-20201627_0.jpg\",\"datePublished\":\"2025-01-16T18:24:26+00:00\",\"dateModified\":\"2025-01-16T18:24:28+00:00\",\"author\":{\"@id\":\"https:\\\/\\\/diariodelsurdigital.com.ar\\\/#\\\/schema\\\/person\\\/1a4992532ed62965c968031b49195c81\"},\"breadcrumb\":{\"@id\":\"https:\\\/\\\/diariodelsurdigital.com.ar\\\/?p=609#breadcrumb\"},\"inLanguage\":\"es\",\"potentialAction\":[{\"@type\":\"ReadAction\",\"target\":[\"https:\\\/\\\/diariodelsurdigital.com.ar\\\/?p=609\"]}]},{\"@type\":\"ImageObject\",\"inLanguage\":\"es\",\"@id\":\"https:\\\/\\\/diariodelsurdigital.com.ar\\\/?p=609#primaryimage\",\"url\":\"https:\\\/\\\/diariodelsurdigital.com.ar\\\/wp-content\\\/uploads\\\/2025\\\/01\\\/lluvia-10-01-20201627_0.jpg\",\"contentUrl\":\"https:\\\/\\\/diariodelsurdigital.com.ar\\\/wp-content\\\/uploads\\\/2025\\\/01\\\/lluvia-10-01-20201627_0.jpg\",\"width\":1330,\"height\":880},{\"@type\":\"BreadcrumbList\",\"@id\":\"https:\\\/\\\/diariodelsurdigital.com.ar\\\/?p=609#breadcrumb\",\"itemListElement\":[{\"@type\":\"ListItem\",\"position\":1,\"name\":\"Portada\",\"item\":\"https:\\\/\\\/diariodelsurdigital.com.ar\\\/\"},{\"@type\":\"ListItem\",\"position\":2,\"name\":\"Sigue el calor este jueves y las lluvias llegar\u00edan el fin de semana\"}]},{\"@type\":\"WebSite\",\"@id\":\"https:\\\/\\\/diariodelsurdigital.com.ar\\\/#website\",\"url\":\"https:\\\/\\\/diariodelsurdigital.com.ar\\\/\",\"name\":\"Diario del Sur\",\"description\":\"Digital\",\"potentialAction\":[{\"@type\":\"SearchAction\",\"target\":{\"@type\":\"EntryPoint\",\"urlTemplate\":\"https:\\\/\\\/diariodelsurdigital.com.ar\\\/?s={search_term_string}\"},\"query-input\":{\"@type\":\"PropertyValueSpecification\",\"valueRequired\":true,\"valueName\":\"search_term_string\"}}],\"inLanguage\":\"es\"},{\"@type\":\"Person\",\"@id\":\"https:\\\/\\\/diariodelsurdigital.com.ar\\\/#\\\/schema\\\/person\\\/1a4992532ed62965c968031b49195c81\",\"name\":\"Diario del Sur Digital\",\"image\":{\"@type\":\"ImageObject\",\"inLanguage\":\"es\",\"@id\":\"https:\\\/\\\/secure.gravatar.com\\\/avatar\\\/f0c7c47fc7146d19828273b9b8eda651c9c7ab583767e6338d3d3bee825adf76?s=96&d=mm&r=g\",\"url\":\"https:\\\/\\\/secure.gravatar.com\\\/avatar\\\/f0c7c47fc7146d19828273b9b8eda651c9c7ab583767e6338d3d3bee825adf76?s=96&d=mm&r=g\",\"contentUrl\":\"https:\\\/\\\/secure.gravatar.com\\\/avatar\\\/f0c7c47fc7146d19828273b9b8eda651c9c7ab583767e6338d3d3bee825adf76?s=96&d=mm&r=g\",\"caption\":\"Diario del Sur Digital\"},\"url\":\"https:\\\/\\\/diariodelsurdigital.com.ar\\\/?author=4\"}]}<\/script>\n<!-- \/ Yoast SEO plugin. -->","yoast_head_json":{"title":"Sigue el calor este jueves y las lluvias llegar\u00edan el fin de semana - Diario del Sur","robots":{"index":"index","follow":"follow","max-snippet":"max-snippet:-1","max-image-preview":"max-image-preview:large","max-video-preview":"max-video-preview:-1"},"canonical":"https:\/\/diariodelsurdigital.com.ar\/?p=609","og_locale":"es_ES","og_type":"article","og_title":"Sigue el calor este jueves y las lluvias llegar\u00edan el fin de semana - Diario del Sur","og_description":"El Servicio Meteorol\u00f3gico Nacional (SMN) redefini\u00f3 el pron\u00f3stico del tiempo en Entre R\u00edos. Si bien se confirma la irrupci\u00f3n de un sistema frontal el fin de semana, no ser\u00e1 este viernes. De acuerdo a las nuevas previsiones de los meteor\u00f3logos oficiales, las posibles lluvias se retrasar\u00e1n unas horas y llegar\u00edan principalmente el s\u00e1bado y el [&hellip;]","og_url":"https:\/\/diariodelsurdigital.com.ar\/?p=609","og_site_name":"Diario del Sur","article_published_time":"2025-01-16T18:24:26+00:00","article_modified_time":"2025-01-16T18:24:28+00:00","og_image":[{"width":1330,"height":880,"url":"https:\/\/diariodelsurdigital.com.ar\/wp-content\/uploads\/2025\/01\/lluvia-10-01-20201627_0.jpg","type":"image\/jpeg"}],"author":"Diario del Sur Digital","twitter_card":"summary_large_image","twitter_misc":{"Escrito por":"Diario del Sur Digital","Tiempo de lectura":"2 minutos"},"schema":{"@context":"https:\/\/schema.org","@graph":[{"@type":"Article","@id":"https:\/\/diariodelsurdigital.com.ar\/?p=609#article","isPartOf":{"@id":"https:\/\/diariodelsurdigital.com.ar\/?p=609"},"author":{"name":"Diario del Sur Digital","@id":"https:\/\/diariodelsurdigital.com.ar\/#\/schema\/person\/1a4992532ed62965c968031b49195c81"},"headline":"Sigue el calor este jueves y las lluvias llegar\u00edan el fin de semana","datePublished":"2025-01-16T18:24:26+00:00","dateModified":"2025-01-16T18:24:28+00:00","mainEntityOfPage":{"@id":"https:\/\/diariodelsurdigital.com.ar\/?p=609"},"wordCount":337,"commentCount":0,"image":{"@id":"https:\/\/diariodelsurdigital.com.ar\/?p=609#primaryimage"},"thumbnailUrl":"https:\/\/diariodelsurdigital.com.ar\/wp-content\/uploads\/2025\/01\/lluvia-10-01-20201627_0.jpg","articleSection":["Provinciales"],"inLanguage":"es","potentialAction":[{"@type":"CommentAction","name":"Comment","target":["https:\/\/diariodelsurdigital.com.ar\/?p=609#respond"]}]},{"@type":"WebPage","@id":"https:\/\/diariodelsurdigital.com.ar\/?p=609","url":"https:\/\/diariodelsurdigital.com.ar\/?p=609","name":"Sigue el calor este jueves y las lluvias llegar\u00edan el fin de semana - Diario del Sur","isPartOf":{"@id":"https:\/\/diariodelsurdigital.com.ar\/#website"},"primaryImageOfPage":{"@id":"https:\/\/diariodelsurdigital.com.ar\/?p=609#primaryimage"},"image":{"@id":"https:\/\/diariodelsurdigital.com.ar\/?p=609#primaryimage"},"thumbnailUrl":"https:\/\/diariodelsurdigital.com.ar\/wp-content\/uploads\/2025\/01\/lluvia-10-01-20201627_0.jpg","datePublished":"2025-01-16T18:24:26+00:00","dateModified":"2025-01-16T18:24:28+00:00","author":{"@id":"https:\/\/diariodelsurdigital.com.ar\/#\/schema\/person\/1a4992532ed62965c968031b49195c81"},"breadcrumb":{"@id":"https:\/\/diariodelsurdigital.com.ar\/?p=609#breadcrumb"},"inLanguage":"es","potentialAction":[{"@type":"ReadAction","target":["https:\/\/diariodelsurdigital.com.ar\/?p=609"]}]},{"@type":"ImageObject","inLanguage":"es","@id":"https:\/\/diariodelsurdigital.com.ar\/?p=609#primaryimage","url":"https:\/\/diariodelsurdigital.com.ar\/wp-content\/uploads\/2025\/01\/lluvia-10-01-20201627_0.jpg","contentUrl":"https:\/\/diariodelsurdigital.com.ar\/wp-content\/uploads\/2025\/01\/lluvia-10-01-20201627_0.jpg","width":1330,"height":880},{"@type":"BreadcrumbList","@id":"https:\/\/diariodelsurdigital.com.ar\/?p=609#breadcrumb","itemListElement":[{"@type":"ListItem","position":1,"name":"Portada","item":"https:\/\/diariodelsurdigital.com.ar\/"},{"@type":"ListItem","position":2,"name":"Sigue el calor este jueves y las lluvias llegar\u00edan el fin de semana"}]},{"@type":"WebSite","@id":"https:\/\/diariodelsurdigital.com.ar\/#website","url":"https:\/\/diariodelsurdigital.com.ar\/","name":"Diario del Sur","description":"Digital","potentialAction":[{"@type":"SearchAction","target":{"@type":"EntryPoint","urlTemplate":"https:\/\/diariodelsurdigital.com.ar\/?s={search_term_string}"},"query-input":{"@type":"PropertyValueSpecification","valueRequired":true,"valueName":"search_term_string"}}],"inLanguage":"es"},{"@type":"Person","@id":"https:\/\/diariodelsurdigital.com.ar\/#\/schema\/person\/1a4992532ed62965c968031b49195c81","name":"Diario del Sur Digital","image":{"@type":"ImageObject","inLanguage":"es","@id":"https:\/\/secure.gravatar.com\/avatar\/f0c7c47fc7146d19828273b9b8eda651c9c7ab583767e6338d3d3bee825adf76?s=96&d=mm&r=g","url":"https:\/\/secure.gravatar.com\/avatar\/f0c7c47fc7146d19828273b9b8eda651c9c7ab583767e6338d3d3bee825adf76?s=96&d=mm&r=g","contentUrl":"https:\/\/secure.gravatar.com\/avatar\/f0c7c47fc7146d19828273b9b8eda651c9c7ab583767e6338d3d3bee825adf76?s=96&d=mm&r=g","caption":"Diario del Sur Digital"},"url":"https:\/\/diariodelsurdigital.com.ar\/?author=4"}]}},"_links":{"self":[{"href":"https:\/\/diariodelsurdigital.com.ar\/index.php?rest_route=\/wp\/v2\/posts\/609","targetHints":{"allow":["GET"]}}],"collection":[{"href":"https:\/\/diariodelsurdigital.com.ar\/index.php?rest_route=\/wp\/v2\/posts"}],"about":[{"href":"https:\/\/diariodelsurdigital.com.ar\/index.php?rest_route=\/wp\/v2\/types\/post"}],"author":[{"embeddable":true,"href":"https:\/\/diariodelsurdigital.com.ar\/index.php?rest_route=\/wp\/v2\/users\/4"}],"replies":[{"embeddable":true,"href":"https:\/\/diariodelsurdigital.com.ar\/index.php?rest_route=%2Fwp%2Fv2%2Fcomments&post=609"}],"version-history":[{"count":1,"href":"https:\/\/diariodelsurdigital.com.ar\/index.php?rest_route=\/wp\/v2\/posts\/609\/revisions"}],"predecessor-version":[{"id":611,"href":"https:\/\/diariodelsurdigital.com.ar\/index.php?rest_route=\/wp\/v2\/posts\/609\/revisions\/611"}],"wp:featuredmedia":[{"embeddable":true,"href":"https:\/\/diariodelsurdigital.com.ar\/index.php?rest_route=\/wp\/v2\/media\/610"}],"wp:attachment":[{"href":"https:\/\/diariodelsurdigital.com.ar\/index.php?rest_route=%2Fwp%2Fv2%2Fmedia&parent=609"}],"wp:term":[{"taxonomy":"category","embeddable":true,"href":"https:\/\/diariodelsurdigital.com.ar\/index.php?rest_route=%2Fwp%2Fv2%2Fcategories&post=609"},{"taxonomy":"post_tag","embeddable":true,"href":"https:\/\/diariodelsurdigital.com.ar\/index.php?rest_route=%2Fwp%2Fv2%2Ftags&post=609"}],"curies":[{"name":"wp","href":"https:\/\/api.w.org\/{rel}","templated":true}]}}